{"id":12660,"date":"2007-01-06T00:00:00","date_gmt":"2007-01-06T04:00:00","guid":{"rendered":"http:\/\/192.81.217.108\/interamerica\/2007\/01\/nassau-bahamas-leglise-reelit-ses-dirigeants\/"},"modified":"2017-06-02T13:15:12","modified_gmt":"2017-06-02T17:15:12","slug":"nassau-bahamas-leglise-reelit-ses-dirigeants","status":"publish","type":"post","link":"https:\/\/interamerica.org\/fr\/2007\/01\/nassau-bahamas-leglise-reelit-ses-dirigeants\/","title":{"rendered":"Nassau, Bahamas : l&#39;\u00c9glise R\u00e9\u00e9lit ses Dirigeants"},"content":{"rendered":"<\/p>\n<p>Nassau, Bahamas&#8230; [Barrington Brennen\/Nigel Coke\/IAD] <\/p>\n<p>Lors de son assembl\u00e9e g\u00e9n\u00e9rale, la d\u00e9l\u00e9gation de l&#39;\u00c9glise Adventiste du Septi\u00e8me jour de la Conf\u00e9rence des Bahamas a r\u00e9\u00e9lu, le 4 janvier, ses dirigeants pour les quatre prochaines ann\u00e9es, \u00e0 l&#39;\u00c9glise Adventiste de Hillview, \u00e0 Nassau. Les pasteurs Leonard A. Johnson, Eric D. Clarke et C. Melvin Lewis ont \u00e9t\u00e9 r\u00e9\u00e9lus \u00e0 l&#39;unanimit\u00e9 comme pr\u00e9sident, secr\u00e9taire ex\u00e9cutif et tr\u00e9sorier, respectivement.<\/p>\n<p>La 2\u00e8me session quadriennale a \u00e9t\u00e9 bien assist\u00e9e par les repr\u00e9sentants de toutes les autres conf\u00e9rences de l&#39;Union des Indes Occidentales, aussi bien que des missions et des institutions dans la r\u00e9gion. A la c\u00e9r\u00e9monie d&#39;ouverture, le Rt. Hon. Hubert Ingraham, chef de l&#39;Opposition officielle, pr\u00e9senta les salutations de la part du Parti d&#39;Opposition aux Bahamas. D&#39;autres officiers du Gouvernement \u00e9taient aussi pr\u00e9sents. <\/p>\n<p>Dr Allen, pr\u00e9sident de l&#39;\u00e9glise dans l&#39;Union des Indes Occidentales, s&#39;adressa aux d\u00e9l\u00e9gu\u00e9s, rappelant \u00e0 tous les pr\u00e9sents que l&#39;unit\u00e9 et l&#39;amiti\u00e9 de l&#39;\u00e9glise sont tr\u00e8s importantes. Il a ajout\u00e9 qu&#39;il \u00e9tait \u00e9vident que des repr\u00e9sentants issus de tous les champs \u00e9taient l\u00e0 pour fraterniser. <\/p>\n<p>\u00ab\u00a0Nous sommes tous r\u00e9unis pour fraterniser, adorer et nous occuper des affaires de l&#39;\u00e9glise,\u00a0\u00bb a dit Dr Allen. \u00ab\u00a0C&#39;est l&#39;occasion pour les dirigeants de pr\u00e9senter leur rapport ; pour les d\u00e9l\u00e9gu\u00e9s d&#39;\u00e9lire des officiers pour le Nouvel an, qui continueront \u00e0 \u0153uvrer pour l&#39;\u00e9glise. <\/p>\n<p>Il ajouta que la session n&#39;\u00e9tait pas une pause ou un arr\u00eat dans l&#39;\u00e9glise, quant \u00e0 sa mission, ou ses objectifs. <\/p>\n<p>\u00ab\u00a0Rien n&#39;a chang\u00e9 quant \u00e0 la direction o\u00f9 nous allons,\u00a0\u00bb \u00ab\u00a0Nous poursuivons le plan strat\u00e9gique de Pentec\u00f4te 2007 et plus. Nous ne sommes pas ici, pour effectuer des incursions dans le monde et retourner ensuite derri\u00e8re les murs de nos palais d&#39;ivoire, de temps en temps. Nous ne sommes pas ici pour cela, mais plut\u00f4t dans le but d&#39;attirer l&#39;attention du monde. Nous continuons la course. La concentration continue. Nous esp\u00e9rons simplement voir comment nous ferons la course durant les quatre ann\u00e9es \u00e0 venir, et jusqu&#39;\u00e0 ce que Christ revienne.\u00a0\u00bb <\/p>\n<p>Les d\u00e9l\u00e9gu\u00e9s ont aussi \u00e9lu les dirigeants d&#39;\u00e9glise qui seront \u00e0 la t\u00eate des diff\u00e9rents d\u00e9partements et minist\u00e8res, pendant cette assembl\u00e9e. Pour conna\u00eetre la liste de ceux qui ont \u00e9t\u00e9 choisis pour diriger la Conf\u00e9rence des Bahamas, visiter le site <u >www.wiunion.org <\/u >  <\/p>\n<p>La Conf\u00e9rence des Bahamas est l&#39;un de deux bureaux r\u00e9gionaux de l&#39;\u00e9glise adventiste du septi\u00e8me jour dans les \u00ab\u00a0Bahamas\u00a0\u00bb avec plus de 13,000 membres d&#39;Eglise, adorant dans 39 \u00e9glises. L&#39;autre bureau r\u00e9gional est la Mission du Nord des Bahamas. <\/p>\n","protected":false},"excerpt":{"rendered":"<p>Lors de son assembl\u00e9e g\u00e9n\u00e9rale, la d\u00e9l\u00e9gation de l&#39;\u00c9glise Adventiste du Septi\u00e8me jour de la Conf\u00e9rence des Bahamas a r\u00e9\u00e9lu, le 4 janvier, ses dirigeants pour les quatre proch<\/p>\n","protected":false},"author":1,"featured_media":0,"comment_status":"closed","ping_status":"closed","sticky":false,"template":"","format":"standard","meta":{"_acf_changed":false,"footnotes":""},"categories":[9],"tags":[],"class_list":["post-12660","post","type-post","status-publish","format-standard","hentry","category-archive-fr"],"acf":[],"yoast_head":"<!-- This site is optimized with the Yoast SEO plugin v27.3 - https:\/\/yoast.com\/product\/yoast-seo-wordpress\/ -->\n<title>Nassau, Bahamas : l&#039;\u00c9glise R\u00e9\u00e9lit ses Dirigeants - \u00c9glise Adventiste Du Septieme Jour - Inter Am\u00e9rique Division<\/title>\n<meta name=\"robots\" content=\"index, follow, max-snippet:-1, max-image-preview:large, max-video-preview:-1\" \/>\n<link rel=\"canonical\" href=\"https:\/\/interamerica.org\/fr\/2007\/01\/nassau-bahamas-leglise-reelit-ses-dirigeants\/\" \/>\n<meta property=\"og:locale\" content=\"fr_FR\" \/>\n<meta property=\"og:type\" content=\"article\" \/>\n<meta property=\"og:title\" content=\"Nassau, Bahamas : l&#039;\u00c9glise R\u00e9\u00e9lit ses Dirigeants - \u00c9glise Adventiste Du Septieme Jour - Inter Am\u00e9rique Division\" \/>\n<meta property=\"og:description\" content=\"Lors de son assembl\u00e9e g\u00e9n\u00e9rale, la d\u00e9l\u00e9gation de l&#039;\u00c9glise Adventiste du Septi\u00e8me jour de la Conf\u00e9rence des Bahamas a r\u00e9\u00e9lu, le 4 janvier, ses dirigeants pour les quatre proch\" \/>\n<meta property=\"og:url\" content=\"https:\/\/interamerica.org\/fr\/2007\/01\/nassau-bahamas-leglise-reelit-ses-dirigeants\/\" \/>\n<meta property=\"og:site_name\" content=\"\u00c9glise Adventiste Du Septieme Jour - Inter Am\u00e9rique Division\" \/>\n<meta property=\"article:published_time\" content=\"2007-01-06T04:00:00+00:00\" \/>\n<meta property=\"article:modified_time\" content=\"2017-06-02T17:15:12+00:00\" \/>\n<meta name=\"author\" content=\"Lorenzo Verduzco\" \/>\n<meta name=\"twitter:card\" content=\"summary_large_image\" \/>\n<meta name=\"twitter:label1\" content=\"\u00c9crit par\" \/>\n\t<meta name=\"twitter:data1\" content=\"Lorenzo Verduzco\" \/>\n\t<meta name=\"twitter:label2\" content=\"Dur\u00e9e de lecture estim\u00e9e\" \/>\n\t<meta name=\"twitter:data2\" content=\"2 minutes\" \/>\n<script type=\"application\/ld+json\" class=\"yoast-schema-graph\">{\"@context\":\"https:\\\/\\\/schema.org\",\"@graph\":[{\"@type\":\"Article\",\"@id\":\"https:\\\/\\\/interamerica.org\\\/fr\\\/2007\\\/01\\\/nassau-bahamas-leglise-reelit-ses-dirigeants\\\/#article\",\"isPartOf\":{\"@id\":\"https:\\\/\\\/interamerica.org\\\/fr\\\/2007\\\/01\\\/nassau-bahamas-leglise-reelit-ses-dirigeants\\\/\"},\"author\":{\"name\":\"Lorenzo Verduzco\",\"@id\":\"https:\\\/\\\/interamerica.org\\\/fr\\\/#\\\/schema\\\/person\\\/68ede8bdc292885bb76c1e3810e73c39\"},\"headline\":\"Nassau, Bahamas : l&#39;\u00c9glise R\u00e9\u00e9lit ses Dirigeants\",\"datePublished\":\"2007-01-06T04:00:00+00:00\",\"dateModified\":\"2017-06-02T17:15:12+00:00\",\"mainEntityOfPage\":{\"@id\":\"https:\\\/\\\/interamerica.org\\\/fr\\\/2007\\\/01\\\/nassau-bahamas-leglise-reelit-ses-dirigeants\\\/\"},\"wordCount\":493,\"articleSection\":[\"Archive\"],\"inLanguage\":\"fr-FR\"},{\"@type\":\"WebPage\",\"@id\":\"https:\\\/\\\/interamerica.org\\\/fr\\\/2007\\\/01\\\/nassau-bahamas-leglise-reelit-ses-dirigeants\\\/\",\"url\":\"https:\\\/\\\/interamerica.org\\\/fr\\\/2007\\\/01\\\/nassau-bahamas-leglise-reelit-ses-dirigeants\\\/\",\"name\":\"Nassau, Bahamas : l&#39;\u00c9glise R\u00e9\u00e9lit ses Dirigeants - \u00c9glise Adventiste Du Septieme Jour - Inter Am\u00e9rique Division\",\"isPartOf\":{\"@id\":\"https:\\\/\\\/interamerica.org\\\/fr\\\/#website\"},\"datePublished\":\"2007-01-06T04:00:00+00:00\",\"dateModified\":\"2017-06-02T17:15:12+00:00\",\"author\":{\"@id\":\"https:\\\/\\\/interamerica.org\\\/fr\\\/#\\\/schema\\\/person\\\/68ede8bdc292885bb76c1e3810e73c39\"},\"breadcrumb\":{\"@id\":\"https:\\\/\\\/interamerica.org\\\/fr\\\/2007\\\/01\\\/nassau-bahamas-leglise-reelit-ses-dirigeants\\\/#breadcrumb\"},\"inLanguage\":\"fr-FR\",\"potentialAction\":[{\"@type\":\"ReadAction\",\"target\":[\"https:\\\/\\\/interamerica.org\\\/fr\\\/2007\\\/01\\\/nassau-bahamas-leglise-reelit-ses-dirigeants\\\/\"]}]},{\"@type\":\"BreadcrumbList\",\"@id\":\"https:\\\/\\\/interamerica.org\\\/fr\\\/2007\\\/01\\\/nassau-bahamas-leglise-reelit-ses-dirigeants\\\/#breadcrumb\",\"itemListElement\":[{\"@type\":\"ListItem\",\"position\":1,\"name\":\"Home\",\"item\":\"https:\\\/\\\/interamerica.org\\\/fr\\\/\"},{\"@type\":\"ListItem\",\"position\":2,\"name\":\"Nassau, Bahamas : l&#39;\u00c9glise R\u00e9\u00e9lit ses Dirigeants\"}]},{\"@type\":\"WebSite\",\"@id\":\"https:\\\/\\\/interamerica.org\\\/fr\\\/#website\",\"url\":\"https:\\\/\\\/interamerica.org\\\/fr\\\/\",\"name\":\"\u00c9glise Adventiste Du Septieme Jour - Inter Am\u00e9rique Division\",\"description\":\"\",\"potentialAction\":[{\"@type\":\"SearchAction\",\"target\":{\"@type\":\"EntryPoint\",\"urlTemplate\":\"https:\\\/\\\/interamerica.org\\\/fr\\\/?s={search_term_string}\"},\"query-input\":{\"@type\":\"PropertyValueSpecification\",\"valueRequired\":true,\"valueName\":\"search_term_string\"}}],\"inLanguage\":\"fr-FR\"},{\"@type\":\"Person\",\"@id\":\"https:\\\/\\\/interamerica.org\\\/fr\\\/#\\\/schema\\\/person\\\/68ede8bdc292885bb76c1e3810e73c39\",\"name\":\"Lorenzo Verduzco\",\"image\":{\"@type\":\"ImageObject\",\"inLanguage\":\"fr-FR\",\"@id\":\"https:\\\/\\\/secure.gravatar.com\\\/avatar\\\/fb81a55b6218459490a9c1dc841a34909185b81904c5337b4b27f7a6fd60c49e?s=96&d=mm&r=g\",\"url\":\"https:\\\/\\\/secure.gravatar.com\\\/avatar\\\/fb81a55b6218459490a9c1dc841a34909185b81904c5337b4b27f7a6fd60c49e?s=96&d=mm&r=g\",\"contentUrl\":\"https:\\\/\\\/secure.gravatar.com\\\/avatar\\\/fb81a55b6218459490a9c1dc841a34909185b81904c5337b4b27f7a6fd60c49e?s=96&d=mm&r=g\",\"caption\":\"Lorenzo Verduzco\"}}]}<\/script>\n<!-- \/ Yoast SEO plugin. -->","yoast_head_json":{"title":"Nassau, Bahamas : l&#39;\u00c9glise R\u00e9\u00e9lit ses Dirigeants - \u00c9glise Adventiste Du Septieme Jour - Inter Am\u00e9rique Division","robots":{"index":"index","follow":"follow","max-snippet":"max-snippet:-1","max-image-preview":"max-image-preview:large","max-video-preview":"max-video-preview:-1"},"canonical":"https:\/\/interamerica.org\/fr\/2007\/01\/nassau-bahamas-leglise-reelit-ses-dirigeants\/","og_locale":"fr_FR","og_type":"article","og_title":"Nassau, Bahamas : l&#39;\u00c9glise R\u00e9\u00e9lit ses Dirigeants - \u00c9glise Adventiste Du Septieme Jour - Inter Am\u00e9rique Division","og_description":"Lors de son assembl\u00e9e g\u00e9n\u00e9rale, la d\u00e9l\u00e9gation de l&#39;\u00c9glise Adventiste du Septi\u00e8me jour de la Conf\u00e9rence des Bahamas a r\u00e9\u00e9lu, le 4 janvier, ses dirigeants pour les quatre proch","og_url":"https:\/\/interamerica.org\/fr\/2007\/01\/nassau-bahamas-leglise-reelit-ses-dirigeants\/","og_site_name":"\u00c9glise Adventiste Du Septieme Jour - Inter Am\u00e9rique Division","article_published_time":"2007-01-06T04:00:00+00:00","article_modified_time":"2017-06-02T17:15:12+00:00","author":"Lorenzo Verduzco","twitter_card":"summary_large_image","twitter_misc":{"\u00c9crit par":"Lorenzo Verduzco","Dur\u00e9e de lecture estim\u00e9e":"2 minutes"},"schema":{"@context":"https:\/\/schema.org","@graph":[{"@type":"Article","@id":"https:\/\/interamerica.org\/fr\/2007\/01\/nassau-bahamas-leglise-reelit-ses-dirigeants\/#article","isPartOf":{"@id":"https:\/\/interamerica.org\/fr\/2007\/01\/nassau-bahamas-leglise-reelit-ses-dirigeants\/"},"author":{"name":"Lorenzo Verduzco","@id":"https:\/\/interamerica.org\/fr\/#\/schema\/person\/68ede8bdc292885bb76c1e3810e73c39"},"headline":"Nassau, Bahamas : l&#39;\u00c9glise R\u00e9\u00e9lit ses Dirigeants","datePublished":"2007-01-06T04:00:00+00:00","dateModified":"2017-06-02T17:15:12+00:00","mainEntityOfPage":{"@id":"https:\/\/interamerica.org\/fr\/2007\/01\/nassau-bahamas-leglise-reelit-ses-dirigeants\/"},"wordCount":493,"articleSection":["Archive"],"inLanguage":"fr-FR"},{"@type":"WebPage","@id":"https:\/\/interamerica.org\/fr\/2007\/01\/nassau-bahamas-leglise-reelit-ses-dirigeants\/","url":"https:\/\/interamerica.org\/fr\/2007\/01\/nassau-bahamas-leglise-reelit-ses-dirigeants\/","name":"Nassau, Bahamas : l&#39;\u00c9glise R\u00e9\u00e9lit ses Dirigeants - \u00c9glise Adventiste Du Septieme Jour - Inter Am\u00e9rique Division","isPartOf":{"@id":"https:\/\/interamerica.org\/fr\/#website"},"datePublished":"2007-01-06T04:00:00+00:00","dateModified":"2017-06-02T17:15:12+00:00","author":{"@id":"https:\/\/interamerica.org\/fr\/#\/schema\/person\/68ede8bdc292885bb76c1e3810e73c39"},"breadcrumb":{"@id":"https:\/\/interamerica.org\/fr\/2007\/01\/nassau-bahamas-leglise-reelit-ses-dirigeants\/#breadcrumb"},"inLanguage":"fr-FR","potentialAction":[{"@type":"ReadAction","target":["https:\/\/interamerica.org\/fr\/2007\/01\/nassau-bahamas-leglise-reelit-ses-dirigeants\/"]}]},{"@type":"BreadcrumbList","@id":"https:\/\/interamerica.org\/fr\/2007\/01\/nassau-bahamas-leglise-reelit-ses-dirigeants\/#breadcrumb","itemListElement":[{"@type":"ListItem","position":1,"name":"Home","item":"https:\/\/interamerica.org\/fr\/"},{"@type":"ListItem","position":2,"name":"Nassau, Bahamas : l&#39;\u00c9glise R\u00e9\u00e9lit ses Dirigeants"}]},{"@type":"WebSite","@id":"https:\/\/interamerica.org\/fr\/#website","url":"https:\/\/interamerica.org\/fr\/","name":"\u00c9glise Adventiste Du Septieme Jour - Inter Am\u00e9rique Division","description":"","potentialAction":[{"@type":"SearchAction","target":{"@type":"EntryPoint","urlTemplate":"https:\/\/interamerica.org\/fr\/?s={search_term_string}"},"query-input":{"@type":"PropertyValueSpecification","valueRequired":true,"valueName":"search_term_string"}}],"inLanguage":"fr-FR"},{"@type":"Person","@id":"https:\/\/interamerica.org\/fr\/#\/schema\/person\/68ede8bdc292885bb76c1e3810e73c39","name":"Lorenzo Verduzco","image":{"@type":"ImageObject","inLanguage":"fr-FR","@id":"https:\/\/secure.gravatar.com\/avatar\/fb81a55b6218459490a9c1dc841a34909185b81904c5337b4b27f7a6fd60c49e?s=96&d=mm&r=g","url":"https:\/\/secure.gravatar.com\/avatar\/fb81a55b6218459490a9c1dc841a34909185b81904c5337b4b27f7a6fd60c49e?s=96&d=mm&r=g","contentUrl":"https:\/\/secure.gravatar.com\/avatar\/fb81a55b6218459490a9c1dc841a34909185b81904c5337b4b27f7a6fd60c49e?s=96&d=mm&r=g","caption":"Lorenzo Verduzco"}}]}},"_links":{"self":[{"href":"https:\/\/interamerica.org\/fr\/wp-json\/wp\/v2\/posts\/12660","targetHints":{"allow":["GET"]}}],"collection":[{"href":"https:\/\/interamerica.org\/fr\/wp-json\/wp\/v2\/posts"}],"about":[{"href":"https:\/\/interamerica.org\/fr\/wp-json\/wp\/v2\/types\/post"}],"author":[{"embeddable":true,"href":"https:\/\/interamerica.org\/fr\/wp-json\/wp\/v2\/users\/1"}],"replies":[{"embeddable":true,"href":"https:\/\/interamerica.org\/fr\/wp-json\/wp\/v2\/comments?post=12660"}],"version-history":[{"count":0,"href":"https:\/\/interamerica.org\/fr\/wp-json\/wp\/v2\/posts\/12660\/revisions"}],"wp:attachment":[{"href":"https:\/\/interamerica.org\/fr\/wp-json\/wp\/v2\/media?parent=12660"}],"wp:term":[{"taxonomy":"category","embeddable":true,"href":"https:\/\/interamerica.org\/fr\/wp-json\/wp\/v2\/categories?post=12660"},{"taxonomy":"post_tag","embeddable":true,"href":"https:\/\/interamerica.org\/fr\/wp-json\/wp\/v2\/tags?post=12660"}],"curies":[{"name":"wp","href":"https:\/\/api.w.org\/{rel}","templated":true}]}}