{"id":126610,"date":"2025-03-24T22:41:44","date_gmt":"2025-03-25T02:41:44","guid":{"rendered":"https:\/\/interamerica.org\/?p=126610"},"modified":"2025-03-28T13:44:30","modified_gmt":"2025-03-28T17:44:30","slug":"adventhealth-realise-son-projet-local-denergie-renouvelable","status":"publish","type":"post","link":"https:\/\/interamerica.org\/fr\/2025\/03\/adventhealth-realise-son-projet-local-denergie-renouvelable\/","title":{"rendered":"AdventHealth r\u00e9alise son projet local d\u2019\u00e9nergie renouvelable"},"content":{"rendered":"<p><i><span style=\"font-weight: 400;\">D\u2019apr\u00e8s les dirigeants, le projet doit atteindre la barre du z\u00e9ro \u00e9mission d\u2019ici 2050.<\/span><\/i><\/p>\n<p><span style=\"font-weight: 400;\">Le 24 mars 2025 | Floride, \u00c9tats-Unis | D\u00e9partement des actualit\u00e9s d\u2019AdventHealth<\/span><\/p>\n<p><span style=\"font-weight: 400;\">Le projet d\u2019\u00e9nergie solaire sur le site administratif d\u2019AdventHealth a \u00e9t\u00e9 compl\u00e9t\u00e9 et est maintenant op\u00e9rationnel, faisant de lui l\u2019un des plus vastes projets solaires priv\u00e9s de l\u2019\u00c9tat am\u00e9ricain de la Floride.<\/span><\/p>\n<p><span style=\"font-weight: 400;\">Situ\u00e9 au si\u00e8ge social administratif d\u2019AdventHealth \u00e0 Altamonte Springs, en Floride, le nouveau syst\u00e8me solaire photovolta\u00efque de trois m\u00e9gawatts permet au syst\u00e8me de sant\u00e9 de se rapprocher de son objectif de r\u00e9duire ses \u00e9missions de moiti\u00e9 d\u2019ici 2030 et d\u2019atteindre z\u00e9ro \u00e9mission nette d\u2019ici 2050.<\/span><\/p>\n<p><div id=\"attachment_126585\" style=\"width: 908px\" class=\"wp-caption aligncenter\"><img fetchpriority=\"high\" decoding=\"async\" aria-describedby=\"caption-attachment-126585\" class=\" wp-image-126584\" src=\"https:\/\/interamerica.org\/wp-content\/uploads\/2025\/03\/solar-panel-optimized-1000-600x0-c-default.webp\" alt=\"\" width=\"898\" height=\"598\" srcset=\"https:\/\/interamerica.org\/wp-content\/uploads\/2025\/03\/solar-panel-optimized-1000-600x0-c-default.webp 600w, https:\/\/interamerica.org\/wp-content\/uploads\/2025\/03\/solar-panel-optimized-1000-600x0-c-default-300x200.webp 300w\" sizes=\"(max-width: 898px) 100vw, 898px\" \/><p id=\"caption-attachment-126585\" class=\"wp-caption-text\"><span style=\"font-weight: 400;\">Le projet d\u2019\u00e9nergie solaire du site administratif d\u2019AdventHealth est parmi les plus vastes projets solaires priv\u00e9s de la Floride. [Une photo d\u2019AdventHealth]<\/span><\/p><\/div><span style=\"font-weight: 400;\">Il comprend notamment plus de 7\u00a0500 panneaux solaires install\u00e9s sur le toit de quatre b\u00e2timents, de deux garages de stationnement, de passerelles couvertes ainsi que de stationnements couverts. Il comprend \u00e9galement une am\u00e9lioration des infrastructures, car 62 ports de recharge de v\u00e9hicules \u00e9lectriques ont \u00e9t\u00e9 ajout\u00e9s au stationnement couvert pour des centaines de places de stationnement. Enfin, il occasionne des \u00e9pargnes d\u2019\u00e9nergie substantielles, car il produit environ 4\u00a0200 m\u00e9gawattheures par ann\u00e9e, ce qui suffirait pour alimenter plus de 550 foyers, fournissant ainsi environ le tiers des besoins du site en \u00e9lectricit\u00e9.<\/span><\/p>\n<p><span style=\"font-weight: 400;\">\u00ab\u00a0L\u2019ach\u00e8vement de ces installations solaires est l\u2019une des nombreuses fa\u00e7ons dont nous administrons les ressources naturelles qui nous ont \u00e9t\u00e9 confi\u00e9es, a dit Olesea Azevedo, directrice administrative d\u2019AdventHealth. En exploitant de l\u2019\u00e9nergie renouvelable sur le site de notre si\u00e8ge social, nous nous engageons \u00e0 long terme \u00e0 r\u00e9duire notre impact environnemental et \u00e0 poursuivre notre \u00e9lan vers nos objectifs de durabilit\u00e9 qui profiteront aux g\u00e9n\u00e9rations \u00e0 venir.\u00a0\u00bb<\/span><\/p>\n<p><span style=\"font-weight: 400;\">Le projet, mis au point en collaboration avec la plateforme de d\u00e9veloppement solaire ESA, a commenc\u00e9 \u00e0 \u00eatre construit en 2024 et a \u00e9t\u00e9 con\u00e7u strat\u00e9giquement, puis ex\u00e9cut\u00e9 gr\u00e2ce \u00e0 la coordination \u00e9troite avec la ville d\u2019Altamonte Springs et Duke Energy<\/span><\/p>\n<p><div id=\"attachment_126582\" style=\"width: 912px\" class=\"wp-caption aligncenter\"><img decoding=\"async\" aria-describedby=\"caption-attachment-126582\" class=\" wp-image-126581\" src=\"https:\/\/interamerica.org\/wp-content\/uploads\/2025\/03\/adventhealth-corporate-campus-overview-2-optimized-1000-1024x908.webp\" alt=\"\" width=\"902\" height=\"800\" srcset=\"https:\/\/interamerica.org\/wp-content\/uploads\/2025\/03\/adventhealth-corporate-campus-overview-2-optimized-1000-1024x908.webp 1024w, https:\/\/interamerica.org\/wp-content\/uploads\/2025\/03\/adventhealth-corporate-campus-overview-2-optimized-1000-300x266.webp 300w, https:\/\/interamerica.org\/wp-content\/uploads\/2025\/03\/adventhealth-corporate-campus-overview-2-optimized-1000-768x681.webp 768w, https:\/\/interamerica.org\/wp-content\/uploads\/2025\/03\/adventhealth-corporate-campus-overview-2-optimized-1000.webp 1200w\" sizes=\"(max-width: 902px) 100vw, 902px\" \/><p id=\"caption-attachment-126582\" class=\"wp-caption-text\"><span style=\"font-weight: 400;\">D\u2019apr\u00e8s les dirigeants, le projet cherche \u00e0 soutenir les efforts d\u2019AdventHealth \u00e0 atteindre z\u00e9ro \u00e9mission nette d\u2019ici 2050. [Une photo d\u2019AdventHealth]<\/span><\/p><\/div><span style=\"font-weight: 400;\">\u00ab\u00a0Travailler avec l\u2019\u00e9quipe d\u2019AdventHealth sur ce projet a \u00e9t\u00e9 extr\u00eamement enrichissant. Nous sommes fiers de cette contribution significative \u00e0 l\u2019engagement d\u2019AdventHealth envers l\u2019innovation, la durabilit\u00e9 et l\u2019impact \u00e9conomique et environnemental \u00e0 long terme, a dit Morgan Brawner, directeur des revenus d\u2019ESA. ESA a travaill\u00e9 \u00e9troitement avec AdventHealth pour \u00e9valuer sa situation globale, pour identifier le site administratif comme lieu id\u00e9al pour ce projet pilote. En int\u00e9grant plusieurs technologies solaires, comme les toits des b\u00e2timents et les bornes de recharge de voitures, ce site sert maintenant de mod\u00e8le pour de futurs projets solaires sur d\u2019autres sites d\u2019AdventHealth. Ce projet \u00e9tant achev\u00e9, il d\u00e9montre combien le secteur des soins de sant\u00e9 est en position unique pour mener l\u2019action climatique et les solutions d\u2019\u00e9nergie renouvelable.\u00a0\u00bb\u00a0<\/span><\/p>\n<p><span style=\"font-weight: 400;\">Cette initiative est un jalon du vaste plan d\u2019\u00e9nergie propre d\u2019AdventHealth, lequel comprend des projets renouvelables sur place et des ententes d\u2019achat d\u2019\u00e9lectricit\u00e9 produite dans des parcs \u00e9oliens et solaires.<\/span><\/p>\n<p><span style=\"font-weight: 400;\">Les dirigeants d\u2019AdventHealth ont dit qu\u2019en 2022, l\u2019organisation de soins de sant\u00e9 a confirm\u00e9 \u00e0 nouveau son engagement en se joignant \u00e0 la HHS Health Sector Climate Pledge (Promesse sur le climat du secteur de la sant\u00e9), publiant un <\/span><a href=\"https:\/\/www.adventhealth.com\/sites\/default\/files\/assets\/2023_climate_resilience_plan.pdf\"><span style=\"font-weight: 400;\">\u00ab\u00a0Plan de r\u00e9silience climatique\u00a0\u00bb<\/span><\/a><span style=\"font-weight: 400;\"> ainsi qu\u2019un <\/span><a href=\"https:\/\/www.adventhealth.com\/sites\/default\/files\/assets\/2023-sustainability-annual-report.pdf\"><span style=\"font-weight: 400;\">Rapport de durabilit\u00e9<\/span><\/a><span style=\"font-weight: 400;\"> annuel, puis souhaitant \u00e9largir ses investissements en \u00e9nergie renouvelable \u00e0 tout le syst\u00e8me.<\/span><\/p>\n<p><i><span style=\"font-weight: 400;\">La <\/span><\/i><a href=\"https:\/\/www.adventhealth.com\/news\/adventhealth-flips-switch-site-renewable-energy-project\"><i><span style=\"font-weight: 400;\">version originale<\/span><\/i><\/a><i><span style=\"font-weight: 400;\"> de cet article a \u00e9t\u00e9 publi\u00e9e sur le <\/span><\/i><a href=\"https:\/\/www.adventhealth.com\/\"><i><span style=\"font-weight: 400;\">site des actualit\u00e9s<\/span><\/i><\/a><i><span style=\"font-weight: 400;\"> d\u2019AdventHealth.<\/span><\/i><\/p>\n<p><span style=\"font-weight: 400;\">Traduction\u00a0: Marie-Mich\u00e8le Robitaille<\/span><\/p>\n","protected":false},"excerpt":{"rendered":"<p>D\u2019apr\u00e8s les dirigeants, le projet doit atteindre la barre du z\u00e9ro \u00e9mission d\u2019ici 2050. Le 24 mars 2025 | Floride, \u00c9tats-Unis | D\u00e9partement des actualit\u00e9s d\u2019AdventHealth Le projet d\u2019\u00e9nergie solaire&#8230;<\/p>\n","protected":false},"author":3,"featured_media":126585,"comment_status":"closed","ping_status":"closed","sticky":false,"template":"","format":"standard","meta":{"_acf_changed":false,"footnotes":""},"categories":[18,19],"tags":[],"class_list":["post-126610","post","type-post","status-publish","format-standard","has-post-thumbnail","hentry","category-nouvelles-de-leglise-mondiale","category-rss-francais"],"acf":[],"yoast_head":"<!-- This site is optimized with the Yoast SEO plugin v27.3 - https:\/\/yoast.com\/product\/yoast-seo-wordpress\/ -->\n<title>AdventHealth r\u00e9alise son projet local d\u2019\u00e9nergie renouvelable - \u00c9glise Adventiste Du Septieme Jour - Inter Am\u00e9rique Division<\/title>\n<meta name=\"robots\" content=\"index, follow, max-snippet:-1, max-image-preview:large, max-video-preview:-1\" \/>\n<link rel=\"canonical\" href=\"https:\/\/interamerica.org\/fr\/2025\/03\/adventhealth-realise-son-projet-local-denergie-renouvelable\/\" \/>\n<meta property=\"og:locale\" content=\"fr_FR\" \/>\n<meta property=\"og:type\" content=\"article\" \/>\n<meta property=\"og:title\" content=\"AdventHealth r\u00e9alise son projet local d\u2019\u00e9nergie renouvelable - \u00c9glise Adventiste Du Septieme Jour - Inter Am\u00e9rique Division\" \/>\n<meta property=\"og:description\" content=\"D\u2019apr\u00e8s les dirigeants, le projet doit atteindre la barre du z\u00e9ro \u00e9mission d\u2019ici 2050. Le 24 mars 2025 | Floride, \u00c9tats-Unis | D\u00e9partement des actualit\u00e9s d\u2019AdventHealth Le projet d\u2019\u00e9nergie solaire...\" \/>\n<meta property=\"og:url\" content=\"https:\/\/interamerica.org\/fr\/2025\/03\/adventhealth-realise-son-projet-local-denergie-renouvelable\/\" \/>\n<meta property=\"og:site_name\" content=\"\u00c9glise Adventiste Du Septieme Jour - Inter Am\u00e9rique Division\" \/>\n<meta property=\"article:published_time\" content=\"2025-03-25T02:41:44+00:00\" \/>\n<meta property=\"article:modified_time\" content=\"2025-03-28T17:44:30+00:00\" \/>\n<meta property=\"og:image\" content=\"https:\/\/interamerica.org\/wp-content\/uploads\/2025\/03\/solar-panel-optimized-1000-600x0-c-default.webp\" \/>\n\t<meta property=\"og:image:width\" content=\"600\" \/>\n\t<meta property=\"og:image:height\" content=\"400\" \/>\n\t<meta property=\"og:image:type\" content=\"image\/webp\" \/>\n<meta name=\"author\" content=\"libna\" \/>\n<meta name=\"twitter:card\" content=\"summary_large_image\" \/>\n<meta name=\"twitter:label1\" content=\"\u00c9crit par\" \/>\n\t<meta name=\"twitter:data1\" content=\"libna\" \/>\n\t<meta name=\"twitter:label2\" content=\"Dur\u00e9e de lecture estim\u00e9e\" \/>\n\t<meta name=\"twitter:data2\" content=\"4 minutes\" \/>\n<script type=\"application\/ld+json\" class=\"yoast-schema-graph\">{\"@context\":\"https:\\\/\\\/schema.org\",\"@graph\":[{\"@type\":\"Article\",\"@id\":\"https:\\\/\\\/interamerica.org\\\/fr\\\/2025\\\/03\\\/adventhealth-realise-son-projet-local-denergie-renouvelable\\\/#article\",\"isPartOf\":{\"@id\":\"https:\\\/\\\/interamerica.org\\\/fr\\\/2025\\\/03\\\/adventhealth-realise-son-projet-local-denergie-renouvelable\\\/\"},\"author\":{\"name\":\"libna\",\"@id\":\"https:\\\/\\\/interamerica.org\\\/fr\\\/#\\\/schema\\\/person\\\/29998f2bc2d8bd0d38662909289b54f1\"},\"headline\":\"AdventHealth r\u00e9alise son projet local d\u2019\u00e9nergie renouvelable\",\"datePublished\":\"2025-03-25T02:41:44+00:00\",\"dateModified\":\"2025-03-28T17:44:30+00:00\",\"mainEntityOfPage\":{\"@id\":\"https:\\\/\\\/interamerica.org\\\/fr\\\/2025\\\/03\\\/adventhealth-realise-son-projet-local-denergie-renouvelable\\\/\"},\"wordCount\":663,\"image\":{\"@id\":\"https:\\\/\\\/interamerica.org\\\/fr\\\/2025\\\/03\\\/adventhealth-realise-son-projet-local-denergie-renouvelable\\\/#primaryimage\"},\"thumbnailUrl\":\"https:\\\/\\\/interamerica.org\\\/wp-content\\\/uploads\\\/2025\\\/03\\\/solar-panel-optimized-1000-600x0-c-default.webp\",\"articleSection\":[\"Nouvelles de l'\u00c9glise mondiale\",\"RSS Fran\u00e7ais\"],\"inLanguage\":\"fr-FR\"},{\"@type\":\"WebPage\",\"@id\":\"https:\\\/\\\/interamerica.org\\\/fr\\\/2025\\\/03\\\/adventhealth-realise-son-projet-local-denergie-renouvelable\\\/\",\"url\":\"https:\\\/\\\/interamerica.org\\\/fr\\\/2025\\\/03\\\/adventhealth-realise-son-projet-local-denergie-renouvelable\\\/\",\"name\":\"AdventHealth r\u00e9alise son projet local d\u2019\u00e9nergie renouvelable - \u00c9glise Adventiste Du Septieme Jour - Inter Am\u00e9rique Division\",\"isPartOf\":{\"@id\":\"https:\\\/\\\/interamerica.org\\\/fr\\\/#website\"},\"primaryImageOfPage\":{\"@id\":\"https:\\\/\\\/interamerica.org\\\/fr\\\/2025\\\/03\\\/adventhealth-realise-son-projet-local-denergie-renouvelable\\\/#primaryimage\"},\"image\":{\"@id\":\"https:\\\/\\\/interamerica.org\\\/fr\\\/2025\\\/03\\\/adventhealth-realise-son-projet-local-denergie-renouvelable\\\/#primaryimage\"},\"thumbnailUrl\":\"https:\\\/\\\/interamerica.org\\\/wp-content\\\/uploads\\\/2025\\\/03\\\/solar-panel-optimized-1000-600x0-c-default.webp\",\"datePublished\":\"2025-03-25T02:41:44+00:00\",\"dateModified\":\"2025-03-28T17:44:30+00:00\",\"author\":{\"@id\":\"https:\\\/\\\/interamerica.org\\\/fr\\\/#\\\/schema\\\/person\\\/29998f2bc2d8bd0d38662909289b54f1\"},\"breadcrumb\":{\"@id\":\"https:\\\/\\\/interamerica.org\\\/fr\\\/2025\\\/03\\\/adventhealth-realise-son-projet-local-denergie-renouvelable\\\/#breadcrumb\"},\"inLanguage\":\"fr-FR\",\"potentialAction\":[{\"@type\":\"ReadAction\",\"target\":[\"https:\\\/\\\/interamerica.org\\\/fr\\\/2025\\\/03\\\/adventhealth-realise-son-projet-local-denergie-renouvelable\\\/\"]}]},{\"@type\":\"ImageObject\",\"inLanguage\":\"fr-FR\",\"@id\":\"https:\\\/\\\/interamerica.org\\\/fr\\\/2025\\\/03\\\/adventhealth-realise-son-projet-local-denergie-renouvelable\\\/#primaryimage\",\"url\":\"https:\\\/\\\/interamerica.org\\\/wp-content\\\/uploads\\\/2025\\\/03\\\/solar-panel-optimized-1000-600x0-c-default.webp\",\"contentUrl\":\"https:\\\/\\\/interamerica.org\\\/wp-content\\\/uploads\\\/2025\\\/03\\\/solar-panel-optimized-1000-600x0-c-default.webp\",\"width\":600,\"height\":400,\"caption\":\"AdventHealth\u2019s corporate campus solar energy project is one of the largest privately owned solar projects in Florida. [Photo: AdventHealth]\"},{\"@type\":\"BreadcrumbList\",\"@id\":\"https:\\\/\\\/interamerica.org\\\/fr\\\/2025\\\/03\\\/adventhealth-realise-son-projet-local-denergie-renouvelable\\\/#breadcrumb\",\"itemListElement\":[{\"@type\":\"ListItem\",\"position\":1,\"name\":\"Home\",\"item\":\"https:\\\/\\\/interamerica.org\\\/fr\\\/\"},{\"@type\":\"ListItem\",\"position\":2,\"name\":\"AdventHealth r\u00e9alise son projet local d\u2019\u00e9nergie renouvelable\"}]},{\"@type\":\"WebSite\",\"@id\":\"https:\\\/\\\/interamerica.org\\\/fr\\\/#website\",\"url\":\"https:\\\/\\\/interamerica.org\\\/fr\\\/\",\"name\":\"\u00c9glise Adventiste Du Septieme Jour - Inter Am\u00e9rique Division\",\"description\":\"\",\"potentialAction\":[{\"@type\":\"SearchAction\",\"target\":{\"@type\":\"EntryPoint\",\"urlTemplate\":\"https:\\\/\\\/interamerica.org\\\/fr\\\/?s={search_term_string}\"},\"query-input\":{\"@type\":\"PropertyValueSpecification\",\"valueRequired\":true,\"valueName\":\"search_term_string\"}}],\"inLanguage\":\"fr-FR\"},{\"@type\":\"Person\",\"@id\":\"https:\\\/\\\/interamerica.org\\\/fr\\\/#\\\/schema\\\/person\\\/29998f2bc2d8bd0d38662909289b54f1\",\"name\":\"libna\",\"image\":{\"@type\":\"ImageObject\",\"inLanguage\":\"fr-FR\",\"@id\":\"https:\\\/\\\/secure.gravatar.com\\\/avatar\\\/7c5bd30ae4b47a9ba3c856590957fd1d96dc588bf3ac05719d247e126840331f?s=96&d=mm&r=g\",\"url\":\"https:\\\/\\\/secure.gravatar.com\\\/avatar\\\/7c5bd30ae4b47a9ba3c856590957fd1d96dc588bf3ac05719d247e126840331f?s=96&d=mm&r=g\",\"contentUrl\":\"https:\\\/\\\/secure.gravatar.com\\\/avatar\\\/7c5bd30ae4b47a9ba3c856590957fd1d96dc588bf3ac05719d247e126840331f?s=96&d=mm&r=g\",\"caption\":\"libna\"}}]}<\/script>\n<!-- \/ Yoast SEO plugin. -->","yoast_head_json":{"title":"AdventHealth r\u00e9alise son projet local d\u2019\u00e9nergie renouvelable - \u00c9glise Adventiste Du Septieme Jour - Inter Am\u00e9rique Division","robots":{"index":"index","follow":"follow","max-snippet":"max-snippet:-1","max-image-preview":"max-image-preview:large","max-video-preview":"max-video-preview:-1"},"canonical":"https:\/\/interamerica.org\/fr\/2025\/03\/adventhealth-realise-son-projet-local-denergie-renouvelable\/","og_locale":"fr_FR","og_type":"article","og_title":"AdventHealth r\u00e9alise son projet local d\u2019\u00e9nergie renouvelable - \u00c9glise Adventiste Du Septieme Jour - Inter Am\u00e9rique Division","og_description":"D\u2019apr\u00e8s les dirigeants, le projet doit atteindre la barre du z\u00e9ro \u00e9mission d\u2019ici 2050. Le 24 mars 2025 | Floride, \u00c9tats-Unis | D\u00e9partement des actualit\u00e9s d\u2019AdventHealth Le projet d\u2019\u00e9nergie solaire...","og_url":"https:\/\/interamerica.org\/fr\/2025\/03\/adventhealth-realise-son-projet-local-denergie-renouvelable\/","og_site_name":"\u00c9glise Adventiste Du Septieme Jour - Inter Am\u00e9rique Division","article_published_time":"2025-03-25T02:41:44+00:00","article_modified_time":"2025-03-28T17:44:30+00:00","og_image":[{"width":600,"height":400,"url":"https:\/\/interamerica.org\/wp-content\/uploads\/2025\/03\/solar-panel-optimized-1000-600x0-c-default.webp","type":"image\/webp"}],"author":"libna","twitter_card":"summary_large_image","twitter_misc":{"\u00c9crit par":"libna","Dur\u00e9e de lecture estim\u00e9e":"4 minutes"},"schema":{"@context":"https:\/\/schema.org","@graph":[{"@type":"Article","@id":"https:\/\/interamerica.org\/fr\/2025\/03\/adventhealth-realise-son-projet-local-denergie-renouvelable\/#article","isPartOf":{"@id":"https:\/\/interamerica.org\/fr\/2025\/03\/adventhealth-realise-son-projet-local-denergie-renouvelable\/"},"author":{"name":"libna","@id":"https:\/\/interamerica.org\/fr\/#\/schema\/person\/29998f2bc2d8bd0d38662909289b54f1"},"headline":"AdventHealth r\u00e9alise son projet local d\u2019\u00e9nergie renouvelable","datePublished":"2025-03-25T02:41:44+00:00","dateModified":"2025-03-28T17:44:30+00:00","mainEntityOfPage":{"@id":"https:\/\/interamerica.org\/fr\/2025\/03\/adventhealth-realise-son-projet-local-denergie-renouvelable\/"},"wordCount":663,"image":{"@id":"https:\/\/interamerica.org\/fr\/2025\/03\/adventhealth-realise-son-projet-local-denergie-renouvelable\/#primaryimage"},"thumbnailUrl":"https:\/\/interamerica.org\/wp-content\/uploads\/2025\/03\/solar-panel-optimized-1000-600x0-c-default.webp","articleSection":["Nouvelles de l'\u00c9glise mondiale","RSS Fran\u00e7ais"],"inLanguage":"fr-FR"},{"@type":"WebPage","@id":"https:\/\/interamerica.org\/fr\/2025\/03\/adventhealth-realise-son-projet-local-denergie-renouvelable\/","url":"https:\/\/interamerica.org\/fr\/2025\/03\/adventhealth-realise-son-projet-local-denergie-renouvelable\/","name":"AdventHealth r\u00e9alise son projet local d\u2019\u00e9nergie renouvelable - \u00c9glise Adventiste Du Septieme Jour - Inter Am\u00e9rique Division","isPartOf":{"@id":"https:\/\/interamerica.org\/fr\/#website"},"primaryImageOfPage":{"@id":"https:\/\/interamerica.org\/fr\/2025\/03\/adventhealth-realise-son-projet-local-denergie-renouvelable\/#primaryimage"},"image":{"@id":"https:\/\/interamerica.org\/fr\/2025\/03\/adventhealth-realise-son-projet-local-denergie-renouvelable\/#primaryimage"},"thumbnailUrl":"https:\/\/interamerica.org\/wp-content\/uploads\/2025\/03\/solar-panel-optimized-1000-600x0-c-default.webp","datePublished":"2025-03-25T02:41:44+00:00","dateModified":"2025-03-28T17:44:30+00:00","author":{"@id":"https:\/\/interamerica.org\/fr\/#\/schema\/person\/29998f2bc2d8bd0d38662909289b54f1"},"breadcrumb":{"@id":"https:\/\/interamerica.org\/fr\/2025\/03\/adventhealth-realise-son-projet-local-denergie-renouvelable\/#breadcrumb"},"inLanguage":"fr-FR","potentialAction":[{"@type":"ReadAction","target":["https:\/\/interamerica.org\/fr\/2025\/03\/adventhealth-realise-son-projet-local-denergie-renouvelable\/"]}]},{"@type":"ImageObject","inLanguage":"fr-FR","@id":"https:\/\/interamerica.org\/fr\/2025\/03\/adventhealth-realise-son-projet-local-denergie-renouvelable\/#primaryimage","url":"https:\/\/interamerica.org\/wp-content\/uploads\/2025\/03\/solar-panel-optimized-1000-600x0-c-default.webp","contentUrl":"https:\/\/interamerica.org\/wp-content\/uploads\/2025\/03\/solar-panel-optimized-1000-600x0-c-default.webp","width":600,"height":400,"caption":"AdventHealth\u2019s corporate campus solar energy project is one of the largest privately owned solar projects in Florida. [Photo: AdventHealth]"},{"@type":"BreadcrumbList","@id":"https:\/\/interamerica.org\/fr\/2025\/03\/adventhealth-realise-son-projet-local-denergie-renouvelable\/#breadcrumb","itemListElement":[{"@type":"ListItem","position":1,"name":"Home","item":"https:\/\/interamerica.org\/fr\/"},{"@type":"ListItem","position":2,"name":"AdventHealth r\u00e9alise son projet local d\u2019\u00e9nergie renouvelable"}]},{"@type":"WebSite","@id":"https:\/\/interamerica.org\/fr\/#website","url":"https:\/\/interamerica.org\/fr\/","name":"\u00c9glise Adventiste Du Septieme Jour - Inter Am\u00e9rique Division","description":"","potentialAction":[{"@type":"SearchAction","target":{"@type":"EntryPoint","urlTemplate":"https:\/\/interamerica.org\/fr\/?s={search_term_string}"},"query-input":{"@type":"PropertyValueSpecification","valueRequired":true,"valueName":"search_term_string"}}],"inLanguage":"fr-FR"},{"@type":"Person","@id":"https:\/\/interamerica.org\/fr\/#\/schema\/person\/29998f2bc2d8bd0d38662909289b54f1","name":"libna","image":{"@type":"ImageObject","inLanguage":"fr-FR","@id":"https:\/\/secure.gravatar.com\/avatar\/7c5bd30ae4b47a9ba3c856590957fd1d96dc588bf3ac05719d247e126840331f?s=96&d=mm&r=g","url":"https:\/\/secure.gravatar.com\/avatar\/7c5bd30ae4b47a9ba3c856590957fd1d96dc588bf3ac05719d247e126840331f?s=96&d=mm&r=g","contentUrl":"https:\/\/secure.gravatar.com\/avatar\/7c5bd30ae4b47a9ba3c856590957fd1d96dc588bf3ac05719d247e126840331f?s=96&d=mm&r=g","caption":"libna"}}]}},"_links":{"self":[{"href":"https:\/\/interamerica.org\/fr\/wp-json\/wp\/v2\/posts\/126610","targetHints":{"allow":["GET"]}}],"collection":[{"href":"https:\/\/interamerica.org\/fr\/wp-json\/wp\/v2\/posts"}],"about":[{"href":"https:\/\/interamerica.org\/fr\/wp-json\/wp\/v2\/types\/post"}],"author":[{"embeddable":true,"href":"https:\/\/interamerica.org\/fr\/wp-json\/wp\/v2\/users\/3"}],"replies":[{"embeddable":true,"href":"https:\/\/interamerica.org\/fr\/wp-json\/wp\/v2\/comments?post=126610"}],"version-history":[{"count":0,"href":"https:\/\/interamerica.org\/fr\/wp-json\/wp\/v2\/posts\/126610\/revisions"}],"wp:featuredmedia":[{"embeddable":true,"href":"https:\/\/interamerica.org\/fr\/wp-json\/wp\/v2\/media\/126585"}],"wp:attachment":[{"href":"https:\/\/interamerica.org\/fr\/wp-json\/wp\/v2\/media?parent=126610"}],"wp:term":[{"taxonomy":"category","embeddable":true,"href":"https:\/\/interamerica.org\/fr\/wp-json\/wp\/v2\/categories?post=126610"},{"taxonomy":"post_tag","embeddable":true,"href":"https:\/\/interamerica.org\/fr\/wp-json\/wp\/v2\/tags?post=126610"}],"curies":[{"name":"wp","href":"https:\/\/api.w.org\/{rel}","templated":true}]}}