{"id":12662,"date":"2007-01-06T00:00:00","date_gmt":"2007-01-06T04:00:00","guid":{"rendered":"http:\/\/192.81.217.108\/interamerica\/2007\/01\/republique-dominicaine-leglise-inaugure-son-premier-hopital-adventiste\/"},"modified":"2017-06-02T13:15:13","modified_gmt":"2017-06-02T17:15:13","slug":"republique-dominicaine-leglise-inaugure-son-premier-hopital-adventiste","status":"publish","type":"post","link":"https:\/\/interamerica.org\/fr\/2007\/01\/republique-dominicaine-leglise-inaugure-son-premier-hopital-adventiste\/","title":{"rendered":"R\u00e9publique Dominicaine:  L&#39;Eglise Inaugure Son Premier H\u00f4pital Adventiste"},"content":{"rendered":"<p>Saint Domingue, R\u00e9publique Dominicaine&#8230; (Silvestre Gonzalez\/Staff de la DIA) <\/p>\n<p>Des douzaines de m\u00e9decins, de professionnels de la sant\u00e9, d&#39;administrateurs et de dirigeants de l&#39;\u00e9glise Adventiste et d&#39;autres organisations religieuses ont assist\u00e9 \u00e0 l&#39;inauguration du premier H\u00f4pital Adventiste de la R\u00e9publique Dominicaine, le 28 d\u00e9cembre 2006. <\/p>\n<p>Au cours de la c\u00e9r\u00e9monie du 28 d\u00e9cembre, Pasteur Israel Leito, pr\u00e9sident de l&#39;\u00e9glise de l&#39;Inter-Am\u00e9rique, a f\u00e9licit\u00e9 la direction de l&#39;\u00e9glise du pays pour son engagement \u00e0 poursuivre la r\u00e9alisation du centre m\u00e9dical. <\/p>\n<p>Situ\u00e9 dans la capitale du pays, Saint-Domingue, le \u00ab\u00a0Centro Medico Vista del Jardin\u00a0\u00bb fournira des services de qualit\u00e9 \u00e0 une ville de plus de 3.5 millions de gens. <\/p>\n<p>\u00ab\u00a0Le Centre M\u00e9dical &#39;Vista del Jardin&#39; ne repr\u00e9sentera pas seulement un lieu o\u00f9 l&#39;on trouve de bons m\u00e9decins, mais un endroit o\u00f9 l&#39;on rencontre les meilleurs Chr\u00e9tiens qui accomplissent leur devoir en fournissant des soins de sant\u00e9 et la pr\u00e9vention des maladies, et par-dessus des Chr\u00e9tiens qui refl\u00e8tent le caract\u00e8re de Dieu par leurs actions alors qu&#39;ils soulagent les souffrances humaines,\u00a0\u00bb a dit Pasteur Leito. <\/p>\n<p>L&#39;\u00e9v\u00e8nement a \u00e9t\u00e9 agr\u00e9ment\u00e9 de pr\u00e9sentations musicales et th\u00e9\u00e2trales dans une tente plac\u00e9e \u00e0 l&#39;entr\u00e9e du b\u00e2timent m\u00e9dical de trois \u00e9tages. <\/p>\n<p>Pasteur Cesario Acevedo, pr\u00e9sident de l&#39;Eglise Adventiste de la R\u00e9publique Dominicaine, a exprim\u00e9 sa joie pour la r\u00e9alisation d&#39;un hopital qui offre des service de sant\u00e9 \u00e0 tout le monde avec une touche Adventiste.  Il a aussi remerci\u00e9 tous ceux qui ont cru et ont \u00e9t\u00e9 impliqu\u00e9s dans la r\u00e9alisation de ce projet qui a dur\u00e9 quatre ans. <\/p>\n<p>L&#39;h\u00f4pital comprendra un personnel de plus de 150 professionnels, y compris 60 m\u00e9decins, 30 infirmi\u00e8res et plus de 50 membres du personnel administratif, de techniciens de laboratoire, d&#39;agents de s\u00e9curit\u00e9, d&#39;un personnel d&#39;entretien, et autre. <\/p>\n<p>L&#39;h\u00f4pital comprend 21 salles de consultation, 23 lits, 3 salles d&#39;op\u00e9ration, une salle d&#39;accouchement, un service de soins intensifs, un service de th\u00e9rapie, un service d&#39;endoscopie, et une salle d&#39;urgence.  De plus, il y a trois ambulances qui ont \u00e9t\u00e9 offertes \u00e0 l&#39;h\u00f4pital. <\/p>\n<p>En plus du nouvel h\u00f4pital qui vient d&#39;\u00eatre inaugur\u00e9, l&#39;\u00e9glise Adventiste du Septi\u00e8me jour de l&#39;Union Dominicaine administre 89 \u00e9coles, six stations de radio et une universit\u00e9. <\/p>\n<p>Il y a plus de 230.000 Adventistes du Septi\u00e8me jour adorant dans 1.084 \u00e9glises et assembl\u00e9es en R\u00e9publique Dominicaine.          <\/p><\/p>\n","protected":false},"excerpt":{"rendered":"<p>Des douzaines de m\u00e9decins, de professionnels de la sant\u00e9, d&#39;administrateurs et de dirigeants de l&#39;\u00e9glise Adventiste et d&#39;autres organisations religieuses ont assist\u00e9 \u00e0 l&#39;inauguration du premier H\u00f4pi<\/p>\n","protected":false},"author":1,"featured_media":0,"comment_status":"closed","ping_status":"closed","sticky":false,"template":"","format":"standard","meta":{"_acf_changed":false,"footnotes":""},"categories":[9],"tags":[],"class_list":["post-12662","post","type-post","status-publish","format-standard","hentry","category-archive-fr"],"acf":[],"yoast_head":"<!-- This site is optimized with the Yoast SEO plugin v27.3 - https:\/\/yoast.com\/product\/yoast-seo-wordpress\/ -->\n<title>R\u00e9publique Dominicaine: L&#039;Eglise Inaugure Son Premier H\u00f4pital Adventiste - \u00c9glise Adventiste Du Septieme Jour - Inter Am\u00e9rique Division<\/title>\n<meta name=\"robots\" content=\"index, follow, max-snippet:-1, max-image-preview:large, max-video-preview:-1\" \/>\n<link rel=\"canonical\" href=\"https:\/\/interamerica.org\/fr\/2007\/01\/republique-dominicaine-leglise-inaugure-son-premier-hopital-adventiste\/\" \/>\n<meta property=\"og:locale\" content=\"fr_FR\" \/>\n<meta property=\"og:type\" content=\"article\" \/>\n<meta property=\"og:title\" content=\"R\u00e9publique Dominicaine: L&#039;Eglise Inaugure Son Premier H\u00f4pital Adventiste - \u00c9glise Adventiste Du Septieme Jour - Inter Am\u00e9rique Division\" \/>\n<meta property=\"og:description\" content=\"Des douzaines de m\u00e9decins, de professionnels de la sant\u00e9, d&#039;administrateurs et de dirigeants de l&#039;\u00e9glise Adventiste et d&#039;autres organisations religieuses ont assist\u00e9 \u00e0 l&#039;inauguration du premier H\u00f4pi\" \/>\n<meta property=\"og:url\" content=\"https:\/\/interamerica.org\/fr\/2007\/01\/republique-dominicaine-leglise-inaugure-son-premier-hopital-adventiste\/\" \/>\n<meta property=\"og:site_name\" content=\"\u00c9glise Adventiste Du Septieme Jour - Inter Am\u00e9rique Division\" \/>\n<meta property=\"article:published_time\" content=\"2007-01-06T04:00:00+00:00\" \/>\n<meta property=\"article:modified_time\" content=\"2017-06-02T17:15:13+00:00\" \/>\n<meta name=\"author\" content=\"Lorenzo Verduzco\" \/>\n<meta name=\"twitter:card\" content=\"summary_large_image\" \/>\n<meta name=\"twitter:label1\" content=\"\u00c9crit par\" \/>\n\t<meta name=\"twitter:data1\" content=\"Lorenzo Verduzco\" \/>\n\t<meta name=\"twitter:label2\" content=\"Dur\u00e9e de lecture estim\u00e9e\" \/>\n\t<meta name=\"twitter:data2\" content=\"2 minutes\" \/>\n<script type=\"application\/ld+json\" class=\"yoast-schema-graph\">{\"@context\":\"https:\\\/\\\/schema.org\",\"@graph\":[{\"@type\":\"Article\",\"@id\":\"https:\\\/\\\/interamerica.org\\\/fr\\\/2007\\\/01\\\/republique-dominicaine-leglise-inaugure-son-premier-hopital-adventiste\\\/#article\",\"isPartOf\":{\"@id\":\"https:\\\/\\\/interamerica.org\\\/fr\\\/2007\\\/01\\\/republique-dominicaine-leglise-inaugure-son-premier-hopital-adventiste\\\/\"},\"author\":{\"name\":\"Lorenzo Verduzco\",\"@id\":\"https:\\\/\\\/interamerica.org\\\/fr\\\/#\\\/schema\\\/person\\\/68ede8bdc292885bb76c1e3810e73c39\"},\"headline\":\"R\u00e9publique Dominicaine: L&#39;Eglise Inaugure Son Premier H\u00f4pital Adventiste\",\"datePublished\":\"2007-01-06T04:00:00+00:00\",\"dateModified\":\"2017-06-02T17:15:13+00:00\",\"mainEntityOfPage\":{\"@id\":\"https:\\\/\\\/interamerica.org\\\/fr\\\/2007\\\/01\\\/republique-dominicaine-leglise-inaugure-son-premier-hopital-adventiste\\\/\"},\"wordCount\":441,\"articleSection\":[\"Archive\"],\"inLanguage\":\"fr-FR\"},{\"@type\":\"WebPage\",\"@id\":\"https:\\\/\\\/interamerica.org\\\/fr\\\/2007\\\/01\\\/republique-dominicaine-leglise-inaugure-son-premier-hopital-adventiste\\\/\",\"url\":\"https:\\\/\\\/interamerica.org\\\/fr\\\/2007\\\/01\\\/republique-dominicaine-leglise-inaugure-son-premier-hopital-adventiste\\\/\",\"name\":\"R\u00e9publique Dominicaine: L&#39;Eglise Inaugure Son Premier H\u00f4pital Adventiste - \u00c9glise Adventiste Du Septieme Jour - Inter Am\u00e9rique Division\",\"isPartOf\":{\"@id\":\"https:\\\/\\\/interamerica.org\\\/fr\\\/#website\"},\"datePublished\":\"2007-01-06T04:00:00+00:00\",\"dateModified\":\"2017-06-02T17:15:13+00:00\",\"author\":{\"@id\":\"https:\\\/\\\/interamerica.org\\\/fr\\\/#\\\/schema\\\/person\\\/68ede8bdc292885bb76c1e3810e73c39\"},\"breadcrumb\":{\"@id\":\"https:\\\/\\\/interamerica.org\\\/fr\\\/2007\\\/01\\\/republique-dominicaine-leglise-inaugure-son-premier-hopital-adventiste\\\/#breadcrumb\"},\"inLanguage\":\"fr-FR\",\"potentialAction\":[{\"@type\":\"ReadAction\",\"target\":[\"https:\\\/\\\/interamerica.org\\\/fr\\\/2007\\\/01\\\/republique-dominicaine-leglise-inaugure-son-premier-hopital-adventiste\\\/\"]}]},{\"@type\":\"BreadcrumbList\",\"@id\":\"https:\\\/\\\/interamerica.org\\\/fr\\\/2007\\\/01\\\/republique-dominicaine-leglise-inaugure-son-premier-hopital-adventiste\\\/#breadcrumb\",\"itemListElement\":[{\"@type\":\"ListItem\",\"position\":1,\"name\":\"Home\",\"item\":\"https:\\\/\\\/interamerica.org\\\/fr\\\/\"},{\"@type\":\"ListItem\",\"position\":2,\"name\":\"R\u00e9publique Dominicaine: L&#39;Eglise Inaugure Son Premier H\u00f4pital Adventiste\"}]},{\"@type\":\"WebSite\",\"@id\":\"https:\\\/\\\/interamerica.org\\\/fr\\\/#website\",\"url\":\"https:\\\/\\\/interamerica.org\\\/fr\\\/\",\"name\":\"\u00c9glise Adventiste Du Septieme Jour - Inter Am\u00e9rique Division\",\"description\":\"\",\"potentialAction\":[{\"@type\":\"SearchAction\",\"target\":{\"@type\":\"EntryPoint\",\"urlTemplate\":\"https:\\\/\\\/interamerica.org\\\/fr\\\/?s={search_term_string}\"},\"query-input\":{\"@type\":\"PropertyValueSpecification\",\"valueRequired\":true,\"valueName\":\"search_term_string\"}}],\"inLanguage\":\"fr-FR\"},{\"@type\":\"Person\",\"@id\":\"https:\\\/\\\/interamerica.org\\\/fr\\\/#\\\/schema\\\/person\\\/68ede8bdc292885bb76c1e3810e73c39\",\"name\":\"Lorenzo Verduzco\",\"image\":{\"@type\":\"ImageObject\",\"inLanguage\":\"fr-FR\",\"@id\":\"https:\\\/\\\/secure.gravatar.com\\\/avatar\\\/fb81a55b6218459490a9c1dc841a34909185b81904c5337b4b27f7a6fd60c49e?s=96&d=mm&r=g\",\"url\":\"https:\\\/\\\/secure.gravatar.com\\\/avatar\\\/fb81a55b6218459490a9c1dc841a34909185b81904c5337b4b27f7a6fd60c49e?s=96&d=mm&r=g\",\"contentUrl\":\"https:\\\/\\\/secure.gravatar.com\\\/avatar\\\/fb81a55b6218459490a9c1dc841a34909185b81904c5337b4b27f7a6fd60c49e?s=96&d=mm&r=g\",\"caption\":\"Lorenzo Verduzco\"}}]}<\/script>\n<!-- \/ Yoast SEO plugin. -->","yoast_head_json":{"title":"R\u00e9publique Dominicaine: L&#39;Eglise Inaugure Son Premier H\u00f4pital Adventiste - \u00c9glise Adventiste Du Septieme Jour - Inter Am\u00e9rique Division","robots":{"index":"index","follow":"follow","max-snippet":"max-snippet:-1","max-image-preview":"max-image-preview:large","max-video-preview":"max-video-preview:-1"},"canonical":"https:\/\/interamerica.org\/fr\/2007\/01\/republique-dominicaine-leglise-inaugure-son-premier-hopital-adventiste\/","og_locale":"fr_FR","og_type":"article","og_title":"R\u00e9publique Dominicaine: L&#39;Eglise Inaugure Son Premier H\u00f4pital Adventiste - \u00c9glise Adventiste Du Septieme Jour - Inter Am\u00e9rique Division","og_description":"Des douzaines de m\u00e9decins, de professionnels de la sant\u00e9, d&#39;administrateurs et de dirigeants de l&#39;\u00e9glise Adventiste et d&#39;autres organisations religieuses ont assist\u00e9 \u00e0 l&#39;inauguration du premier H\u00f4pi","og_url":"https:\/\/interamerica.org\/fr\/2007\/01\/republique-dominicaine-leglise-inaugure-son-premier-hopital-adventiste\/","og_site_name":"\u00c9glise Adventiste Du Septieme Jour - Inter Am\u00e9rique Division","article_published_time":"2007-01-06T04:00:00+00:00","article_modified_time":"2017-06-02T17:15:13+00:00","author":"Lorenzo Verduzco","twitter_card":"summary_large_image","twitter_misc":{"\u00c9crit par":"Lorenzo Verduzco","Dur\u00e9e de lecture estim\u00e9e":"2 minutes"},"schema":{"@context":"https:\/\/schema.org","@graph":[{"@type":"Article","@id":"https:\/\/interamerica.org\/fr\/2007\/01\/republique-dominicaine-leglise-inaugure-son-premier-hopital-adventiste\/#article","isPartOf":{"@id":"https:\/\/interamerica.org\/fr\/2007\/01\/republique-dominicaine-leglise-inaugure-son-premier-hopital-adventiste\/"},"author":{"name":"Lorenzo Verduzco","@id":"https:\/\/interamerica.org\/fr\/#\/schema\/person\/68ede8bdc292885bb76c1e3810e73c39"},"headline":"R\u00e9publique Dominicaine: L&#39;Eglise Inaugure Son Premier H\u00f4pital Adventiste","datePublished":"2007-01-06T04:00:00+00:00","dateModified":"2017-06-02T17:15:13+00:00","mainEntityOfPage":{"@id":"https:\/\/interamerica.org\/fr\/2007\/01\/republique-dominicaine-leglise-inaugure-son-premier-hopital-adventiste\/"},"wordCount":441,"articleSection":["Archive"],"inLanguage":"fr-FR"},{"@type":"WebPage","@id":"https:\/\/interamerica.org\/fr\/2007\/01\/republique-dominicaine-leglise-inaugure-son-premier-hopital-adventiste\/","url":"https:\/\/interamerica.org\/fr\/2007\/01\/republique-dominicaine-leglise-inaugure-son-premier-hopital-adventiste\/","name":"R\u00e9publique Dominicaine: L&#39;Eglise Inaugure Son Premier H\u00f4pital Adventiste - \u00c9glise Adventiste Du Septieme Jour - Inter Am\u00e9rique Division","isPartOf":{"@id":"https:\/\/interamerica.org\/fr\/#website"},"datePublished":"2007-01-06T04:00:00+00:00","dateModified":"2017-06-02T17:15:13+00:00","author":{"@id":"https:\/\/interamerica.org\/fr\/#\/schema\/person\/68ede8bdc292885bb76c1e3810e73c39"},"breadcrumb":{"@id":"https:\/\/interamerica.org\/fr\/2007\/01\/republique-dominicaine-leglise-inaugure-son-premier-hopital-adventiste\/#breadcrumb"},"inLanguage":"fr-FR","potentialAction":[{"@type":"ReadAction","target":["https:\/\/interamerica.org\/fr\/2007\/01\/republique-dominicaine-leglise-inaugure-son-premier-hopital-adventiste\/"]}]},{"@type":"BreadcrumbList","@id":"https:\/\/interamerica.org\/fr\/2007\/01\/republique-dominicaine-leglise-inaugure-son-premier-hopital-adventiste\/#breadcrumb","itemListElement":[{"@type":"ListItem","position":1,"name":"Home","item":"https:\/\/interamerica.org\/fr\/"},{"@type":"ListItem","position":2,"name":"R\u00e9publique Dominicaine: L&#39;Eglise Inaugure Son Premier H\u00f4pital Adventiste"}]},{"@type":"WebSite","@id":"https:\/\/interamerica.org\/fr\/#website","url":"https:\/\/interamerica.org\/fr\/","name":"\u00c9glise Adventiste Du Septieme Jour - Inter Am\u00e9rique Division","description":"","potentialAction":[{"@type":"SearchAction","target":{"@type":"EntryPoint","urlTemplate":"https:\/\/interamerica.org\/fr\/?s={search_term_string}"},"query-input":{"@type":"PropertyValueSpecification","valueRequired":true,"valueName":"search_term_string"}}],"inLanguage":"fr-FR"},{"@type":"Person","@id":"https:\/\/interamerica.org\/fr\/#\/schema\/person\/68ede8bdc292885bb76c1e3810e73c39","name":"Lorenzo Verduzco","image":{"@type":"ImageObject","inLanguage":"fr-FR","@id":"https:\/\/secure.gravatar.com\/avatar\/fb81a55b6218459490a9c1dc841a34909185b81904c5337b4b27f7a6fd60c49e?s=96&d=mm&r=g","url":"https:\/\/secure.gravatar.com\/avatar\/fb81a55b6218459490a9c1dc841a34909185b81904c5337b4b27f7a6fd60c49e?s=96&d=mm&r=g","contentUrl":"https:\/\/secure.gravatar.com\/avatar\/fb81a55b6218459490a9c1dc841a34909185b81904c5337b4b27f7a6fd60c49e?s=96&d=mm&r=g","caption":"Lorenzo Verduzco"}}]}},"_links":{"self":[{"href":"https:\/\/interamerica.org\/fr\/wp-json\/wp\/v2\/posts\/12662","targetHints":{"allow":["GET"]}}],"collection":[{"href":"https:\/\/interamerica.org\/fr\/wp-json\/wp\/v2\/posts"}],"about":[{"href":"https:\/\/interamerica.org\/fr\/wp-json\/wp\/v2\/types\/post"}],"author":[{"embeddable":true,"href":"https:\/\/interamerica.org\/fr\/wp-json\/wp\/v2\/users\/1"}],"replies":[{"embeddable":true,"href":"https:\/\/interamerica.org\/fr\/wp-json\/wp\/v2\/comments?post=12662"}],"version-history":[{"count":0,"href":"https:\/\/interamerica.org\/fr\/wp-json\/wp\/v2\/posts\/12662\/revisions"}],"wp:attachment":[{"href":"https:\/\/interamerica.org\/fr\/wp-json\/wp\/v2\/media?parent=12662"}],"wp:term":[{"taxonomy":"category","embeddable":true,"href":"https:\/\/interamerica.org\/fr\/wp-json\/wp\/v2\/categories?post=12662"},{"taxonomy":"post_tag","embeddable":true,"href":"https:\/\/interamerica.org\/fr\/wp-json\/wp\/v2\/tags?post=12662"}],"curies":[{"name":"wp","href":"https:\/\/api.w.org\/{rel}","templated":true}]}}