{"id":12665,"date":"2007-01-09T00:00:00","date_gmt":"2007-01-09T04:00:00","guid":{"rendered":"http:\/\/192.81.217.108\/interamerica\/2007\/01\/indonesie-les-dirigeants-deglise-prient-pour-les-membres-a-bord-dun-avion-disparu\/"},"modified":"2017-06-02T13:15:11","modified_gmt":"2017-06-02T17:15:11","slug":"indonesie-les-dirigeants-deglise-prient-pour-les-membres-a-bord-dun-avion-disparu","status":"publish","type":"post","link":"https:\/\/interamerica.org\/fr\/2007\/01\/indonesie-les-dirigeants-deglise-prient-pour-les-membres-a-bord-dun-avion-disparu\/","title":{"rendered":"Indon\u00e9sie : les Dirigeants d&#39;\u00c9glise Prient pour les Membres \u00c0 bord d&#39;un Avion Disparu"},"content":{"rendered":"<p><em >9 janvier 2007,<\/em > Manado, l&#39;Indon\u00e9sie&#8230;. [Personnel de SSD\/ANN]  <\/p>\n<p>La communaut\u00e9 adventiste du septi\u00e8me jour en Indon\u00e9sie prie pour qu&#39;avec les efforts accrus, l&#39;on retrouve tr\u00e8s vite, les passagers du vol Adam Air KI 574 port\u00e9 disparu depuis le premier jour du Nouvel An. L&#39;avion, qui avait laiss\u00e9 l&#39;\u00eele principale de Java pour Manado, avait 102 personnes \u00e0 bord, dont neuf adventistes. <\/p>\n<p>Cens\u00e9ment le mauvais temps a forc\u00e9 le pilote \u00e0 changer de direction \u00e0 deux reprises pendant ce vol qui normalement aurait d\u00fb \u00eatre de deux heures. L&#39;avion a perdu tout contact avec la tour de contr\u00f4le de la circulation a\u00e9rienne autour de 13h53 heure locale. <\/p>\n<p>Selon la Presse (Associated Press) du 8 janvier, les officiels indon\u00e9siens ont engag\u00e9 des centaines de soldats et six h\u00e9licopt\u00e8res dans les recherches. Un navire de la marine am\u00e9ricaine s&#39;est joint dans cet effort, le lundi. <\/p>\n<p>Moldy R. Mambu, tr\u00e9sorier associ\u00e9 pour la R\u00e9gion Pacifique Asiatique du Sud de l&#39;\u00e9glise adventiste, a confirm\u00e9 que parmi les disparus, il y a des employ\u00e9s qui travaillent dans les bureaux de l&#39;\u00e9glise adventiste, tels que la Conf\u00e9rence de l&#39;Union d&#39;Indon\u00e9sie Est, la Conf\u00e9rence de Java Est et l&#39;Union Mission d&#39;Indon\u00e9sie Occidentale. Il a ajout\u00e9 qu&#39;un couple, mari\u00e9 le 28 d\u00e9cembre, \u00e9tait en route vers Manado pour une autre c\u00e9l\u00e9bration de mariage.  <\/p>\n<p>\u00ab\u00a0Prions pour que le Seigneur r\u00e9conforte les familles. Prions aussi pour les \u00e9quipes de recherche et de sauvetage qui font tout pour retrouver l&#39;avion,\u00a0\u00bb a soulign\u00e9 Mambu. <\/p>\n<p><strong >Droit d&#39;Auteur (c) 2007 de R\u00e9seau de Nouvelles Adventiste<\/strong >. <\/p>\n","protected":false},"excerpt":{"rendered":"<p>La communaut\u00e9 adventiste du septi\u00e8me jour en Indon\u00e9sie prie pour qu&#39;avec les efforts accrus, l&#39;on retrouve tr\u00e8s vite, les passagers du vol Adam Air KI 574 port\u00e9 disparu depuis le premier jour du Nouvel An.<\/p>\n","protected":false},"author":1,"featured_media":0,"comment_status":"closed","ping_status":"closed","sticky":false,"template":"","format":"standard","meta":{"_acf_changed":false,"footnotes":""},"categories":[9],"tags":[],"class_list":["post-12665","post","type-post","status-publish","format-standard","hentry","category-archive-fr"],"acf":[],"yoast_head":"<!-- This site is optimized with the Yoast SEO plugin v27.3 - https:\/\/yoast.com\/product\/yoast-seo-wordpress\/ -->\n<title>Indon\u00e9sie : les Dirigeants d&#039;\u00c9glise Prient pour les Membres \u00c0 bord d&#039;un Avion Disparu - \u00c9glise Adventiste Du Septieme Jour - Inter Am\u00e9rique Division<\/title>\n<meta name=\"robots\" content=\"index, follow, max-snippet:-1, max-image-preview:large, max-video-preview:-1\" \/>\n<link rel=\"canonical\" href=\"https:\/\/interamerica.org\/fr\/2007\/01\/indonesie-les-dirigeants-deglise-prient-pour-les-membres-a-bord-dun-avion-disparu\/\" \/>\n<meta property=\"og:locale\" content=\"fr_FR\" \/>\n<meta property=\"og:type\" content=\"article\" \/>\n<meta property=\"og:title\" content=\"Indon\u00e9sie : les Dirigeants d&#039;\u00c9glise Prient pour les Membres \u00c0 bord d&#039;un Avion Disparu - \u00c9glise Adventiste Du Septieme Jour - Inter Am\u00e9rique Division\" \/>\n<meta property=\"og:description\" content=\"La communaut\u00e9 adventiste du septi\u00e8me jour en Indon\u00e9sie prie pour qu&#039;avec les efforts accrus, l&#039;on retrouve tr\u00e8s vite, les passagers du vol Adam Air KI 574 port\u00e9 disparu depuis le premier jour du Nouvel An.\" \/>\n<meta property=\"og:url\" content=\"https:\/\/interamerica.org\/fr\/2007\/01\/indonesie-les-dirigeants-deglise-prient-pour-les-membres-a-bord-dun-avion-disparu\/\" \/>\n<meta property=\"og:site_name\" content=\"\u00c9glise Adventiste Du Septieme Jour - Inter Am\u00e9rique Division\" \/>\n<meta property=\"article:published_time\" content=\"2007-01-09T04:00:00+00:00\" \/>\n<meta property=\"article:modified_time\" content=\"2017-06-02T17:15:11+00:00\" \/>\n<meta name=\"author\" content=\"Lorenzo Verduzco\" \/>\n<meta name=\"twitter:card\" content=\"summary_large_image\" \/>\n<meta name=\"twitter:label1\" content=\"\u00c9crit par\" \/>\n\t<meta name=\"twitter:data1\" content=\"Lorenzo Verduzco\" \/>\n\t<meta name=\"twitter:label2\" content=\"Dur\u00e9e de lecture estim\u00e9e\" \/>\n\t<meta name=\"twitter:data2\" content=\"1 minute\" \/>\n<script type=\"application\/ld+json\" class=\"yoast-schema-graph\">{\"@context\":\"https:\\\/\\\/schema.org\",\"@graph\":[{\"@type\":\"Article\",\"@id\":\"https:\\\/\\\/interamerica.org\\\/fr\\\/2007\\\/01\\\/indonesie-les-dirigeants-deglise-prient-pour-les-membres-a-bord-dun-avion-disparu\\\/#article\",\"isPartOf\":{\"@id\":\"https:\\\/\\\/interamerica.org\\\/fr\\\/2007\\\/01\\\/indonesie-les-dirigeants-deglise-prient-pour-les-membres-a-bord-dun-avion-disparu\\\/\"},\"author\":{\"name\":\"Lorenzo Verduzco\",\"@id\":\"https:\\\/\\\/interamerica.org\\\/fr\\\/#\\\/schema\\\/person\\\/68ede8bdc292885bb76c1e3810e73c39\"},\"headline\":\"Indon\u00e9sie : les Dirigeants d&#39;\u00c9glise Prient pour les Membres \u00c0 bord d&#39;un Avion Disparu\",\"datePublished\":\"2007-01-09T04:00:00+00:00\",\"dateModified\":\"2017-06-02T17:15:11+00:00\",\"mainEntityOfPage\":{\"@id\":\"https:\\\/\\\/interamerica.org\\\/fr\\\/2007\\\/01\\\/indonesie-les-dirigeants-deglise-prient-pour-les-membres-a-bord-dun-avion-disparu\\\/\"},\"wordCount\":295,\"articleSection\":[\"Archive\"],\"inLanguage\":\"fr-FR\"},{\"@type\":\"WebPage\",\"@id\":\"https:\\\/\\\/interamerica.org\\\/fr\\\/2007\\\/01\\\/indonesie-les-dirigeants-deglise-prient-pour-les-membres-a-bord-dun-avion-disparu\\\/\",\"url\":\"https:\\\/\\\/interamerica.org\\\/fr\\\/2007\\\/01\\\/indonesie-les-dirigeants-deglise-prient-pour-les-membres-a-bord-dun-avion-disparu\\\/\",\"name\":\"Indon\u00e9sie : les Dirigeants d&#39;\u00c9glise Prient pour les Membres \u00c0 bord d&#39;un Avion Disparu - \u00c9glise Adventiste Du Septieme Jour - Inter Am\u00e9rique Division\",\"isPartOf\":{\"@id\":\"https:\\\/\\\/interamerica.org\\\/fr\\\/#website\"},\"datePublished\":\"2007-01-09T04:00:00+00:00\",\"dateModified\":\"2017-06-02T17:15:11+00:00\",\"author\":{\"@id\":\"https:\\\/\\\/interamerica.org\\\/fr\\\/#\\\/schema\\\/person\\\/68ede8bdc292885bb76c1e3810e73c39\"},\"breadcrumb\":{\"@id\":\"https:\\\/\\\/interamerica.org\\\/fr\\\/2007\\\/01\\\/indonesie-les-dirigeants-deglise-prient-pour-les-membres-a-bord-dun-avion-disparu\\\/#breadcrumb\"},\"inLanguage\":\"fr-FR\",\"potentialAction\":[{\"@type\":\"ReadAction\",\"target\":[\"https:\\\/\\\/interamerica.org\\\/fr\\\/2007\\\/01\\\/indonesie-les-dirigeants-deglise-prient-pour-les-membres-a-bord-dun-avion-disparu\\\/\"]}]},{\"@type\":\"BreadcrumbList\",\"@id\":\"https:\\\/\\\/interamerica.org\\\/fr\\\/2007\\\/01\\\/indonesie-les-dirigeants-deglise-prient-pour-les-membres-a-bord-dun-avion-disparu\\\/#breadcrumb\",\"itemListElement\":[{\"@type\":\"ListItem\",\"position\":1,\"name\":\"Home\",\"item\":\"https:\\\/\\\/interamerica.org\\\/fr\\\/\"},{\"@type\":\"ListItem\",\"position\":2,\"name\":\"Indon\u00e9sie : les Dirigeants d&#39;\u00c9glise Prient pour les Membres \u00c0 bord d&#39;un Avion Disparu\"}]},{\"@type\":\"WebSite\",\"@id\":\"https:\\\/\\\/interamerica.org\\\/fr\\\/#website\",\"url\":\"https:\\\/\\\/interamerica.org\\\/fr\\\/\",\"name\":\"\u00c9glise Adventiste Du Septieme Jour - Inter Am\u00e9rique Division\",\"description\":\"\",\"potentialAction\":[{\"@type\":\"SearchAction\",\"target\":{\"@type\":\"EntryPoint\",\"urlTemplate\":\"https:\\\/\\\/interamerica.org\\\/fr\\\/?s={search_term_string}\"},\"query-input\":{\"@type\":\"PropertyValueSpecification\",\"valueRequired\":true,\"valueName\":\"search_term_string\"}}],\"inLanguage\":\"fr-FR\"},{\"@type\":\"Person\",\"@id\":\"https:\\\/\\\/interamerica.org\\\/fr\\\/#\\\/schema\\\/person\\\/68ede8bdc292885bb76c1e3810e73c39\",\"name\":\"Lorenzo Verduzco\",\"image\":{\"@type\":\"ImageObject\",\"inLanguage\":\"fr-FR\",\"@id\":\"https:\\\/\\\/secure.gravatar.com\\\/avatar\\\/fb81a55b6218459490a9c1dc841a34909185b81904c5337b4b27f7a6fd60c49e?s=96&d=mm&r=g\",\"url\":\"https:\\\/\\\/secure.gravatar.com\\\/avatar\\\/fb81a55b6218459490a9c1dc841a34909185b81904c5337b4b27f7a6fd60c49e?s=96&d=mm&r=g\",\"contentUrl\":\"https:\\\/\\\/secure.gravatar.com\\\/avatar\\\/fb81a55b6218459490a9c1dc841a34909185b81904c5337b4b27f7a6fd60c49e?s=96&d=mm&r=g\",\"caption\":\"Lorenzo Verduzco\"}}]}<\/script>\n<!-- \/ Yoast SEO plugin. -->","yoast_head_json":{"title":"Indon\u00e9sie : les Dirigeants d&#39;\u00c9glise Prient pour les Membres \u00c0 bord d&#39;un Avion Disparu - \u00c9glise Adventiste Du Septieme Jour - Inter Am\u00e9rique Division","robots":{"index":"index","follow":"follow","max-snippet":"max-snippet:-1","max-image-preview":"max-image-preview:large","max-video-preview":"max-video-preview:-1"},"canonical":"https:\/\/interamerica.org\/fr\/2007\/01\/indonesie-les-dirigeants-deglise-prient-pour-les-membres-a-bord-dun-avion-disparu\/","og_locale":"fr_FR","og_type":"article","og_title":"Indon\u00e9sie : les Dirigeants d&#39;\u00c9glise Prient pour les Membres \u00c0 bord d&#39;un Avion Disparu - \u00c9glise Adventiste Du Septieme Jour - Inter Am\u00e9rique Division","og_description":"La communaut\u00e9 adventiste du septi\u00e8me jour en Indon\u00e9sie prie pour qu&#39;avec les efforts accrus, l&#39;on retrouve tr\u00e8s vite, les passagers du vol Adam Air KI 574 port\u00e9 disparu depuis le premier jour du Nouvel An.","og_url":"https:\/\/interamerica.org\/fr\/2007\/01\/indonesie-les-dirigeants-deglise-prient-pour-les-membres-a-bord-dun-avion-disparu\/","og_site_name":"\u00c9glise Adventiste Du Septieme Jour - Inter Am\u00e9rique Division","article_published_time":"2007-01-09T04:00:00+00:00","article_modified_time":"2017-06-02T17:15:11+00:00","author":"Lorenzo Verduzco","twitter_card":"summary_large_image","twitter_misc":{"\u00c9crit par":"Lorenzo Verduzco","Dur\u00e9e de lecture estim\u00e9e":"1 minute"},"schema":{"@context":"https:\/\/schema.org","@graph":[{"@type":"Article","@id":"https:\/\/interamerica.org\/fr\/2007\/01\/indonesie-les-dirigeants-deglise-prient-pour-les-membres-a-bord-dun-avion-disparu\/#article","isPartOf":{"@id":"https:\/\/interamerica.org\/fr\/2007\/01\/indonesie-les-dirigeants-deglise-prient-pour-les-membres-a-bord-dun-avion-disparu\/"},"author":{"name":"Lorenzo Verduzco","@id":"https:\/\/interamerica.org\/fr\/#\/schema\/person\/68ede8bdc292885bb76c1e3810e73c39"},"headline":"Indon\u00e9sie : les Dirigeants d&#39;\u00c9glise Prient pour les Membres \u00c0 bord d&#39;un Avion Disparu","datePublished":"2007-01-09T04:00:00+00:00","dateModified":"2017-06-02T17:15:11+00:00","mainEntityOfPage":{"@id":"https:\/\/interamerica.org\/fr\/2007\/01\/indonesie-les-dirigeants-deglise-prient-pour-les-membres-a-bord-dun-avion-disparu\/"},"wordCount":295,"articleSection":["Archive"],"inLanguage":"fr-FR"},{"@type":"WebPage","@id":"https:\/\/interamerica.org\/fr\/2007\/01\/indonesie-les-dirigeants-deglise-prient-pour-les-membres-a-bord-dun-avion-disparu\/","url":"https:\/\/interamerica.org\/fr\/2007\/01\/indonesie-les-dirigeants-deglise-prient-pour-les-membres-a-bord-dun-avion-disparu\/","name":"Indon\u00e9sie : les Dirigeants d&#39;\u00c9glise Prient pour les Membres \u00c0 bord d&#39;un Avion Disparu - \u00c9glise Adventiste Du Septieme Jour - Inter Am\u00e9rique Division","isPartOf":{"@id":"https:\/\/interamerica.org\/fr\/#website"},"datePublished":"2007-01-09T04:00:00+00:00","dateModified":"2017-06-02T17:15:11+00:00","author":{"@id":"https:\/\/interamerica.org\/fr\/#\/schema\/person\/68ede8bdc292885bb76c1e3810e73c39"},"breadcrumb":{"@id":"https:\/\/interamerica.org\/fr\/2007\/01\/indonesie-les-dirigeants-deglise-prient-pour-les-membres-a-bord-dun-avion-disparu\/#breadcrumb"},"inLanguage":"fr-FR","potentialAction":[{"@type":"ReadAction","target":["https:\/\/interamerica.org\/fr\/2007\/01\/indonesie-les-dirigeants-deglise-prient-pour-les-membres-a-bord-dun-avion-disparu\/"]}]},{"@type":"BreadcrumbList","@id":"https:\/\/interamerica.org\/fr\/2007\/01\/indonesie-les-dirigeants-deglise-prient-pour-les-membres-a-bord-dun-avion-disparu\/#breadcrumb","itemListElement":[{"@type":"ListItem","position":1,"name":"Home","item":"https:\/\/interamerica.org\/fr\/"},{"@type":"ListItem","position":2,"name":"Indon\u00e9sie : les Dirigeants d&#39;\u00c9glise Prient pour les Membres \u00c0 bord d&#39;un Avion Disparu"}]},{"@type":"WebSite","@id":"https:\/\/interamerica.org\/fr\/#website","url":"https:\/\/interamerica.org\/fr\/","name":"\u00c9glise Adventiste Du Septieme Jour - Inter Am\u00e9rique Division","description":"","potentialAction":[{"@type":"SearchAction","target":{"@type":"EntryPoint","urlTemplate":"https:\/\/interamerica.org\/fr\/?s={search_term_string}"},"query-input":{"@type":"PropertyValueSpecification","valueRequired":true,"valueName":"search_term_string"}}],"inLanguage":"fr-FR"},{"@type":"Person","@id":"https:\/\/interamerica.org\/fr\/#\/schema\/person\/68ede8bdc292885bb76c1e3810e73c39","name":"Lorenzo Verduzco","image":{"@type":"ImageObject","inLanguage":"fr-FR","@id":"https:\/\/secure.gravatar.com\/avatar\/fb81a55b6218459490a9c1dc841a34909185b81904c5337b4b27f7a6fd60c49e?s=96&d=mm&r=g","url":"https:\/\/secure.gravatar.com\/avatar\/fb81a55b6218459490a9c1dc841a34909185b81904c5337b4b27f7a6fd60c49e?s=96&d=mm&r=g","contentUrl":"https:\/\/secure.gravatar.com\/avatar\/fb81a55b6218459490a9c1dc841a34909185b81904c5337b4b27f7a6fd60c49e?s=96&d=mm&r=g","caption":"Lorenzo Verduzco"}}]}},"_links":{"self":[{"href":"https:\/\/interamerica.org\/fr\/wp-json\/wp\/v2\/posts\/12665","targetHints":{"allow":["GET"]}}],"collection":[{"href":"https:\/\/interamerica.org\/fr\/wp-json\/wp\/v2\/posts"}],"about":[{"href":"https:\/\/interamerica.org\/fr\/wp-json\/wp\/v2\/types\/post"}],"author":[{"embeddable":true,"href":"https:\/\/interamerica.org\/fr\/wp-json\/wp\/v2\/users\/1"}],"replies":[{"embeddable":true,"href":"https:\/\/interamerica.org\/fr\/wp-json\/wp\/v2\/comments?post=12665"}],"version-history":[{"count":0,"href":"https:\/\/interamerica.org\/fr\/wp-json\/wp\/v2\/posts\/12665\/revisions"}],"wp:attachment":[{"href":"https:\/\/interamerica.org\/fr\/wp-json\/wp\/v2\/media?parent=12665"}],"wp:term":[{"taxonomy":"category","embeddable":true,"href":"https:\/\/interamerica.org\/fr\/wp-json\/wp\/v2\/categories?post=12665"},{"taxonomy":"post_tag","embeddable":true,"href":"https:\/\/interamerica.org\/fr\/wp-json\/wp\/v2\/tags?post=12665"}],"curies":[{"name":"wp","href":"https:\/\/api.w.org\/{rel}","templated":true}]}}