{"id":12666,"date":"2007-01-09T00:00:00","date_gmt":"2007-01-09T04:00:00","guid":{"rendered":"http:\/\/192.81.217.108\/interamerica\/2007\/01\/trinidad-linstitution-adventiste-honore-ses-anciens-etudiants-pour-leur-engagement-dans-leducation\/"},"modified":"2017-06-02T13:15:12","modified_gmt":"2017-06-02T17:15:12","slug":"trinidad-linstitution-adventiste-honore-ses-anciens-etudiants-pour-leur-engagement-dans-leducation","status":"publish","type":"post","link":"https:\/\/interamerica.org\/fr\/2007\/01\/trinidad-linstitution-adventiste-honore-ses-anciens-etudiants-pour-leur-engagement-dans-leducation\/","title":{"rendered":"Trinidad : l&#39;Institution Adventiste Honore Ses Anciens \u00c9tudiants Pour Leur Engagement dans l&#39;\u00c9ducation"},"content":{"rendered":"<\/p>\n<p>Port-of-Spain, Trinidad&#8230; [Del Charles\/Personnel de la IAD] <\/p>\n<p>D&#39;anciens \u00e9tudiants ayant termin\u00e9 leurs \u00e9tudes dans le programme d&#39;enseignement \u00e9l\u00e9mentaire et celui de l&#39;\u00e9ducation \u00e9l\u00e9mentaire \u00e0 l&#39;Universit\u00e9 de la Cara\u00efbes du Sud (USC), une Institution Adventiste, ont \u00e9t\u00e9 honor\u00e9s pour leurs contributions dans le pays et \u00e0 l&#39;\u00e9tranger, lors d&#39;une c\u00e9r\u00e9monie sp\u00e9ciale c\u00e9l\u00e9brant le 50\u00e8me anniversaire de l&#39;Universit\u00e9 et le 25\u00e8me depuis que ces programmes ont \u00e9t\u00e9 \u00e9tablis. <\/p>\n<p>L&#39;\u00e9v\u00e9nement a occasionn\u00e9 la venue d&#39;une foule nombreuse \u00e0 l&#39;auditorium pour voir 11 des 32 \u00e9l\u00e8ves qui ont \u00e9t\u00e9 honor\u00e9es lors d&#39;une c\u00e9r\u00e9monie au campus de l&#39;USC \u00e0 Trinidad, le 28 novembre. <\/p>\n<p>Le s\u00e9nateur Hazel Manning, ministre de l&#39;Education de Trinidad, s&#39;est adress\u00e9 aux personnes pr\u00e9sentes et a soulign\u00e9 que la c\u00e9l\u00e9bration des 25 ans est non seulement un \u00e9v\u00e9nement, mais un jubil\u00e9 d&#39;argent ; et les 50 ans, un jubil\u00e9 d&#39;or. <\/p>\n<p>La Ministre Manning a f\u00e9licit\u00e9 les pionniers qui ont servi avec d\u00e9vouement et cons\u00e9cration pour le d\u00e9veloppement des programmes \u00e9ducatifs, qui, souligne-t-elle ont rehauss\u00e9 l&#39;\u00e9ducation \u00e0 Trinit\u00e9 et Tobago. Elle a exprim\u00e9 son \u00e9motion de ce que l&#39;USC, ainsi que deux autres universit\u00e9s \u00e0 Trinidad, aient \u00e9t\u00e9 en mesure d&#39;aider le gouvernement dans l&#39;accomplissement de son r\u00f4le, c&#39;est-\u00e0-dire de pr\u00e9parer des citoyens \u00e0 m\u00eame de conduire et de soutenir le programme de d\u00e9veloppement en ce 21e si\u00e8cle. Elle a soulign\u00e9 l&#39;engagement du Minist\u00e8re de l&#39;Education du Gouvernement \u00e0 continuer \u00e0 collaborer avec la USC. <\/p>\n<p>Le programme de formation en enseignement \u00e9l\u00e9mentaire sur deux ans, qui f\u00eate son 50 \u00e8me anniversaire, commen\u00e7a en 1954. Cette m\u00eame ann\u00e9e- l\u00e0, le gouvernement de Trinidad et Tobago avait donn\u00e9 son approbation officielle \u00e0 l&#39;institution pour offrir le programme de formation d&#39;enseignant. La premi\u00e8re classe re\u00e7ut son dipl\u00f4me en 1956. Faisaient partie de ce groupe prestigieux : Dr Lyndrey Niles, ancien Doyen d&#39;\u00c9tudes Sup\u00e9rieures, Universit\u00e9 de Howard et Dr Karl Anatol, r\u00e9cemment nomm\u00e9 principal de l&#39;Universit\u00e9 de Californie, \u00c9tats-Unis et trois directeurs d&#39;\u00e9tablissements actuellement retrait\u00e9s du Minist\u00e8re de l&#39;Education, Trinidad et Tobago. <\/p>\n<p>La Licence \u00e8s lettres et la Licence \u00e8s sciences (Bachelor) en \u00c9ducation \u00c9l\u00e9mentaire \u00e0 la USC avaient commenc\u00e9 en 1977 et le premier groupe d&#39;\u00e9tudiants termina en 1981 avec un total de 28 dipl\u00f4m\u00e9s. Depuis, le programme a grandi en stature et en pr\u00e9pond\u00e9rance. Actuellement le nombre d&#39;\u00e9tudiants est d&#39;environ 300.<\/p>\n<p>Des r\u00e9compenses sp\u00e9ciales ont \u00e9t\u00e9 remises \u00e0 32 dipl\u00f4m\u00e9s des deux programmes \u00e9ducatifs, qui ont \u00e9t\u00e9 honor\u00e9s pour leurs contributions exceptionnelles dans leurs champs respectifs. Parmi eux : <\/p>\n<p>Dr. Hyacinth McDowall, pour son enseignement extraordinaire et son orientation dans l&#39;alphab\u00e9tisation. <\/p>\n<p>Pasteur Clive Dottin, pour sa direction distingu\u00e9e et ses programmes d&#39;anti-toxicomanie, en faveur des jeunes. <\/p>\n<p>Mr. Arthur Antoine, pour ses services exceptionnels en tant que directeur de coll\u00e8ge  <\/p>\n<p>Dr. Vernon Andrews, pour la direction distingu\u00e9e dans l&#39;\u00e9glise et les institutions scolaires, et la contribution dans la Musique Chorale. <\/p>\n<p>Dr. T. Leslie Ferdinand, pour la direction distingu\u00e9e, l&#39;enseignement et l&#39;administration scolaire niveau universitaire. <\/p>\n<p>Dr. Hamil Tobias, pour l&#39;enseignement exceptionnel et l&#39;administration d&#39;institutions scolaires. <\/p>\n<p>M. Charles Bourgeois, pour l&#39;enseignement exceptionnel et le service dans le Minist\u00e8re des Services Publics et d&#39;Ensembles Immobiliers Priv\u00e9s. <\/p>\n<p>M. Michael John, pour le service distingu\u00e9 dans l&#39;Industrie P\u00e9troli\u00e8re (Petrotrin Ltd).  <\/p>\n<p>M. Franklyn Baldeo, pour le service exceptionnel dans le Conseil de Formation d&#39;Enseignants. <\/p>\n<p>M. Holly Gayadeen, pour le service distingu\u00e9 dans les champs d&#39;arts et d&#39;artisanats.  <\/p>\n<p>Mme. Leola Haynes, pour le service exceptionnel en tant que responsable du bureau de l&#39;Enregistrement \u00e0 l&#39;Universit\u00e9 et pour sa contribution significative aux Minist\u00e8res des Enfants. <\/p>\n<p>Situ\u00e9e dans la Vall\u00e9e des deux Etats jumeaux de la R\u00e9publique de Trinidad et Tobago, l&#39;Universit\u00e9 de la Cara\u00efbe du Sud, nomm\u00e9 auparavant,Coll\u00e8ge de l&#39;Union Cara\u00efb\u00e9enne, offre une vari\u00e9t\u00e9 de dipl\u00f4mes, entre autres, en gestion des entreprises, th\u00e9ologie pastorale et psychologie \u00e9ducative. <\/p>\n<p>Pour plus d&#39;informations sur USC, visitez <u >www.usc.edu.tt. <\/u ><\/p>\n","protected":false},"excerpt":{"rendered":"<p>D&#39;anciens \u00e9tudiants ayant termin\u00e9 leurs \u00e9tudes dans le programme d&#39;enseignement \u00e9l\u00e9mentaire et celui de l&#39;\u00e9ducation \u00e9l\u00e9mentaire \u00e0 l&#39;Universit\u00e9 de la Cara\u00efbes<\/p>\n","protected":false},"author":1,"featured_media":0,"comment_status":"closed","ping_status":"closed","sticky":false,"template":"","format":"standard","meta":{"_acf_changed":false,"footnotes":""},"categories":[9],"tags":[],"class_list":["post-12666","post","type-post","status-publish","format-standard","hentry","category-archive-fr"],"acf":[],"yoast_head":"<!-- This site is optimized with the Yoast SEO plugin v27.3 - https:\/\/yoast.com\/product\/yoast-seo-wordpress\/ -->\n<title>Trinidad : l&#039;Institution Adventiste Honore Ses Anciens \u00c9tudiants Pour Leur Engagement dans l&#039;\u00c9ducation - \u00c9glise Adventiste Du Septieme Jour - Inter Am\u00e9rique Division<\/title>\n<meta name=\"robots\" content=\"index, follow, max-snippet:-1, max-image-preview:large, max-video-preview:-1\" \/>\n<link rel=\"canonical\" href=\"https:\/\/interamerica.org\/fr\/2007\/01\/trinidad-linstitution-adventiste-honore-ses-anciens-etudiants-pour-leur-engagement-dans-leducation\/\" \/>\n<meta property=\"og:locale\" content=\"fr_FR\" \/>\n<meta property=\"og:type\" content=\"article\" \/>\n<meta property=\"og:title\" content=\"Trinidad : l&#039;Institution Adventiste Honore Ses Anciens \u00c9tudiants Pour Leur Engagement dans l&#039;\u00c9ducation - \u00c9glise Adventiste Du Septieme Jour - Inter Am\u00e9rique Division\" \/>\n<meta property=\"og:description\" content=\"D&#039;anciens \u00e9tudiants ayant termin\u00e9 leurs \u00e9tudes dans le programme d&#039;enseignement \u00e9l\u00e9mentaire et celui de l&#039;\u00e9ducation \u00e9l\u00e9mentaire \u00e0 l&#039;Universit\u00e9 de la Cara\u00efbes\" \/>\n<meta property=\"og:url\" content=\"https:\/\/interamerica.org\/fr\/2007\/01\/trinidad-linstitution-adventiste-honore-ses-anciens-etudiants-pour-leur-engagement-dans-leducation\/\" \/>\n<meta property=\"og:site_name\" content=\"\u00c9glise Adventiste Du Septieme Jour - Inter Am\u00e9rique Division\" \/>\n<meta property=\"article:published_time\" content=\"2007-01-09T04:00:00+00:00\" \/>\n<meta property=\"article:modified_time\" content=\"2017-06-02T17:15:12+00:00\" \/>\n<meta name=\"author\" content=\"Lorenzo Verduzco\" \/>\n<meta name=\"twitter:card\" content=\"summary_large_image\" \/>\n<meta name=\"twitter:label1\" content=\"\u00c9crit par\" \/>\n\t<meta name=\"twitter:data1\" content=\"Lorenzo Verduzco\" \/>\n\t<meta name=\"twitter:label2\" content=\"Dur\u00e9e de lecture estim\u00e9e\" \/>\n\t<meta name=\"twitter:data2\" content=\"4 minutes\" \/>\n<script type=\"application\/ld+json\" class=\"yoast-schema-graph\">{\"@context\":\"https:\\\/\\\/schema.org\",\"@graph\":[{\"@type\":\"Article\",\"@id\":\"https:\\\/\\\/interamerica.org\\\/fr\\\/2007\\\/01\\\/trinidad-linstitution-adventiste-honore-ses-anciens-etudiants-pour-leur-engagement-dans-leducation\\\/#article\",\"isPartOf\":{\"@id\":\"https:\\\/\\\/interamerica.org\\\/fr\\\/2007\\\/01\\\/trinidad-linstitution-adventiste-honore-ses-anciens-etudiants-pour-leur-engagement-dans-leducation\\\/\"},\"author\":{\"name\":\"Lorenzo Verduzco\",\"@id\":\"https:\\\/\\\/interamerica.org\\\/fr\\\/#\\\/schema\\\/person\\\/68ede8bdc292885bb76c1e3810e73c39\"},\"headline\":\"Trinidad : l&#39;Institution Adventiste Honore Ses Anciens \u00c9tudiants Pour Leur Engagement dans l&#39;\u00c9ducation\",\"datePublished\":\"2007-01-09T04:00:00+00:00\",\"dateModified\":\"2017-06-02T17:15:12+00:00\",\"mainEntityOfPage\":{\"@id\":\"https:\\\/\\\/interamerica.org\\\/fr\\\/2007\\\/01\\\/trinidad-linstitution-adventiste-honore-ses-anciens-etudiants-pour-leur-engagement-dans-leducation\\\/\"},\"wordCount\":734,\"articleSection\":[\"Archive\"],\"inLanguage\":\"fr-FR\"},{\"@type\":\"WebPage\",\"@id\":\"https:\\\/\\\/interamerica.org\\\/fr\\\/2007\\\/01\\\/trinidad-linstitution-adventiste-honore-ses-anciens-etudiants-pour-leur-engagement-dans-leducation\\\/\",\"url\":\"https:\\\/\\\/interamerica.org\\\/fr\\\/2007\\\/01\\\/trinidad-linstitution-adventiste-honore-ses-anciens-etudiants-pour-leur-engagement-dans-leducation\\\/\",\"name\":\"Trinidad : l&#39;Institution Adventiste Honore Ses Anciens \u00c9tudiants Pour Leur Engagement dans l&#39;\u00c9ducation - \u00c9glise Adventiste Du Septieme Jour - Inter Am\u00e9rique Division\",\"isPartOf\":{\"@id\":\"https:\\\/\\\/interamerica.org\\\/fr\\\/#website\"},\"datePublished\":\"2007-01-09T04:00:00+00:00\",\"dateModified\":\"2017-06-02T17:15:12+00:00\",\"author\":{\"@id\":\"https:\\\/\\\/interamerica.org\\\/fr\\\/#\\\/schema\\\/person\\\/68ede8bdc292885bb76c1e3810e73c39\"},\"breadcrumb\":{\"@id\":\"https:\\\/\\\/interamerica.org\\\/fr\\\/2007\\\/01\\\/trinidad-linstitution-adventiste-honore-ses-anciens-etudiants-pour-leur-engagement-dans-leducation\\\/#breadcrumb\"},\"inLanguage\":\"fr-FR\",\"potentialAction\":[{\"@type\":\"ReadAction\",\"target\":[\"https:\\\/\\\/interamerica.org\\\/fr\\\/2007\\\/01\\\/trinidad-linstitution-adventiste-honore-ses-anciens-etudiants-pour-leur-engagement-dans-leducation\\\/\"]}]},{\"@type\":\"BreadcrumbList\",\"@id\":\"https:\\\/\\\/interamerica.org\\\/fr\\\/2007\\\/01\\\/trinidad-linstitution-adventiste-honore-ses-anciens-etudiants-pour-leur-engagement-dans-leducation\\\/#breadcrumb\",\"itemListElement\":[{\"@type\":\"ListItem\",\"position\":1,\"name\":\"Home\",\"item\":\"https:\\\/\\\/interamerica.org\\\/fr\\\/\"},{\"@type\":\"ListItem\",\"position\":2,\"name\":\"Trinidad : l&#39;Institution Adventiste Honore Ses Anciens \u00c9tudiants Pour Leur Engagement dans l&#39;\u00c9ducation\"}]},{\"@type\":\"WebSite\",\"@id\":\"https:\\\/\\\/interamerica.org\\\/fr\\\/#website\",\"url\":\"https:\\\/\\\/interamerica.org\\\/fr\\\/\",\"name\":\"\u00c9glise Adventiste Du Septieme Jour - Inter Am\u00e9rique Division\",\"description\":\"\",\"potentialAction\":[{\"@type\":\"SearchAction\",\"target\":{\"@type\":\"EntryPoint\",\"urlTemplate\":\"https:\\\/\\\/interamerica.org\\\/fr\\\/?s={search_term_string}\"},\"query-input\":{\"@type\":\"PropertyValueSpecification\",\"valueRequired\":true,\"valueName\":\"search_term_string\"}}],\"inLanguage\":\"fr-FR\"},{\"@type\":\"Person\",\"@id\":\"https:\\\/\\\/interamerica.org\\\/fr\\\/#\\\/schema\\\/person\\\/68ede8bdc292885bb76c1e3810e73c39\",\"name\":\"Lorenzo Verduzco\",\"image\":{\"@type\":\"ImageObject\",\"inLanguage\":\"fr-FR\",\"@id\":\"https:\\\/\\\/secure.gravatar.com\\\/avatar\\\/fb81a55b6218459490a9c1dc841a34909185b81904c5337b4b27f7a6fd60c49e?s=96&d=mm&r=g\",\"url\":\"https:\\\/\\\/secure.gravatar.com\\\/avatar\\\/fb81a55b6218459490a9c1dc841a34909185b81904c5337b4b27f7a6fd60c49e?s=96&d=mm&r=g\",\"contentUrl\":\"https:\\\/\\\/secure.gravatar.com\\\/avatar\\\/fb81a55b6218459490a9c1dc841a34909185b81904c5337b4b27f7a6fd60c49e?s=96&d=mm&r=g\",\"caption\":\"Lorenzo Verduzco\"}}]}<\/script>\n<!-- \/ Yoast SEO plugin. -->","yoast_head_json":{"title":"Trinidad : l&#39;Institution Adventiste Honore Ses Anciens \u00c9tudiants Pour Leur Engagement dans l&#39;\u00c9ducation - \u00c9glise Adventiste Du Septieme Jour - Inter Am\u00e9rique Division","robots":{"index":"index","follow":"follow","max-snippet":"max-snippet:-1","max-image-preview":"max-image-preview:large","max-video-preview":"max-video-preview:-1"},"canonical":"https:\/\/interamerica.org\/fr\/2007\/01\/trinidad-linstitution-adventiste-honore-ses-anciens-etudiants-pour-leur-engagement-dans-leducation\/","og_locale":"fr_FR","og_type":"article","og_title":"Trinidad : l&#39;Institution Adventiste Honore Ses Anciens \u00c9tudiants Pour Leur Engagement dans l&#39;\u00c9ducation - \u00c9glise Adventiste Du Septieme Jour - Inter Am\u00e9rique Division","og_description":"D&#39;anciens \u00e9tudiants ayant termin\u00e9 leurs \u00e9tudes dans le programme d&#39;enseignement \u00e9l\u00e9mentaire et celui de l&#39;\u00e9ducation \u00e9l\u00e9mentaire \u00e0 l&#39;Universit\u00e9 de la Cara\u00efbes","og_url":"https:\/\/interamerica.org\/fr\/2007\/01\/trinidad-linstitution-adventiste-honore-ses-anciens-etudiants-pour-leur-engagement-dans-leducation\/","og_site_name":"\u00c9glise Adventiste Du Septieme Jour - Inter Am\u00e9rique Division","article_published_time":"2007-01-09T04:00:00+00:00","article_modified_time":"2017-06-02T17:15:12+00:00","author":"Lorenzo Verduzco","twitter_card":"summary_large_image","twitter_misc":{"\u00c9crit par":"Lorenzo Verduzco","Dur\u00e9e de lecture estim\u00e9e":"4 minutes"},"schema":{"@context":"https:\/\/schema.org","@graph":[{"@type":"Article","@id":"https:\/\/interamerica.org\/fr\/2007\/01\/trinidad-linstitution-adventiste-honore-ses-anciens-etudiants-pour-leur-engagement-dans-leducation\/#article","isPartOf":{"@id":"https:\/\/interamerica.org\/fr\/2007\/01\/trinidad-linstitution-adventiste-honore-ses-anciens-etudiants-pour-leur-engagement-dans-leducation\/"},"author":{"name":"Lorenzo Verduzco","@id":"https:\/\/interamerica.org\/fr\/#\/schema\/person\/68ede8bdc292885bb76c1e3810e73c39"},"headline":"Trinidad : l&#39;Institution Adventiste Honore Ses Anciens \u00c9tudiants Pour Leur Engagement dans l&#39;\u00c9ducation","datePublished":"2007-01-09T04:00:00+00:00","dateModified":"2017-06-02T17:15:12+00:00","mainEntityOfPage":{"@id":"https:\/\/interamerica.org\/fr\/2007\/01\/trinidad-linstitution-adventiste-honore-ses-anciens-etudiants-pour-leur-engagement-dans-leducation\/"},"wordCount":734,"articleSection":["Archive"],"inLanguage":"fr-FR"},{"@type":"WebPage","@id":"https:\/\/interamerica.org\/fr\/2007\/01\/trinidad-linstitution-adventiste-honore-ses-anciens-etudiants-pour-leur-engagement-dans-leducation\/","url":"https:\/\/interamerica.org\/fr\/2007\/01\/trinidad-linstitution-adventiste-honore-ses-anciens-etudiants-pour-leur-engagement-dans-leducation\/","name":"Trinidad : l&#39;Institution Adventiste Honore Ses Anciens \u00c9tudiants Pour Leur Engagement dans l&#39;\u00c9ducation - \u00c9glise Adventiste Du Septieme Jour - Inter Am\u00e9rique Division","isPartOf":{"@id":"https:\/\/interamerica.org\/fr\/#website"},"datePublished":"2007-01-09T04:00:00+00:00","dateModified":"2017-06-02T17:15:12+00:00","author":{"@id":"https:\/\/interamerica.org\/fr\/#\/schema\/person\/68ede8bdc292885bb76c1e3810e73c39"},"breadcrumb":{"@id":"https:\/\/interamerica.org\/fr\/2007\/01\/trinidad-linstitution-adventiste-honore-ses-anciens-etudiants-pour-leur-engagement-dans-leducation\/#breadcrumb"},"inLanguage":"fr-FR","potentialAction":[{"@type":"ReadAction","target":["https:\/\/interamerica.org\/fr\/2007\/01\/trinidad-linstitution-adventiste-honore-ses-anciens-etudiants-pour-leur-engagement-dans-leducation\/"]}]},{"@type":"BreadcrumbList","@id":"https:\/\/interamerica.org\/fr\/2007\/01\/trinidad-linstitution-adventiste-honore-ses-anciens-etudiants-pour-leur-engagement-dans-leducation\/#breadcrumb","itemListElement":[{"@type":"ListItem","position":1,"name":"Home","item":"https:\/\/interamerica.org\/fr\/"},{"@type":"ListItem","position":2,"name":"Trinidad : l&#39;Institution Adventiste Honore Ses Anciens \u00c9tudiants Pour Leur Engagement dans l&#39;\u00c9ducation"}]},{"@type":"WebSite","@id":"https:\/\/interamerica.org\/fr\/#website","url":"https:\/\/interamerica.org\/fr\/","name":"\u00c9glise Adventiste Du Septieme Jour - Inter Am\u00e9rique Division","description":"","potentialAction":[{"@type":"SearchAction","target":{"@type":"EntryPoint","urlTemplate":"https:\/\/interamerica.org\/fr\/?s={search_term_string}"},"query-input":{"@type":"PropertyValueSpecification","valueRequired":true,"valueName":"search_term_string"}}],"inLanguage":"fr-FR"},{"@type":"Person","@id":"https:\/\/interamerica.org\/fr\/#\/schema\/person\/68ede8bdc292885bb76c1e3810e73c39","name":"Lorenzo Verduzco","image":{"@type":"ImageObject","inLanguage":"fr-FR","@id":"https:\/\/secure.gravatar.com\/avatar\/fb81a55b6218459490a9c1dc841a34909185b81904c5337b4b27f7a6fd60c49e?s=96&d=mm&r=g","url":"https:\/\/secure.gravatar.com\/avatar\/fb81a55b6218459490a9c1dc841a34909185b81904c5337b4b27f7a6fd60c49e?s=96&d=mm&r=g","contentUrl":"https:\/\/secure.gravatar.com\/avatar\/fb81a55b6218459490a9c1dc841a34909185b81904c5337b4b27f7a6fd60c49e?s=96&d=mm&r=g","caption":"Lorenzo Verduzco"}}]}},"_links":{"self":[{"href":"https:\/\/interamerica.org\/fr\/wp-json\/wp\/v2\/posts\/12666","targetHints":{"allow":["GET"]}}],"collection":[{"href":"https:\/\/interamerica.org\/fr\/wp-json\/wp\/v2\/posts"}],"about":[{"href":"https:\/\/interamerica.org\/fr\/wp-json\/wp\/v2\/types\/post"}],"author":[{"embeddable":true,"href":"https:\/\/interamerica.org\/fr\/wp-json\/wp\/v2\/users\/1"}],"replies":[{"embeddable":true,"href":"https:\/\/interamerica.org\/fr\/wp-json\/wp\/v2\/comments?post=12666"}],"version-history":[{"count":0,"href":"https:\/\/interamerica.org\/fr\/wp-json\/wp\/v2\/posts\/12666\/revisions"}],"wp:attachment":[{"href":"https:\/\/interamerica.org\/fr\/wp-json\/wp\/v2\/media?parent=12666"}],"wp:term":[{"taxonomy":"category","embeddable":true,"href":"https:\/\/interamerica.org\/fr\/wp-json\/wp\/v2\/categories?post=12666"},{"taxonomy":"post_tag","embeddable":true,"href":"https:\/\/interamerica.org\/fr\/wp-json\/wp\/v2\/tags?post=12666"}],"curies":[{"name":"wp","href":"https:\/\/api.w.org\/{rel}","templated":true}]}}