{"id":12667,"date":"2007-01-11T00:00:00","date_gmt":"2007-01-11T04:00:00","guid":{"rendered":"http:\/\/192.81.217.108\/interamerica\/2007\/01\/montserrat-les-dirigeants-deglise-prient-face-aux-menaces-du-volcan\/"},"modified":"2017-06-02T13:15:09","modified_gmt":"2017-06-02T17:15:09","slug":"montserrat-les-dirigeants-deglise-prient-face-aux-menaces-du-volcan","status":"publish","type":"post","link":"https:\/\/interamerica.org\/fr\/2007\/01\/montserrat-les-dirigeants-deglise-prient-face-aux-menaces-du-volcan\/","title":{"rendered":"Montserrat : Les Dirigeants d&rsquo;\u00c9glise Prient Face Aux Menaces du Volcan"},"content":{"rendered":"<\/p>\n<p>11 janvier 2007, Miami, La Floride &#8230; [Libna Stevens\/IAD] <\/p>\n<p>Les administrateurs de l&rsquo;\u00c9glise Adventiste du Septi\u00e8me jour du bureau de la Division Interam\u00e9ricaine demandent aux dirigeants et aux membres d&rsquo;\u00e9glise \u00e0 travers la r\u00e9gion de prier pour les fr\u00e8res et s\u0153urs de l&rsquo;\u00eele de Montserrat alors que le volcan menace de toucher une fois de plus les quelques membres de la communaut\u00e9 adventiste qui r\u00e9sident encore l\u00e0-bas.<\/p>\n<p>\u00ab\u00a0Nous nous r\u00e9clamons de vos pri\u00e8res en faveur de la communaut\u00e9 adventiste \u00e0 Montserrat,\u00a0\u00bb a dit pasteur Isra\u00ebl Le\u00efto, pr\u00e9sident de l&rsquo;\u00e9glise en Inter Am\u00e9rique, hier, lors d&rsquo;une session du comit\u00e9. <\/p>\n<p>\u00ab\u00a0L&rsquo;infrastructure de l&rsquo;\u00e9glise a \u00e9norm\u00e9ment souffert, ant\u00e9rieurement, et les membres ont besoin de vos pri\u00e8res,\u00a0\u00bb a-t-il ajout\u00e9. <\/p>\n<p>Les possessions de l&rsquo;\u00e9glise avaient \u00e9t\u00e9 s\u00e9rieusement touch\u00e9es lors de l&rsquo;\u00e9ruption gigantesque du volcan la Soufri\u00e8re qui avait d\u00e9truit, en 1997, six des sept \u00e9glises, deux \u00e9coles, plusieurs propri\u00e9t\u00e9s et tu\u00e9 deux membres d&rsquo;Eglise. Cette destruction avait rendu deux tiers de l&rsquo;\u00eele inhabitable particuli\u00e8rement dans la capitale, autour de l&rsquo;a\u00e9roport et dans les secteurs r\u00e9serv\u00e9s \u00e0 l&rsquo;agriculture. <\/p>\n<p>Pasteur Eug\u00e8ne Daniel, pr\u00e9sident de l&rsquo;\u00e9glise dans l&rsquo;Union Antillaise, dit qu&rsquo;on est tr\u00e8s soucieux pour les 500 membres d&rsquo;\u00e9glise environ, qui se trouvent encore sur l&rsquo;\u00eele adorant dans la seule \u00e9glise qui reste. Il souligne que les habitants ont \u00e9t\u00e9 pr\u00e9venus d&rsquo;une prochaine \u00e9vacuation possible. <\/p>\n<p>Selon pasteur Daniel, le nombre de membres, avant l&rsquo;\u00e9ruption de 1997, d\u00e9passait les 12,000, mais la plupart ont d\u00e9m\u00e9nag\u00e9 pour Antigua et d&rsquo;autres \u00eeles voisines. <\/p>\n<p>\u00ab\u00a0L&rsquo;\u00e9glise est pr\u00eate \u00e0 venir en aide \u00e0 ceux qui sont dans le besoin,\u00a0\u00bb a dit pasteur Daniel. \u00ab\u00a0Le plan \u00e0 l&rsquo;\u00e9tude est d&rsquo;aider \u00e0 l&rsquo;\u00e9vacuation temporaire des membres d&rsquo;\u00e9glise et de la communaut\u00e9 vers de nouveaux lieux avec l&rsquo;aide de l&rsquo;Agence de Secours et de D\u00e9veloppement Adventiste (ADRA) dans la r\u00e9gion,\u00a0\u00bb a-t-il ajout\u00e9. <\/p>\n<p>ADRA Inter Am\u00e9rique est pr\u00eate \u00e0 intervenir et \u00e0 aider financi\u00e8rement, selon Wally Amundson, directeur d&rsquo;ADRA. Un Centre de Refuge pour sinistr\u00e9s pouvant loger 100 personnes a \u00e9t\u00e9 construit peu de temps apr\u00e8s l&rsquo;\u00e9ruption de 1997, a-t-il ajout\u00e9. Le centre est fonctionnel dot\u00e9 d&rsquo;une cuisine bien \u00e9quip\u00e9e et du mat\u00e9riel pour aider ceux qui devraient \u00eatre relog\u00e9s. <\/p>\n<p>Depuis sa premi\u00e8re \u00e9ruption qui avait provoqu\u00e9, en 1995, des jets de gaz et des \u00e9coulements de fragments de roches et de boues, le volcan de la Soufri\u00e8re est devenu l&rsquo;un des volcans les plus contr\u00f4l\u00e9s de pr\u00e8s, dans le monde. <\/p>\n<p>Montserrat est situ\u00e9e dans les \u00celes Sous le vent de la Mer des Cara\u00efbes, avec environ 16,09 kilom\u00e8tres de long et 11,27 kilom\u00e8tres de large ; et est un territoire d&rsquo;outre-mer du Royaume-Uni. <\/p>\n","protected":false},"excerpt":{"rendered":"<p>Les administrateurs de l&rsquo;\u00c9glise Adventiste du Septi\u00e8me jour du bureau de la Division Interam\u00e9ricaine demandent aux dirigeants et aux membres d&rsquo;\u00e9glise \u00e0 travers la r\u00e9gion de prier pour les fr\u00e8<\/p>\n","protected":false},"author":1,"featured_media":0,"comment_status":"closed","ping_status":"closed","sticky":false,"template":"","format":"standard","meta":{"_acf_changed":false,"footnotes":""},"categories":[9],"tags":[],"class_list":["post-12667","post","type-post","status-publish","format-standard","hentry","category-archive-fr"],"acf":[],"yoast_head":"<!-- This site is optimized with the Yoast SEO plugin v27.3 - https:\/\/yoast.com\/product\/yoast-seo-wordpress\/ -->\n<title>Montserrat : Les Dirigeants d&#039;\u00c9glise Prient Face Aux Menaces du Volcan - \u00c9glise Adventiste Du Septieme Jour - Inter Am\u00e9rique Division<\/title>\n<meta name=\"robots\" content=\"index, follow, max-snippet:-1, max-image-preview:large, max-video-preview:-1\" \/>\n<link rel=\"canonical\" href=\"https:\/\/interamerica.org\/fr\/2007\/01\/montserrat-les-dirigeants-deglise-prient-face-aux-menaces-du-volcan\/\" \/>\n<meta property=\"og:locale\" content=\"fr_FR\" \/>\n<meta property=\"og:type\" content=\"article\" \/>\n<meta property=\"og:title\" content=\"Montserrat : Les Dirigeants d&#039;\u00c9glise Prient Face Aux Menaces du Volcan - \u00c9glise Adventiste Du Septieme Jour - Inter Am\u00e9rique Division\" \/>\n<meta property=\"og:description\" content=\"Les administrateurs de l&#039;\u00c9glise Adventiste du Septi\u00e8me jour du bureau de la Division Interam\u00e9ricaine demandent aux dirigeants et aux membres d&#039;\u00e9glise \u00e0 travers la r\u00e9gion de prier pour les fr\u00e8\" \/>\n<meta property=\"og:url\" content=\"https:\/\/interamerica.org\/fr\/2007\/01\/montserrat-les-dirigeants-deglise-prient-face-aux-menaces-du-volcan\/\" \/>\n<meta property=\"og:site_name\" content=\"\u00c9glise Adventiste Du Septieme Jour - Inter Am\u00e9rique Division\" \/>\n<meta property=\"article:published_time\" content=\"2007-01-11T04:00:00+00:00\" \/>\n<meta property=\"article:modified_time\" content=\"2017-06-02T17:15:09+00:00\" \/>\n<meta name=\"author\" content=\"Lorenzo Verduzco\" \/>\n<meta name=\"twitter:card\" content=\"summary_large_image\" \/>\n<meta name=\"twitter:label1\" content=\"\u00c9crit par\" \/>\n\t<meta name=\"twitter:data1\" content=\"Lorenzo Verduzco\" \/>\n\t<meta name=\"twitter:label2\" content=\"Dur\u00e9e de lecture estim\u00e9e\" \/>\n\t<meta name=\"twitter:data2\" content=\"2 minutes\" \/>\n<script type=\"application\/ld+json\" class=\"yoast-schema-graph\">{\"@context\":\"https:\\\/\\\/schema.org\",\"@graph\":[{\"@type\":\"Article\",\"@id\":\"https:\\\/\\\/interamerica.org\\\/fr\\\/2007\\\/01\\\/montserrat-les-dirigeants-deglise-prient-face-aux-menaces-du-volcan\\\/#article\",\"isPartOf\":{\"@id\":\"https:\\\/\\\/interamerica.org\\\/fr\\\/2007\\\/01\\\/montserrat-les-dirigeants-deglise-prient-face-aux-menaces-du-volcan\\\/\"},\"author\":{\"name\":\"Lorenzo Verduzco\",\"@id\":\"https:\\\/\\\/interamerica.org\\\/fr\\\/#\\\/schema\\\/person\\\/68ede8bdc292885bb76c1e3810e73c39\"},\"headline\":\"Montserrat : Les Dirigeants d&rsquo;\u00c9glise Prient Face Aux Menaces du Volcan\",\"datePublished\":\"2007-01-11T04:00:00+00:00\",\"dateModified\":\"2017-06-02T17:15:09+00:00\",\"mainEntityOfPage\":{\"@id\":\"https:\\\/\\\/interamerica.org\\\/fr\\\/2007\\\/01\\\/montserrat-les-dirigeants-deglise-prient-face-aux-menaces-du-volcan\\\/\"},\"wordCount\":503,\"articleSection\":[\"Archive\"],\"inLanguage\":\"fr-FR\"},{\"@type\":\"WebPage\",\"@id\":\"https:\\\/\\\/interamerica.org\\\/fr\\\/2007\\\/01\\\/montserrat-les-dirigeants-deglise-prient-face-aux-menaces-du-volcan\\\/\",\"url\":\"https:\\\/\\\/interamerica.org\\\/fr\\\/2007\\\/01\\\/montserrat-les-dirigeants-deglise-prient-face-aux-menaces-du-volcan\\\/\",\"name\":\"Montserrat : Les Dirigeants d'\u00c9glise Prient Face Aux Menaces du Volcan - \u00c9glise Adventiste Du Septieme Jour - Inter Am\u00e9rique Division\",\"isPartOf\":{\"@id\":\"https:\\\/\\\/interamerica.org\\\/fr\\\/#website\"},\"datePublished\":\"2007-01-11T04:00:00+00:00\",\"dateModified\":\"2017-06-02T17:15:09+00:00\",\"author\":{\"@id\":\"https:\\\/\\\/interamerica.org\\\/fr\\\/#\\\/schema\\\/person\\\/68ede8bdc292885bb76c1e3810e73c39\"},\"breadcrumb\":{\"@id\":\"https:\\\/\\\/interamerica.org\\\/fr\\\/2007\\\/01\\\/montserrat-les-dirigeants-deglise-prient-face-aux-menaces-du-volcan\\\/#breadcrumb\"},\"inLanguage\":\"fr-FR\",\"potentialAction\":[{\"@type\":\"ReadAction\",\"target\":[\"https:\\\/\\\/interamerica.org\\\/fr\\\/2007\\\/01\\\/montserrat-les-dirigeants-deglise-prient-face-aux-menaces-du-volcan\\\/\"]}]},{\"@type\":\"BreadcrumbList\",\"@id\":\"https:\\\/\\\/interamerica.org\\\/fr\\\/2007\\\/01\\\/montserrat-les-dirigeants-deglise-prient-face-aux-menaces-du-volcan\\\/#breadcrumb\",\"itemListElement\":[{\"@type\":\"ListItem\",\"position\":1,\"name\":\"Home\",\"item\":\"https:\\\/\\\/interamerica.org\\\/fr\\\/\"},{\"@type\":\"ListItem\",\"position\":2,\"name\":\"Montserrat : Les Dirigeants d&rsquo;\u00c9glise Prient Face Aux Menaces du Volcan\"}]},{\"@type\":\"WebSite\",\"@id\":\"https:\\\/\\\/interamerica.org\\\/fr\\\/#website\",\"url\":\"https:\\\/\\\/interamerica.org\\\/fr\\\/\",\"name\":\"\u00c9glise Adventiste Du Septieme Jour - Inter Am\u00e9rique Division\",\"description\":\"\",\"potentialAction\":[{\"@type\":\"SearchAction\",\"target\":{\"@type\":\"EntryPoint\",\"urlTemplate\":\"https:\\\/\\\/interamerica.org\\\/fr\\\/?s={search_term_string}\"},\"query-input\":{\"@type\":\"PropertyValueSpecification\",\"valueRequired\":true,\"valueName\":\"search_term_string\"}}],\"inLanguage\":\"fr-FR\"},{\"@type\":\"Person\",\"@id\":\"https:\\\/\\\/interamerica.org\\\/fr\\\/#\\\/schema\\\/person\\\/68ede8bdc292885bb76c1e3810e73c39\",\"name\":\"Lorenzo Verduzco\",\"image\":{\"@type\":\"ImageObject\",\"inLanguage\":\"fr-FR\",\"@id\":\"https:\\\/\\\/secure.gravatar.com\\\/avatar\\\/fb81a55b6218459490a9c1dc841a34909185b81904c5337b4b27f7a6fd60c49e?s=96&d=mm&r=g\",\"url\":\"https:\\\/\\\/secure.gravatar.com\\\/avatar\\\/fb81a55b6218459490a9c1dc841a34909185b81904c5337b4b27f7a6fd60c49e?s=96&d=mm&r=g\",\"contentUrl\":\"https:\\\/\\\/secure.gravatar.com\\\/avatar\\\/fb81a55b6218459490a9c1dc841a34909185b81904c5337b4b27f7a6fd60c49e?s=96&d=mm&r=g\",\"caption\":\"Lorenzo Verduzco\"}}]}<\/script>\n<!-- \/ Yoast SEO plugin. -->","yoast_head_json":{"title":"Montserrat : Les Dirigeants d'\u00c9glise Prient Face Aux Menaces du Volcan - \u00c9glise Adventiste Du Septieme Jour - Inter Am\u00e9rique Division","robots":{"index":"index","follow":"follow","max-snippet":"max-snippet:-1","max-image-preview":"max-image-preview:large","max-video-preview":"max-video-preview:-1"},"canonical":"https:\/\/interamerica.org\/fr\/2007\/01\/montserrat-les-dirigeants-deglise-prient-face-aux-menaces-du-volcan\/","og_locale":"fr_FR","og_type":"article","og_title":"Montserrat : Les Dirigeants d'\u00c9glise Prient Face Aux Menaces du Volcan - \u00c9glise Adventiste Du Septieme Jour - Inter Am\u00e9rique Division","og_description":"Les administrateurs de l'\u00c9glise Adventiste du Septi\u00e8me jour du bureau de la Division Interam\u00e9ricaine demandent aux dirigeants et aux membres d'\u00e9glise \u00e0 travers la r\u00e9gion de prier pour les fr\u00e8","og_url":"https:\/\/interamerica.org\/fr\/2007\/01\/montserrat-les-dirigeants-deglise-prient-face-aux-menaces-du-volcan\/","og_site_name":"\u00c9glise Adventiste Du Septieme Jour - Inter Am\u00e9rique Division","article_published_time":"2007-01-11T04:00:00+00:00","article_modified_time":"2017-06-02T17:15:09+00:00","author":"Lorenzo Verduzco","twitter_card":"summary_large_image","twitter_misc":{"\u00c9crit par":"Lorenzo Verduzco","Dur\u00e9e de lecture estim\u00e9e":"2 minutes"},"schema":{"@context":"https:\/\/schema.org","@graph":[{"@type":"Article","@id":"https:\/\/interamerica.org\/fr\/2007\/01\/montserrat-les-dirigeants-deglise-prient-face-aux-menaces-du-volcan\/#article","isPartOf":{"@id":"https:\/\/interamerica.org\/fr\/2007\/01\/montserrat-les-dirigeants-deglise-prient-face-aux-menaces-du-volcan\/"},"author":{"name":"Lorenzo Verduzco","@id":"https:\/\/interamerica.org\/fr\/#\/schema\/person\/68ede8bdc292885bb76c1e3810e73c39"},"headline":"Montserrat : Les Dirigeants d&rsquo;\u00c9glise Prient Face Aux Menaces du Volcan","datePublished":"2007-01-11T04:00:00+00:00","dateModified":"2017-06-02T17:15:09+00:00","mainEntityOfPage":{"@id":"https:\/\/interamerica.org\/fr\/2007\/01\/montserrat-les-dirigeants-deglise-prient-face-aux-menaces-du-volcan\/"},"wordCount":503,"articleSection":["Archive"],"inLanguage":"fr-FR"},{"@type":"WebPage","@id":"https:\/\/interamerica.org\/fr\/2007\/01\/montserrat-les-dirigeants-deglise-prient-face-aux-menaces-du-volcan\/","url":"https:\/\/interamerica.org\/fr\/2007\/01\/montserrat-les-dirigeants-deglise-prient-face-aux-menaces-du-volcan\/","name":"Montserrat : Les Dirigeants d'\u00c9glise Prient Face Aux Menaces du Volcan - \u00c9glise Adventiste Du Septieme Jour - Inter Am\u00e9rique Division","isPartOf":{"@id":"https:\/\/interamerica.org\/fr\/#website"},"datePublished":"2007-01-11T04:00:00+00:00","dateModified":"2017-06-02T17:15:09+00:00","author":{"@id":"https:\/\/interamerica.org\/fr\/#\/schema\/person\/68ede8bdc292885bb76c1e3810e73c39"},"breadcrumb":{"@id":"https:\/\/interamerica.org\/fr\/2007\/01\/montserrat-les-dirigeants-deglise-prient-face-aux-menaces-du-volcan\/#breadcrumb"},"inLanguage":"fr-FR","potentialAction":[{"@type":"ReadAction","target":["https:\/\/interamerica.org\/fr\/2007\/01\/montserrat-les-dirigeants-deglise-prient-face-aux-menaces-du-volcan\/"]}]},{"@type":"BreadcrumbList","@id":"https:\/\/interamerica.org\/fr\/2007\/01\/montserrat-les-dirigeants-deglise-prient-face-aux-menaces-du-volcan\/#breadcrumb","itemListElement":[{"@type":"ListItem","position":1,"name":"Home","item":"https:\/\/interamerica.org\/fr\/"},{"@type":"ListItem","position":2,"name":"Montserrat : Les Dirigeants d&rsquo;\u00c9glise Prient Face Aux Menaces du Volcan"}]},{"@type":"WebSite","@id":"https:\/\/interamerica.org\/fr\/#website","url":"https:\/\/interamerica.org\/fr\/","name":"\u00c9glise Adventiste Du Septieme Jour - Inter Am\u00e9rique Division","description":"","potentialAction":[{"@type":"SearchAction","target":{"@type":"EntryPoint","urlTemplate":"https:\/\/interamerica.org\/fr\/?s={search_term_string}"},"query-input":{"@type":"PropertyValueSpecification","valueRequired":true,"valueName":"search_term_string"}}],"inLanguage":"fr-FR"},{"@type":"Person","@id":"https:\/\/interamerica.org\/fr\/#\/schema\/person\/68ede8bdc292885bb76c1e3810e73c39","name":"Lorenzo Verduzco","image":{"@type":"ImageObject","inLanguage":"fr-FR","@id":"https:\/\/secure.gravatar.com\/avatar\/fb81a55b6218459490a9c1dc841a34909185b81904c5337b4b27f7a6fd60c49e?s=96&d=mm&r=g","url":"https:\/\/secure.gravatar.com\/avatar\/fb81a55b6218459490a9c1dc841a34909185b81904c5337b4b27f7a6fd60c49e?s=96&d=mm&r=g","contentUrl":"https:\/\/secure.gravatar.com\/avatar\/fb81a55b6218459490a9c1dc841a34909185b81904c5337b4b27f7a6fd60c49e?s=96&d=mm&r=g","caption":"Lorenzo Verduzco"}}]}},"_links":{"self":[{"href":"https:\/\/interamerica.org\/fr\/wp-json\/wp\/v2\/posts\/12667","targetHints":{"allow":["GET"]}}],"collection":[{"href":"https:\/\/interamerica.org\/fr\/wp-json\/wp\/v2\/posts"}],"about":[{"href":"https:\/\/interamerica.org\/fr\/wp-json\/wp\/v2\/types\/post"}],"author":[{"embeddable":true,"href":"https:\/\/interamerica.org\/fr\/wp-json\/wp\/v2\/users\/1"}],"replies":[{"embeddable":true,"href":"https:\/\/interamerica.org\/fr\/wp-json\/wp\/v2\/comments?post=12667"}],"version-history":[{"count":0,"href":"https:\/\/interamerica.org\/fr\/wp-json\/wp\/v2\/posts\/12667\/revisions"}],"wp:attachment":[{"href":"https:\/\/interamerica.org\/fr\/wp-json\/wp\/v2\/media?parent=12667"}],"wp:term":[{"taxonomy":"category","embeddable":true,"href":"https:\/\/interamerica.org\/fr\/wp-json\/wp\/v2\/categories?post=12667"},{"taxonomy":"post_tag","embeddable":true,"href":"https:\/\/interamerica.org\/fr\/wp-json\/wp\/v2\/tags?post=12667"}],"curies":[{"name":"wp","href":"https:\/\/api.w.org\/{rel}","templated":true}]}}