{"id":12668,"date":"2007-01-11T00:00:00","date_gmt":"2007-01-11T04:00:00","guid":{"rendered":"http:\/\/192.81.217.108\/interamerica\/2007\/01\/actualite-un-acte-de-vandalisme-dans-une-eglise-emeut-le-president-et-les-membres-de-la-communaute-serbe\/"},"modified":"2017-06-02T13:15:10","modified_gmt":"2017-06-02T17:15:10","slug":"actualite-un-acte-de-vandalisme-dans-une-eglise-emeut-le-president-et-les-membres-de-la-communaute-serbe","status":"publish","type":"post","link":"https:\/\/interamerica.org\/fr\/2007\/01\/actualite-un-acte-de-vandalisme-dans-une-eglise-emeut-le-president-et-les-membres-de-la-communaute-serbe\/","title":{"rendered":"ACTUALIT\u00e9 : Un Acte De Vandalisme Dans une Eglise Emeut le Pr\u00e9sident et les Membres de la Communaut\u00e9 Serbe"},"content":{"rendered":"<p><em >11 janvier 2007<\/em > Stapar, Serbie&#8230;. [TED News\/Personnel de ANN] <\/p>\n<p>Le vandalisme dans une petite \u00e9glise adventiste du septi\u00e8me jour d&#39;un petit village en Serbie a attir\u00e9 l&#39;attention du pr\u00e9sident du pays, Boris Tadic. Dans son discours \u00e0 la Nation, le pr\u00e9sident Tadic a dit que l&#39;incident du 8 janvier \u00e9tait du vandalisme et que de tels actes doivent \u00eatre endigu\u00e9s. Le pr\u00e9sident a aussi publiquement demand\u00e9 que la police acc\u00e9l\u00e8re l&#39;enqu\u00eate et traduise les auteurs en justice.  <\/p>\n<p>Des gens non identifi\u00e9s sont entr\u00e9s avec effraction dans l&#39;\u00e9glise adventiste entre 4h00 et 5h00, \u00e0 Stapar dans la municipalit\u00e9 de Sombor, en Serbie et ont mis le feu au b\u00e2timent, en d\u00e9truisant la chaire, plusieurs bancs de l&#39;\u00e9glise et le plancher. Les voisins ont alert\u00e9 la brigade des sapeurs-pompiers et les membres du village en ont \u00e9t\u00e9 inform\u00e9s.  <\/p>\n<p>Les dirigeants d&#39;\u00e9glise disent que depuis cet incident, plusieurs b\u00e2timents adventistes et institutions en Serbie sont sous surveillance et protection de la police.  <\/p>\n<p>Les nouvelles de l&#39;incendie ont \u00e9t\u00e9 retransmises par diff\u00e9rentes cha\u00eenes de TV nationales, aussi bien que dans plusieurs journaux. Plusieurs officiers du gouvernement ont aussi exprim\u00e9 leur consternation face \u00e0 cet incident.  <\/p>\n<p>Avant cet incident, pasteur Miodrag Ivanovic, pr\u00e9sident de l&#39;\u00e9glise adventiste en Europe du Sud-est, avait \u00e9crit une lettre ouverte sur la libert\u00e9 religieuse en Serbie et l&#39;avait exp\u00e9di\u00e9e au gouvernement, pr\u00e9cis\u00e9ment au Minist\u00e8re de la Religion et des Affaires Int\u00e9rieures et aux m\u00e9dias. La lettre de pasteur Ivanovic \u00e9tait en r\u00e9action au sermon de l&#39;Archev\u00eaque Pavle, le dirigeant de l&#39;\u00c9glise Orthodoxe Serbe, qui dans son sermon de No\u00ebl avait plaid\u00e9 en faveur de la paix et de la tol\u00e9rance.  <\/p>\n<p>Le pasteur de l&#39;\u00e9glise, Dragan Kanazir dit qu&#39;il est surpris qu&#39;un incident tel, ait eu lieu. \u00ab\u00a0Bien que, il y ait beaucoup d&#39;incidents semblables dans la r\u00e9gion, on ne s&#39;attendait \u00e0 rien de tel. Ce qui \u00e9tait p\u00e9nible dans toute l&#39;histoire, c&#39;est que ce qui est arriv\u00e9, est arriv\u00e9 pendant la p\u00e9riode du No\u00ebl orthodoxe, alors que tous nous \u00e9changions des v\u0153ux r\u00e9ciproques,\u00a0\u00bb a d\u00e9clar\u00e9 pasteur Kanazir.  <\/p>\n<p>Le pr\u00e9sident de la Municipalit\u00e9 de Stapar a \u00e9t\u00e9 aussi surpris et dit qu&#39;il a du mal \u00e0 comprendre que quelqu&#39;un ait attaqu\u00e9 une \u00e9glise qui est si respect\u00e9e dans ce village. Le pr\u00e9sident du village a continu\u00e9 en se demandant, \u00ab\u00a0qui pourrait avoir un grief contre un groupe de gens si pacifique et sympathiques ?\u00a0\u00bb  <\/p>\n<p>Il y a aussi une \u00e9glise Orthodoxe dans le village qui n&#39;a re\u00e7u aucun dommage.  <\/p>\n<p>Ce n&#39;est pas la premi\u00e8re fois qu&#39;une \u00e9glise adventiste en Serbie a \u00e9t\u00e9 vis\u00e9e par des vandales. En avril de l&#39;ann\u00e9e 2003 un pasteur adventiste avait \u00e9t\u00e9 s\u00e9v\u00e8rement battu et 11 \u00e9glises, vandalis\u00e9es. Les dirigeants de l&#39;\u00e9glise avaient alors appel\u00e9 cette s\u00e9rie d&#39;attaques : une \u00ab\u00a0campagne orchestr\u00e9e contre une minorit\u00e9 religieuse\u00a0\u00bb dans un pays essentiellement Orthodoxe.  <\/p>\n<p>\u00ab\u00a0La soci\u00e9t\u00e9 serbe a d\u00fb faire face \u00e0 beaucoup d&#39;actes d&#39;intol\u00e9rance religieuse pendant ces 10 derni\u00e8res ann\u00e9es &#8230; m\u00e9lang\u00e9s avec du nationalisme religieux,\u00a0\u00bb a dit Dr John Graz, secr\u00e9taire g\u00e9n\u00e9ral de l&#39;Association de la Libert\u00e9 Religieuse Internationale. \u00ab\u00a0La forte r\u00e9action des autorit\u00e9s dans ce cas, contre un tel acte est rassurante.\u00a0\u00bb   <\/p>\n<p>L&#39;\u00c9glise Adventiste du Septi\u00e8me jour en Serbie a 177 lieux de culte et 7,950 membres. L&#39;\u00e9glise de Stapar a 30 membres. <\/p>\n<p><strong > <\/strong > <\/p>\n<p><strong >Droit d&#39;auteur (c) 2007 de R\u00e9seau de Nouvelles Adventiste<\/strong >. <\/p>\n<p><strong > <\/strong > <\/p>\n<p><strong >Droit d&#39;auteur (c) 2007 de R\u00e9seau de Nouvelles Adventiste<\/strong >. <\/p>\n","protected":false},"excerpt":{"rendered":"<p>Le vandalisme dans une petite \u00e9glise adventiste du septi\u00e8me jour d&#39;un petit village en Serbie a attir\u00e9 l&#39;attention du pr\u00e9sident du pays, Boris Tadic. Dans son discours \u00e0 la Nation, le pr\u00e9sident Tadic a d<\/p>\n","protected":false},"author":1,"featured_media":0,"comment_status":"closed","ping_status":"closed","sticky":false,"template":"","format":"standard","meta":{"_acf_changed":false,"footnotes":""},"categories":[9],"tags":[],"class_list":["post-12668","post","type-post","status-publish","format-standard","hentry","category-archive-fr"],"acf":[],"yoast_head":"<!-- This site is optimized with the Yoast SEO plugin v27.3 - https:\/\/yoast.com\/product\/yoast-seo-wordpress\/ -->\n<title>ACTUALIT\u00e9 : Un Acte De Vandalisme Dans une Eglise Emeut le Pr\u00e9sident et les Membres de la Communaut\u00e9 Serbe - \u00c9glise Adventiste Du Septieme Jour - Inter Am\u00e9rique Division<\/title>\n<meta name=\"robots\" content=\"index, follow, max-snippet:-1, max-image-preview:large, max-video-preview:-1\" \/>\n<link rel=\"canonical\" href=\"https:\/\/interamerica.org\/fr\/2007\/01\/actualite-un-acte-de-vandalisme-dans-une-eglise-emeut-le-president-et-les-membres-de-la-communaute-serbe\/\" \/>\n<meta property=\"og:locale\" content=\"fr_FR\" \/>\n<meta property=\"og:type\" content=\"article\" \/>\n<meta property=\"og:title\" content=\"ACTUALIT\u00e9 : Un Acte De Vandalisme Dans une Eglise Emeut le Pr\u00e9sident et les Membres de la Communaut\u00e9 Serbe - \u00c9glise Adventiste Du Septieme Jour - Inter Am\u00e9rique Division\" \/>\n<meta property=\"og:description\" content=\"Le vandalisme dans une petite \u00e9glise adventiste du septi\u00e8me jour d&#039;un petit village en Serbie a attir\u00e9 l&#039;attention du pr\u00e9sident du pays, Boris Tadic. Dans son discours \u00e0 la Nation, le pr\u00e9sident Tadic a d\" \/>\n<meta property=\"og:url\" content=\"https:\/\/interamerica.org\/fr\/2007\/01\/actualite-un-acte-de-vandalisme-dans-une-eglise-emeut-le-president-et-les-membres-de-la-communaute-serbe\/\" \/>\n<meta property=\"og:site_name\" content=\"\u00c9glise Adventiste Du Septieme Jour - Inter Am\u00e9rique Division\" \/>\n<meta property=\"article:published_time\" content=\"2007-01-11T04:00:00+00:00\" \/>\n<meta property=\"article:modified_time\" content=\"2017-06-02T17:15:10+00:00\" \/>\n<meta name=\"author\" content=\"Lorenzo Verduzco\" \/>\n<meta name=\"twitter:card\" content=\"summary_large_image\" \/>\n<meta name=\"twitter:label1\" content=\"\u00c9crit par\" \/>\n\t<meta name=\"twitter:data1\" content=\"Lorenzo Verduzco\" \/>\n\t<meta name=\"twitter:label2\" content=\"Dur\u00e9e de lecture estim\u00e9e\" \/>\n\t<meta name=\"twitter:data2\" content=\"3 minutes\" \/>\n<script type=\"application\/ld+json\" class=\"yoast-schema-graph\">{\"@context\":\"https:\\\/\\\/schema.org\",\"@graph\":[{\"@type\":\"Article\",\"@id\":\"https:\\\/\\\/interamerica.org\\\/fr\\\/2007\\\/01\\\/actualite-un-acte-de-vandalisme-dans-une-eglise-emeut-le-president-et-les-membres-de-la-communaute-serbe\\\/#article\",\"isPartOf\":{\"@id\":\"https:\\\/\\\/interamerica.org\\\/fr\\\/2007\\\/01\\\/actualite-un-acte-de-vandalisme-dans-une-eglise-emeut-le-president-et-les-membres-de-la-communaute-serbe\\\/\"},\"author\":{\"name\":\"Lorenzo Verduzco\",\"@id\":\"https:\\\/\\\/interamerica.org\\\/fr\\\/#\\\/schema\\\/person\\\/68ede8bdc292885bb76c1e3810e73c39\"},\"headline\":\"ACTUALIT\u00e9 : Un Acte De Vandalisme Dans une Eglise Emeut le Pr\u00e9sident et les Membres de la Communaut\u00e9 Serbe\",\"datePublished\":\"2007-01-11T04:00:00+00:00\",\"dateModified\":\"2017-06-02T17:15:10+00:00\",\"mainEntityOfPage\":{\"@id\":\"https:\\\/\\\/interamerica.org\\\/fr\\\/2007\\\/01\\\/actualite-un-acte-de-vandalisme-dans-une-eglise-emeut-le-president-et-les-membres-de-la-communaute-serbe\\\/\"},\"wordCount\":649,\"articleSection\":[\"Archive\"],\"inLanguage\":\"fr-FR\"},{\"@type\":\"WebPage\",\"@id\":\"https:\\\/\\\/interamerica.org\\\/fr\\\/2007\\\/01\\\/actualite-un-acte-de-vandalisme-dans-une-eglise-emeut-le-president-et-les-membres-de-la-communaute-serbe\\\/\",\"url\":\"https:\\\/\\\/interamerica.org\\\/fr\\\/2007\\\/01\\\/actualite-un-acte-de-vandalisme-dans-une-eglise-emeut-le-president-et-les-membres-de-la-communaute-serbe\\\/\",\"name\":\"ACTUALIT\u00e9 : Un Acte De Vandalisme Dans une Eglise Emeut le Pr\u00e9sident et les Membres de la Communaut\u00e9 Serbe - \u00c9glise Adventiste Du Septieme Jour - Inter Am\u00e9rique Division\",\"isPartOf\":{\"@id\":\"https:\\\/\\\/interamerica.org\\\/fr\\\/#website\"},\"datePublished\":\"2007-01-11T04:00:00+00:00\",\"dateModified\":\"2017-06-02T17:15:10+00:00\",\"author\":{\"@id\":\"https:\\\/\\\/interamerica.org\\\/fr\\\/#\\\/schema\\\/person\\\/68ede8bdc292885bb76c1e3810e73c39\"},\"breadcrumb\":{\"@id\":\"https:\\\/\\\/interamerica.org\\\/fr\\\/2007\\\/01\\\/actualite-un-acte-de-vandalisme-dans-une-eglise-emeut-le-president-et-les-membres-de-la-communaute-serbe\\\/#breadcrumb\"},\"inLanguage\":\"fr-FR\",\"potentialAction\":[{\"@type\":\"ReadAction\",\"target\":[\"https:\\\/\\\/interamerica.org\\\/fr\\\/2007\\\/01\\\/actualite-un-acte-de-vandalisme-dans-une-eglise-emeut-le-president-et-les-membres-de-la-communaute-serbe\\\/\"]}]},{\"@type\":\"BreadcrumbList\",\"@id\":\"https:\\\/\\\/interamerica.org\\\/fr\\\/2007\\\/01\\\/actualite-un-acte-de-vandalisme-dans-une-eglise-emeut-le-president-et-les-membres-de-la-communaute-serbe\\\/#breadcrumb\",\"itemListElement\":[{\"@type\":\"ListItem\",\"position\":1,\"name\":\"Home\",\"item\":\"https:\\\/\\\/interamerica.org\\\/fr\\\/\"},{\"@type\":\"ListItem\",\"position\":2,\"name\":\"ACTUALIT\u00e9 : Un Acte De Vandalisme Dans une Eglise Emeut le Pr\u00e9sident et les Membres de la Communaut\u00e9 Serbe\"}]},{\"@type\":\"WebSite\",\"@id\":\"https:\\\/\\\/interamerica.org\\\/fr\\\/#website\",\"url\":\"https:\\\/\\\/interamerica.org\\\/fr\\\/\",\"name\":\"\u00c9glise Adventiste Du Septieme Jour - Inter Am\u00e9rique Division\",\"description\":\"\",\"potentialAction\":[{\"@type\":\"SearchAction\",\"target\":{\"@type\":\"EntryPoint\",\"urlTemplate\":\"https:\\\/\\\/interamerica.org\\\/fr\\\/?s={search_term_string}\"},\"query-input\":{\"@type\":\"PropertyValueSpecification\",\"valueRequired\":true,\"valueName\":\"search_term_string\"}}],\"inLanguage\":\"fr-FR\"},{\"@type\":\"Person\",\"@id\":\"https:\\\/\\\/interamerica.org\\\/fr\\\/#\\\/schema\\\/person\\\/68ede8bdc292885bb76c1e3810e73c39\",\"name\":\"Lorenzo Verduzco\",\"image\":{\"@type\":\"ImageObject\",\"inLanguage\":\"fr-FR\",\"@id\":\"https:\\\/\\\/secure.gravatar.com\\\/avatar\\\/fb81a55b6218459490a9c1dc841a34909185b81904c5337b4b27f7a6fd60c49e?s=96&d=mm&r=g\",\"url\":\"https:\\\/\\\/secure.gravatar.com\\\/avatar\\\/fb81a55b6218459490a9c1dc841a34909185b81904c5337b4b27f7a6fd60c49e?s=96&d=mm&r=g\",\"contentUrl\":\"https:\\\/\\\/secure.gravatar.com\\\/avatar\\\/fb81a55b6218459490a9c1dc841a34909185b81904c5337b4b27f7a6fd60c49e?s=96&d=mm&r=g\",\"caption\":\"Lorenzo Verduzco\"}}]}<\/script>\n<!-- \/ Yoast SEO plugin. -->","yoast_head_json":{"title":"ACTUALIT\u00e9 : Un Acte De Vandalisme Dans une Eglise Emeut le Pr\u00e9sident et les Membres de la Communaut\u00e9 Serbe - \u00c9glise Adventiste Du Septieme Jour - Inter Am\u00e9rique Division","robots":{"index":"index","follow":"follow","max-snippet":"max-snippet:-1","max-image-preview":"max-image-preview:large","max-video-preview":"max-video-preview:-1"},"canonical":"https:\/\/interamerica.org\/fr\/2007\/01\/actualite-un-acte-de-vandalisme-dans-une-eglise-emeut-le-president-et-les-membres-de-la-communaute-serbe\/","og_locale":"fr_FR","og_type":"article","og_title":"ACTUALIT\u00e9 : Un Acte De Vandalisme Dans une Eglise Emeut le Pr\u00e9sident et les Membres de la Communaut\u00e9 Serbe - \u00c9glise Adventiste Du Septieme Jour - Inter Am\u00e9rique Division","og_description":"Le vandalisme dans une petite \u00e9glise adventiste du septi\u00e8me jour d&#39;un petit village en Serbie a attir\u00e9 l&#39;attention du pr\u00e9sident du pays, Boris Tadic. Dans son discours \u00e0 la Nation, le pr\u00e9sident Tadic a d","og_url":"https:\/\/interamerica.org\/fr\/2007\/01\/actualite-un-acte-de-vandalisme-dans-une-eglise-emeut-le-president-et-les-membres-de-la-communaute-serbe\/","og_site_name":"\u00c9glise Adventiste Du Septieme Jour - Inter Am\u00e9rique Division","article_published_time":"2007-01-11T04:00:00+00:00","article_modified_time":"2017-06-02T17:15:10+00:00","author":"Lorenzo Verduzco","twitter_card":"summary_large_image","twitter_misc":{"\u00c9crit par":"Lorenzo Verduzco","Dur\u00e9e de lecture estim\u00e9e":"3 minutes"},"schema":{"@context":"https:\/\/schema.org","@graph":[{"@type":"Article","@id":"https:\/\/interamerica.org\/fr\/2007\/01\/actualite-un-acte-de-vandalisme-dans-une-eglise-emeut-le-president-et-les-membres-de-la-communaute-serbe\/#article","isPartOf":{"@id":"https:\/\/interamerica.org\/fr\/2007\/01\/actualite-un-acte-de-vandalisme-dans-une-eglise-emeut-le-president-et-les-membres-de-la-communaute-serbe\/"},"author":{"name":"Lorenzo Verduzco","@id":"https:\/\/interamerica.org\/fr\/#\/schema\/person\/68ede8bdc292885bb76c1e3810e73c39"},"headline":"ACTUALIT\u00e9 : Un Acte De Vandalisme Dans une Eglise Emeut le Pr\u00e9sident et les Membres de la Communaut\u00e9 Serbe","datePublished":"2007-01-11T04:00:00+00:00","dateModified":"2017-06-02T17:15:10+00:00","mainEntityOfPage":{"@id":"https:\/\/interamerica.org\/fr\/2007\/01\/actualite-un-acte-de-vandalisme-dans-une-eglise-emeut-le-president-et-les-membres-de-la-communaute-serbe\/"},"wordCount":649,"articleSection":["Archive"],"inLanguage":"fr-FR"},{"@type":"WebPage","@id":"https:\/\/interamerica.org\/fr\/2007\/01\/actualite-un-acte-de-vandalisme-dans-une-eglise-emeut-le-president-et-les-membres-de-la-communaute-serbe\/","url":"https:\/\/interamerica.org\/fr\/2007\/01\/actualite-un-acte-de-vandalisme-dans-une-eglise-emeut-le-president-et-les-membres-de-la-communaute-serbe\/","name":"ACTUALIT\u00e9 : Un Acte De Vandalisme Dans une Eglise Emeut le Pr\u00e9sident et les Membres de la Communaut\u00e9 Serbe - \u00c9glise Adventiste Du Septieme Jour - Inter Am\u00e9rique Division","isPartOf":{"@id":"https:\/\/interamerica.org\/fr\/#website"},"datePublished":"2007-01-11T04:00:00+00:00","dateModified":"2017-06-02T17:15:10+00:00","author":{"@id":"https:\/\/interamerica.org\/fr\/#\/schema\/person\/68ede8bdc292885bb76c1e3810e73c39"},"breadcrumb":{"@id":"https:\/\/interamerica.org\/fr\/2007\/01\/actualite-un-acte-de-vandalisme-dans-une-eglise-emeut-le-president-et-les-membres-de-la-communaute-serbe\/#breadcrumb"},"inLanguage":"fr-FR","potentialAction":[{"@type":"ReadAction","target":["https:\/\/interamerica.org\/fr\/2007\/01\/actualite-un-acte-de-vandalisme-dans-une-eglise-emeut-le-president-et-les-membres-de-la-communaute-serbe\/"]}]},{"@type":"BreadcrumbList","@id":"https:\/\/interamerica.org\/fr\/2007\/01\/actualite-un-acte-de-vandalisme-dans-une-eglise-emeut-le-president-et-les-membres-de-la-communaute-serbe\/#breadcrumb","itemListElement":[{"@type":"ListItem","position":1,"name":"Home","item":"https:\/\/interamerica.org\/fr\/"},{"@type":"ListItem","position":2,"name":"ACTUALIT\u00e9 : Un Acte De Vandalisme Dans une Eglise Emeut le Pr\u00e9sident et les Membres de la Communaut\u00e9 Serbe"}]},{"@type":"WebSite","@id":"https:\/\/interamerica.org\/fr\/#website","url":"https:\/\/interamerica.org\/fr\/","name":"\u00c9glise Adventiste Du Septieme Jour - Inter Am\u00e9rique Division","description":"","potentialAction":[{"@type":"SearchAction","target":{"@type":"EntryPoint","urlTemplate":"https:\/\/interamerica.org\/fr\/?s={search_term_string}"},"query-input":{"@type":"PropertyValueSpecification","valueRequired":true,"valueName":"search_term_string"}}],"inLanguage":"fr-FR"},{"@type":"Person","@id":"https:\/\/interamerica.org\/fr\/#\/schema\/person\/68ede8bdc292885bb76c1e3810e73c39","name":"Lorenzo Verduzco","image":{"@type":"ImageObject","inLanguage":"fr-FR","@id":"https:\/\/secure.gravatar.com\/avatar\/fb81a55b6218459490a9c1dc841a34909185b81904c5337b4b27f7a6fd60c49e?s=96&d=mm&r=g","url":"https:\/\/secure.gravatar.com\/avatar\/fb81a55b6218459490a9c1dc841a34909185b81904c5337b4b27f7a6fd60c49e?s=96&d=mm&r=g","contentUrl":"https:\/\/secure.gravatar.com\/avatar\/fb81a55b6218459490a9c1dc841a34909185b81904c5337b4b27f7a6fd60c49e?s=96&d=mm&r=g","caption":"Lorenzo Verduzco"}}]}},"_links":{"self":[{"href":"https:\/\/interamerica.org\/fr\/wp-json\/wp\/v2\/posts\/12668","targetHints":{"allow":["GET"]}}],"collection":[{"href":"https:\/\/interamerica.org\/fr\/wp-json\/wp\/v2\/posts"}],"about":[{"href":"https:\/\/interamerica.org\/fr\/wp-json\/wp\/v2\/types\/post"}],"author":[{"embeddable":true,"href":"https:\/\/interamerica.org\/fr\/wp-json\/wp\/v2\/users\/1"}],"replies":[{"embeddable":true,"href":"https:\/\/interamerica.org\/fr\/wp-json\/wp\/v2\/comments?post=12668"}],"version-history":[{"count":0,"href":"https:\/\/interamerica.org\/fr\/wp-json\/wp\/v2\/posts\/12668\/revisions"}],"wp:attachment":[{"href":"https:\/\/interamerica.org\/fr\/wp-json\/wp\/v2\/media?parent=12668"}],"wp:term":[{"taxonomy":"category","embeddable":true,"href":"https:\/\/interamerica.org\/fr\/wp-json\/wp\/v2\/categories?post=12668"},{"taxonomy":"post_tag","embeddable":true,"href":"https:\/\/interamerica.org\/fr\/wp-json\/wp\/v2\/tags?post=12668"}],"curies":[{"name":"wp","href":"https:\/\/api.w.org\/{rel}","templated":true}]}}