{"id":126687,"date":"2025-03-27T14:42:45","date_gmt":"2025-03-27T18:42:45","guid":{"rendered":"https:\/\/interamerica.org\/?p=126687"},"modified":"2025-03-29T04:35:41","modified_gmt":"2025-03-29T08:35:41","slug":"la-session-2025-de-la-conference-generale-adopte-une-approche-qui-met-en-avant-le-numerique","status":"publish","type":"post","link":"https:\/\/interamerica.org\/fr\/2025\/03\/la-session-2025-de-la-conference-generale-adopte-une-approche-qui-met-en-avant-le-numerique\/","title":{"rendered":"La session 2025 de la Conf\u00e9rence G\u00e9n\u00e9rale adopte une approche qui met en avant le num\u00e9rique"},"content":{"rendered":"<p class=\"c-post-header__subtitle\"><em>La diffusion en direct, les r\u00e9seaux sociaux et la technologie encourageront la participation lors de la session de cette ann\u00e9e. <\/em><\/p>\n<p>27 Mars 2025 | Silver Spring, Maryland, \u00c9tats-Unis | Lauren Davis pour Adventist News Network<\/p>\n<p>La session 2025 de la Conf\u00e9rence G\u00e9n\u00e9rale de l\u2019\u00c9glise adventiste du septi\u00e8me jour adopte une approche qui met en avant le num\u00e9rique afin d\u2019assurer une meilleure accessibilit\u00e9 et une transparence en temps r\u00e9el pour les membres du monde entier.<\/p>\n<p>\u00ab Chacun devrait pouvoir savoir ce qui se passe et quand, \u00bb a d\u00e9clar\u00e9 Alyssa Truman, directrice adjointe de la communication de la Conf\u00e9rence G\u00e9n\u00e9rale et directrice d\u2019Adventist News Network (ANN).<\/p>\n<p>La session 2025 de la Conf\u00e9rence G\u00e9n\u00e9rale se tiendra du 3 au 12 juillet \u00e0 Saint-Louis, dans le Missouri, aux \u00c9tats-Unis. Organis\u00e9e tous les cinq ans, la session sert de forum \u00e0 l\u2019\u00c9glise mondiale pour l\u2019\u00e9lection des dirigeants et le vote des modifications apport\u00e9es \u00e0 la constitution.<\/p>\n<p>A cause de la pand\u00e9mie de COVID-19, la session pr\u00e9c\u00e9dente a \u00e9t\u00e9 la premi\u00e8re session hybride tenue \u00e0 la fois en distanciel et en pr\u00e9sentiel. Ce changement a entra\u00een\u00e9 une transformation significative de la strat\u00e9gie num\u00e9rique du D\u00e9partement de la Communication de la Conf\u00e9rence G\u00e9n\u00e9rale, privil\u00e9giant une couverture rapide et accessible des rencontres administratives.<\/p>\n<p>\u00ab Auparavant, il fallait \u00eatre physiquement pr\u00e9sent \u00e0 une session de la Conf\u00e9rence G\u00e9n\u00e9rale pour vivre la transparence, \u00bb a d\u00e9clar\u00e9 Alyssa Truman. \u00ab Mais dans le monde num\u00e9rique d\u2019aujourd&rsquo;hui, nous avons besoin d\u2019une transparence instantan\u00e9e, accessible avec un simple clic. \u00bb<\/p>\n<p>Pour soutenir cette approche privil\u00e9giant le num\u00e9rique, la strat\u00e9gie de cette ann\u00e9e donne la priorit\u00e9 \u00e0 une accessibilit\u00e9 totale pour les membres du monde entier en proposant du contenu en sept langues : anglais, espagnol, portugais, fran\u00e7ais, swahili, russe et allemand. La Langue des Signes Am\u00e9ricaine (ASL) sera \u00e9galement propos\u00e9e.<\/p>\n<p><strong>R\u00e9seaux sociaux et organisation num\u00e9rique<\/strong><\/p>\n<p>La Conf\u00e9rence G\u00e9n\u00e9rale dispose de plateformes sur X (anciennement Twitter), Instagram, Facebook et YouTube. Sam Neves, directeur adjoint de la communication de la Conf\u00e9rence G\u00e9n\u00e9rale, a expliqu\u00e9 que la campagne de cette ann\u00e9e sur les r\u00e9seaux sociaux d\u00e9veloppera les strat\u00e9gies de la session pr\u00e9c\u00e9dente.<\/p>\n<p>\u00ab La pr\u00e9c\u00e9dente Session de la Conf\u00e9rence G\u00e9n\u00e9rale a \u00e9t\u00e9 une r\u00e9volution dans le domaine des m\u00e9dias num\u00e9riques, \u00bb a dit Sam Neves. \u00ab La session de cette ann\u00e9e sera une \u00e9volution. \u00bb<\/p>\n<p>Tous les comptes de r\u00e9seaux sociaux de la Conf\u00e9rence G\u00e9n\u00e9rale proposeront des mises \u00e0 jour en direct en plusieurs langues, et le hashtag #GCS25 permettra l\u2019interaction sur toutes les plateformes.<\/p>\n<p>Une nouvelle application am\u00e9lior\u00e9e pour la Session de la Conf\u00e9rence G\u00e9n\u00e9rale qui avait d\u00e9j\u00e0 utilis\u00e9e lors de la soixante et uni\u00e8me session, servira de centre de ressources complet pour les participants.<\/p>\n<p>Sabrina DeSouza, tr\u00e9sori\u00e8re adjointe de la Conf\u00e9rence G\u00e9n\u00e9rale et responsable du d\u00e9veloppement de l\u2019application, a expliqu\u00e9 qu\u2019elle utilise une interface utilisateur moderne offrant un acc\u00e8s facile aux cartes, aux calendriers des rencontres de la session, aux derni\u00e8res informations en direct et \u00e0 un annuaire des restaurants locaux.<\/p>\n<p>\u00ab L\u2019am\u00e9lioration de l\u2019acc\u00e8s aux informations relatives au programme ainsi qu\u2019\u00e0 la ville h\u00f4te, favorise la participation aux diff\u00e9rents aspects spirituels et administratifs de la Session de la Conf\u00e9rence G\u00e9n\u00e9rale, \u00bb a d\u00e9clar\u00e9 Sabrina DeSouza.<\/p>\n<p>Une nouvelle initiative lanc\u00e9e lors de cette session est la cr\u00e9ation d\u2019une communaut\u00e9 WhatsApp ANN.<\/p>\n<p>Ceux qui se joignent \u00e0 la communaut\u00e9 recevront les derni\u00e8res informations en direct concernant l\u2019actualit\u00e9 et les d\u00e9clarations de la Conf\u00e9rence G\u00e9n\u00e9rale. Des contenus exclusifs, tels que des messages vid\u00e9o, des interactions par sondage et des podcasts actualis\u00e9s, seront \u00e9galement propos\u00e9s.<\/p>\n<p>La\u00a0<a href=\"https:\/\/whatsapp.com\/channel\/0029Vap6xVnLSmbezxbMpa18\" target=\"_blank\" rel=\"noopener\">communaut\u00e9<\/a>\u00a0est disponible et met \u00e0 jour les derni\u00e8res actualit\u00e9s adventistes.<\/p>\n<p>Pour ceux qui assistent physiquement \u00e0 la Session de la Conf\u00e9rence G\u00e9n\u00e9rale, un autre moyen de rester au courant des informations sur les h\u00f4tels et les tickets repas est de consulter le <a href=\"https:\/\/www.gcsession.org\/\" target=\"_blank\" rel=\"noopener\">site web officiel<\/a> de la session.<\/p>\n<p><strong>Apprendre du pass\u00e9<\/strong><\/p>\n<p>Il y avait de nombreuses inconnues lorsqu\u2019a d\u00e9but\u00e9 la soixante et uni\u00e8me session, car jusqu\u2019alors, une approche num\u00e9rique n\u2019avait jamais \u00e9t\u00e9 mise en place. Malgr\u00e9 des objectifs ambitieux, seule une partie du plan initial a \u00e9t\u00e9 r\u00e9alis\u00e9e, ce qui a permis de tirer de pr\u00e9cieux enseignements pour les am\u00e9liorations de cette ann\u00e9e.<\/p>\n<p>\u00ab Nous savons maintenant ce qui est possible et nous pouvons donc continuer \u00e0 repousser ces limites en collaborant en tant qu\u2019\u00e9quipe et en utilisant les diff\u00e9rents outils num\u00e9riques \u00e0 notre disposition, \u00bb a dit Alyssa Truman.<\/p>\n<p>Un de ces outils est Web Engine, une application dorsale lanc\u00e9e en 2024 qui acc\u00e9l\u00e8re la traduction des articles pour une plus grande efficacit\u00e9.<\/p>\n<p>Ces am\u00e9liorations num\u00e9riques rendent la session plus transparente et contribuent \u00e0 \u00e9tendre la mission de l\u2019\u00c9glise au monde entier gr\u00e2ce \u00e0 la technologie.<\/p>\n<p><strong>Strat\u00e9gie Num\u00e9rique pour la Mission<\/strong><\/p>\n<p>Pendant les deux sabbats de la Session de la Conf\u00e9rence G\u00e9n\u00e9rale, une offrande sp\u00e9ciale sera collect\u00e9e pour soutenir la Strat\u00e9gie Num\u00e9rique pour la Mission, une initiative de la Conf\u00e9rence G\u00e9n\u00e9rale visant \u00e0 s\u2019assurer que tous les projets technologiques et num\u00e9riques soient en phase avec la mission de l\u2019\u00c9glise. Ceux qui participent de mani\u00e8re virtuelle peuvent \u00e9galement contribuer via le <a href=\"https:\/\/www.adventist.digital\/adventist-giving\/\" target=\"_blank\" rel=\"noopener\">site web<\/a>, et tous les fonds seront directement revers\u00e9s aux \u00e9glises locales dans le monde entier pour les aider \u00e0 mettre en place leurs propres strat\u00e9gies num\u00e9riques.<\/p>\n<p>Richard Stephenson, tr\u00e9sorier adjoint de la Conf\u00e9rence G\u00e9n\u00e9rale, a soulign\u00e9 que l\u2019objectif ultime de la Strat\u00e9gie Num\u00e9rique pour la Mission est de mettre en contact les personnes en qu\u00eate de foi et les congr\u00e9gations adventistes locales.<\/p>\n<p>\u00ab Aujourd&rsquo;hui, des millions de personnes se retrouvent en ligne sur des plateformes de r\u00e9seaux sociaux comme Instagram, X, Facebook et TikTok, \u00bb a indiqu\u00e9 Richard Stephenson. \u00ab Nous voulons encourager une v\u00e9ritable synergie entre toutes les entit\u00e9s m\u00e9diatiques adventistes pour un impact soci\u00e9tal maximal. \u00bb<\/p>\n<p>Sam Neves a soulign\u00e9 que si l\u2019\u0153uvre de l\u2019\u00c9glise au XX\u00e8me si\u00e8cle \u00e9tait guid\u00e9e par le Saint-Esprit et a eu un impact significatif sur le monde physique, au XXI\u00e8me si\u00e8cle, l\u2019objectif est d\u2019avoir un impact num\u00e9rique sur le monde, sous la direction du Saint-Esprit.<\/p>\n<p>Parmi les campagnes de ce type cette ann\u00e9e, il y a une publicit\u00e9 payante diffus\u00e9e en juin et juillet qui cible les habitants de Saint-Louis sur Facebook, Instagram, X et YouTube.<\/p>\n<p>\u00ab La campagne invitera tous ceux qui sont \u00e0 Saint-Louis \u00e0 venir visiter le d\u00f4me ou le centre d\u2019exposition pour une pri\u00e8re sp\u00e9ciale lors de la session chaque soir, \u00bb a dit Sam Neves.<\/p>\n<p>A travers ces initiatives, la soixante-deuxi\u00e8me Session de la Conf\u00e9rence G\u00e9n\u00e9rale vise \u00e0 combler le foss\u00e9 entre l\u2019innovation num\u00e9rique et la foi, en veillant \u00e0 ce que les communaut\u00e9s adventistes du monde entier restent inform\u00e9es, connect\u00e9es et impliqu\u00e9es.<\/p>\n<p><em>La\u00a0<\/em><a href=\"https:\/\/adventist.news\/news\/2025-adventist-general-conference-session-adopts-digital-first-approach\" target=\"_blank\" rel=\"noopener\"><em>version originale<\/em><\/a><em>\u00a0de cet article a \u00e9t\u00e9 publi\u00e9e sur\u00a0<\/em><a href=\"https:\/\/adventist.news\/news\" target=\"_blank\" rel=\"noopener\"><em>ANN<\/em><\/a><em>.<\/em><\/p>\n<p>Traduction: Patrick Luciathe<\/p>\n","protected":false},"excerpt":{"rendered":"<p>La diffusion en direct, les r\u00e9seaux sociaux et la technologie encourageront la participation lors de la session de cette ann\u00e9e. 27 Mars 2025 | Silver Spring, Maryland, \u00c9tats-Unis | Lauren&#8230;<\/p>\n","protected":false},"author":3,"featured_media":126612,"comment_status":"closed","ping_status":"closed","sticky":false,"template":"","format":"standard","meta":{"_acf_changed":false,"footnotes":""},"categories":[18,19],"tags":[],"class_list":["post-126687","post","type-post","status-publish","format-standard","has-post-thumbnail","hentry","category-nouvelles-de-leglise-mondiale","category-rss-francais"],"acf":[],"yoast_head":"<!-- This site is optimized with the Yoast SEO plugin v27.3 - https:\/\/yoast.com\/product\/yoast-seo-wordpress\/ -->\n<title>La session 2025 de la Conf\u00e9rence G\u00e9n\u00e9rale adopte une approche qui met en avant le num\u00e9rique - \u00c9glise Adventiste Du Septieme Jour - Inter Am\u00e9rique Division<\/title>\n<meta name=\"robots\" content=\"index, follow, max-snippet:-1, max-image-preview:large, max-video-preview:-1\" \/>\n<link rel=\"canonical\" href=\"https:\/\/interamerica.org\/fr\/2025\/03\/la-session-2025-de-la-conference-generale-adopte-une-approche-qui-met-en-avant-le-numerique\/\" \/>\n<meta property=\"og:locale\" content=\"fr_FR\" \/>\n<meta property=\"og:type\" content=\"article\" \/>\n<meta property=\"og:title\" content=\"La session 2025 de la Conf\u00e9rence G\u00e9n\u00e9rale adopte une approche qui met en avant le num\u00e9rique - \u00c9glise Adventiste Du Septieme Jour - Inter Am\u00e9rique Division\" \/>\n<meta property=\"og:description\" content=\"La diffusion en direct, les r\u00e9seaux sociaux et la technologie encourageront la participation lors de la session de cette ann\u00e9e. 27 Mars 2025 | Silver Spring, Maryland, \u00c9tats-Unis | Lauren...\" \/>\n<meta property=\"og:url\" content=\"https:\/\/interamerica.org\/fr\/2025\/03\/la-session-2025-de-la-conference-generale-adopte-une-approche-qui-met-en-avant-le-numerique\/\" \/>\n<meta property=\"og:site_name\" content=\"\u00c9glise Adventiste Du Septieme Jour - Inter Am\u00e9rique Division\" \/>\n<meta property=\"article:published_time\" content=\"2025-03-27T18:42:45+00:00\" \/>\n<meta property=\"article:modified_time\" content=\"2025-03-29T08:35:41+00:00\" \/>\n<meta property=\"og:image\" content=\"https:\/\/interamerica.org\/wp-content\/uploads\/2025\/03\/leung-cho-pan-canva-teams.jpg\" \/>\n\t<meta property=\"og:image:width\" content=\"1280\" \/>\n\t<meta property=\"og:image:height\" content=\"800\" \/>\n\t<meta property=\"og:image:type\" content=\"image\/jpeg\" \/>\n<meta name=\"author\" content=\"libna\" \/>\n<meta name=\"twitter:card\" content=\"summary_large_image\" \/>\n<meta name=\"twitter:label1\" content=\"\u00c9crit par\" \/>\n\t<meta name=\"twitter:data1\" content=\"libna\" \/>\n\t<meta name=\"twitter:label2\" content=\"Dur\u00e9e de lecture estim\u00e9e\" \/>\n\t<meta name=\"twitter:data2\" content=\"5 minutes\" \/>\n<script type=\"application\/ld+json\" class=\"yoast-schema-graph\">{\"@context\":\"https:\\\/\\\/schema.org\",\"@graph\":[{\"@type\":\"Article\",\"@id\":\"https:\\\/\\\/interamerica.org\\\/fr\\\/2025\\\/03\\\/la-session-2025-de-la-conference-generale-adopte-une-approche-qui-met-en-avant-le-numerique\\\/#article\",\"isPartOf\":{\"@id\":\"https:\\\/\\\/interamerica.org\\\/fr\\\/2025\\\/03\\\/la-session-2025-de-la-conference-generale-adopte-une-approche-qui-met-en-avant-le-numerique\\\/\"},\"author\":{\"name\":\"libna\",\"@id\":\"https:\\\/\\\/interamerica.org\\\/fr\\\/#\\\/schema\\\/person\\\/29998f2bc2d8bd0d38662909289b54f1\"},\"headline\":\"La session 2025 de la Conf\u00e9rence G\u00e9n\u00e9rale adopte une approche qui met en avant le num\u00e9rique\",\"datePublished\":\"2025-03-27T18:42:45+00:00\",\"dateModified\":\"2025-03-29T08:35:41+00:00\",\"mainEntityOfPage\":{\"@id\":\"https:\\\/\\\/interamerica.org\\\/fr\\\/2025\\\/03\\\/la-session-2025-de-la-conference-generale-adopte-une-approche-qui-met-en-avant-le-numerique\\\/\"},\"wordCount\":1278,\"image\":{\"@id\":\"https:\\\/\\\/interamerica.org\\\/fr\\\/2025\\\/03\\\/la-session-2025-de-la-conference-generale-adopte-une-approche-qui-met-en-avant-le-numerique\\\/#primaryimage\"},\"thumbnailUrl\":\"https:\\\/\\\/interamerica.org\\\/wp-content\\\/uploads\\\/2025\\\/03\\\/leung-cho-pan-canva-teams.jpg\",\"articleSection\":[\"Nouvelles de l'\u00c9glise mondiale\",\"RSS Fran\u00e7ais\"],\"inLanguage\":\"fr-FR\"},{\"@type\":\"WebPage\",\"@id\":\"https:\\\/\\\/interamerica.org\\\/fr\\\/2025\\\/03\\\/la-session-2025-de-la-conference-generale-adopte-une-approche-qui-met-en-avant-le-numerique\\\/\",\"url\":\"https:\\\/\\\/interamerica.org\\\/fr\\\/2025\\\/03\\\/la-session-2025-de-la-conference-generale-adopte-une-approche-qui-met-en-avant-le-numerique\\\/\",\"name\":\"La session 2025 de la Conf\u00e9rence G\u00e9n\u00e9rale adopte une approche qui met en avant le num\u00e9rique - \u00c9glise Adventiste Du Septieme Jour - Inter Am\u00e9rique Division\",\"isPartOf\":{\"@id\":\"https:\\\/\\\/interamerica.org\\\/fr\\\/#website\"},\"primaryImageOfPage\":{\"@id\":\"https:\\\/\\\/interamerica.org\\\/fr\\\/2025\\\/03\\\/la-session-2025-de-la-conference-generale-adopte-une-approche-qui-met-en-avant-le-numerique\\\/#primaryimage\"},\"image\":{\"@id\":\"https:\\\/\\\/interamerica.org\\\/fr\\\/2025\\\/03\\\/la-session-2025-de-la-conference-generale-adopte-une-approche-qui-met-en-avant-le-numerique\\\/#primaryimage\"},\"thumbnailUrl\":\"https:\\\/\\\/interamerica.org\\\/wp-content\\\/uploads\\\/2025\\\/03\\\/leung-cho-pan-canva-teams.jpg\",\"datePublished\":\"2025-03-27T18:42:45+00:00\",\"dateModified\":\"2025-03-29T08:35:41+00:00\",\"author\":{\"@id\":\"https:\\\/\\\/interamerica.org\\\/fr\\\/#\\\/schema\\\/person\\\/29998f2bc2d8bd0d38662909289b54f1\"},\"breadcrumb\":{\"@id\":\"https:\\\/\\\/interamerica.org\\\/fr\\\/2025\\\/03\\\/la-session-2025-de-la-conference-generale-adopte-une-approche-qui-met-en-avant-le-numerique\\\/#breadcrumb\"},\"inLanguage\":\"fr-FR\",\"potentialAction\":[{\"@type\":\"ReadAction\",\"target\":[\"https:\\\/\\\/interamerica.org\\\/fr\\\/2025\\\/03\\\/la-session-2025-de-la-conference-generale-adopte-une-approche-qui-met-en-avant-le-numerique\\\/\"]}]},{\"@type\":\"ImageObject\",\"inLanguage\":\"fr-FR\",\"@id\":\"https:\\\/\\\/interamerica.org\\\/fr\\\/2025\\\/03\\\/la-session-2025-de-la-conference-generale-adopte-une-approche-qui-met-en-avant-le-numerique\\\/#primaryimage\",\"url\":\"https:\\\/\\\/interamerica.org\\\/wp-content\\\/uploads\\\/2025\\\/03\\\/leung-cho-pan-canva-teams.jpg\",\"contentUrl\":\"https:\\\/\\\/interamerica.org\\\/wp-content\\\/uploads\\\/2025\\\/03\\\/leung-cho-pan-canva-teams.jpg\",\"width\":1280,\"height\":800},{\"@type\":\"BreadcrumbList\",\"@id\":\"https:\\\/\\\/interamerica.org\\\/fr\\\/2025\\\/03\\\/la-session-2025-de-la-conference-generale-adopte-une-approche-qui-met-en-avant-le-numerique\\\/#breadcrumb\",\"itemListElement\":[{\"@type\":\"ListItem\",\"position\":1,\"name\":\"Home\",\"item\":\"https:\\\/\\\/interamerica.org\\\/fr\\\/\"},{\"@type\":\"ListItem\",\"position\":2,\"name\":\"La session 2025 de la Conf\u00e9rence G\u00e9n\u00e9rale adopte une approche qui met en avant le num\u00e9rique\"}]},{\"@type\":\"WebSite\",\"@id\":\"https:\\\/\\\/interamerica.org\\\/fr\\\/#website\",\"url\":\"https:\\\/\\\/interamerica.org\\\/fr\\\/\",\"name\":\"\u00c9glise Adventiste Du Septieme Jour - Inter Am\u00e9rique Division\",\"description\":\"\",\"potentialAction\":[{\"@type\":\"SearchAction\",\"target\":{\"@type\":\"EntryPoint\",\"urlTemplate\":\"https:\\\/\\\/interamerica.org\\\/fr\\\/?s={search_term_string}\"},\"query-input\":{\"@type\":\"PropertyValueSpecification\",\"valueRequired\":true,\"valueName\":\"search_term_string\"}}],\"inLanguage\":\"fr-FR\"},{\"@type\":\"Person\",\"@id\":\"https:\\\/\\\/interamerica.org\\\/fr\\\/#\\\/schema\\\/person\\\/29998f2bc2d8bd0d38662909289b54f1\",\"name\":\"libna\",\"image\":{\"@type\":\"ImageObject\",\"inLanguage\":\"fr-FR\",\"@id\":\"https:\\\/\\\/secure.gravatar.com\\\/avatar\\\/7c5bd30ae4b47a9ba3c856590957fd1d96dc588bf3ac05719d247e126840331f?s=96&d=mm&r=g\",\"url\":\"https:\\\/\\\/secure.gravatar.com\\\/avatar\\\/7c5bd30ae4b47a9ba3c856590957fd1d96dc588bf3ac05719d247e126840331f?s=96&d=mm&r=g\",\"contentUrl\":\"https:\\\/\\\/secure.gravatar.com\\\/avatar\\\/7c5bd30ae4b47a9ba3c856590957fd1d96dc588bf3ac05719d247e126840331f?s=96&d=mm&r=g\",\"caption\":\"libna\"}}]}<\/script>\n<!-- \/ Yoast SEO plugin. -->","yoast_head_json":{"title":"La session 2025 de la Conf\u00e9rence G\u00e9n\u00e9rale adopte une approche qui met en avant le num\u00e9rique - \u00c9glise Adventiste Du Septieme Jour - Inter Am\u00e9rique Division","robots":{"index":"index","follow":"follow","max-snippet":"max-snippet:-1","max-image-preview":"max-image-preview:large","max-video-preview":"max-video-preview:-1"},"canonical":"https:\/\/interamerica.org\/fr\/2025\/03\/la-session-2025-de-la-conference-generale-adopte-une-approche-qui-met-en-avant-le-numerique\/","og_locale":"fr_FR","og_type":"article","og_title":"La session 2025 de la Conf\u00e9rence G\u00e9n\u00e9rale adopte une approche qui met en avant le num\u00e9rique - \u00c9glise Adventiste Du Septieme Jour - Inter Am\u00e9rique Division","og_description":"La diffusion en direct, les r\u00e9seaux sociaux et la technologie encourageront la participation lors de la session de cette ann\u00e9e. 27 Mars 2025 | Silver Spring, Maryland, \u00c9tats-Unis | Lauren...","og_url":"https:\/\/interamerica.org\/fr\/2025\/03\/la-session-2025-de-la-conference-generale-adopte-une-approche-qui-met-en-avant-le-numerique\/","og_site_name":"\u00c9glise Adventiste Du Septieme Jour - Inter Am\u00e9rique Division","article_published_time":"2025-03-27T18:42:45+00:00","article_modified_time":"2025-03-29T08:35:41+00:00","og_image":[{"width":1280,"height":800,"url":"https:\/\/interamerica.org\/wp-content\/uploads\/2025\/03\/leung-cho-pan-canva-teams.jpg","type":"image\/jpeg"}],"author":"libna","twitter_card":"summary_large_image","twitter_misc":{"\u00c9crit par":"libna","Dur\u00e9e de lecture estim\u00e9e":"5 minutes"},"schema":{"@context":"https:\/\/schema.org","@graph":[{"@type":"Article","@id":"https:\/\/interamerica.org\/fr\/2025\/03\/la-session-2025-de-la-conference-generale-adopte-une-approche-qui-met-en-avant-le-numerique\/#article","isPartOf":{"@id":"https:\/\/interamerica.org\/fr\/2025\/03\/la-session-2025-de-la-conference-generale-adopte-une-approche-qui-met-en-avant-le-numerique\/"},"author":{"name":"libna","@id":"https:\/\/interamerica.org\/fr\/#\/schema\/person\/29998f2bc2d8bd0d38662909289b54f1"},"headline":"La session 2025 de la Conf\u00e9rence G\u00e9n\u00e9rale adopte une approche qui met en avant le num\u00e9rique","datePublished":"2025-03-27T18:42:45+00:00","dateModified":"2025-03-29T08:35:41+00:00","mainEntityOfPage":{"@id":"https:\/\/interamerica.org\/fr\/2025\/03\/la-session-2025-de-la-conference-generale-adopte-une-approche-qui-met-en-avant-le-numerique\/"},"wordCount":1278,"image":{"@id":"https:\/\/interamerica.org\/fr\/2025\/03\/la-session-2025-de-la-conference-generale-adopte-une-approche-qui-met-en-avant-le-numerique\/#primaryimage"},"thumbnailUrl":"https:\/\/interamerica.org\/wp-content\/uploads\/2025\/03\/leung-cho-pan-canva-teams.jpg","articleSection":["Nouvelles de l'\u00c9glise mondiale","RSS Fran\u00e7ais"],"inLanguage":"fr-FR"},{"@type":"WebPage","@id":"https:\/\/interamerica.org\/fr\/2025\/03\/la-session-2025-de-la-conference-generale-adopte-une-approche-qui-met-en-avant-le-numerique\/","url":"https:\/\/interamerica.org\/fr\/2025\/03\/la-session-2025-de-la-conference-generale-adopte-une-approche-qui-met-en-avant-le-numerique\/","name":"La session 2025 de la Conf\u00e9rence G\u00e9n\u00e9rale adopte une approche qui met en avant le num\u00e9rique - \u00c9glise Adventiste Du Septieme Jour - Inter Am\u00e9rique Division","isPartOf":{"@id":"https:\/\/interamerica.org\/fr\/#website"},"primaryImageOfPage":{"@id":"https:\/\/interamerica.org\/fr\/2025\/03\/la-session-2025-de-la-conference-generale-adopte-une-approche-qui-met-en-avant-le-numerique\/#primaryimage"},"image":{"@id":"https:\/\/interamerica.org\/fr\/2025\/03\/la-session-2025-de-la-conference-generale-adopte-une-approche-qui-met-en-avant-le-numerique\/#primaryimage"},"thumbnailUrl":"https:\/\/interamerica.org\/wp-content\/uploads\/2025\/03\/leung-cho-pan-canva-teams.jpg","datePublished":"2025-03-27T18:42:45+00:00","dateModified":"2025-03-29T08:35:41+00:00","author":{"@id":"https:\/\/interamerica.org\/fr\/#\/schema\/person\/29998f2bc2d8bd0d38662909289b54f1"},"breadcrumb":{"@id":"https:\/\/interamerica.org\/fr\/2025\/03\/la-session-2025-de-la-conference-generale-adopte-une-approche-qui-met-en-avant-le-numerique\/#breadcrumb"},"inLanguage":"fr-FR","potentialAction":[{"@type":"ReadAction","target":["https:\/\/interamerica.org\/fr\/2025\/03\/la-session-2025-de-la-conference-generale-adopte-une-approche-qui-met-en-avant-le-numerique\/"]}]},{"@type":"ImageObject","inLanguage":"fr-FR","@id":"https:\/\/interamerica.org\/fr\/2025\/03\/la-session-2025-de-la-conference-generale-adopte-une-approche-qui-met-en-avant-le-numerique\/#primaryimage","url":"https:\/\/interamerica.org\/wp-content\/uploads\/2025\/03\/leung-cho-pan-canva-teams.jpg","contentUrl":"https:\/\/interamerica.org\/wp-content\/uploads\/2025\/03\/leung-cho-pan-canva-teams.jpg","width":1280,"height":800},{"@type":"BreadcrumbList","@id":"https:\/\/interamerica.org\/fr\/2025\/03\/la-session-2025-de-la-conference-generale-adopte-une-approche-qui-met-en-avant-le-numerique\/#breadcrumb","itemListElement":[{"@type":"ListItem","position":1,"name":"Home","item":"https:\/\/interamerica.org\/fr\/"},{"@type":"ListItem","position":2,"name":"La session 2025 de la Conf\u00e9rence G\u00e9n\u00e9rale adopte une approche qui met en avant le num\u00e9rique"}]},{"@type":"WebSite","@id":"https:\/\/interamerica.org\/fr\/#website","url":"https:\/\/interamerica.org\/fr\/","name":"\u00c9glise Adventiste Du Septieme Jour - Inter Am\u00e9rique Division","description":"","potentialAction":[{"@type":"SearchAction","target":{"@type":"EntryPoint","urlTemplate":"https:\/\/interamerica.org\/fr\/?s={search_term_string}"},"query-input":{"@type":"PropertyValueSpecification","valueRequired":true,"valueName":"search_term_string"}}],"inLanguage":"fr-FR"},{"@type":"Person","@id":"https:\/\/interamerica.org\/fr\/#\/schema\/person\/29998f2bc2d8bd0d38662909289b54f1","name":"libna","image":{"@type":"ImageObject","inLanguage":"fr-FR","@id":"https:\/\/secure.gravatar.com\/avatar\/7c5bd30ae4b47a9ba3c856590957fd1d96dc588bf3ac05719d247e126840331f?s=96&d=mm&r=g","url":"https:\/\/secure.gravatar.com\/avatar\/7c5bd30ae4b47a9ba3c856590957fd1d96dc588bf3ac05719d247e126840331f?s=96&d=mm&r=g","contentUrl":"https:\/\/secure.gravatar.com\/avatar\/7c5bd30ae4b47a9ba3c856590957fd1d96dc588bf3ac05719d247e126840331f?s=96&d=mm&r=g","caption":"libna"}}]}},"_links":{"self":[{"href":"https:\/\/interamerica.org\/fr\/wp-json\/wp\/v2\/posts\/126687","targetHints":{"allow":["GET"]}}],"collection":[{"href":"https:\/\/interamerica.org\/fr\/wp-json\/wp\/v2\/posts"}],"about":[{"href":"https:\/\/interamerica.org\/fr\/wp-json\/wp\/v2\/types\/post"}],"author":[{"embeddable":true,"href":"https:\/\/interamerica.org\/fr\/wp-json\/wp\/v2\/users\/3"}],"replies":[{"embeddable":true,"href":"https:\/\/interamerica.org\/fr\/wp-json\/wp\/v2\/comments?post=126687"}],"version-history":[{"count":0,"href":"https:\/\/interamerica.org\/fr\/wp-json\/wp\/v2\/posts\/126687\/revisions"}],"wp:featuredmedia":[{"embeddable":true,"href":"https:\/\/interamerica.org\/fr\/wp-json\/wp\/v2\/media\/126612"}],"wp:attachment":[{"href":"https:\/\/interamerica.org\/fr\/wp-json\/wp\/v2\/media?parent=126687"}],"wp:term":[{"taxonomy":"category","embeddable":true,"href":"https:\/\/interamerica.org\/fr\/wp-json\/wp\/v2\/categories?post=126687"},{"taxonomy":"post_tag","embeddable":true,"href":"https:\/\/interamerica.org\/fr\/wp-json\/wp\/v2\/tags?post=126687"}],"curies":[{"name":"wp","href":"https:\/\/api.w.org\/{rel}","templated":true}]}}