{"id":12670,"date":"2007-01-10T00:00:00","date_gmt":"2007-01-10T04:00:00","guid":{"rendered":"http:\/\/192.81.217.108\/interamerica\/2007\/01\/eglise-adventiste-redefinir-la-signification-de-loeuvre-missionnaire-des-adventistes\/"},"modified":"2017-06-02T13:15:11","modified_gmt":"2017-06-02T17:15:11","slug":"eglise-adventiste-redefinir-la-signification-de-loeuvre-missionnaire-des-adventistes","status":"publish","type":"post","link":"https:\/\/interamerica.org\/fr\/2007\/01\/eglise-adventiste-redefinir-la-signification-de-loeuvre-missionnaire-des-adventistes\/","title":{"rendered":"Eglise Adventiste:  Red\u00e9finir la Signification de l&#39;Oeuvre Missionnaire des Adventistes"},"content":{"rendered":"<p>10 janvier 2007, Silver Spring, Maryland, Etats-Unis&#8230; (Taashi Rowe\/ANN) <\/p>\n<p>Il n&#39;y a pas assez longtemps la conception de l&#39;oeuvre missionnaire de l&#39;Eglise Adventiste du Septi\u00e8me jour \u00e9tait relativement d\u00e9finie de mani\u00e8re tr\u00e8s simple.  Le \u00ab\u00a0Vrai\u00a0\u00bb travail missionnaire \u00e9tait accompli par les membres d&#39;\u00e9glise des pays de l&#39;h\u00e9misph\u00e8re Occidental qui voyageaient \u00e0 t ravers le monde y r\u00e9sidaient parmi les natifs de ces pays pendant de longues p\u00e9riodes de temps avec l&#39;espoir de partager l&#39;\u00e9vangile et \u00e9ventuellement baptiser quelques personnes qui se joindraient \u00e0 l&#39;\u00e9glise Adventiste.  Aujourd&#39;hui, il y a pratiquement des centaines de moyens de participer \u00e0 l&#39;oeuvre missionnaire au sein de l&#39;\u00e9glise Adventiste sans tenir compte du concept traditionnel de l&#39;oeuvre missionnaire destin\u00e9e aux missions \u00e9trang\u00e8res. <\/p>\n<p>En quoi consiste l&#39;oeuvre missionnaire Adventiste?  Cela d\u00e9pend de la personne \u00e0 qui vous posez la question.  Certains disent que l&#39;oeuvre missionnaire consiste \u00e0 faire du b\u00e9n\u00e9volat dans votre communaut\u00e9 locale.  D&#39;autres avancent que l&#39;oeuvre missionnaire est le travail accompli par des groupes de jeunes qui se sont consacr\u00e9s pendant 10 jours \u00e0 la construction d&#39;une \u00e9glise dans une certaine partie du monde, en risquant leur vie pour partager la bonne nouvelle du message de Christ aux endroits o\u00f9 il n&#39;y a pas de Chr\u00e9tiens, ou en offrant leur expertise dans certains domaines tel celui de la m\u00e9decine dans les milieux o\u00f9 il est interdit de pr\u00e9senter l&#39;\u00e9vangile.  D&#39;autres pensent aussi que l&#39;oeuvre missionnaire consiste \u00e0 travailler pour une institution Adventiste, une \u00e9cole ou un h\u00f4pital par exemple, dans une certaine partie du monde. <\/p>\n<p>Bruce Bauer, un professeur sp\u00e9cialis\u00e9 dans l&#39;\u00e9tude de l&#39;oeuvre missionnaire \u00e0 Andrews University \u00e0 Berrien Springs, dans le Michigan, avance, que \u00ab\u00a0l&#39;\u00e9glise Adventiste se d\u00e9bat pr\u00e9sentement pour d\u00e9finir (en quoi) consiste l&#39;oeuvre missionnaire.\u00a0\u00bb  Aujourd&#39;hui, il y a environ 1.000 ouvriers missionnaires qui sont envoy\u00e9s par le quartier g\u00e9n\u00e9ral de l&#39;\u00e9glise, ce qui repr\u00e9sente environ la moiti\u00e9 de l&#39;effectif habituel.  Et un examen minutieux de cet effectif r\u00e9v\u00e8le que plusieurs d&#39;entre eux sont \u00e0 la v\u00e9rit\u00e9 des missionnaires attach\u00e9s \u00e0 des institutions qui ne participent pas directement au travail sur le terrain, ou \u00e0 la pr\u00e9dication de l&#39;\u00e9vangile destin\u00e9 aux nouveaux convertis. <\/p>\n<p>Bauer, qui a pass\u00e9 des ann\u00e9es dans le champ missionnaire traditionnel, est concern\u00e9 par le nombre d&#39;ouvriers qui \u00ab\u00a0travaillent pour ceux qui sont d\u00e9j\u00e0 Adventistes.\u00a0\u00bb <\/p>\n<p>Quand nos dirigeants d&#39;\u00e9glise avaient \u00e9t\u00e9 recrut\u00e9s par le pass\u00e9,  ils partaient en tant que pionnier, en tant qu&#39;implanteurs d&#39;\u00e9glise pour \u00e9tablir l&#39;oeuvre dans certains pays.  Il partaient pour un temps tr\u00e8s long, apprenaient la langue et la culture et avaient l&#39;intention de s&#39;y rendre pour le reste de leurs vies.  Quand nous avions approch\u00e9 les ann\u00e9es 1940 et 50 l&#39;oeuvre missionnaire est devenue plus institutionalis\u00e9e\u00a0\u00bb explique Bauer. <\/p>\n<p>Mais travailler pour les institutions Adventistes est encore l&#39;oeuvre missionnaire, insiste Cheryl Doss, un ancien missionnaire et assistant-directeur de l&#39;Institut de la Mission Mondiale \u00e0 Andrews University. <\/p>\n<p>\u00ab\u00a0Oui, nous avons tendance \u00e0 concentrer notre champ d&#39;action dans les projets qui ont eu du succ\u00e8s,\u00a0\u00bb d\u00e9clare Doss.  (Mais) cela ne vous emp\u00eache pas d&#39;\u00eatre un ouvrier de terrain.  Nous avions v\u00e9cu dans un champ missionnaire qui avait une \u00e9cole destin\u00e9e \u00e0 la formation d&#39;ouvriers.  Pendant les 10 ans que nous y avions v\u00e9cu sept  nouvelles \u00e9glises ont \u00e9t\u00e9 implant\u00e9es.  Il y avait avant 250.000 membres dans ce petit pays, ce qui ne repr\u00e9sentait pas un travail de pionnier, mais c&#39;\u00e9tait&#8230; une portion importante de l&#39;oeuvre missionnaire qui devait \u00eatre accomplie.\u00a0\u00bb <\/p>\n<p>En 2005 l&#39;Eglise Adventiste du Septi\u00e8me jour a convenu de d\u00e9finir sa mission d&#39;une autre mani\u00e8re.  Les dirigeants de l&#39;oeuvre ont fait des plans pour \u00ab\u00a0Annoncer  Au Monde\u00a0\u00bb&#8211; un slogan qui englobe la mission de l&#39;\u00e9glise pour attirer autant que possible le plus grand nombre de personnes \u00e0 J\u00e9sus.  Le mouvement \u00ab\u00a0Annoncez Au Monde\u00a0\u00bb invite cinq millions d&#39;Adventistes du Septi\u00e8me jour \u00e0 inviter au moins une personne \u00e0 J\u00e9sus et d&#39;amener tous ces gens \u00e0 se joindre \u00e0 l&#39;assembl\u00e9e de la famille de Dieu en 2010.\u00a0\u00bb  Annoncez J\u00e9sus \u00e0 tout le monde va au-del\u00e0 des m\u00e9thodes traditionnelles. <\/p>\n<p>L&#39;une des m\u00e9thodes non-traditionnelles pour \u00ab\u00a0Annoncer Au Monde\u00a0\u00bb a d\u00e9j\u00e0 \u00e9t\u00e9 mise en place par la Mission Gobale  qui a \u00e9t\u00e9 cr\u00e9e en 1990 pour aider \u00e0 l&#39;\u00e9tablissement d&#39;\u00e9glises dans les milieux o\u00f9 il n&#39;y avait pas d&#39;Adventistes.  Le r\u00f4le de la Mission Globale est de toucher ceux qui ne peuvent \u00eatre touch\u00e9s de l&#39;esp\u00e9rance.\u00a0\u00bb  Ceci se d\u00e9roule dans les endroits du monde que l&#39;\u00e9glise d\u00e9nomme la fen\u00eatre 10\/40, un terme utilis\u00e9 pour d\u00e9crire un rectangle g\u00e9ographique qui s&#39;\u00e9tend de l&#39;Afrique Occidentale, en passant par le Moyen Orient, et jusqu&#39;en Asie.  Depuis l&#39;existence de la Mission Globale il y a eu une une expansion de l&#39;\u00e9glise Adventiste dans ces endroits. <\/p>\n<p>Jon Dybdahl, ancien pr\u00e9sident de Walla Wallla University et ancien missionnaire, a d\u00e9clar\u00e9 que la Mission Globale \u00a0\u00bb a radicalement chang\u00e9 la strat\u00e9gie de la mission de l&#39;\u00e9glise.  Au llieu de mettre l&#39;emphase sur le nombre de personnes que nous baptisons nous nous concentrons sur le nombre d&#39;\u00e9glises que nous pouvons mettre en place l\u00e0 o\u00f9 il n&#39;y a pas d&#39;Adventistes.\u00a0\u00bb <\/p>\n<p>Bien qu&#39;il n&#39;ait eu que des \u00e9loges \u00e0 l&#39;endroit de la Mission Globale, Lester Merklin, directeur de l&#39;Institut de la Mission Mondiale, est cependant pr\u00e9occup\u00e9 de son impact sur l&#39;oevre missionnaire \u00e0 travers le champ \u00e9tranger.  \u00ab\u00a0Je pr\u00e9sume&#8230; et ceci a laiss\u00e9 une impression sur le (monde Occidental) que partout dans le monde il existe des gens qui peuvent participer \u00e0 l&#39;oeuvre des missions si nous leur donnons une petite gratification.  Le travail missionnaire est une responsabilit\u00e9 de l&#39;\u00e9glise.  Nous n&#39;avons aucune personne ressource dans la fen\u00eatre 10\/40 des Musulmans qui puisse aller et accomplir le travail missionnaire.  Il faudrait un effort concert\u00e9 de tout le champ mondial .\u00a0\u00bb <\/p>\n<p>Bien qu&#39;il y ait une diminution remarquable de missionnaires \u00ab\u00a0professionnels\u00a0\u00bb \u00e0 long terme il y a aussi un grand nombre de personnes qui s&#39;engagent \u00e0 participer au travail missionnaire \u00e0 court terme.  Des gens comme Tom Slikkers, que beaucoup de personnes n&#39;auraient pas voulu consid\u00e9rer comme \u00e9tant un missionnaire.  Mais le vice pr\u00e9sident de S2 Yachts, une compagnie maritime bas\u00e9e en Holland, au Michigan a contribu\u00e9 en grande partie \u00e0 construire un monument durable pour le Christ.   Avec la participation d&#39;une mission de courte dur\u00e9e du groupe, \u00ab\u00a0Maranatha Volunteers International\u00a0\u00bb, Slikkers et sa compagnie ont utilis\u00e9 leur expertise de constructeurs de bateaux pour \u00e9tablir une \u00e9glise flottante sur les hauteurs du Lac Titicaca au P\u00e9rou. <\/p>\n<p>Bien que plusieurs dirigeants d&#39;\u00e9glise conviennent que l&#39;impact de ces missionnaires \u00e0 court terme soit assez significatif, mais il existe par contre une certaine pr\u00e9occupation chez plusieurs personnes de l&#39;\u00e9glise.  Les traditionalistes tel que Bauer,  Lester Merklin et d&#39;autres s&#39;inqui\u00e8tent du fait que les missionnaires \u00e0 court terme n&#39;ont pas la formation pour bien servir dans les milieux \u00e9trangers. <\/p>\n<p>Il ajoute que les missionnaires \u00e0 long terme ont tendance \u00e0 r\u00e9fl\u00e9chir \u00e0 la d\u00e9cision \u00e0 prendre par suite d&#39;un \u00ab\u00a0appel personnel de Dieu concernant un peuple et un endroit sp\u00e9cifique.  Vous devez avoir le sentiment que vous \u00eates pr\u00e9sentement au bon moment et \u00e0 l&#39;endroit que Dieu vous destine.\u00a0\u00bb <\/p>\n<p>D&#39;autre part, Vernon Parmenter, assistant secr\u00e9taire de l&#39;\u00e9glise mondiale du quartier g\u00e9n\u00e9n\u00e9ral, avance que les missionnaires \u00e0 court-terme sont une b\u00e9n\u00e9diction pour l&#39;\u00e9glise.  Il d\u00e9clare que l&#39;\u00e9glise n&#39;a pas un budget lui permettant de payer autant de missionnaires comme elle le voudrait et doit d\u00e9pendre de ces ouvriers \u00e0 court terme.  Par le biais du Centre des Volontaires Adventistes, que dirige Parmenter, des centaines de gens partent en mission un peu partout pendant une p\u00e9riode allant de deux mois \u00e0 deux ans.  Il avance que le travail accompli par ces volontaires, en pr\u00eachant et en tenant des \u00e9tudes Bibliques, peut \u00eatre consid\u00e9r\u00e9 comme un travail missionnaire de terrain. <\/p>\n<p>Bauer d\u00e9clare qu&#39;il ne croit pas au travail partiel des missionnaires.  \u00ab\u00a0J&#39;ai de la difffcult\u00e9 \u00e0 comprendre que des gens re\u00e7oivent le bapt\u00eame apr\u00e8s trois semaines sans une \u00e9tude approfondie de la culture.\u00a0\u00bb <\/p>\n<p>La pr\u00e9occupation de Bauer a \u00e9t\u00e9 exprim\u00e9e par les dirigeants de l&#39;\u00e9glise.  A plusieurs reprises les statistiques de l&#39;\u00e9glise ont r\u00e9v\u00e9l\u00e9 qu&#39;\u00e0 une grande affluence de nouveaux membres baptis\u00e9s de l&#39;\u00e9glise au cours d&#39;une croisade de trois semaines suit une sortie massive quelques mois plus tard. <\/p>\n<p>Mais le travail missionnaire \u00e0 long terme n&#39;emp\u00eache pas le travail missionnaire de courte dur\u00e9e d\u00e9clare Scott Griswold, qui dirige le Centre d&#39;Etude d&#39;Asie de l&#39;\u00e9glise Adventiste.  Il dit que, \u00ab\u00a0les missions \u00e0 court terme peuvent absorbrer une grande partie du travail des missionnaires \u00e0 long terme, mais peuvent grandement inspirer ceux qui y vont.\u00a0\u00bb <\/p>\n<p>Il partage la pr\u00e9occupation de Bauer que les missionnaires \u00e0 court terme ne tiennent pas compte de l&#39;actualisation de la pr\u00e9sentation du message de l&#39;\u00e9vangile: \u00ab\u00a0En ce qui concerne les missionnaires \u00e0 court terme, il rencontrent des obstacles \u00e0 cause de leur propre perspective et  de leurs croyances.  Nous devons essayer de connaitre les croyances (des natifs) et pr\u00e9senter les v\u00e9rit\u00e9s de Dieu de mani\u00e8re qu&#39;ils puissent les comprendre.  Ce n&#39;est pas un changement du message de Dieu mais un changement de r\u00e9ception.  Cependant, l&#39;actualisation n&#39;est pas aussi importante que l&#39;action du Saint Esprit qui seul peut aider \u00e0 renverser les barri\u00e8res sp\u00e9cialement gr\u00e2ce \u00e0 son incompr\u00e9hensible amour divin.\u00a0\u00bb <\/p>\n<p>Griswold, qui a \u00e9t\u00e9 un missionnaire pendant 10 ans, conseille que, \u00ab\u00a0les missionnaires \u00e0 court-terme devraient minutieusement pr\u00eater attention aux conseil de ceux qui sont sur le terrain pour savoir ce qu&#39;il faut au lieu de poursuivre leur propre agenda.  Un s\u00e9rieux, partenariat \u00e0 long terme serait profitable \u00e0 ceux qui vont assez souvent dans certains endroits pour des programmes de court terme. <\/p>\n<p>Kyle Fiess, vice pr\u00e9sident de marketing du \u00ab\u00a0Maranatha Volunteers International, convient que le changement des coeurs et des esprits pour l&#39;\u00e9ternit\u00e9 ne survient pas dans 15 soir\u00e9es de croisade.  Il explique que Maranatha intervient le plus souvent l\u00e0 o\u00f9 existe une \u00e9glise Adventiste qui travaille avec la communaut\u00e9 et qui pr\u00e9pare les gens au bapt\u00eame. <\/p>\n<p>Nous nous sommes sans aucun doute engag\u00e9s \u00e0 devenir des missionnaires.  Pendant ces exp\u00e9riences (de courte dur\u00e9e) nous esp\u00e9rons influencer la vie des gens et changer leur perception de l&#39;oeuvre missionnaire,\u00a0\u00bb dit Fiess. <\/p>\n<p>Quand on a pos\u00e9 la question concernant le futur de l&#39;oeuvre missionnaire de l&#39;\u00e9glise Adventiste, Dybdahl a exprim\u00e9 une pr\u00e9occupation que beaucoup de \u00ab\u00a0gens de l&#39;oeuvre aient tr\u00e8s peu d&#39;informations sur l&#39;\u00e9glise internationale et de sa mission, l&#39;histoire de sa mission et ses projets de mission.\u00a0\u00bb <\/p>\n<p>Bauer agr\u00e9e, en disant que c&#39;est parce que beaucoup d&#39;\u00e9glises Adventistes donnent \u00e0 leurs membres \u00ab\u00a0l&#39;impression qu&#39;il n&#39;y a plus rien \u00e0 faire.   Nous pouvons nous asseoir dans nos berceuses et attendre que Christ revienne.\u00a0\u00bb  Bauer sugg\u00e8re que l&#39;\u00e9glise r\u00e9partisse ses ressources diff\u00e9rement pour p\u00e9n\u00e9trer les endroits vierges. <\/p>\n<p>Doss avance, \u00ab\u00a0Nous avons un long chemin \u00e0 parcourir.  Il y a beaucoup de gens qui n&#39;ont pas encore entendu parler de J\u00e9sus de mani\u00e8re intelligible.  Nous devons trouver des gens qui soient dispos\u00e9s \u00e0 les entendre et apprendre d&#39;eux et vivre avec eux.  Je pressens que  nous marchons dans cette direction.  J&#39;esp\u00e8re et prie pour que nous profitions du moment et trouvions des moyens pour pouvoir pr\u00e9parer les gens \u00e0 r\u00e9pondre \u00e0 l&#39;appel de Dieu.\u00a0\u00bb <\/p>\n<p>La participation au travail missionnaire est une exp\u00e9rience assez cruciale de la vie Chr\u00e9tienne. d\u00e9clare Gary Krause, directeur du Bureau de la Mission Adventiste au quartier g\u00e9n\u00e9ral de l&#39;oeuvre Adventiste mondiale.  Il r\u00e9sume le besoin de la mission de l&#39;\u00e9glise en se r\u00e9f\u00e9rant \u00e0 Matthieu 28:19:  \u00ab\u00a0J\u00e9sus n&#39;avait pas sugg\u00e9r\u00e9 ou demand\u00e9&#8211;Il nous a dit d&#39;aller partout le monde.  Nous sommes une \u00e9glise mondiale avec une mission mondiale.\u00a0\u00bb  <\/p>\n<p>Appuyez ici pour lire la d\u00e9claration de la mission de l&#39;Eglise Adventiste du Septi\u00e8me jour.   <\/p>\n","protected":false},"excerpt":{"rendered":"<p>Il n&#39;y a pas assez longtemps la conception de l&#39;oeuvre missionnaire de l&#39;Eglise Adventiste du Septi\u00e8me jour \u00e9tait relativement d\u00e9finie de mani\u00e8re tr\u00e8s simple.  Le \u00ab\u00a0Vrai\u00a0\u00bb travail missionnaire &#038;eacu<\/p>\n","protected":false},"author":1,"featured_media":0,"comment_status":"closed","ping_status":"closed","sticky":false,"template":"","format":"standard","meta":{"_acf_changed":false,"footnotes":""},"categories":[9],"tags":[],"class_list":["post-12670","post","type-post","status-publish","format-standard","hentry","category-archive-fr"],"acf":[],"yoast_head":"<!-- This site is optimized with the Yoast SEO plugin v27.3 - https:\/\/yoast.com\/product\/yoast-seo-wordpress\/ -->\n<title>Eglise Adventiste: Red\u00e9finir la Signification de l&#039;Oeuvre Missionnaire des Adventistes - \u00c9glise Adventiste Du Septieme Jour - Inter Am\u00e9rique Division<\/title>\n<meta name=\"robots\" content=\"index, follow, max-snippet:-1, max-image-preview:large, max-video-preview:-1\" \/>\n<link rel=\"canonical\" href=\"https:\/\/interamerica.org\/fr\/2007\/01\/eglise-adventiste-redefinir-la-signification-de-loeuvre-missionnaire-des-adventistes\/\" \/>\n<meta property=\"og:locale\" content=\"fr_FR\" \/>\n<meta property=\"og:type\" content=\"article\" \/>\n<meta property=\"og:title\" content=\"Eglise Adventiste: Red\u00e9finir la Signification de l&#039;Oeuvre Missionnaire des Adventistes - \u00c9glise Adventiste Du Septieme Jour - Inter Am\u00e9rique Division\" \/>\n<meta property=\"og:description\" content=\"Il n&#039;y a pas assez longtemps la conception de l&#039;oeuvre missionnaire de l&#039;Eglise Adventiste du Septi\u00e8me jour \u00e9tait relativement d\u00e9finie de mani\u00e8re tr\u00e8s simple. Le &quot;Vrai&quot; travail missionnaire &amp;eacu\" \/>\n<meta property=\"og:url\" content=\"https:\/\/interamerica.org\/fr\/2007\/01\/eglise-adventiste-redefinir-la-signification-de-loeuvre-missionnaire-des-adventistes\/\" \/>\n<meta property=\"og:site_name\" content=\"\u00c9glise Adventiste Du Septieme Jour - Inter Am\u00e9rique Division\" \/>\n<meta property=\"article:published_time\" content=\"2007-01-10T04:00:00+00:00\" \/>\n<meta property=\"article:modified_time\" content=\"2017-06-02T17:15:11+00:00\" \/>\n<meta name=\"author\" content=\"Lorenzo Verduzco\" \/>\n<meta name=\"twitter:card\" content=\"summary_large_image\" \/>\n<meta name=\"twitter:label1\" content=\"\u00c9crit par\" \/>\n\t<meta name=\"twitter:data1\" content=\"Lorenzo Verduzco\" \/>\n\t<meta name=\"twitter:label2\" content=\"Dur\u00e9e de lecture estim\u00e9e\" \/>\n\t<meta name=\"twitter:data2\" content=\"11 minutes\" \/>\n<script type=\"application\/ld+json\" class=\"yoast-schema-graph\">{\"@context\":\"https:\\\/\\\/schema.org\",\"@graph\":[{\"@type\":\"Article\",\"@id\":\"https:\\\/\\\/interamerica.org\\\/fr\\\/2007\\\/01\\\/eglise-adventiste-redefinir-la-signification-de-loeuvre-missionnaire-des-adventistes\\\/#article\",\"isPartOf\":{\"@id\":\"https:\\\/\\\/interamerica.org\\\/fr\\\/2007\\\/01\\\/eglise-adventiste-redefinir-la-signification-de-loeuvre-missionnaire-des-adventistes\\\/\"},\"author\":{\"name\":\"Lorenzo Verduzco\",\"@id\":\"https:\\\/\\\/interamerica.org\\\/fr\\\/#\\\/schema\\\/person\\\/68ede8bdc292885bb76c1e3810e73c39\"},\"headline\":\"Eglise Adventiste: Red\u00e9finir la Signification de l&#39;Oeuvre Missionnaire des Adventistes\",\"datePublished\":\"2007-01-10T04:00:00+00:00\",\"dateModified\":\"2017-06-02T17:15:11+00:00\",\"mainEntityOfPage\":{\"@id\":\"https:\\\/\\\/interamerica.org\\\/fr\\\/2007\\\/01\\\/eglise-adventiste-redefinir-la-signification-de-loeuvre-missionnaire-des-adventistes\\\/\"},\"wordCount\":2146,\"articleSection\":[\"Archive\"],\"inLanguage\":\"fr-FR\"},{\"@type\":\"WebPage\",\"@id\":\"https:\\\/\\\/interamerica.org\\\/fr\\\/2007\\\/01\\\/eglise-adventiste-redefinir-la-signification-de-loeuvre-missionnaire-des-adventistes\\\/\",\"url\":\"https:\\\/\\\/interamerica.org\\\/fr\\\/2007\\\/01\\\/eglise-adventiste-redefinir-la-signification-de-loeuvre-missionnaire-des-adventistes\\\/\",\"name\":\"Eglise Adventiste: Red\u00e9finir la Signification de l&#39;Oeuvre Missionnaire des Adventistes - \u00c9glise Adventiste Du Septieme Jour - Inter Am\u00e9rique Division\",\"isPartOf\":{\"@id\":\"https:\\\/\\\/interamerica.org\\\/fr\\\/#website\"},\"datePublished\":\"2007-01-10T04:00:00+00:00\",\"dateModified\":\"2017-06-02T17:15:11+00:00\",\"author\":{\"@id\":\"https:\\\/\\\/interamerica.org\\\/fr\\\/#\\\/schema\\\/person\\\/68ede8bdc292885bb76c1e3810e73c39\"},\"breadcrumb\":{\"@id\":\"https:\\\/\\\/interamerica.org\\\/fr\\\/2007\\\/01\\\/eglise-adventiste-redefinir-la-signification-de-loeuvre-missionnaire-des-adventistes\\\/#breadcrumb\"},\"inLanguage\":\"fr-FR\",\"potentialAction\":[{\"@type\":\"ReadAction\",\"target\":[\"https:\\\/\\\/interamerica.org\\\/fr\\\/2007\\\/01\\\/eglise-adventiste-redefinir-la-signification-de-loeuvre-missionnaire-des-adventistes\\\/\"]}]},{\"@type\":\"BreadcrumbList\",\"@id\":\"https:\\\/\\\/interamerica.org\\\/fr\\\/2007\\\/01\\\/eglise-adventiste-redefinir-la-signification-de-loeuvre-missionnaire-des-adventistes\\\/#breadcrumb\",\"itemListElement\":[{\"@type\":\"ListItem\",\"position\":1,\"name\":\"Home\",\"item\":\"https:\\\/\\\/interamerica.org\\\/fr\\\/\"},{\"@type\":\"ListItem\",\"position\":2,\"name\":\"Eglise Adventiste: Red\u00e9finir la Signification de l&#39;Oeuvre Missionnaire des Adventistes\"}]},{\"@type\":\"WebSite\",\"@id\":\"https:\\\/\\\/interamerica.org\\\/fr\\\/#website\",\"url\":\"https:\\\/\\\/interamerica.org\\\/fr\\\/\",\"name\":\"\u00c9glise Adventiste Du Septieme Jour - Inter Am\u00e9rique Division\",\"description\":\"\",\"potentialAction\":[{\"@type\":\"SearchAction\",\"target\":{\"@type\":\"EntryPoint\",\"urlTemplate\":\"https:\\\/\\\/interamerica.org\\\/fr\\\/?s={search_term_string}\"},\"query-input\":{\"@type\":\"PropertyValueSpecification\",\"valueRequired\":true,\"valueName\":\"search_term_string\"}}],\"inLanguage\":\"fr-FR\"},{\"@type\":\"Person\",\"@id\":\"https:\\\/\\\/interamerica.org\\\/fr\\\/#\\\/schema\\\/person\\\/68ede8bdc292885bb76c1e3810e73c39\",\"name\":\"Lorenzo Verduzco\",\"image\":{\"@type\":\"ImageObject\",\"inLanguage\":\"fr-FR\",\"@id\":\"https:\\\/\\\/secure.gravatar.com\\\/avatar\\\/fb81a55b6218459490a9c1dc841a34909185b81904c5337b4b27f7a6fd60c49e?s=96&d=mm&r=g\",\"url\":\"https:\\\/\\\/secure.gravatar.com\\\/avatar\\\/fb81a55b6218459490a9c1dc841a34909185b81904c5337b4b27f7a6fd60c49e?s=96&d=mm&r=g\",\"contentUrl\":\"https:\\\/\\\/secure.gravatar.com\\\/avatar\\\/fb81a55b6218459490a9c1dc841a34909185b81904c5337b4b27f7a6fd60c49e?s=96&d=mm&r=g\",\"caption\":\"Lorenzo Verduzco\"}}]}<\/script>\n<!-- \/ Yoast SEO plugin. -->","yoast_head_json":{"title":"Eglise Adventiste: Red\u00e9finir la Signification de l&#39;Oeuvre Missionnaire des Adventistes - \u00c9glise Adventiste Du Septieme Jour - Inter Am\u00e9rique Division","robots":{"index":"index","follow":"follow","max-snippet":"max-snippet:-1","max-image-preview":"max-image-preview:large","max-video-preview":"max-video-preview:-1"},"canonical":"https:\/\/interamerica.org\/fr\/2007\/01\/eglise-adventiste-redefinir-la-signification-de-loeuvre-missionnaire-des-adventistes\/","og_locale":"fr_FR","og_type":"article","og_title":"Eglise Adventiste: Red\u00e9finir la Signification de l&#39;Oeuvre Missionnaire des Adventistes - \u00c9glise Adventiste Du Septieme Jour - Inter Am\u00e9rique Division","og_description":"Il n&#39;y a pas assez longtemps la conception de l&#39;oeuvre missionnaire de l&#39;Eglise Adventiste du Septi\u00e8me jour \u00e9tait relativement d\u00e9finie de mani\u00e8re tr\u00e8s simple. Le \"Vrai\" travail missionnaire &eacu","og_url":"https:\/\/interamerica.org\/fr\/2007\/01\/eglise-adventiste-redefinir-la-signification-de-loeuvre-missionnaire-des-adventistes\/","og_site_name":"\u00c9glise Adventiste Du Septieme Jour - Inter Am\u00e9rique Division","article_published_time":"2007-01-10T04:00:00+00:00","article_modified_time":"2017-06-02T17:15:11+00:00","author":"Lorenzo Verduzco","twitter_card":"summary_large_image","twitter_misc":{"\u00c9crit par":"Lorenzo Verduzco","Dur\u00e9e de lecture estim\u00e9e":"11 minutes"},"schema":{"@context":"https:\/\/schema.org","@graph":[{"@type":"Article","@id":"https:\/\/interamerica.org\/fr\/2007\/01\/eglise-adventiste-redefinir-la-signification-de-loeuvre-missionnaire-des-adventistes\/#article","isPartOf":{"@id":"https:\/\/interamerica.org\/fr\/2007\/01\/eglise-adventiste-redefinir-la-signification-de-loeuvre-missionnaire-des-adventistes\/"},"author":{"name":"Lorenzo Verduzco","@id":"https:\/\/interamerica.org\/fr\/#\/schema\/person\/68ede8bdc292885bb76c1e3810e73c39"},"headline":"Eglise Adventiste: Red\u00e9finir la Signification de l&#39;Oeuvre Missionnaire des Adventistes","datePublished":"2007-01-10T04:00:00+00:00","dateModified":"2017-06-02T17:15:11+00:00","mainEntityOfPage":{"@id":"https:\/\/interamerica.org\/fr\/2007\/01\/eglise-adventiste-redefinir-la-signification-de-loeuvre-missionnaire-des-adventistes\/"},"wordCount":2146,"articleSection":["Archive"],"inLanguage":"fr-FR"},{"@type":"WebPage","@id":"https:\/\/interamerica.org\/fr\/2007\/01\/eglise-adventiste-redefinir-la-signification-de-loeuvre-missionnaire-des-adventistes\/","url":"https:\/\/interamerica.org\/fr\/2007\/01\/eglise-adventiste-redefinir-la-signification-de-loeuvre-missionnaire-des-adventistes\/","name":"Eglise Adventiste: Red\u00e9finir la Signification de l&#39;Oeuvre Missionnaire des Adventistes - \u00c9glise Adventiste Du Septieme Jour - Inter Am\u00e9rique Division","isPartOf":{"@id":"https:\/\/interamerica.org\/fr\/#website"},"datePublished":"2007-01-10T04:00:00+00:00","dateModified":"2017-06-02T17:15:11+00:00","author":{"@id":"https:\/\/interamerica.org\/fr\/#\/schema\/person\/68ede8bdc292885bb76c1e3810e73c39"},"breadcrumb":{"@id":"https:\/\/interamerica.org\/fr\/2007\/01\/eglise-adventiste-redefinir-la-signification-de-loeuvre-missionnaire-des-adventistes\/#breadcrumb"},"inLanguage":"fr-FR","potentialAction":[{"@type":"ReadAction","target":["https:\/\/interamerica.org\/fr\/2007\/01\/eglise-adventiste-redefinir-la-signification-de-loeuvre-missionnaire-des-adventistes\/"]}]},{"@type":"BreadcrumbList","@id":"https:\/\/interamerica.org\/fr\/2007\/01\/eglise-adventiste-redefinir-la-signification-de-loeuvre-missionnaire-des-adventistes\/#breadcrumb","itemListElement":[{"@type":"ListItem","position":1,"name":"Home","item":"https:\/\/interamerica.org\/fr\/"},{"@type":"ListItem","position":2,"name":"Eglise Adventiste: Red\u00e9finir la Signification de l&#39;Oeuvre Missionnaire des Adventistes"}]},{"@type":"WebSite","@id":"https:\/\/interamerica.org\/fr\/#website","url":"https:\/\/interamerica.org\/fr\/","name":"\u00c9glise Adventiste Du Septieme Jour - Inter Am\u00e9rique Division","description":"","potentialAction":[{"@type":"SearchAction","target":{"@type":"EntryPoint","urlTemplate":"https:\/\/interamerica.org\/fr\/?s={search_term_string}"},"query-input":{"@type":"PropertyValueSpecification","valueRequired":true,"valueName":"search_term_string"}}],"inLanguage":"fr-FR"},{"@type":"Person","@id":"https:\/\/interamerica.org\/fr\/#\/schema\/person\/68ede8bdc292885bb76c1e3810e73c39","name":"Lorenzo Verduzco","image":{"@type":"ImageObject","inLanguage":"fr-FR","@id":"https:\/\/secure.gravatar.com\/avatar\/fb81a55b6218459490a9c1dc841a34909185b81904c5337b4b27f7a6fd60c49e?s=96&d=mm&r=g","url":"https:\/\/secure.gravatar.com\/avatar\/fb81a55b6218459490a9c1dc841a34909185b81904c5337b4b27f7a6fd60c49e?s=96&d=mm&r=g","contentUrl":"https:\/\/secure.gravatar.com\/avatar\/fb81a55b6218459490a9c1dc841a34909185b81904c5337b4b27f7a6fd60c49e?s=96&d=mm&r=g","caption":"Lorenzo Verduzco"}}]}},"_links":{"self":[{"href":"https:\/\/interamerica.org\/fr\/wp-json\/wp\/v2\/posts\/12670","targetHints":{"allow":["GET"]}}],"collection":[{"href":"https:\/\/interamerica.org\/fr\/wp-json\/wp\/v2\/posts"}],"about":[{"href":"https:\/\/interamerica.org\/fr\/wp-json\/wp\/v2\/types\/post"}],"author":[{"embeddable":true,"href":"https:\/\/interamerica.org\/fr\/wp-json\/wp\/v2\/users\/1"}],"replies":[{"embeddable":true,"href":"https:\/\/interamerica.org\/fr\/wp-json\/wp\/v2\/comments?post=12670"}],"version-history":[{"count":0,"href":"https:\/\/interamerica.org\/fr\/wp-json\/wp\/v2\/posts\/12670\/revisions"}],"wp:attachment":[{"href":"https:\/\/interamerica.org\/fr\/wp-json\/wp\/v2\/media?parent=12670"}],"wp:term":[{"taxonomy":"category","embeddable":true,"href":"https:\/\/interamerica.org\/fr\/wp-json\/wp\/v2\/categories?post=12670"},{"taxonomy":"post_tag","embeddable":true,"href":"https:\/\/interamerica.org\/fr\/wp-json\/wp\/v2\/tags?post=12670"}],"curies":[{"name":"wp","href":"https:\/\/api.w.org\/{rel}","templated":true}]}}