{"id":126710,"date":"2025-03-29T05:23:16","date_gmt":"2025-03-29T09:23:16","guid":{"rendered":"https:\/\/interamerica.org\/?p=126710"},"modified":"2025-03-30T11:22:55","modified_gmt":"2025-03-30T15:22:55","slug":"adra-met-en-place-une-intervention-durgence-suite-au-seisme-de-magnitude-77-qui-a-touche-le-myanmar-et-la-thailande","status":"publish","type":"post","link":"https:\/\/interamerica.org\/fr\/2025\/03\/adra-met-en-place-une-intervention-durgence-suite-au-seisme-de-magnitude-77-qui-a-touche-le-myanmar-et-la-thailande\/","title":{"rendered":"ADRA met en place une intervention d\u2019urgence suite au s\u00e9isme de magnitude 7,7 qui a touch\u00e9 le Myanmar et la Tha\u00eflande"},"content":{"rendered":"<p><em>Des \u00e9quipes d\u2019intervention d\u2019urgence sont mobilis\u00e9es pour venir en aide aux communaut\u00e9s touch\u00e9es par la catastrophe.<\/em><\/p>\n<p>29 Mars 2025 | Silver Spring, Maryland, \u00c9tats-Unis | ADRA International<\/p>\n<p>L\u2019Agence Adventiste de D\u00e9veloppement et de Secours (ADRA) intervient au lendemain d\u2019un puissant s\u00e9isme de magnitude 7,7 qui a frapp\u00e9 le Myanmar le vendredi 28 mars vers 12h50, heure locale. L\u2019\u00e9picentre du tremblement de terre se situait pr\u00e8s de la ville de Sagaing, dans le centre du Myanmar, et a touch\u00e9 plusieurs r\u00e9gions, dont Mandalay, Naypitaw, Sagaing, Magway et le sud du Shan.<\/p>\n<p>Les experts de l\u2019intervention d\u2019urgence d\u2019ADRA sont d\u00e9j\u00e0 sur le terrain pour \u00e9valuer l\u2019ampleur des d\u00e9g\u00e2ts, qui s\u2019\u00e9tendent sur environ 600 kilom\u00e8tres. Le Myanmar a d\u00e9clar\u00e9 l\u2019\u00e9tat d\u2019urgence dans six r\u00e9gions touch\u00e9es par la catastrophe. Selon les autorit\u00e9s locales, le bilan des victimes devrait s\u2019alourdir alors que les \u00e9quipes de secours continuent de fouiller les d\u00e9combres. Au moins 153 personnes ont perdu la vie, plus de 730 autres ont \u00e9t\u00e9 bless\u00e9es et des centaines d\u2019autres sont toujours port\u00e9es disparues. Plusieurs parmi les bless\u00e9s attendent d\u2019\u00eatre soign\u00e9s dans des h\u00f4pitaux ou des lieux publics surpeupl\u00e9s, plusieurs \u00e9tablissements m\u00e9dicaux ont en effet \u00e9t\u00e9 gravement endommag\u00e9s. Ce puissant s\u00e9isme, le plus violent \u00e0 avoir frapp\u00e9 la r\u00e9gion depuis plus de 100 ans, a caus\u00e9 le d\u00e9placement d\u2019innombrables familles, dont des parents recherchant d\u00e9sesp\u00e9r\u00e9ment leurs enfants disparus parmi les d\u00e9combres.<\/p>\n<p>Des secousses ont \u00e9galement \u00e9t\u00e9 ressenties dans les pays voisins, notamment en Tha\u00eflande, o\u00f9 un immeuble en construction s\u2019est effondr\u00e9, causant la mort d\u2019au moins 10 personnes et en ensevelissant des dizaines d\u2019autres sous les d\u00e9combres. Suite au s\u00e9isme et \u00e0 ses r\u00e9pliques, les autorit\u00e9s ont d\u00e9clar\u00e9 la capitale tha\u00eflandaise zone d\u2019urgence, fermant les \u00e9coles et \u00e9vacuant les habitants des gratte-ciels.<\/p>\n<p>Les \u00e9quipes d\u2019intervention d\u2019urgence d\u2019ADRA travaillent avec diligence pour \u00e9valuer la situation et d\u00e9terminer les fa\u00e7ons les plus efficaces d\u2019aider les personnes touch\u00e9es au Myanmar et en Tha\u00eflande.<\/p>\n<p>\u00ab Nous sommes profond\u00e9ment attrist\u00e9s par les pertes humaines et les destructions massives caus\u00e9es par ce tremblement de terre, \u00bb a d\u00e9clar\u00e9 Mario Oliveira, directeur de la Gestion des Urgences \u00e0 ADRA International. \u00ab Nos \u00e9quipes d\u2019intervention suivent de pr\u00e8s la situation et se rendent dans les communaut\u00e9s touch\u00e9es afin d\u2019\u00e9laborer la meilleure strat\u00e9gie pour nos op\u00e9rations de secours. Nous avons re\u00e7u des rapports faisant \u00e9tat de nombreuses fermetures de routes, ainsi que d\u2019effondrements de b\u00e2timents et de ponts, ce qui pourrait entraver l\u2019acc\u00e8s aux zones sinistr\u00e9es et retarder les op\u00e9rations de secours. Malgr\u00e9 ces limites, ADRA est toujours d\u00e9termin\u00e9e \u00e0 s\u2019assurer que l\u2019aide essentielle parvienne \u00e0 ceux qui sont le plus dans le besoin. Veuillez garder le Myanmar et les autres pays touch\u00e9s dans vos pens\u00e9es et vos pri\u00e8res. \u00bb<\/p>\n<p>ADRA pr\u00e9voit d\u2019apporter une aide imm\u00e9diate et \u00e0 long terme, notamment de la nourriture d\u2019urgence, de l\u2019eau et des kits de secours, aux c\u00f4t\u00e9s de partenaires locaux, dont l\u2019\u00c9glise adventiste, pour r\u00e9pondre aux besoins des communaut\u00e9s touch\u00e9es.<\/p>\n<p>Forte de plus de 40 ans d\u2019exp\u00e9rience au Myanmar et en Tha\u00eflande, ADRA a un long parcours en mati\u00e8re de soutien humanitaire et d\u2019intervention dans les cas de catastrophe naturelle. L\u2019agence humanitaire mondiale a collabor\u00e9 avec l\u2019\u00c9glise adventiste du septi\u00e8me jour au niveau local et les services de sant\u00e9 de ces r\u00e9gions pour venir en aide aux communaut\u00e9s vuln\u00e9rables.<\/p>\n<p class=\"has-medium-font-size\"><strong>Appel \u00e0 l&rsquo;action<\/strong><\/p>\n<p>Rejoignez ADRA pour apporter espoir et secours aux communaut\u00e9s touch\u00e9es par le tremblement de terre en soutenant ses interventions d\u2019urgence d\u2019ADRA.<\/p>\n<p>Faites un don aujourd\u2019hui sur\u00a0<a href=\"https:\/\/give.adra.org\/site\/Donation2?df_id=4980&amp;4980.donation=form1&amp;mfc_pref=T&amp;utm_content=restricted-Emergency-Appeal-Earthquake&amp;s_src=MEDAPL250302EMR&amp;s_subsrc=1875_media\">give.adra.org<\/a>\u00a0pour aider \u00e0 transformer des vies suite \u00e0 cette catastrophe et \u00e0 d\u2019autres urgences au niveau mondial.<\/p>\n<p>Traduction: Patrick Luciathe<\/p>\n","protected":false},"excerpt":{"rendered":"<p>Des \u00e9quipes d\u2019intervention d\u2019urgence sont mobilis\u00e9es pour venir en aide aux communaut\u00e9s touch\u00e9es par la catastrophe. 29 Mars 2025 | Silver Spring, Maryland, \u00c9tats-Unis | ADRA International L\u2019Agence Adventiste de&#8230;<\/p>\n","protected":false},"author":3,"featured_media":126703,"comment_status":"closed","ping_status":"closed","sticky":false,"template":"","format":"standard","meta":{"_acf_changed":false,"footnotes":""},"categories":[18,19],"tags":[],"class_list":["post-126710","post","type-post","status-publish","format-standard","has-post-thumbnail","hentry","category-nouvelles-de-leglise-mondiale","category-rss-francais"],"acf":[],"yoast_head":"<!-- This site is optimized with the Yoast SEO plugin v27.3 - https:\/\/yoast.com\/product\/yoast-seo-wordpress\/ -->\n<title>ADRA met en place une intervention d\u2019urgence suite au s\u00e9isme de magnitude 7,7 qui a touch\u00e9 le Myanmar et la Tha\u00eflande - \u00c9glise Adventiste Du Septieme Jour - Inter Am\u00e9rique Division<\/title>\n<meta name=\"robots\" content=\"index, follow, max-snippet:-1, max-image-preview:large, max-video-preview:-1\" \/>\n<link rel=\"canonical\" href=\"https:\/\/interamerica.org\/fr\/2025\/03\/adra-met-en-place-une-intervention-durgence-suite-au-seisme-de-magnitude-77-qui-a-touche-le-myanmar-et-la-thailande\/\" \/>\n<meta property=\"og:locale\" content=\"fr_FR\" \/>\n<meta property=\"og:type\" content=\"article\" \/>\n<meta property=\"og:title\" content=\"ADRA met en place une intervention d\u2019urgence suite au s\u00e9isme de magnitude 7,7 qui a touch\u00e9 le Myanmar et la Tha\u00eflande - \u00c9glise Adventiste Du Septieme Jour - Inter Am\u00e9rique Division\" \/>\n<meta property=\"og:description\" content=\"Des \u00e9quipes d\u2019intervention d\u2019urgence sont mobilis\u00e9es pour venir en aide aux communaut\u00e9s touch\u00e9es par la catastrophe. 29 Mars 2025 | Silver Spring, Maryland, \u00c9tats-Unis | ADRA International L\u2019Agence Adventiste de...\" \/>\n<meta property=\"og:url\" content=\"https:\/\/interamerica.org\/fr\/2025\/03\/adra-met-en-place-une-intervention-durgence-suite-au-seisme-de-magnitude-77-qui-a-touche-le-myanmar-et-la-thailande\/\" \/>\n<meta property=\"og:site_name\" content=\"\u00c9glise Adventiste Du Septieme Jour - Inter Am\u00e9rique Division\" \/>\n<meta property=\"article:published_time\" content=\"2025-03-29T09:23:16+00:00\" \/>\n<meta property=\"article:modified_time\" content=\"2025-03-30T15:22:55+00:00\" \/>\n<meta property=\"og:image\" content=\"https:\/\/interamerica.org\/wp-content\/uploads\/2025\/03\/anika-de-klerk-amde42cqeek-unsplash-scaled.jpg\" \/>\n\t<meta property=\"og:image:width\" content=\"2560\" \/>\n\t<meta property=\"og:image:height\" content=\"1920\" \/>\n\t<meta property=\"og:image:type\" content=\"image\/jpeg\" \/>\n<meta name=\"author\" content=\"libna\" \/>\n<meta name=\"twitter:card\" content=\"summary_large_image\" \/>\n<meta name=\"twitter:label1\" content=\"\u00c9crit par\" \/>\n\t<meta name=\"twitter:data1\" content=\"libna\" \/>\n\t<meta name=\"twitter:label2\" content=\"Dur\u00e9e de lecture estim\u00e9e\" \/>\n\t<meta name=\"twitter:data2\" content=\"3 minutes\" \/>\n<script type=\"application\/ld+json\" class=\"yoast-schema-graph\">{\"@context\":\"https:\\\/\\\/schema.org\",\"@graph\":[{\"@type\":\"Article\",\"@id\":\"https:\\\/\\\/interamerica.org\\\/fr\\\/2025\\\/03\\\/adra-met-en-place-une-intervention-durgence-suite-au-seisme-de-magnitude-77-qui-a-touche-le-myanmar-et-la-thailande\\\/#article\",\"isPartOf\":{\"@id\":\"https:\\\/\\\/interamerica.org\\\/fr\\\/2025\\\/03\\\/adra-met-en-place-une-intervention-durgence-suite-au-seisme-de-magnitude-77-qui-a-touche-le-myanmar-et-la-thailande\\\/\"},\"author\":{\"name\":\"libna\",\"@id\":\"https:\\\/\\\/interamerica.org\\\/fr\\\/#\\\/schema\\\/person\\\/29998f2bc2d8bd0d38662909289b54f1\"},\"headline\":\"ADRA met en place une intervention d\u2019urgence suite au s\u00e9isme de magnitude 7,7 qui a touch\u00e9 le Myanmar et la Tha\u00eflande\",\"datePublished\":\"2025-03-29T09:23:16+00:00\",\"dateModified\":\"2025-03-30T15:22:55+00:00\",\"mainEntityOfPage\":{\"@id\":\"https:\\\/\\\/interamerica.org\\\/fr\\\/2025\\\/03\\\/adra-met-en-place-une-intervention-durgence-suite-au-seisme-de-magnitude-77-qui-a-touche-le-myanmar-et-la-thailande\\\/\"},\"wordCount\":711,\"image\":{\"@id\":\"https:\\\/\\\/interamerica.org\\\/fr\\\/2025\\\/03\\\/adra-met-en-place-une-intervention-durgence-suite-au-seisme-de-magnitude-77-qui-a-touche-le-myanmar-et-la-thailande\\\/#primaryimage\"},\"thumbnailUrl\":\"https:\\\/\\\/interamerica.org\\\/wp-content\\\/uploads\\\/2025\\\/03\\\/anika-de-klerk-amde42cqeek-unsplash-scaled.jpg\",\"articleSection\":[\"Nouvelles de l'\u00c9glise mondiale\",\"RSS Fran\u00e7ais\"],\"inLanguage\":\"fr-FR\"},{\"@type\":\"WebPage\",\"@id\":\"https:\\\/\\\/interamerica.org\\\/fr\\\/2025\\\/03\\\/adra-met-en-place-une-intervention-durgence-suite-au-seisme-de-magnitude-77-qui-a-touche-le-myanmar-et-la-thailande\\\/\",\"url\":\"https:\\\/\\\/interamerica.org\\\/fr\\\/2025\\\/03\\\/adra-met-en-place-une-intervention-durgence-suite-au-seisme-de-magnitude-77-qui-a-touche-le-myanmar-et-la-thailande\\\/\",\"name\":\"ADRA met en place une intervention d\u2019urgence suite au s\u00e9isme de magnitude 7,7 qui a touch\u00e9 le Myanmar et la Tha\u00eflande - \u00c9glise Adventiste Du Septieme Jour - Inter Am\u00e9rique Division\",\"isPartOf\":{\"@id\":\"https:\\\/\\\/interamerica.org\\\/fr\\\/#website\"},\"primaryImageOfPage\":{\"@id\":\"https:\\\/\\\/interamerica.org\\\/fr\\\/2025\\\/03\\\/adra-met-en-place-une-intervention-durgence-suite-au-seisme-de-magnitude-77-qui-a-touche-le-myanmar-et-la-thailande\\\/#primaryimage\"},\"image\":{\"@id\":\"https:\\\/\\\/interamerica.org\\\/fr\\\/2025\\\/03\\\/adra-met-en-place-une-intervention-durgence-suite-au-seisme-de-magnitude-77-qui-a-touche-le-myanmar-et-la-thailande\\\/#primaryimage\"},\"thumbnailUrl\":\"https:\\\/\\\/interamerica.org\\\/wp-content\\\/uploads\\\/2025\\\/03\\\/anika-de-klerk-amde42cqeek-unsplash-scaled.jpg\",\"datePublished\":\"2025-03-29T09:23:16+00:00\",\"dateModified\":\"2025-03-30T15:22:55+00:00\",\"author\":{\"@id\":\"https:\\\/\\\/interamerica.org\\\/fr\\\/#\\\/schema\\\/person\\\/29998f2bc2d8bd0d38662909289b54f1\"},\"breadcrumb\":{\"@id\":\"https:\\\/\\\/interamerica.org\\\/fr\\\/2025\\\/03\\\/adra-met-en-place-une-intervention-durgence-suite-au-seisme-de-magnitude-77-qui-a-touche-le-myanmar-et-la-thailande\\\/#breadcrumb\"},\"inLanguage\":\"fr-FR\",\"potentialAction\":[{\"@type\":\"ReadAction\",\"target\":[\"https:\\\/\\\/interamerica.org\\\/fr\\\/2025\\\/03\\\/adra-met-en-place-une-intervention-durgence-suite-au-seisme-de-magnitude-77-qui-a-touche-le-myanmar-et-la-thailande\\\/\"]}]},{\"@type\":\"ImageObject\",\"inLanguage\":\"fr-FR\",\"@id\":\"https:\\\/\\\/interamerica.org\\\/fr\\\/2025\\\/03\\\/adra-met-en-place-une-intervention-durgence-suite-au-seisme-de-magnitude-77-qui-a-touche-le-myanmar-et-la-thailande\\\/#primaryimage\",\"url\":\"https:\\\/\\\/interamerica.org\\\/wp-content\\\/uploads\\\/2025\\\/03\\\/anika-de-klerk-amde42cqeek-unsplash-scaled.jpg\",\"contentUrl\":\"https:\\\/\\\/interamerica.org\\\/wp-content\\\/uploads\\\/2025\\\/03\\\/anika-de-klerk-amde42cqeek-unsplash-scaled.jpg\",\"width\":2560,\"height\":1920,\"caption\":\"[Photo: Anika de Klerk\\\/Unsplash]\"},{\"@type\":\"BreadcrumbList\",\"@id\":\"https:\\\/\\\/interamerica.org\\\/fr\\\/2025\\\/03\\\/adra-met-en-place-une-intervention-durgence-suite-au-seisme-de-magnitude-77-qui-a-touche-le-myanmar-et-la-thailande\\\/#breadcrumb\",\"itemListElement\":[{\"@type\":\"ListItem\",\"position\":1,\"name\":\"Home\",\"item\":\"https:\\\/\\\/interamerica.org\\\/fr\\\/\"},{\"@type\":\"ListItem\",\"position\":2,\"name\":\"ADRA met en place une intervention d\u2019urgence suite au s\u00e9isme de magnitude 7,7 qui a touch\u00e9 le Myanmar et la Tha\u00eflande\"}]},{\"@type\":\"WebSite\",\"@id\":\"https:\\\/\\\/interamerica.org\\\/fr\\\/#website\",\"url\":\"https:\\\/\\\/interamerica.org\\\/fr\\\/\",\"name\":\"\u00c9glise Adventiste Du Septieme Jour - Inter Am\u00e9rique Division\",\"description\":\"\",\"potentialAction\":[{\"@type\":\"SearchAction\",\"target\":{\"@type\":\"EntryPoint\",\"urlTemplate\":\"https:\\\/\\\/interamerica.org\\\/fr\\\/?s={search_term_string}\"},\"query-input\":{\"@type\":\"PropertyValueSpecification\",\"valueRequired\":true,\"valueName\":\"search_term_string\"}}],\"inLanguage\":\"fr-FR\"},{\"@type\":\"Person\",\"@id\":\"https:\\\/\\\/interamerica.org\\\/fr\\\/#\\\/schema\\\/person\\\/29998f2bc2d8bd0d38662909289b54f1\",\"name\":\"libna\",\"image\":{\"@type\":\"ImageObject\",\"inLanguage\":\"fr-FR\",\"@id\":\"https:\\\/\\\/secure.gravatar.com\\\/avatar\\\/7c5bd30ae4b47a9ba3c856590957fd1d96dc588bf3ac05719d247e126840331f?s=96&d=mm&r=g\",\"url\":\"https:\\\/\\\/secure.gravatar.com\\\/avatar\\\/7c5bd30ae4b47a9ba3c856590957fd1d96dc588bf3ac05719d247e126840331f?s=96&d=mm&r=g\",\"contentUrl\":\"https:\\\/\\\/secure.gravatar.com\\\/avatar\\\/7c5bd30ae4b47a9ba3c856590957fd1d96dc588bf3ac05719d247e126840331f?s=96&d=mm&r=g\",\"caption\":\"libna\"}}]}<\/script>\n<!-- \/ Yoast SEO plugin. -->","yoast_head_json":{"title":"ADRA met en place une intervention d\u2019urgence suite au s\u00e9isme de magnitude 7,7 qui a touch\u00e9 le Myanmar et la Tha\u00eflande - \u00c9glise Adventiste Du Septieme Jour - Inter Am\u00e9rique Division","robots":{"index":"index","follow":"follow","max-snippet":"max-snippet:-1","max-image-preview":"max-image-preview:large","max-video-preview":"max-video-preview:-1"},"canonical":"https:\/\/interamerica.org\/fr\/2025\/03\/adra-met-en-place-une-intervention-durgence-suite-au-seisme-de-magnitude-77-qui-a-touche-le-myanmar-et-la-thailande\/","og_locale":"fr_FR","og_type":"article","og_title":"ADRA met en place une intervention d\u2019urgence suite au s\u00e9isme de magnitude 7,7 qui a touch\u00e9 le Myanmar et la Tha\u00eflande - \u00c9glise Adventiste Du Septieme Jour - Inter Am\u00e9rique Division","og_description":"Des \u00e9quipes d\u2019intervention d\u2019urgence sont mobilis\u00e9es pour venir en aide aux communaut\u00e9s touch\u00e9es par la catastrophe. 29 Mars 2025 | Silver Spring, Maryland, \u00c9tats-Unis | ADRA International L\u2019Agence Adventiste de...","og_url":"https:\/\/interamerica.org\/fr\/2025\/03\/adra-met-en-place-une-intervention-durgence-suite-au-seisme-de-magnitude-77-qui-a-touche-le-myanmar-et-la-thailande\/","og_site_name":"\u00c9glise Adventiste Du Septieme Jour - Inter Am\u00e9rique Division","article_published_time":"2025-03-29T09:23:16+00:00","article_modified_time":"2025-03-30T15:22:55+00:00","og_image":[{"width":2560,"height":1920,"url":"https:\/\/interamerica.org\/wp-content\/uploads\/2025\/03\/anika-de-klerk-amde42cqeek-unsplash-scaled.jpg","type":"image\/jpeg"}],"author":"libna","twitter_card":"summary_large_image","twitter_misc":{"\u00c9crit par":"libna","Dur\u00e9e de lecture estim\u00e9e":"3 minutes"},"schema":{"@context":"https:\/\/schema.org","@graph":[{"@type":"Article","@id":"https:\/\/interamerica.org\/fr\/2025\/03\/adra-met-en-place-une-intervention-durgence-suite-au-seisme-de-magnitude-77-qui-a-touche-le-myanmar-et-la-thailande\/#article","isPartOf":{"@id":"https:\/\/interamerica.org\/fr\/2025\/03\/adra-met-en-place-une-intervention-durgence-suite-au-seisme-de-magnitude-77-qui-a-touche-le-myanmar-et-la-thailande\/"},"author":{"name":"libna","@id":"https:\/\/interamerica.org\/fr\/#\/schema\/person\/29998f2bc2d8bd0d38662909289b54f1"},"headline":"ADRA met en place une intervention d\u2019urgence suite au s\u00e9isme de magnitude 7,7 qui a touch\u00e9 le Myanmar et la Tha\u00eflande","datePublished":"2025-03-29T09:23:16+00:00","dateModified":"2025-03-30T15:22:55+00:00","mainEntityOfPage":{"@id":"https:\/\/interamerica.org\/fr\/2025\/03\/adra-met-en-place-une-intervention-durgence-suite-au-seisme-de-magnitude-77-qui-a-touche-le-myanmar-et-la-thailande\/"},"wordCount":711,"image":{"@id":"https:\/\/interamerica.org\/fr\/2025\/03\/adra-met-en-place-une-intervention-durgence-suite-au-seisme-de-magnitude-77-qui-a-touche-le-myanmar-et-la-thailande\/#primaryimage"},"thumbnailUrl":"https:\/\/interamerica.org\/wp-content\/uploads\/2025\/03\/anika-de-klerk-amde42cqeek-unsplash-scaled.jpg","articleSection":["Nouvelles de l'\u00c9glise mondiale","RSS Fran\u00e7ais"],"inLanguage":"fr-FR"},{"@type":"WebPage","@id":"https:\/\/interamerica.org\/fr\/2025\/03\/adra-met-en-place-une-intervention-durgence-suite-au-seisme-de-magnitude-77-qui-a-touche-le-myanmar-et-la-thailande\/","url":"https:\/\/interamerica.org\/fr\/2025\/03\/adra-met-en-place-une-intervention-durgence-suite-au-seisme-de-magnitude-77-qui-a-touche-le-myanmar-et-la-thailande\/","name":"ADRA met en place une intervention d\u2019urgence suite au s\u00e9isme de magnitude 7,7 qui a touch\u00e9 le Myanmar et la Tha\u00eflande - \u00c9glise Adventiste Du Septieme Jour - Inter Am\u00e9rique Division","isPartOf":{"@id":"https:\/\/interamerica.org\/fr\/#website"},"primaryImageOfPage":{"@id":"https:\/\/interamerica.org\/fr\/2025\/03\/adra-met-en-place-une-intervention-durgence-suite-au-seisme-de-magnitude-77-qui-a-touche-le-myanmar-et-la-thailande\/#primaryimage"},"image":{"@id":"https:\/\/interamerica.org\/fr\/2025\/03\/adra-met-en-place-une-intervention-durgence-suite-au-seisme-de-magnitude-77-qui-a-touche-le-myanmar-et-la-thailande\/#primaryimage"},"thumbnailUrl":"https:\/\/interamerica.org\/wp-content\/uploads\/2025\/03\/anika-de-klerk-amde42cqeek-unsplash-scaled.jpg","datePublished":"2025-03-29T09:23:16+00:00","dateModified":"2025-03-30T15:22:55+00:00","author":{"@id":"https:\/\/interamerica.org\/fr\/#\/schema\/person\/29998f2bc2d8bd0d38662909289b54f1"},"breadcrumb":{"@id":"https:\/\/interamerica.org\/fr\/2025\/03\/adra-met-en-place-une-intervention-durgence-suite-au-seisme-de-magnitude-77-qui-a-touche-le-myanmar-et-la-thailande\/#breadcrumb"},"inLanguage":"fr-FR","potentialAction":[{"@type":"ReadAction","target":["https:\/\/interamerica.org\/fr\/2025\/03\/adra-met-en-place-une-intervention-durgence-suite-au-seisme-de-magnitude-77-qui-a-touche-le-myanmar-et-la-thailande\/"]}]},{"@type":"ImageObject","inLanguage":"fr-FR","@id":"https:\/\/interamerica.org\/fr\/2025\/03\/adra-met-en-place-une-intervention-durgence-suite-au-seisme-de-magnitude-77-qui-a-touche-le-myanmar-et-la-thailande\/#primaryimage","url":"https:\/\/interamerica.org\/wp-content\/uploads\/2025\/03\/anika-de-klerk-amde42cqeek-unsplash-scaled.jpg","contentUrl":"https:\/\/interamerica.org\/wp-content\/uploads\/2025\/03\/anika-de-klerk-amde42cqeek-unsplash-scaled.jpg","width":2560,"height":1920,"caption":"[Photo: Anika de Klerk\/Unsplash]"},{"@type":"BreadcrumbList","@id":"https:\/\/interamerica.org\/fr\/2025\/03\/adra-met-en-place-une-intervention-durgence-suite-au-seisme-de-magnitude-77-qui-a-touche-le-myanmar-et-la-thailande\/#breadcrumb","itemListElement":[{"@type":"ListItem","position":1,"name":"Home","item":"https:\/\/interamerica.org\/fr\/"},{"@type":"ListItem","position":2,"name":"ADRA met en place une intervention d\u2019urgence suite au s\u00e9isme de magnitude 7,7 qui a touch\u00e9 le Myanmar et la Tha\u00eflande"}]},{"@type":"WebSite","@id":"https:\/\/interamerica.org\/fr\/#website","url":"https:\/\/interamerica.org\/fr\/","name":"\u00c9glise Adventiste Du Septieme Jour - Inter Am\u00e9rique Division","description":"","potentialAction":[{"@type":"SearchAction","target":{"@type":"EntryPoint","urlTemplate":"https:\/\/interamerica.org\/fr\/?s={search_term_string}"},"query-input":{"@type":"PropertyValueSpecification","valueRequired":true,"valueName":"search_term_string"}}],"inLanguage":"fr-FR"},{"@type":"Person","@id":"https:\/\/interamerica.org\/fr\/#\/schema\/person\/29998f2bc2d8bd0d38662909289b54f1","name":"libna","image":{"@type":"ImageObject","inLanguage":"fr-FR","@id":"https:\/\/secure.gravatar.com\/avatar\/7c5bd30ae4b47a9ba3c856590957fd1d96dc588bf3ac05719d247e126840331f?s=96&d=mm&r=g","url":"https:\/\/secure.gravatar.com\/avatar\/7c5bd30ae4b47a9ba3c856590957fd1d96dc588bf3ac05719d247e126840331f?s=96&d=mm&r=g","contentUrl":"https:\/\/secure.gravatar.com\/avatar\/7c5bd30ae4b47a9ba3c856590957fd1d96dc588bf3ac05719d247e126840331f?s=96&d=mm&r=g","caption":"libna"}}]}},"_links":{"self":[{"href":"https:\/\/interamerica.org\/fr\/wp-json\/wp\/v2\/posts\/126710","targetHints":{"allow":["GET"]}}],"collection":[{"href":"https:\/\/interamerica.org\/fr\/wp-json\/wp\/v2\/posts"}],"about":[{"href":"https:\/\/interamerica.org\/fr\/wp-json\/wp\/v2\/types\/post"}],"author":[{"embeddable":true,"href":"https:\/\/interamerica.org\/fr\/wp-json\/wp\/v2\/users\/3"}],"replies":[{"embeddable":true,"href":"https:\/\/interamerica.org\/fr\/wp-json\/wp\/v2\/comments?post=126710"}],"version-history":[{"count":0,"href":"https:\/\/interamerica.org\/fr\/wp-json\/wp\/v2\/posts\/126710\/revisions"}],"wp:featuredmedia":[{"embeddable":true,"href":"https:\/\/interamerica.org\/fr\/wp-json\/wp\/v2\/media\/126703"}],"wp:attachment":[{"href":"https:\/\/interamerica.org\/fr\/wp-json\/wp\/v2\/media?parent=126710"}],"wp:term":[{"taxonomy":"category","embeddable":true,"href":"https:\/\/interamerica.org\/fr\/wp-json\/wp\/v2\/categories?post=126710"},{"taxonomy":"post_tag","embeddable":true,"href":"https:\/\/interamerica.org\/fr\/wp-json\/wp\/v2\/tags?post=126710"}],"curies":[{"name":"wp","href":"https:\/\/api.w.org\/{rel}","templated":true}]}}