{"id":12672,"date":"2007-01-23T00:00:00","date_gmt":"2007-01-23T04:00:00","guid":{"rendered":"http:\/\/192.81.217.108\/interamerica\/2007\/01\/eglise-mondiale-des-dirigeants-qui-informent\/"},"modified":"2017-06-02T13:15:07","modified_gmt":"2017-06-02T17:15:07","slug":"eglise-mondiale-des-dirigeants-qui-informent","status":"publish","type":"post","link":"https:\/\/interamerica.org\/fr\/2007\/01\/eglise-mondiale-des-dirigeants-qui-informent\/","title":{"rendered":"\u00c9glise Mondiale : Des Dirigeants Qui Informent"},"content":{"rendered":"<\/p>\n<p><em >23 janvier 2007<\/em > Silver Spring, Maryland, \u00c9tats-Unis&#8230;. [Elizabeth Lechleitner\/ANN] <\/p>\n<p>\u00ab\u00a0L&#39;ensemble des Adventistes du Septi\u00e8me Jour n&#39;est pas une \u00eele isol\u00e9e dans ce monde. Nous voulons mieux conna\u00eetre les autres confessions religieuses et nous voulons qu&#39;elles aussi nous connaissent mieux,\u00a0\u00bb d\u00e9claration faite par Dr John Graz, du d\u00e9partement des Affaires publiques et de la Libert\u00e9 Religieuse de l&#39;\u00e9glise Adventiste mondiale, le 23 Janvier.<\/p>\n<p>Avec pr\u00e8s de 15 millions de membres, l&#39;\u00c9glise Adventiste est loin d&#39;\u00eatre isolationniste. Et, ses dirigeants croient qu&#39;un effort concert\u00e9 pour maintenir des entretiens avec les \u00e9glises et les groupes de foi reconnus &#8211; les Musulmans, les Bouddhistes et autres &#8211; est indispensable, alors qu&#39;eux, adventistes continuent dans leur message d&#39;espoir,  \u00e0 \u00ab\u00a0Parler au Monde de J\u00e9sus\u00a0\u00bb (&#39;<a  href=\"http:\/\/adventistmission.org\/article.php?id=322\">Tell the World<\/a > about Jesus&#39;).<\/p>\n<p>\u00c0 cette fin, les dirigeants de l&#39;\u00e9glise ont vot\u00e9 le 22 janvier de modifier l&#39;appellation du Conseil des \u00ab\u00a0relations Inter-church\/Inter-faith\u00a0\u00bb en Conseil des \u00ab\u00a0affaires Inter-church\/Inter-religion\u00a0\u00bb. Plus qu&#39;un changement de nom, la mise \u00e0 jour est destin\u00e9e \u00e0 entrer en ce que Dr Michael Ryan, un des vice-pr\u00e9sidents de l&#39;\u00e9glise mondiale, a appel\u00e9 \u00ab\u00a0un rapport de rattachement r\u00e9ciproque\u00a0\u00bb entre les adventistes et les personnes ayant d&#39;autres croyances.  <\/p>\n<p>\u00ab\u00a0Dans le pass\u00e9, nous ne nous sommes pas simplement compris,\u00a0\u00bb a dit Ryan, qui est aussi vice pr\u00e9sident du Conseil. \u00ab\u00a0Aujourd&#39;hui, nous sommes en meilleur position pour dialoguer avec les religions mondiales et nous pouvons mieux les comprendre et eux, ils peuvent mieux comprendre qui nous sommes et ce que nous croyons.\u00a0\u00bb  <\/p>\n<p>Un \u00e9change qui a comme objectif de communiquer d&#39;une fa\u00e7on expressive est essentielle, admet Craz, secr\u00e9taire g\u00e9n\u00e9ral du Conseil. \u00ab\u00a0Si vous ne dialoguez pas, ils ne conna\u00eetront pas ce que en quoi vous croyez et pourront m\u00eame croire que vous \u00eates dangereux ou poursuivez un programme politique mena\u00e7ant,\u00a0\u00bb a-t-il dit. \u00ab\u00a0Dans le climat actuel de confusion, avec les divers credo, sectes et fanatisme religieux, il est important d&#39;ancrer notre dialogue.\u00a0\u00bb  <\/p>\n<p>Craz et Ryan croient que les \u00e9changes sinc\u00e8res entre les adventistes et les autres groupes religieux peuvent faire tomber les pr\u00e9jug\u00e9s qui, souvent, accablent les relations inter religieuses. \u00ab\u00a0Quand [d&#39;autres religions] nous comprennent vraiment, la parole atteint la communaut\u00e9 et tout devient diff\u00e9rent,\u00a0\u00bb a dit Ryan.  <\/p>\n<p>La compr\u00e9hension mutuelle n&#39;entra\u00eene pas, comme certains adventistes pourraient le craindre, un effondrement de la doctrine vers le bas, assurent les dirigeants de l&#39;\u00e9glise. \u00ab\u00a0Engager un dialogue ne signifie pas que nous poursuivons des directives oecum\u00e9niques. Cela signifie simplement que voulons parvenir au-del\u00e0 de la communaut\u00e9 chr\u00e9tienne et communiquer avec ceux qui ont d&#39;autres croyances. Cela signifie aussi que nous voulons avoir de bonnes relations avec tout le monde,\u00a0\u00bb a soulign\u00e9 Craz.  <\/p>\n<p>\u00ab\u00a0Cela donnera l&#39;opportunit\u00e9 \u00e0 la direction et aux membres de l&#39;Eglise Adventiste de parler de mani\u00e8re \u00e0 communiquer avec ceux d&#39;autres croyances,\u00a0\u00bb a ajout\u00e9 Ryan. <\/p>\n<p>Avec le changement de nom, les membres du conseil au si\u00e8ge social de l&#39;\u00e9glise adventiste mondiale ont aussi pris un vote d&#39;augmenter le nombre de membres du Conseil, en incluant plus de repr\u00e9sentation du bureau de \u00ab\u00a0Mission Adventiste\u00a0\u00bb et d&#39;autres organisations de l&#39;\u00e9glise qui donne la priorit\u00e9 \u00e0 la mission gardant la propagation du message au premier rang de leur programme. <\/p>\n<p><strong >Droit d&#39;auteur (c) 2007 de R\u00e9seau de Nouvelles Adventiste<\/strong >. <\/p>\n","protected":false},"excerpt":{"rendered":"<p>\u00ab\u00a0L&#39;ensemble des Adventistes du Septi\u00e8me Jour n&#39;est pas une \u00eele isol\u00e9e dans ce monde. Nous voulons mieux conna\u00eetre les autres confessions religieuses et nous voulons qu&#39;elles aussi nous connaissent mieux,\u00a0\u00bb<\/p>\n","protected":false},"author":1,"featured_media":0,"comment_status":"closed","ping_status":"closed","sticky":false,"template":"","format":"standard","meta":{"_acf_changed":false,"footnotes":""},"categories":[9],"tags":[],"class_list":["post-12672","post","type-post","status-publish","format-standard","hentry","category-archive-fr"],"acf":[],"yoast_head":"<!-- This site is optimized with the Yoast SEO plugin v27.3 - https:\/\/yoast.com\/product\/yoast-seo-wordpress\/ -->\n<title>\u00c9glise Mondiale : Des Dirigeants Qui Informent - \u00c9glise Adventiste Du Septieme Jour - Inter Am\u00e9rique Division<\/title>\n<meta name=\"robots\" content=\"index, follow, max-snippet:-1, max-image-preview:large, max-video-preview:-1\" \/>\n<link rel=\"canonical\" href=\"https:\/\/interamerica.org\/fr\/2007\/01\/eglise-mondiale-des-dirigeants-qui-informent\/\" \/>\n<meta property=\"og:locale\" content=\"fr_FR\" \/>\n<meta property=\"og:type\" content=\"article\" \/>\n<meta property=\"og:title\" content=\"\u00c9glise Mondiale : Des Dirigeants Qui Informent - \u00c9glise Adventiste Du Septieme Jour - Inter Am\u00e9rique Division\" \/>\n<meta property=\"og:description\" content=\"&quot;L&#039;ensemble des Adventistes du Septi\u00e8me Jour n&#039;est pas une \u00eele isol\u00e9e dans ce monde. Nous voulons mieux conna\u00eetre les autres confessions religieuses et nous voulons qu&#039;elles aussi nous connaissent mieux,&quot;\" \/>\n<meta property=\"og:url\" content=\"https:\/\/interamerica.org\/fr\/2007\/01\/eglise-mondiale-des-dirigeants-qui-informent\/\" \/>\n<meta property=\"og:site_name\" content=\"\u00c9glise Adventiste Du Septieme Jour - Inter Am\u00e9rique Division\" \/>\n<meta property=\"article:published_time\" content=\"2007-01-23T04:00:00+00:00\" \/>\n<meta property=\"article:modified_time\" content=\"2017-06-02T17:15:07+00:00\" \/>\n<meta name=\"author\" content=\"Lorenzo Verduzco\" \/>\n<meta name=\"twitter:card\" content=\"summary_large_image\" \/>\n<meta name=\"twitter:label1\" content=\"\u00c9crit par\" \/>\n\t<meta name=\"twitter:data1\" content=\"Lorenzo Verduzco\" \/>\n\t<meta name=\"twitter:label2\" content=\"Dur\u00e9e de lecture estim\u00e9e\" \/>\n\t<meta name=\"twitter:data2\" content=\"3 minutes\" \/>\n<script type=\"application\/ld+json\" class=\"yoast-schema-graph\">{\"@context\":\"https:\\\/\\\/schema.org\",\"@graph\":[{\"@type\":\"Article\",\"@id\":\"https:\\\/\\\/interamerica.org\\\/fr\\\/2007\\\/01\\\/eglise-mondiale-des-dirigeants-qui-informent\\\/#article\",\"isPartOf\":{\"@id\":\"https:\\\/\\\/interamerica.org\\\/fr\\\/2007\\\/01\\\/eglise-mondiale-des-dirigeants-qui-informent\\\/\"},\"author\":{\"name\":\"Lorenzo Verduzco\",\"@id\":\"https:\\\/\\\/interamerica.org\\\/fr\\\/#\\\/schema\\\/person\\\/68ede8bdc292885bb76c1e3810e73c39\"},\"headline\":\"\u00c9glise Mondiale : Des Dirigeants Qui Informent\",\"datePublished\":\"2007-01-23T04:00:00+00:00\",\"dateModified\":\"2017-06-02T17:15:07+00:00\",\"mainEntityOfPage\":{\"@id\":\"https:\\\/\\\/interamerica.org\\\/fr\\\/2007\\\/01\\\/eglise-mondiale-des-dirigeants-qui-informent\\\/\"},\"wordCount\":580,\"articleSection\":[\"Archive\"],\"inLanguage\":\"fr-FR\"},{\"@type\":\"WebPage\",\"@id\":\"https:\\\/\\\/interamerica.org\\\/fr\\\/2007\\\/01\\\/eglise-mondiale-des-dirigeants-qui-informent\\\/\",\"url\":\"https:\\\/\\\/interamerica.org\\\/fr\\\/2007\\\/01\\\/eglise-mondiale-des-dirigeants-qui-informent\\\/\",\"name\":\"\u00c9glise Mondiale : Des Dirigeants Qui Informent - \u00c9glise Adventiste Du Septieme Jour - Inter Am\u00e9rique Division\",\"isPartOf\":{\"@id\":\"https:\\\/\\\/interamerica.org\\\/fr\\\/#website\"},\"datePublished\":\"2007-01-23T04:00:00+00:00\",\"dateModified\":\"2017-06-02T17:15:07+00:00\",\"author\":{\"@id\":\"https:\\\/\\\/interamerica.org\\\/fr\\\/#\\\/schema\\\/person\\\/68ede8bdc292885bb76c1e3810e73c39\"},\"breadcrumb\":{\"@id\":\"https:\\\/\\\/interamerica.org\\\/fr\\\/2007\\\/01\\\/eglise-mondiale-des-dirigeants-qui-informent\\\/#breadcrumb\"},\"inLanguage\":\"fr-FR\",\"potentialAction\":[{\"@type\":\"ReadAction\",\"target\":[\"https:\\\/\\\/interamerica.org\\\/fr\\\/2007\\\/01\\\/eglise-mondiale-des-dirigeants-qui-informent\\\/\"]}]},{\"@type\":\"BreadcrumbList\",\"@id\":\"https:\\\/\\\/interamerica.org\\\/fr\\\/2007\\\/01\\\/eglise-mondiale-des-dirigeants-qui-informent\\\/#breadcrumb\",\"itemListElement\":[{\"@type\":\"ListItem\",\"position\":1,\"name\":\"Home\",\"item\":\"https:\\\/\\\/interamerica.org\\\/fr\\\/\"},{\"@type\":\"ListItem\",\"position\":2,\"name\":\"\u00c9glise Mondiale : Des Dirigeants Qui Informent\"}]},{\"@type\":\"WebSite\",\"@id\":\"https:\\\/\\\/interamerica.org\\\/fr\\\/#website\",\"url\":\"https:\\\/\\\/interamerica.org\\\/fr\\\/\",\"name\":\"\u00c9glise Adventiste Du Septieme Jour - Inter Am\u00e9rique Division\",\"description\":\"\",\"potentialAction\":[{\"@type\":\"SearchAction\",\"target\":{\"@type\":\"EntryPoint\",\"urlTemplate\":\"https:\\\/\\\/interamerica.org\\\/fr\\\/?s={search_term_string}\"},\"query-input\":{\"@type\":\"PropertyValueSpecification\",\"valueRequired\":true,\"valueName\":\"search_term_string\"}}],\"inLanguage\":\"fr-FR\"},{\"@type\":\"Person\",\"@id\":\"https:\\\/\\\/interamerica.org\\\/fr\\\/#\\\/schema\\\/person\\\/68ede8bdc292885bb76c1e3810e73c39\",\"name\":\"Lorenzo Verduzco\",\"image\":{\"@type\":\"ImageObject\",\"inLanguage\":\"fr-FR\",\"@id\":\"https:\\\/\\\/secure.gravatar.com\\\/avatar\\\/fb81a55b6218459490a9c1dc841a34909185b81904c5337b4b27f7a6fd60c49e?s=96&d=mm&r=g\",\"url\":\"https:\\\/\\\/secure.gravatar.com\\\/avatar\\\/fb81a55b6218459490a9c1dc841a34909185b81904c5337b4b27f7a6fd60c49e?s=96&d=mm&r=g\",\"contentUrl\":\"https:\\\/\\\/secure.gravatar.com\\\/avatar\\\/fb81a55b6218459490a9c1dc841a34909185b81904c5337b4b27f7a6fd60c49e?s=96&d=mm&r=g\",\"caption\":\"Lorenzo Verduzco\"}}]}<\/script>\n<!-- \/ Yoast SEO plugin. -->","yoast_head_json":{"title":"\u00c9glise Mondiale : Des Dirigeants Qui Informent - \u00c9glise Adventiste Du Septieme Jour - Inter Am\u00e9rique Division","robots":{"index":"index","follow":"follow","max-snippet":"max-snippet:-1","max-image-preview":"max-image-preview:large","max-video-preview":"max-video-preview:-1"},"canonical":"https:\/\/interamerica.org\/fr\/2007\/01\/eglise-mondiale-des-dirigeants-qui-informent\/","og_locale":"fr_FR","og_type":"article","og_title":"\u00c9glise Mondiale : Des Dirigeants Qui Informent - \u00c9glise Adventiste Du Septieme Jour - Inter Am\u00e9rique Division","og_description":"\"L&#39;ensemble des Adventistes du Septi\u00e8me Jour n&#39;est pas une \u00eele isol\u00e9e dans ce monde. Nous voulons mieux conna\u00eetre les autres confessions religieuses et nous voulons qu&#39;elles aussi nous connaissent mieux,\"","og_url":"https:\/\/interamerica.org\/fr\/2007\/01\/eglise-mondiale-des-dirigeants-qui-informent\/","og_site_name":"\u00c9glise Adventiste Du Septieme Jour - Inter Am\u00e9rique Division","article_published_time":"2007-01-23T04:00:00+00:00","article_modified_time":"2017-06-02T17:15:07+00:00","author":"Lorenzo Verduzco","twitter_card":"summary_large_image","twitter_misc":{"\u00c9crit par":"Lorenzo Verduzco","Dur\u00e9e de lecture estim\u00e9e":"3 minutes"},"schema":{"@context":"https:\/\/schema.org","@graph":[{"@type":"Article","@id":"https:\/\/interamerica.org\/fr\/2007\/01\/eglise-mondiale-des-dirigeants-qui-informent\/#article","isPartOf":{"@id":"https:\/\/interamerica.org\/fr\/2007\/01\/eglise-mondiale-des-dirigeants-qui-informent\/"},"author":{"name":"Lorenzo Verduzco","@id":"https:\/\/interamerica.org\/fr\/#\/schema\/person\/68ede8bdc292885bb76c1e3810e73c39"},"headline":"\u00c9glise Mondiale : Des Dirigeants Qui Informent","datePublished":"2007-01-23T04:00:00+00:00","dateModified":"2017-06-02T17:15:07+00:00","mainEntityOfPage":{"@id":"https:\/\/interamerica.org\/fr\/2007\/01\/eglise-mondiale-des-dirigeants-qui-informent\/"},"wordCount":580,"articleSection":["Archive"],"inLanguage":"fr-FR"},{"@type":"WebPage","@id":"https:\/\/interamerica.org\/fr\/2007\/01\/eglise-mondiale-des-dirigeants-qui-informent\/","url":"https:\/\/interamerica.org\/fr\/2007\/01\/eglise-mondiale-des-dirigeants-qui-informent\/","name":"\u00c9glise Mondiale : Des Dirigeants Qui Informent - \u00c9glise Adventiste Du Septieme Jour - Inter Am\u00e9rique Division","isPartOf":{"@id":"https:\/\/interamerica.org\/fr\/#website"},"datePublished":"2007-01-23T04:00:00+00:00","dateModified":"2017-06-02T17:15:07+00:00","author":{"@id":"https:\/\/interamerica.org\/fr\/#\/schema\/person\/68ede8bdc292885bb76c1e3810e73c39"},"breadcrumb":{"@id":"https:\/\/interamerica.org\/fr\/2007\/01\/eglise-mondiale-des-dirigeants-qui-informent\/#breadcrumb"},"inLanguage":"fr-FR","potentialAction":[{"@type":"ReadAction","target":["https:\/\/interamerica.org\/fr\/2007\/01\/eglise-mondiale-des-dirigeants-qui-informent\/"]}]},{"@type":"BreadcrumbList","@id":"https:\/\/interamerica.org\/fr\/2007\/01\/eglise-mondiale-des-dirigeants-qui-informent\/#breadcrumb","itemListElement":[{"@type":"ListItem","position":1,"name":"Home","item":"https:\/\/interamerica.org\/fr\/"},{"@type":"ListItem","position":2,"name":"\u00c9glise Mondiale : Des Dirigeants Qui Informent"}]},{"@type":"WebSite","@id":"https:\/\/interamerica.org\/fr\/#website","url":"https:\/\/interamerica.org\/fr\/","name":"\u00c9glise Adventiste Du Septieme Jour - Inter Am\u00e9rique Division","description":"","potentialAction":[{"@type":"SearchAction","target":{"@type":"EntryPoint","urlTemplate":"https:\/\/interamerica.org\/fr\/?s={search_term_string}"},"query-input":{"@type":"PropertyValueSpecification","valueRequired":true,"valueName":"search_term_string"}}],"inLanguage":"fr-FR"},{"@type":"Person","@id":"https:\/\/interamerica.org\/fr\/#\/schema\/person\/68ede8bdc292885bb76c1e3810e73c39","name":"Lorenzo Verduzco","image":{"@type":"ImageObject","inLanguage":"fr-FR","@id":"https:\/\/secure.gravatar.com\/avatar\/fb81a55b6218459490a9c1dc841a34909185b81904c5337b4b27f7a6fd60c49e?s=96&d=mm&r=g","url":"https:\/\/secure.gravatar.com\/avatar\/fb81a55b6218459490a9c1dc841a34909185b81904c5337b4b27f7a6fd60c49e?s=96&d=mm&r=g","contentUrl":"https:\/\/secure.gravatar.com\/avatar\/fb81a55b6218459490a9c1dc841a34909185b81904c5337b4b27f7a6fd60c49e?s=96&d=mm&r=g","caption":"Lorenzo Verduzco"}}]}},"_links":{"self":[{"href":"https:\/\/interamerica.org\/fr\/wp-json\/wp\/v2\/posts\/12672","targetHints":{"allow":["GET"]}}],"collection":[{"href":"https:\/\/interamerica.org\/fr\/wp-json\/wp\/v2\/posts"}],"about":[{"href":"https:\/\/interamerica.org\/fr\/wp-json\/wp\/v2\/types\/post"}],"author":[{"embeddable":true,"href":"https:\/\/interamerica.org\/fr\/wp-json\/wp\/v2\/users\/1"}],"replies":[{"embeddable":true,"href":"https:\/\/interamerica.org\/fr\/wp-json\/wp\/v2\/comments?post=12672"}],"version-history":[{"count":0,"href":"https:\/\/interamerica.org\/fr\/wp-json\/wp\/v2\/posts\/12672\/revisions"}],"wp:attachment":[{"href":"https:\/\/interamerica.org\/fr\/wp-json\/wp\/v2\/media?parent=12672"}],"wp:term":[{"taxonomy":"category","embeddable":true,"href":"https:\/\/interamerica.org\/fr\/wp-json\/wp\/v2\/categories?post=12672"},{"taxonomy":"post_tag","embeddable":true,"href":"https:\/\/interamerica.org\/fr\/wp-json\/wp\/v2\/tags?post=12672"}],"curies":[{"name":"wp","href":"https:\/\/api.w.org\/{rel}","templated":true}]}}