{"id":126723,"date":"2025-03-27T10:52:30","date_gmt":"2025-03-27T14:52:30","guid":{"rendered":"https:\/\/interamerica.org\/?p=126723"},"modified":"2025-03-30T20:14:04","modified_gmt":"2025-03-31T00:14:04","slug":"le-royaume-uni-organise-un-premier-sommet-sur-la-protection-des-plus-vulnerables","status":"publish","type":"post","link":"https:\/\/interamerica.org\/fr\/2025\/03\/le-royaume-uni-organise-un-premier-sommet-sur-la-protection-des-plus-vulnerables\/","title":{"rendered":"Le Royaume-Uni organise un premier sommet sur la protection des plus vuln\u00e9rables"},"content":{"rendered":"<p><i><span style=\"font-weight: 400;\">L\u2019\u00e9v\u00e9nement a port\u00e9 les participants \u00e0 r\u00e9fl\u00e9chir \u00e0 la fa\u00e7on de prot\u00e9ger les personnes vuln\u00e9rables dans nos \u00e9glises.<\/span><\/i><\/p>\n<p class=\"c-post-header__subtitle\"><span style=\"font-weight: 400;\">Le 26 mars 2025 | Angleterre | Catherine Anthony Boldeau, Division transeurop\u00e9enne et <\/span><i><span style=\"font-weight: 400;\">Adventist Review<\/span><\/i><\/p>\n<p><span style=\"font-weight: 400;\">\u00ab\u00a0La protection n\u2019est pas qu\u2019une responsabilit\u00e9, mais une r\u00e9flexion de nos valeurs et de notre foi en action.\u00a0\u00bb Ces paroles d\u2019Eglan Brooks, pr\u00e9sident de l\u2019Union des f\u00e9d\u00e9rations britanniques, ont donn\u00e9 le ton \u00e0 plusieurs r\u00e9unions de discussion servant \u00e0 pr\u00e9senter les meilleures pratiques et \u00e0 renforcer les \u00e9glises du Royaume-Uni et de l\u2019Irlande.<\/span><\/p>\n<p><span style=\"font-weight: 400;\">Du 21 au 27 f\u00e9vrier, plus de 130 participants \u00e9taient rassembl\u00e9s au Newbold College of Higher Education pour prier, \u00e9changer, d\u00e9battre et r\u00e9fl\u00e9chir sur les questions relatives \u00e0 la s\u00e9curit\u00e9 dans les espaces religieux. Le terme <\/span><i><span style=\"font-weight: 400;\">protection des plus vuln\u00e9rables <\/span><\/i><span style=\"font-weight: 400;\">englobe la sant\u00e9, le bien-\u00eatre et les droits individuels, particuli\u00e8rement ceux des enfants et des adultes vuln\u00e9rables, afin d\u2019\u00e9viter toute forme de maltraitance.<\/span><\/p>\n<p><div id=\"attachment_126617\" style=\"width: 816px\" class=\"wp-caption aligncenter\"><img fetchpriority=\"high\" decoding=\"async\" aria-describedby=\"caption-attachment-126617\" class=\" wp-image-126616\" src=\"https:\/\/interamerica.org\/wp-content\/uploads\/2025\/03\/england-buc-ac-5.jpg\" alt=\"\" width=\"806\" height=\"451\" srcset=\"https:\/\/interamerica.org\/wp-content\/uploads\/2025\/03\/england-buc-ac-5.jpg 633w, https:\/\/interamerica.org\/wp-content\/uploads\/2025\/03\/england-buc-ac-5-300x168.jpg 300w\" sizes=\"(max-width: 806px) 100vw, 806px\" \/><p id=\"caption-attachment-126617\" class=\"wp-caption-text\"><span style=\"font-weight: 400;\">Diana Downer, professeure en protection de l\u2019enfance et des adultes \u00e0 la Buckinghamshire New University, \u00e9tait parmi les sp\u00e9cialistes universitaires et cliniques invit\u00e9s \u00e0 faire des pr\u00e9sentations au sommet. [Photo\u00a0: Nicholas Blackburn, Jimmy Botha et Cathy Boldeau]<\/span><\/p><\/div><span style=\"font-weight: 400;\">Le sommet sur la protection des plus vuln\u00e9rables s\u2019est \u00e9tal\u00e9 sur plusieurs jours et \u00e9tait sous-divis\u00e9 en plus petites conf\u00e9rences destin\u00e9es \u00e0 des auditoires pr\u00e9cis. Il \u00e9tait initialement ax\u00e9 sur les administrateurs (du vendredi au dimanche), puis sur les dirigeants de terrain (lundi et mardi) et enfin sur les directeurs de d\u00e9partement des f\u00e9d\u00e9rations et de l\u2019union de l\u2019\u00c9glise adventiste au Royaume-Uni et en Irlande (du mardi au jeudi).<\/span><\/p>\n<h3><b>La th\u00e9ologie de la protection des plus vuln\u00e9rables<\/b><\/h3>\n<p><span style=\"font-weight: 400;\">Lee Carmichael a lanc\u00e9 la semaine avec une pr\u00e9sentation intitul\u00e9e \u00ab\u00a0La th\u00e9ologie de la protection\u00a0: un appel \u00e0 prot\u00e9ger les personnes vuln\u00e9rables\u00a0\u00bb. M.\u00a0Carmichael, un intervenant t\u00e9l\u00e9phonique \u00e0 temps partiel chez <\/span><a href=\"https:\/\/thirtyoneeight.org\/\"><span style=\"font-weight: 400;\">Thirtyone:eight,<\/span><\/a><span style=\"font-weight: 400;\"> un organisme chr\u00e9tien ind\u00e9pendant qui cherche \u00e0 prot\u00e9ger les personnes vuln\u00e9rables, a pr\u00e9sent\u00e9 un argument th\u00e9ologique en faveur de la protection des personnes vuln\u00e9rables au sein de l\u2019\u00c9glise.<\/span><\/p>\n<p><span style=\"font-weight: 400;\">Bas\u00e9e sur des enseignements bibliques, la protection des plus vuln\u00e9rables n\u2019est pas qu\u2019une simple obligation l\u00e9gale ou proc\u00e9durale, mais bien un mandat divin refl\u00e9tant la fa\u00e7on dont Dieu se pr\u00e9occupe des membres les plus vuln\u00e9rables de la soci\u00e9t\u00e9.\u00a0<\/span><\/p>\n<p><span style=\"font-weight: 400;\">Anette Williams, conseill\u00e8re en protection chez Thirtyone:eight, a d\u00e9velopp\u00e9 les id\u00e9es de son coll\u00e8gue lors de ses pr\u00e9sentations de la semaine.\u00a0<\/span><\/p>\n<p><span style=\"font-weight: 400;\">Philip Baptiste, secr\u00e9taire et tr\u00e9sorier d\u2019Adventist-Laymen\u2019s Services and Industries pour la Division nord-am\u00e9ricaine, a parl\u00e9 de ceux qui se chargent de la responsabilit\u00e9 de cr\u00e9er des \u00e9glises et des espaces s\u00e9curitaires.<\/span><\/p>\n<p><div id=\"attachment_126624\" style=\"width: 879px\" class=\"wp-caption aligncenter\"><img decoding=\"async\" aria-describedby=\"caption-attachment-126624\" class=\" wp-image-126623\" src=\"https:\/\/interamerica.org\/wp-content\/uploads\/2025\/03\/buc-ac-6-700x442-1.jpg\" alt=\"\" width=\"869\" height=\"549\" srcset=\"https:\/\/interamerica.org\/wp-content\/uploads\/2025\/03\/buc-ac-6-700x442-1.jpg 700w, https:\/\/interamerica.org\/wp-content\/uploads\/2025\/03\/buc-ac-6-700x442-1-300x189.jpg 300w\" sizes=\"(max-width: 869px) 100vw, 869px\" \/><p id=\"caption-attachment-126624\" class=\"wp-caption-text\"><span style=\"font-weight: 400;\">Les dirigeants de l\u2019Union des f\u00e9d\u00e9rations britanniques\u00a0(Kirk Thomas, Steve Palmer, Eglan Brooks, James Botha, Graham Allcock et Adam Keough) lors du Sommet sur la protection des plus vuln\u00e9rables. [Photo\u00a0: Nicholas Blackburn, Jimmy Botha et Cathy Boldeau]<\/span><\/p><\/div><span style=\"font-weight: 400;\">Durant la semaine, M. Baptiste a partag\u00e9 plusieurs acronymes simples pour aider les participants \u00e0 se souvenir de leurs responsabilit\u00e9s en mati\u00e8re de protection. En voici quelques exemples\u00a0: S.T.E.P.I.N., qui signifie \u00ab\u00a0intervenir\u00a0\u00bb et qui repr\u00e9sente <\/span><b><i>S<\/i><\/b><i><span style=\"font-weight: 400;\">ee the crisis<\/span><\/i><span style=\"font-weight: 400;\"> (voir la crise);<\/span> <b><i>T<\/i><\/b><i><span style=\"font-weight: 400;\">ake action<\/span><\/i><span style=\"font-weight: 400;\"> (agir); <\/span><b><i>E<\/i><\/b><i><span style=\"font-weight: 400;\">mbrace the wounded<\/span><\/i><span style=\"font-weight: 400;\"> (accueillir ceux qui sont bless\u00e9s); <\/span><b><i>P<\/i><\/b><i><span style=\"font-weight: 400;\">roclaim life &amp; hope<\/span><\/i><span style=\"font-weight: 400;\"> (proclamer la vie et l\u2019espoir);<\/span> <b><i>I<\/i><\/b><i><span style=\"font-weight: 400;\">nvolve the community<\/span><\/i><span style=\"font-weight: 400;\"> (impliquer la communaut\u00e9) et<\/span> <b><i>N<\/i><\/b><i><span style=\"font-weight: 400;\">urture healing<\/span><\/i><span style=\"font-weight: 400;\"> (favoriser la gu\u00e9rison). Il y avait aussi C.L.E.A.R., (\u00ab\u00a0clair\u00a0\u00bb) qui signifie <\/span><b><i>C<\/i><\/b><i><span style=\"font-weight: 400;\">onfront the issues with courage<\/span><\/i><span style=\"font-weight: 400;\"> (affronter le probl\u00e8me avec courage); <\/span><b><i>L<\/i><\/b><i><span style=\"font-weight: 400;\">isten to the victims<\/span><\/i><span style=\"font-weight: 400;\"> (\u00e9couter les victimes); <\/span><b><i>E<\/i><\/b><i><span style=\"font-weight: 400;\">mpathise with the wounded<\/span><\/i><span style=\"font-weight: 400;\"> (sympathiser avec ceux qui ont \u00e9t\u00e9 bless\u00e9s); <\/span><b><i>A<\/i><\/b><i><span style=\"font-weight: 400;\">ct to protect and prevent<\/span><\/i><span style=\"font-weight: 400;\"> (agir pour prot\u00e9ger et pr\u00e9venir) et <\/span><b><i>R<\/i><\/b><i><span style=\"font-weight: 400;\">estore trust and bring healing<\/span><\/i><span style=\"font-weight: 400;\"> (restaurer la confiance et apporter la gu\u00e9rison).<\/span><\/p>\n<h3><b>Un d\u00e9fi pour les dirigeants<\/b><\/h3>\n<p><span style=\"font-weight: 400;\">David DeFoe, fondateur de Imara Counselling Services et directeur des minist\u00e8res des relations \u00e0 la F\u00e9d\u00e9ration d\u2019Allegheny East, aux \u00c9tats-Unis, a dit que \u00ab\u00a0le fait de prot\u00e9ger une institution aux d\u00e9pens des gens \u00e0 laquelle elle est au service ne constitue pas de la protection, mais de la corruption\u00a0\u00bb. Sa pr\u00e9sentation a offert une plateforme pour s\u2019attaquer \u00e0 des sujets complexes, comme le pouvoir et la protection, qui seraient pr\u00e9sent\u00e9s durant le reste de la conf\u00e9rence.<\/span><\/p>\n<p><span style=\"font-weight: 400;\">Les pr\u00e9sentations des orateurs de DRD Partnership, une firme de consultation en communications strat\u00e9giques, ont provoqu\u00e9 des conversations et des discussions sur des sujets tels que le leadership, les crises et les obligations des organisations.<\/span><\/p>\n<p><span style=\"font-weight: 400;\">Mis \u00e0 part les pr\u00e9sentations des orateurs, des panels de discussion ont \u00e9galement \u00e9t\u00e9 organis\u00e9s. En repensant \u00e0 certaines de ces discussions, Leslie Ackie, des minist\u00e8res des possibilit\u00e9s de l\u2019Union des f\u00e9d\u00e9rations britanniques, a dit ceci\u00a0: \u00ab\u00a0Ce sommet a soulign\u00e9 encore davantage l\u2019\u00e9norme d\u00e9fi ainsi que l\u2019occasion que nous avons de faire avancer nos dispositions en mati\u00e8re de protection des plus vuln\u00e9rables afin de remplir notre mandat biblique.\u00a0\u00bb<\/span><\/p>\n<div class=\"o-rich-text c-content-single__body\"><div id=\"attachment_126627\" style=\"width: 879px\" class=\"wp-caption aligncenter\"><img decoding=\"async\" aria-describedby=\"caption-attachment-126627\" class=\" wp-image-126626\" src=\"https:\/\/interamerica.org\/wp-content\/uploads\/2025\/03\/buc-ac-15b.jpg\" alt=\"\" width=\"869\" height=\"579\" srcset=\"https:\/\/interamerica.org\/wp-content\/uploads\/2025\/03\/buc-ac-15b.jpg 800w, https:\/\/interamerica.org\/wp-content\/uploads\/2025\/03\/buc-ac-15b-300x200.jpg 300w, https:\/\/interamerica.org\/wp-content\/uploads\/2025\/03\/buc-ac-15b-768x512.jpg 768w\" sizes=\"(max-width: 869px) 100vw, 869px\" \/><p id=\"caption-attachment-126627\" class=\"wp-caption-text\"><span style=\"font-weight: 400;\">Eglan Brooks, pr\u00e9sident de l\u2019Union des f\u00e9d\u00e9rations britanniques, et Augustus Lawrence, dirigeant des minist\u00e8res personnels et de l\u2019\u00e9cole du sabbat, en conversation lors du Sommet sur la protection des plus vuln\u00e9rables. [Photo\u00a0: Nicholas Blackburn, Jimmy Botha et Cathy Boldeau]<\/span><\/p><\/div><\/p>\n<h3><b>\u00c9coute et strat\u00e9gie de marque<\/b><\/h3>\n<p><span style=\"font-weight: 400;\">L\u2019action qui consiste \u00e0 \u00e9couter les \u00ab\u00a0sans voix\u00a0\u00bb est essentielle au th\u00e8me de la protection des personnes vuln\u00e9rables. Plusieurs victimes survivantes \u00e0 des mauvais traitements ont partag\u00e9 leur histoire personnelle. Ces histoires bien r\u00e9elles et difficiles \u00e0 \u00e9couter ont plong\u00e9 la salle dans un lourd silence et \u00e9mu bien des gens.\u00a0<\/span><\/p>\n<p><span style=\"font-weight: 400;\">Les dirigeants des f\u00e9d\u00e9rations ont \u00e9galement annonc\u00e9 que dans les mois \u00e0 venir, une nouvelle strat\u00e9gie de marque serait pr\u00e9sent\u00e9e. \u00ab\u00a0Dites-le. Entendez-le. Dites-le. Mettez-y un terme! La protection des personnes vuln\u00e9rables est ma responsabilit\u00e9, votre responsabilit\u00e9, notre responsabilit\u00e9.\u00a0\u00bb<\/span><\/p>\n<p><i><span style=\"font-weight: 400;\">La <\/span><\/i><a href=\"https:\/\/ted.adventist.org\/news\/uk-church-hosts-its-first-safeguarding-summit\/\"><i><span style=\"font-weight: 400;\">version originale<\/span><\/i><\/a><i><span style=\"font-weight: 400;\"> de cet article a \u00e9t\u00e9 publi\u00e9e sur le <\/span><\/i><a href=\"https:\/\/ted.adventist.org\/news\"><i><span style=\"font-weight: 400;\">site des actualit\u00e9s<\/span><\/i><\/a><i><span style=\"font-weight: 400;\"> de la Division transeurop\u00e9enne.<\/span><\/i><\/p>\n<p><a href=\"https:\/\/www.facebook.com\/sharer\/sharer.php?u=https:\/\/adventistreview.org\/news\/united-kingdom-hosts-first-safeguarding-summit\/\"><span style=\"font-weight: 400;\">Partager sur Facebook<\/span><\/a><\/p>\n<p>Traduction : Marie-Mich\u00e8le Robitaille<\/p>\n<\/div>\n","protected":false},"excerpt":{"rendered":"<p>L\u2019\u00e9v\u00e9nement a port\u00e9 les participants \u00e0 r\u00e9fl\u00e9chir \u00e0 la fa\u00e7on de prot\u00e9ger les personnes vuln\u00e9rables dans nos \u00e9glises. Le 26 mars 2025 | Angleterre | Catherine Anthony Boldeau, Division transeurop\u00e9enne&#8230;<\/p>\n","protected":false},"author":3,"featured_media":126617,"comment_status":"closed","ping_status":"closed","sticky":false,"template":"","format":"standard","meta":{"_acf_changed":false,"footnotes":""},"categories":[18,19],"tags":[],"class_list":["post-126723","post","type-post","status-publish","format-standard","has-post-thumbnail","hentry","category-nouvelles-de-leglise-mondiale","category-rss-francais"],"acf":[],"yoast_head":"<!-- This site is optimized with the Yoast SEO plugin v27.3 - https:\/\/yoast.com\/product\/yoast-seo-wordpress\/ -->\n<title>Le Royaume-Uni organise un premier sommet sur la protection des plus vuln\u00e9rables - \u00c9glise Adventiste Du Septieme Jour - Inter Am\u00e9rique Division<\/title>\n<meta name=\"robots\" content=\"index, follow, max-snippet:-1, max-image-preview:large, max-video-preview:-1\" \/>\n<link rel=\"canonical\" href=\"https:\/\/interamerica.org\/fr\/2025\/03\/le-royaume-uni-organise-un-premier-sommet-sur-la-protection-des-plus-vulnerables\/\" \/>\n<meta property=\"og:locale\" content=\"fr_FR\" \/>\n<meta property=\"og:type\" content=\"article\" \/>\n<meta property=\"og:title\" content=\"Le Royaume-Uni organise un premier sommet sur la protection des plus vuln\u00e9rables - \u00c9glise Adventiste Du Septieme Jour - Inter Am\u00e9rique Division\" \/>\n<meta property=\"og:description\" content=\"L\u2019\u00e9v\u00e9nement a port\u00e9 les participants \u00e0 r\u00e9fl\u00e9chir \u00e0 la fa\u00e7on de prot\u00e9ger les personnes vuln\u00e9rables dans nos \u00e9glises. Le 26 mars 2025 | Angleterre | Catherine Anthony Boldeau, Division transeurop\u00e9enne...\" \/>\n<meta property=\"og:url\" content=\"https:\/\/interamerica.org\/fr\/2025\/03\/le-royaume-uni-organise-un-premier-sommet-sur-la-protection-des-plus-vulnerables\/\" \/>\n<meta property=\"og:site_name\" content=\"\u00c9glise Adventiste Du Septieme Jour - Inter Am\u00e9rique Division\" \/>\n<meta property=\"article:published_time\" content=\"2025-03-27T14:52:30+00:00\" \/>\n<meta property=\"article:modified_time\" content=\"2025-03-31T00:14:04+00:00\" \/>\n<meta property=\"og:image\" content=\"https:\/\/interamerica.org\/wp-content\/uploads\/2025\/03\/england-buc-ac-5.jpg\" \/>\n\t<meta property=\"og:image:width\" content=\"633\" \/>\n\t<meta property=\"og:image:height\" content=\"354\" \/>\n\t<meta property=\"og:image:type\" content=\"image\/jpeg\" \/>\n<meta name=\"author\" content=\"libna\" \/>\n<meta name=\"twitter:card\" content=\"summary_large_image\" \/>\n<meta name=\"twitter:label1\" content=\"\u00c9crit par\" \/>\n\t<meta name=\"twitter:data1\" content=\"libna\" \/>\n\t<meta name=\"twitter:label2\" content=\"Dur\u00e9e de lecture estim\u00e9e\" \/>\n\t<meta name=\"twitter:data2\" content=\"5 minutes\" \/>\n<script type=\"application\/ld+json\" class=\"yoast-schema-graph\">{\"@context\":\"https:\\\/\\\/schema.org\",\"@graph\":[{\"@type\":\"Article\",\"@id\":\"https:\\\/\\\/interamerica.org\\\/fr\\\/2025\\\/03\\\/le-royaume-uni-organise-un-premier-sommet-sur-la-protection-des-plus-vulnerables\\\/#article\",\"isPartOf\":{\"@id\":\"https:\\\/\\\/interamerica.org\\\/fr\\\/2025\\\/03\\\/le-royaume-uni-organise-un-premier-sommet-sur-la-protection-des-plus-vulnerables\\\/\"},\"author\":{\"name\":\"libna\",\"@id\":\"https:\\\/\\\/interamerica.org\\\/fr\\\/#\\\/schema\\\/person\\\/29998f2bc2d8bd0d38662909289b54f1\"},\"headline\":\"Le Royaume-Uni organise un premier sommet sur la protection des plus vuln\u00e9rables\",\"datePublished\":\"2025-03-27T14:52:30+00:00\",\"dateModified\":\"2025-03-31T00:14:04+00:00\",\"mainEntityOfPage\":{\"@id\":\"https:\\\/\\\/interamerica.org\\\/fr\\\/2025\\\/03\\\/le-royaume-uni-organise-un-premier-sommet-sur-la-protection-des-plus-vulnerables\\\/\"},\"wordCount\":1097,\"image\":{\"@id\":\"https:\\\/\\\/interamerica.org\\\/fr\\\/2025\\\/03\\\/le-royaume-uni-organise-un-premier-sommet-sur-la-protection-des-plus-vulnerables\\\/#primaryimage\"},\"thumbnailUrl\":\"https:\\\/\\\/interamerica.org\\\/wp-content\\\/uploads\\\/2025\\\/03\\\/england-buc-ac-5.jpg\",\"articleSection\":[\"Nouvelles de l'\u00c9glise mondiale\",\"RSS Fran\u00e7ais\"],\"inLanguage\":\"fr-FR\"},{\"@type\":\"WebPage\",\"@id\":\"https:\\\/\\\/interamerica.org\\\/fr\\\/2025\\\/03\\\/le-royaume-uni-organise-un-premier-sommet-sur-la-protection-des-plus-vulnerables\\\/\",\"url\":\"https:\\\/\\\/interamerica.org\\\/fr\\\/2025\\\/03\\\/le-royaume-uni-organise-un-premier-sommet-sur-la-protection-des-plus-vulnerables\\\/\",\"name\":\"Le Royaume-Uni organise un premier sommet sur la protection des plus vuln\u00e9rables - \u00c9glise Adventiste Du Septieme Jour - Inter Am\u00e9rique Division\",\"isPartOf\":{\"@id\":\"https:\\\/\\\/interamerica.org\\\/fr\\\/#website\"},\"primaryImageOfPage\":{\"@id\":\"https:\\\/\\\/interamerica.org\\\/fr\\\/2025\\\/03\\\/le-royaume-uni-organise-un-premier-sommet-sur-la-protection-des-plus-vulnerables\\\/#primaryimage\"},\"image\":{\"@id\":\"https:\\\/\\\/interamerica.org\\\/fr\\\/2025\\\/03\\\/le-royaume-uni-organise-un-premier-sommet-sur-la-protection-des-plus-vulnerables\\\/#primaryimage\"},\"thumbnailUrl\":\"https:\\\/\\\/interamerica.org\\\/wp-content\\\/uploads\\\/2025\\\/03\\\/england-buc-ac-5.jpg\",\"datePublished\":\"2025-03-27T14:52:30+00:00\",\"dateModified\":\"2025-03-31T00:14:04+00:00\",\"author\":{\"@id\":\"https:\\\/\\\/interamerica.org\\\/fr\\\/#\\\/schema\\\/person\\\/29998f2bc2d8bd0d38662909289b54f1\"},\"breadcrumb\":{\"@id\":\"https:\\\/\\\/interamerica.org\\\/fr\\\/2025\\\/03\\\/le-royaume-uni-organise-un-premier-sommet-sur-la-protection-des-plus-vulnerables\\\/#breadcrumb\"},\"inLanguage\":\"fr-FR\",\"potentialAction\":[{\"@type\":\"ReadAction\",\"target\":[\"https:\\\/\\\/interamerica.org\\\/fr\\\/2025\\\/03\\\/le-royaume-uni-organise-un-premier-sommet-sur-la-protection-des-plus-vulnerables\\\/\"]}]},{\"@type\":\"ImageObject\",\"inLanguage\":\"fr-FR\",\"@id\":\"https:\\\/\\\/interamerica.org\\\/fr\\\/2025\\\/03\\\/le-royaume-uni-organise-un-premier-sommet-sur-la-protection-des-plus-vulnerables\\\/#primaryimage\",\"url\":\"https:\\\/\\\/interamerica.org\\\/wp-content\\\/uploads\\\/2025\\\/03\\\/england-buc-ac-5.jpg\",\"contentUrl\":\"https:\\\/\\\/interamerica.org\\\/wp-content\\\/uploads\\\/2025\\\/03\\\/england-buc-ac-5.jpg\",\"width\":633,\"height\":354,\"caption\":\"Diana Downer, senior lecturer in child protection and adult safeguarding at Buckinghamshire New University, was among the academics and practitioners invited to give presentations at the summit. [Photos: Nicholas Blackburn, Jimmy Botha, and Cathy Boldeau]\"},{\"@type\":\"BreadcrumbList\",\"@id\":\"https:\\\/\\\/interamerica.org\\\/fr\\\/2025\\\/03\\\/le-royaume-uni-organise-un-premier-sommet-sur-la-protection-des-plus-vulnerables\\\/#breadcrumb\",\"itemListElement\":[{\"@type\":\"ListItem\",\"position\":1,\"name\":\"Home\",\"item\":\"https:\\\/\\\/interamerica.org\\\/fr\\\/\"},{\"@type\":\"ListItem\",\"position\":2,\"name\":\"Le Royaume-Uni organise un premier sommet sur la protection des plus vuln\u00e9rables\"}]},{\"@type\":\"WebSite\",\"@id\":\"https:\\\/\\\/interamerica.org\\\/fr\\\/#website\",\"url\":\"https:\\\/\\\/interamerica.org\\\/fr\\\/\",\"name\":\"\u00c9glise Adventiste Du Septieme Jour - Inter Am\u00e9rique Division\",\"description\":\"\",\"potentialAction\":[{\"@type\":\"SearchAction\",\"target\":{\"@type\":\"EntryPoint\",\"urlTemplate\":\"https:\\\/\\\/interamerica.org\\\/fr\\\/?s={search_term_string}\"},\"query-input\":{\"@type\":\"PropertyValueSpecification\",\"valueRequired\":true,\"valueName\":\"search_term_string\"}}],\"inLanguage\":\"fr-FR\"},{\"@type\":\"Person\",\"@id\":\"https:\\\/\\\/interamerica.org\\\/fr\\\/#\\\/schema\\\/person\\\/29998f2bc2d8bd0d38662909289b54f1\",\"name\":\"libna\",\"image\":{\"@type\":\"ImageObject\",\"inLanguage\":\"fr-FR\",\"@id\":\"https:\\\/\\\/secure.gravatar.com\\\/avatar\\\/7c5bd30ae4b47a9ba3c856590957fd1d96dc588bf3ac05719d247e126840331f?s=96&d=mm&r=g\",\"url\":\"https:\\\/\\\/secure.gravatar.com\\\/avatar\\\/7c5bd30ae4b47a9ba3c856590957fd1d96dc588bf3ac05719d247e126840331f?s=96&d=mm&r=g\",\"contentUrl\":\"https:\\\/\\\/secure.gravatar.com\\\/avatar\\\/7c5bd30ae4b47a9ba3c856590957fd1d96dc588bf3ac05719d247e126840331f?s=96&d=mm&r=g\",\"caption\":\"libna\"}}]}<\/script>\n<!-- \/ Yoast SEO plugin. -->","yoast_head_json":{"title":"Le Royaume-Uni organise un premier sommet sur la protection des plus vuln\u00e9rables - \u00c9glise Adventiste Du Septieme Jour - Inter Am\u00e9rique Division","robots":{"index":"index","follow":"follow","max-snippet":"max-snippet:-1","max-image-preview":"max-image-preview:large","max-video-preview":"max-video-preview:-1"},"canonical":"https:\/\/interamerica.org\/fr\/2025\/03\/le-royaume-uni-organise-un-premier-sommet-sur-la-protection-des-plus-vulnerables\/","og_locale":"fr_FR","og_type":"article","og_title":"Le Royaume-Uni organise un premier sommet sur la protection des plus vuln\u00e9rables - \u00c9glise Adventiste Du Septieme Jour - Inter Am\u00e9rique Division","og_description":"L\u2019\u00e9v\u00e9nement a port\u00e9 les participants \u00e0 r\u00e9fl\u00e9chir \u00e0 la fa\u00e7on de prot\u00e9ger les personnes vuln\u00e9rables dans nos \u00e9glises. Le 26 mars 2025 | Angleterre | Catherine Anthony Boldeau, Division transeurop\u00e9enne...","og_url":"https:\/\/interamerica.org\/fr\/2025\/03\/le-royaume-uni-organise-un-premier-sommet-sur-la-protection-des-plus-vulnerables\/","og_site_name":"\u00c9glise Adventiste Du Septieme Jour - Inter Am\u00e9rique Division","article_published_time":"2025-03-27T14:52:30+00:00","article_modified_time":"2025-03-31T00:14:04+00:00","og_image":[{"width":633,"height":354,"url":"https:\/\/interamerica.org\/wp-content\/uploads\/2025\/03\/england-buc-ac-5.jpg","type":"image\/jpeg"}],"author":"libna","twitter_card":"summary_large_image","twitter_misc":{"\u00c9crit par":"libna","Dur\u00e9e de lecture estim\u00e9e":"5 minutes"},"schema":{"@context":"https:\/\/schema.org","@graph":[{"@type":"Article","@id":"https:\/\/interamerica.org\/fr\/2025\/03\/le-royaume-uni-organise-un-premier-sommet-sur-la-protection-des-plus-vulnerables\/#article","isPartOf":{"@id":"https:\/\/interamerica.org\/fr\/2025\/03\/le-royaume-uni-organise-un-premier-sommet-sur-la-protection-des-plus-vulnerables\/"},"author":{"name":"libna","@id":"https:\/\/interamerica.org\/fr\/#\/schema\/person\/29998f2bc2d8bd0d38662909289b54f1"},"headline":"Le Royaume-Uni organise un premier sommet sur la protection des plus vuln\u00e9rables","datePublished":"2025-03-27T14:52:30+00:00","dateModified":"2025-03-31T00:14:04+00:00","mainEntityOfPage":{"@id":"https:\/\/interamerica.org\/fr\/2025\/03\/le-royaume-uni-organise-un-premier-sommet-sur-la-protection-des-plus-vulnerables\/"},"wordCount":1097,"image":{"@id":"https:\/\/interamerica.org\/fr\/2025\/03\/le-royaume-uni-organise-un-premier-sommet-sur-la-protection-des-plus-vulnerables\/#primaryimage"},"thumbnailUrl":"https:\/\/interamerica.org\/wp-content\/uploads\/2025\/03\/england-buc-ac-5.jpg","articleSection":["Nouvelles de l'\u00c9glise mondiale","RSS Fran\u00e7ais"],"inLanguage":"fr-FR"},{"@type":"WebPage","@id":"https:\/\/interamerica.org\/fr\/2025\/03\/le-royaume-uni-organise-un-premier-sommet-sur-la-protection-des-plus-vulnerables\/","url":"https:\/\/interamerica.org\/fr\/2025\/03\/le-royaume-uni-organise-un-premier-sommet-sur-la-protection-des-plus-vulnerables\/","name":"Le Royaume-Uni organise un premier sommet sur la protection des plus vuln\u00e9rables - \u00c9glise Adventiste Du Septieme Jour - Inter Am\u00e9rique Division","isPartOf":{"@id":"https:\/\/interamerica.org\/fr\/#website"},"primaryImageOfPage":{"@id":"https:\/\/interamerica.org\/fr\/2025\/03\/le-royaume-uni-organise-un-premier-sommet-sur-la-protection-des-plus-vulnerables\/#primaryimage"},"image":{"@id":"https:\/\/interamerica.org\/fr\/2025\/03\/le-royaume-uni-organise-un-premier-sommet-sur-la-protection-des-plus-vulnerables\/#primaryimage"},"thumbnailUrl":"https:\/\/interamerica.org\/wp-content\/uploads\/2025\/03\/england-buc-ac-5.jpg","datePublished":"2025-03-27T14:52:30+00:00","dateModified":"2025-03-31T00:14:04+00:00","author":{"@id":"https:\/\/interamerica.org\/fr\/#\/schema\/person\/29998f2bc2d8bd0d38662909289b54f1"},"breadcrumb":{"@id":"https:\/\/interamerica.org\/fr\/2025\/03\/le-royaume-uni-organise-un-premier-sommet-sur-la-protection-des-plus-vulnerables\/#breadcrumb"},"inLanguage":"fr-FR","potentialAction":[{"@type":"ReadAction","target":["https:\/\/interamerica.org\/fr\/2025\/03\/le-royaume-uni-organise-un-premier-sommet-sur-la-protection-des-plus-vulnerables\/"]}]},{"@type":"ImageObject","inLanguage":"fr-FR","@id":"https:\/\/interamerica.org\/fr\/2025\/03\/le-royaume-uni-organise-un-premier-sommet-sur-la-protection-des-plus-vulnerables\/#primaryimage","url":"https:\/\/interamerica.org\/wp-content\/uploads\/2025\/03\/england-buc-ac-5.jpg","contentUrl":"https:\/\/interamerica.org\/wp-content\/uploads\/2025\/03\/england-buc-ac-5.jpg","width":633,"height":354,"caption":"Diana Downer, senior lecturer in child protection and adult safeguarding at Buckinghamshire New University, was among the academics and practitioners invited to give presentations at the summit. [Photos: Nicholas Blackburn, Jimmy Botha, and Cathy Boldeau]"},{"@type":"BreadcrumbList","@id":"https:\/\/interamerica.org\/fr\/2025\/03\/le-royaume-uni-organise-un-premier-sommet-sur-la-protection-des-plus-vulnerables\/#breadcrumb","itemListElement":[{"@type":"ListItem","position":1,"name":"Home","item":"https:\/\/interamerica.org\/fr\/"},{"@type":"ListItem","position":2,"name":"Le Royaume-Uni organise un premier sommet sur la protection des plus vuln\u00e9rables"}]},{"@type":"WebSite","@id":"https:\/\/interamerica.org\/fr\/#website","url":"https:\/\/interamerica.org\/fr\/","name":"\u00c9glise Adventiste Du Septieme Jour - Inter Am\u00e9rique Division","description":"","potentialAction":[{"@type":"SearchAction","target":{"@type":"EntryPoint","urlTemplate":"https:\/\/interamerica.org\/fr\/?s={search_term_string}"},"query-input":{"@type":"PropertyValueSpecification","valueRequired":true,"valueName":"search_term_string"}}],"inLanguage":"fr-FR"},{"@type":"Person","@id":"https:\/\/interamerica.org\/fr\/#\/schema\/person\/29998f2bc2d8bd0d38662909289b54f1","name":"libna","image":{"@type":"ImageObject","inLanguage":"fr-FR","@id":"https:\/\/secure.gravatar.com\/avatar\/7c5bd30ae4b47a9ba3c856590957fd1d96dc588bf3ac05719d247e126840331f?s=96&d=mm&r=g","url":"https:\/\/secure.gravatar.com\/avatar\/7c5bd30ae4b47a9ba3c856590957fd1d96dc588bf3ac05719d247e126840331f?s=96&d=mm&r=g","contentUrl":"https:\/\/secure.gravatar.com\/avatar\/7c5bd30ae4b47a9ba3c856590957fd1d96dc588bf3ac05719d247e126840331f?s=96&d=mm&r=g","caption":"libna"}}]}},"_links":{"self":[{"href":"https:\/\/interamerica.org\/fr\/wp-json\/wp\/v2\/posts\/126723","targetHints":{"allow":["GET"]}}],"collection":[{"href":"https:\/\/interamerica.org\/fr\/wp-json\/wp\/v2\/posts"}],"about":[{"href":"https:\/\/interamerica.org\/fr\/wp-json\/wp\/v2\/types\/post"}],"author":[{"embeddable":true,"href":"https:\/\/interamerica.org\/fr\/wp-json\/wp\/v2\/users\/3"}],"replies":[{"embeddable":true,"href":"https:\/\/interamerica.org\/fr\/wp-json\/wp\/v2\/comments?post=126723"}],"version-history":[{"count":0,"href":"https:\/\/interamerica.org\/fr\/wp-json\/wp\/v2\/posts\/126723\/revisions"}],"wp:featuredmedia":[{"embeddable":true,"href":"https:\/\/interamerica.org\/fr\/wp-json\/wp\/v2\/media\/126617"}],"wp:attachment":[{"href":"https:\/\/interamerica.org\/fr\/wp-json\/wp\/v2\/media?parent=126723"}],"wp:term":[{"taxonomy":"category","embeddable":true,"href":"https:\/\/interamerica.org\/fr\/wp-json\/wp\/v2\/categories?post=126723"},{"taxonomy":"post_tag","embeddable":true,"href":"https:\/\/interamerica.org\/fr\/wp-json\/wp\/v2\/tags?post=126723"}],"curies":[{"name":"wp","href":"https:\/\/api.w.org\/{rel}","templated":true}]}}