{"id":12676,"date":"2007-01-30T00:00:00","date_gmt":"2007-01-30T04:00:00","guid":{"rendered":"http:\/\/192.81.217.108\/interamerica\/2007\/01\/indonesie-une-bombe-a-ete-desamorcee-a-lexterieur-dune-eglise-adventiste\/"},"modified":"2017-06-02T13:15:04","modified_gmt":"2017-06-02T17:15:04","slug":"indonesie-une-bombe-a-ete-desamorcee-a-lexterieur-dune-eglise-adventiste","status":"publish","type":"post","link":"https:\/\/interamerica.org\/fr\/2007\/01\/indonesie-une-bombe-a-ete-desamorcee-a-lexterieur-dune-eglise-adventiste\/","title":{"rendered":"Indon\u00e9sie:  Une Bombe a \u00e9t\u00e9 D\u00e9samorc\u00e9e A l&#39;Ext\u00e9rieur d&#39;une Eglise Adventiste"},"content":{"rendered":"<p>30 janvier, 2007, Poso, Indon\u00e9sie&#8230; (Gay Tuballes\/Adventist News Dispatch\/Staff de ANN) <\/p>\n<p>La matin\u00e9 du 13 janvier a d\u00e9but\u00e9 comme l&#39;un de ces samedis ordinaires o\u00f9 les Adventistes du Septi\u00e8me jour de Poso, du Centtre de Sulawesi, en Indon\u00e9sie se dirigent vers l&#39;Eglise Adventiste pour adorer quand une bombe, envelopp\u00e9e dans un sac en plastique, fut d\u00e9couverte par un des membres sous les buissons de l&#39;entr\u00e9e principale.  Par suite de cette d\u00e9couverte, les membres d&#39;\u00e9glise ont imm\u00e9diatement alert\u00e9 la police qui a d\u00e9p\u00each\u00e9 un sp\u00e9cialiste capable de d\u00e9sactiver la bombe. <\/p>\n<p>D&#39;apr\u00eas la police, la bombe \u00e9tait amorc\u00e9e et pourrait \u00eatre activ\u00e9e \u00e0 l&#39;aide d&#39;un t\u00e9l\u00e9phone cellulaire.  La police a d\u00e9clar\u00e9 que les investigations pr\u00e9liminaires ont r\u00e9v\u00e9l\u00e9 que des extr\u00e9mistes Musulmans y avaient \u00e9t\u00e9 impliqu\u00e9s. <\/p>\n<p>L&#39;Eglise Adventiste de Poso a un effectif de 100 membres, un nombre r\u00e9duit des 200 membres r\u00e9guliers quand les conflits entre Mulsulmans et Chr\u00e9tiens ont \u00e9clat\u00e9 au cours de ces six derni\u00e8res ann\u00e9es. <\/p>\n<p>Avant la d\u00e9couverte de cette bombe, l&#39;ancienne \u00e9glise Adventiste de Poso a \u00e9t\u00e9 parmi les quatre autres \u00e9glises Adventistes \u00e0 \u00eatre incendi\u00e9es par les extr\u00e9mistes au cours des ann\u00e9es pass\u00e9es.  Les dirigeants de l&#39;\u00e9glise de cette r\u00e9gion avancent que les attaques ne visent pas seulement les \u00e9glises Adventistes, mais les \u00e9glises Chr\u00e9tiennes en g\u00e9n\u00e9ral. <\/p>\n<p>\u00ab\u00a0Les membres de cette \u00e9glise sont en alerte maximale.  Il  n&#39;est pas prudent et facile \u00e0 pr\u00e9sent d&#39;adorer Dieu en public.\u00a0\u00bb d\u00e9clare Pasteur Erents Sahensolar, pr\u00e9sident de l&#39;Eglise Adventiste du Centre de Sulawesi. <\/p>\n<p>\u00ab\u00a0Ce (n&#39;est) pas le seul incident relatif \u00e0 un attentat \u00e0 la bombe qui se soit produit  (dans cette r\u00e9gion),\u00a0\u00bb d\u00e9clara Moldy Mambu, assistant tr\u00e9sorier du bureau principal de la r\u00e9gion Sud de l&#39;Asie-Pacifique. <\/p>\n<p>Il a d\u00e9clar\u00e9 \u00e0 ANN que cinq ans auparavant \u00e0 l&#39;approche de la Nouvelle Ann\u00e9e, une bombe avait explos\u00e9 \u00e0 minuit pr\u00e8s de l&#39;Eglise Adventiste de Poso.  Elle avait \u00e9t\u00e9 programm\u00e9e pour frapper les Adventistes au moment o\u00f9 ils comm\u00e9moraient les festivit\u00e9s de la Nouvelle Ann\u00e9e.  Mais les terroristes ne savaient pas que les croyants Adventistes avaient d\u00e9j\u00e0 comm\u00e9mor\u00e9 la Nouvelle Ann\u00e9e au coucher du soleil, selon la signification biblique d&#39;un nouveau jour. <\/p>\n<p>La police a d\u00e9p\u00each\u00e9 des forces de s\u00e9curit\u00e9 pour contr\u00f4ler et s\u00e9curiser les alentours de l&#39;\u00e9glise.  L&#39;Indon\u00e9sie est un pays \u00e0 pr\u00e9dominance Musulmane avec la pr\u00e9sence d&#39;environ huit pour cent de Chr\u00e9tiens.  Il y a environ 6.500 Adventistes adorant dans 41 \u00e9glises dans la zone du Centre de Sulawesi.    <\/p>\n","protected":false},"excerpt":{"rendered":"<p>La matin\u00e9 du 13 janvier a d\u00e9but\u00e9 comme l&#39;un de ces samedis ordinaires o\u00f9 les Adventistes du Septi\u00e8me jour de Poso, du Centtre de Sulawesi, en Indon\u00e9sie se dirigent vers l&#39;Eglise Adventiste pour adorer quan<\/p>\n","protected":false},"author":1,"featured_media":0,"comment_status":"closed","ping_status":"closed","sticky":false,"template":"","format":"standard","meta":{"_acf_changed":false,"footnotes":""},"categories":[9],"tags":[],"class_list":["post-12676","post","type-post","status-publish","format-standard","hentry","category-archive-fr"],"acf":[],"yoast_head":"<!-- This site is optimized with the Yoast SEO plugin v27.3 - https:\/\/yoast.com\/product\/yoast-seo-wordpress\/ -->\n<title>Indon\u00e9sie: Une Bombe a \u00e9t\u00e9 D\u00e9samorc\u00e9e A l&#039;Ext\u00e9rieur d&#039;une Eglise Adventiste - \u00c9glise Adventiste Du Septieme Jour - Inter Am\u00e9rique Division<\/title>\n<meta name=\"robots\" content=\"index, follow, max-snippet:-1, max-image-preview:large, max-video-preview:-1\" \/>\n<link rel=\"canonical\" href=\"https:\/\/interamerica.org\/fr\/2007\/01\/indonesie-une-bombe-a-ete-desamorcee-a-lexterieur-dune-eglise-adventiste\/\" \/>\n<meta property=\"og:locale\" content=\"fr_FR\" \/>\n<meta property=\"og:type\" content=\"article\" \/>\n<meta property=\"og:title\" content=\"Indon\u00e9sie: Une Bombe a \u00e9t\u00e9 D\u00e9samorc\u00e9e A l&#039;Ext\u00e9rieur d&#039;une Eglise Adventiste - \u00c9glise Adventiste Du Septieme Jour - Inter Am\u00e9rique Division\" \/>\n<meta property=\"og:description\" content=\"La matin\u00e9 du 13 janvier a d\u00e9but\u00e9 comme l&#039;un de ces samedis ordinaires o\u00f9 les Adventistes du Septi\u00e8me jour de Poso, du Centtre de Sulawesi, en Indon\u00e9sie se dirigent vers l&#039;Eglise Adventiste pour adorer quan\" \/>\n<meta property=\"og:url\" content=\"https:\/\/interamerica.org\/fr\/2007\/01\/indonesie-une-bombe-a-ete-desamorcee-a-lexterieur-dune-eglise-adventiste\/\" \/>\n<meta property=\"og:site_name\" content=\"\u00c9glise Adventiste Du Septieme Jour - Inter Am\u00e9rique Division\" \/>\n<meta property=\"article:published_time\" content=\"2007-01-30T04:00:00+00:00\" \/>\n<meta property=\"article:modified_time\" content=\"2017-06-02T17:15:04+00:00\" \/>\n<meta name=\"author\" content=\"Lorenzo Verduzco\" \/>\n<meta name=\"twitter:card\" content=\"summary_large_image\" \/>\n<meta name=\"twitter:label1\" content=\"\u00c9crit par\" \/>\n\t<meta name=\"twitter:data1\" content=\"Lorenzo Verduzco\" \/>\n\t<meta name=\"twitter:label2\" content=\"Dur\u00e9e de lecture estim\u00e9e\" \/>\n\t<meta name=\"twitter:data2\" content=\"2 minutes\" \/>\n<script type=\"application\/ld+json\" class=\"yoast-schema-graph\">{\"@context\":\"https:\\\/\\\/schema.org\",\"@graph\":[{\"@type\":\"Article\",\"@id\":\"https:\\\/\\\/interamerica.org\\\/fr\\\/2007\\\/01\\\/indonesie-une-bombe-a-ete-desamorcee-a-lexterieur-dune-eglise-adventiste\\\/#article\",\"isPartOf\":{\"@id\":\"https:\\\/\\\/interamerica.org\\\/fr\\\/2007\\\/01\\\/indonesie-une-bombe-a-ete-desamorcee-a-lexterieur-dune-eglise-adventiste\\\/\"},\"author\":{\"name\":\"Lorenzo Verduzco\",\"@id\":\"https:\\\/\\\/interamerica.org\\\/fr\\\/#\\\/schema\\\/person\\\/68ede8bdc292885bb76c1e3810e73c39\"},\"headline\":\"Indon\u00e9sie: Une Bombe a \u00e9t\u00e9 D\u00e9samorc\u00e9e A l&#39;Ext\u00e9rieur d&#39;une Eglise Adventiste\",\"datePublished\":\"2007-01-30T04:00:00+00:00\",\"dateModified\":\"2017-06-02T17:15:04+00:00\",\"mainEntityOfPage\":{\"@id\":\"https:\\\/\\\/interamerica.org\\\/fr\\\/2007\\\/01\\\/indonesie-une-bombe-a-ete-desamorcee-a-lexterieur-dune-eglise-adventiste\\\/\"},\"wordCount\":487,\"articleSection\":[\"Archive\"],\"inLanguage\":\"fr-FR\"},{\"@type\":\"WebPage\",\"@id\":\"https:\\\/\\\/interamerica.org\\\/fr\\\/2007\\\/01\\\/indonesie-une-bombe-a-ete-desamorcee-a-lexterieur-dune-eglise-adventiste\\\/\",\"url\":\"https:\\\/\\\/interamerica.org\\\/fr\\\/2007\\\/01\\\/indonesie-une-bombe-a-ete-desamorcee-a-lexterieur-dune-eglise-adventiste\\\/\",\"name\":\"Indon\u00e9sie: Une Bombe a \u00e9t\u00e9 D\u00e9samorc\u00e9e A l&#39;Ext\u00e9rieur d&#39;une Eglise Adventiste - \u00c9glise Adventiste Du Septieme Jour - Inter Am\u00e9rique Division\",\"isPartOf\":{\"@id\":\"https:\\\/\\\/interamerica.org\\\/fr\\\/#website\"},\"datePublished\":\"2007-01-30T04:00:00+00:00\",\"dateModified\":\"2017-06-02T17:15:04+00:00\",\"author\":{\"@id\":\"https:\\\/\\\/interamerica.org\\\/fr\\\/#\\\/schema\\\/person\\\/68ede8bdc292885bb76c1e3810e73c39\"},\"breadcrumb\":{\"@id\":\"https:\\\/\\\/interamerica.org\\\/fr\\\/2007\\\/01\\\/indonesie-une-bombe-a-ete-desamorcee-a-lexterieur-dune-eglise-adventiste\\\/#breadcrumb\"},\"inLanguage\":\"fr-FR\",\"potentialAction\":[{\"@type\":\"ReadAction\",\"target\":[\"https:\\\/\\\/interamerica.org\\\/fr\\\/2007\\\/01\\\/indonesie-une-bombe-a-ete-desamorcee-a-lexterieur-dune-eglise-adventiste\\\/\"]}]},{\"@type\":\"BreadcrumbList\",\"@id\":\"https:\\\/\\\/interamerica.org\\\/fr\\\/2007\\\/01\\\/indonesie-une-bombe-a-ete-desamorcee-a-lexterieur-dune-eglise-adventiste\\\/#breadcrumb\",\"itemListElement\":[{\"@type\":\"ListItem\",\"position\":1,\"name\":\"Home\",\"item\":\"https:\\\/\\\/interamerica.org\\\/fr\\\/\"},{\"@type\":\"ListItem\",\"position\":2,\"name\":\"Indon\u00e9sie: Une Bombe a \u00e9t\u00e9 D\u00e9samorc\u00e9e A l&#39;Ext\u00e9rieur d&#39;une Eglise Adventiste\"}]},{\"@type\":\"WebSite\",\"@id\":\"https:\\\/\\\/interamerica.org\\\/fr\\\/#website\",\"url\":\"https:\\\/\\\/interamerica.org\\\/fr\\\/\",\"name\":\"\u00c9glise Adventiste Du Septieme Jour - Inter Am\u00e9rique Division\",\"description\":\"\",\"potentialAction\":[{\"@type\":\"SearchAction\",\"target\":{\"@type\":\"EntryPoint\",\"urlTemplate\":\"https:\\\/\\\/interamerica.org\\\/fr\\\/?s={search_term_string}\"},\"query-input\":{\"@type\":\"PropertyValueSpecification\",\"valueRequired\":true,\"valueName\":\"search_term_string\"}}],\"inLanguage\":\"fr-FR\"},{\"@type\":\"Person\",\"@id\":\"https:\\\/\\\/interamerica.org\\\/fr\\\/#\\\/schema\\\/person\\\/68ede8bdc292885bb76c1e3810e73c39\",\"name\":\"Lorenzo Verduzco\",\"image\":{\"@type\":\"ImageObject\",\"inLanguage\":\"fr-FR\",\"@id\":\"https:\\\/\\\/secure.gravatar.com\\\/avatar\\\/fb81a55b6218459490a9c1dc841a34909185b81904c5337b4b27f7a6fd60c49e?s=96&d=mm&r=g\",\"url\":\"https:\\\/\\\/secure.gravatar.com\\\/avatar\\\/fb81a55b6218459490a9c1dc841a34909185b81904c5337b4b27f7a6fd60c49e?s=96&d=mm&r=g\",\"contentUrl\":\"https:\\\/\\\/secure.gravatar.com\\\/avatar\\\/fb81a55b6218459490a9c1dc841a34909185b81904c5337b4b27f7a6fd60c49e?s=96&d=mm&r=g\",\"caption\":\"Lorenzo Verduzco\"}}]}<\/script>\n<!-- \/ Yoast SEO plugin. -->","yoast_head_json":{"title":"Indon\u00e9sie: Une Bombe a \u00e9t\u00e9 D\u00e9samorc\u00e9e A l&#39;Ext\u00e9rieur d&#39;une Eglise Adventiste - \u00c9glise Adventiste Du Septieme Jour - Inter Am\u00e9rique Division","robots":{"index":"index","follow":"follow","max-snippet":"max-snippet:-1","max-image-preview":"max-image-preview:large","max-video-preview":"max-video-preview:-1"},"canonical":"https:\/\/interamerica.org\/fr\/2007\/01\/indonesie-une-bombe-a-ete-desamorcee-a-lexterieur-dune-eglise-adventiste\/","og_locale":"fr_FR","og_type":"article","og_title":"Indon\u00e9sie: Une Bombe a \u00e9t\u00e9 D\u00e9samorc\u00e9e A l&#39;Ext\u00e9rieur d&#39;une Eglise Adventiste - \u00c9glise Adventiste Du Septieme Jour - Inter Am\u00e9rique Division","og_description":"La matin\u00e9 du 13 janvier a d\u00e9but\u00e9 comme l&#39;un de ces samedis ordinaires o\u00f9 les Adventistes du Septi\u00e8me jour de Poso, du Centtre de Sulawesi, en Indon\u00e9sie se dirigent vers l&#39;Eglise Adventiste pour adorer quan","og_url":"https:\/\/interamerica.org\/fr\/2007\/01\/indonesie-une-bombe-a-ete-desamorcee-a-lexterieur-dune-eglise-adventiste\/","og_site_name":"\u00c9glise Adventiste Du Septieme Jour - Inter Am\u00e9rique Division","article_published_time":"2007-01-30T04:00:00+00:00","article_modified_time":"2017-06-02T17:15:04+00:00","author":"Lorenzo Verduzco","twitter_card":"summary_large_image","twitter_misc":{"\u00c9crit par":"Lorenzo Verduzco","Dur\u00e9e de lecture estim\u00e9e":"2 minutes"},"schema":{"@context":"https:\/\/schema.org","@graph":[{"@type":"Article","@id":"https:\/\/interamerica.org\/fr\/2007\/01\/indonesie-une-bombe-a-ete-desamorcee-a-lexterieur-dune-eglise-adventiste\/#article","isPartOf":{"@id":"https:\/\/interamerica.org\/fr\/2007\/01\/indonesie-une-bombe-a-ete-desamorcee-a-lexterieur-dune-eglise-adventiste\/"},"author":{"name":"Lorenzo Verduzco","@id":"https:\/\/interamerica.org\/fr\/#\/schema\/person\/68ede8bdc292885bb76c1e3810e73c39"},"headline":"Indon\u00e9sie: Une Bombe a \u00e9t\u00e9 D\u00e9samorc\u00e9e A l&#39;Ext\u00e9rieur d&#39;une Eglise Adventiste","datePublished":"2007-01-30T04:00:00+00:00","dateModified":"2017-06-02T17:15:04+00:00","mainEntityOfPage":{"@id":"https:\/\/interamerica.org\/fr\/2007\/01\/indonesie-une-bombe-a-ete-desamorcee-a-lexterieur-dune-eglise-adventiste\/"},"wordCount":487,"articleSection":["Archive"],"inLanguage":"fr-FR"},{"@type":"WebPage","@id":"https:\/\/interamerica.org\/fr\/2007\/01\/indonesie-une-bombe-a-ete-desamorcee-a-lexterieur-dune-eglise-adventiste\/","url":"https:\/\/interamerica.org\/fr\/2007\/01\/indonesie-une-bombe-a-ete-desamorcee-a-lexterieur-dune-eglise-adventiste\/","name":"Indon\u00e9sie: Une Bombe a \u00e9t\u00e9 D\u00e9samorc\u00e9e A l&#39;Ext\u00e9rieur d&#39;une Eglise Adventiste - \u00c9glise Adventiste Du Septieme Jour - Inter Am\u00e9rique Division","isPartOf":{"@id":"https:\/\/interamerica.org\/fr\/#website"},"datePublished":"2007-01-30T04:00:00+00:00","dateModified":"2017-06-02T17:15:04+00:00","author":{"@id":"https:\/\/interamerica.org\/fr\/#\/schema\/person\/68ede8bdc292885bb76c1e3810e73c39"},"breadcrumb":{"@id":"https:\/\/interamerica.org\/fr\/2007\/01\/indonesie-une-bombe-a-ete-desamorcee-a-lexterieur-dune-eglise-adventiste\/#breadcrumb"},"inLanguage":"fr-FR","potentialAction":[{"@type":"ReadAction","target":["https:\/\/interamerica.org\/fr\/2007\/01\/indonesie-une-bombe-a-ete-desamorcee-a-lexterieur-dune-eglise-adventiste\/"]}]},{"@type":"BreadcrumbList","@id":"https:\/\/interamerica.org\/fr\/2007\/01\/indonesie-une-bombe-a-ete-desamorcee-a-lexterieur-dune-eglise-adventiste\/#breadcrumb","itemListElement":[{"@type":"ListItem","position":1,"name":"Home","item":"https:\/\/interamerica.org\/fr\/"},{"@type":"ListItem","position":2,"name":"Indon\u00e9sie: Une Bombe a \u00e9t\u00e9 D\u00e9samorc\u00e9e A l&#39;Ext\u00e9rieur d&#39;une Eglise Adventiste"}]},{"@type":"WebSite","@id":"https:\/\/interamerica.org\/fr\/#website","url":"https:\/\/interamerica.org\/fr\/","name":"\u00c9glise Adventiste Du Septieme Jour - Inter Am\u00e9rique Division","description":"","potentialAction":[{"@type":"SearchAction","target":{"@type":"EntryPoint","urlTemplate":"https:\/\/interamerica.org\/fr\/?s={search_term_string}"},"query-input":{"@type":"PropertyValueSpecification","valueRequired":true,"valueName":"search_term_string"}}],"inLanguage":"fr-FR"},{"@type":"Person","@id":"https:\/\/interamerica.org\/fr\/#\/schema\/person\/68ede8bdc292885bb76c1e3810e73c39","name":"Lorenzo Verduzco","image":{"@type":"ImageObject","inLanguage":"fr-FR","@id":"https:\/\/secure.gravatar.com\/avatar\/fb81a55b6218459490a9c1dc841a34909185b81904c5337b4b27f7a6fd60c49e?s=96&d=mm&r=g","url":"https:\/\/secure.gravatar.com\/avatar\/fb81a55b6218459490a9c1dc841a34909185b81904c5337b4b27f7a6fd60c49e?s=96&d=mm&r=g","contentUrl":"https:\/\/secure.gravatar.com\/avatar\/fb81a55b6218459490a9c1dc841a34909185b81904c5337b4b27f7a6fd60c49e?s=96&d=mm&r=g","caption":"Lorenzo Verduzco"}}]}},"_links":{"self":[{"href":"https:\/\/interamerica.org\/fr\/wp-json\/wp\/v2\/posts\/12676","targetHints":{"allow":["GET"]}}],"collection":[{"href":"https:\/\/interamerica.org\/fr\/wp-json\/wp\/v2\/posts"}],"about":[{"href":"https:\/\/interamerica.org\/fr\/wp-json\/wp\/v2\/types\/post"}],"author":[{"embeddable":true,"href":"https:\/\/interamerica.org\/fr\/wp-json\/wp\/v2\/users\/1"}],"replies":[{"embeddable":true,"href":"https:\/\/interamerica.org\/fr\/wp-json\/wp\/v2\/comments?post=12676"}],"version-history":[{"count":0,"href":"https:\/\/interamerica.org\/fr\/wp-json\/wp\/v2\/posts\/12676\/revisions"}],"wp:attachment":[{"href":"https:\/\/interamerica.org\/fr\/wp-json\/wp\/v2\/media?parent=12676"}],"wp:term":[{"taxonomy":"category","embeddable":true,"href":"https:\/\/interamerica.org\/fr\/wp-json\/wp\/v2\/categories?post=12676"},{"taxonomy":"post_tag","embeddable":true,"href":"https:\/\/interamerica.org\/fr\/wp-json\/wp\/v2\/tags?post=12676"}],"curies":[{"name":"wp","href":"https:\/\/api.w.org\/{rel}","templated":true}]}}