{"id":12680,"date":"2007-02-06T00:00:00","date_gmt":"2007-02-06T04:00:00","guid":{"rendered":"http:\/\/192.81.217.108\/interamerica\/2007\/02\/pacifique-sud-la-convergence-des-moyens-de-communication-et-un-profil-adventiste-meilleur-a-lordre-du-jour-des-responsables-des-communications\/"},"modified":"2017-06-02T13:15:03","modified_gmt":"2017-06-02T17:15:03","slug":"pacifique-sud-la-convergence-des-moyens-de-communication-et-un-profil-adventiste-meilleur-a-lordre-du-jour-des-responsables-des-communications","status":"publish","type":"post","link":"https:\/\/interamerica.org\/fr\/2007\/02\/pacifique-sud-la-convergence-des-moyens-de-communication-et-un-profil-adventiste-meilleur-a-lordre-du-jour-des-responsables-des-communications\/","title":{"rendered":"Pacifique Sud : La convergence des moyens de communication et un profil adventiste meilleur \u00e0 l&rsquo;ordre du jour des responsables des communications"},"content":{"rendered":"<p>February 6, 2007 Sydney, Australie &#8230;. [Rajmund Dabrowski\/Record\/ANN]La rencontre des responsables des communications de l&rsquo;\u00e9glise adventiste de la division du Pacifique Sud, fut domin\u00e9e par le projet d&rsquo;une plus grande pr\u00e9sence dans la soci\u00e9t\u00e9 et le d\u00e9ploiement de la technologie Internet pour les \u00e9glises locales. Le fait que l&rsquo;\u00e9glise soit relativement inconnue et qu&rsquo;elle ait besoin d&rsquo;\u00eatre plus pr\u00e9sente dans la communaut\u00e9, aussi bien au niveau du nom que de la reconnaissance de sa mission, voil\u00e0 les sujets abord\u00e9s avec passion par les trente responsables des communications, qui repr\u00e9sentaient une \u00e9glise forte de 400 000 membres dans la r\u00e9gion. Englobant l&rsquo;Australie, la Nouvelle-Z\u00e9lande, la Papouasie Nouvelle-Guin\u00e9e et de nombreuses \u00eeles du Pacifique Sud, l&rsquo;\u00e9glise a r\u00e9cemment mis en place le R\u00e9seau de M\u00e9dias Adventistes (AMN), dans le but d&rsquo;harmoniser l&rsquo;utilisation des moyens de communication et de pr\u00e9senter aux \u00e9glises et aux communaut\u00e9s un message coordonn\u00e9. Allen Steele, directeur des communications pour la division du Pacifique Sud de l&rsquo;\u00e9glise adventiste et directeur g\u00e9n\u00e9ral du R\u00e9seau de M\u00e9dias Adventistes, parle d&rsquo;AMN comme \u00e9tant la \u00ab\u00a0fusion des m\u00e9dias\u00a0\u00bb. Cette solution exp\u00e9rimentale permettra \u00ab l&rsquo;hybridation de la production et de la publicit\u00e9 au travers des m\u00e9dias (incluant le support papier, la radio, la t\u00e9l\u00e9vision et Internet). Ce syst\u00e8me offrira aussi la possibilit\u00e9 de composer des messages pour d&rsquo;autres m\u00e9dias \u00bb. Les 29, 30 et 31 janvier, A. Steele a anim\u00e9 une r\u00e9union de consultation sur les communications, au Centre des M\u00e9dias Adventistes du faubourg de Wahroonga pr\u00e9s de Sydney. Concr\u00e8tement, il dit que le mat\u00e9riel papier (livres, magazines et journaux) produit par &lsquo;Signs Publishing Company&rsquo;, soci\u00e9t\u00e9 adventiste bas\u00e9e \u00e0 Warburton pr\u00e8s de Victoria, fera partie de la strat\u00e9gie de communication de la r\u00e9gion et que le personnel de la r\u00e9daction va diriger tous les m\u00e9dias de l&rsquo;\u00e9glise en mati\u00e8re de collecte d&rsquo;information et de diffusion. AMN a aussi cr\u00e9\u00e9 une section marketing pour les efforts de communication publique de l&rsquo;\u00e9glise, ce qui augmentera les activit\u00e9s de relations publiques de l&rsquo;\u00e9glise adventiste. A. Steele coordonne aussi les \u00e9quipements de la t\u00e9l\u00e9vision AMN au Centre des M\u00e9dias Adventistes. Il ajoute qu&rsquo;ils se pr\u00e9parent \u00e0 une augmentation de la production d&rsquo;\u00e9missions pour r\u00e9pondre aux besoins des publics de l&rsquo;\u00e9glise. Il a \u00e9t\u00e9 annonc\u00e9 que la section communication de l&rsquo;\u00e9glise va lancer en juillet 2007, un r\u00e9seau de 500 sites web bas\u00e9 sur le syst\u00e8me de gestion de contenu netAdventist. Danny Houghton repr\u00e9sentant la compagnie am\u00e9ricaine TAGnet, qui a d\u00e9velopp\u00e9 netAdventist, a pr\u00e9sent\u00e9 aux participants les fonctionnalit\u00e9s de la nouvelle plateforme, une suite logicielle permettant de cr\u00e9er des sites web locaux int\u00e9grant des ressources et des flux d&rsquo;information temps r\u00e9el provenant de l&rsquo;\u00e9glise mondiale ou, en ce qui nous concerne, de n&rsquo;importe quels autres sites d&rsquo;\u00e9glises du Pacifique Sud. Jeanelle Issacs, sp\u00e9cialiste AMN des moyens \u00e9lectroniques de diffusion de l&rsquo;information, d\u00e9clare : \u00ab C&rsquo;est une \u00e9tape importante pour nous ici. Apr\u00e8s avoir examin\u00e9 quatre syst\u00e8mes diff\u00e9rents de gestion de contenu, nous avons choisi netAdventist parce qu&rsquo;ils proposaient une mani\u00e8re conviviale d&rsquo;int\u00e9grer et de partager des informations entre nos territoires \u00bb. Le comit\u00e9 r\u00e9gional de l&rsquo;Internet consid\u00e8re que ce d\u00e9veloppement participe \u00e0 \u00e9tendre le t\u00e9moignage adventiste en ligne, avec pour intention de fournir \u00e0 chaque \u00e9glise, \u00e9cole, union, f\u00e9d\u00e9ration et d\u00e9partement du Pacifique Sud, un syst\u00e8me de site web innovant et intentionnellement r\u00e9gional, incluant les \u00eeles de Polyn\u00e9sie fran\u00e7aise dont les sites seront en fran\u00e7ais. Matiput Darius, responsable des communications pour l&rsquo;\u00e9glise en Papouasie Nouvelle-Guin\u00e9e, affirme : \u00ab Jamais nous n&rsquo;avons pens\u00e9, m\u00eame dans nos r\u00eaves les plus fous, que nos \u00e9glises locales de Papouasie Nouvelle-Guin\u00e9e auraient des sites web \u00bb. Nathan Brown, \u00e9diteur de &lsquo;Record&rsquo;, magazine hebdomadaire de l&rsquo;\u00e9glise, commente la convergence des m\u00e9dias rendue possible gr\u00e2ce \u00e0 AMN. Il dit que \u00ab cette capacit\u00e9 \u00e0 travailler ensemble sur des projets de communication et d&rsquo;\u00e9glise importants, dans un esprit de cr\u00e9ation, a de l&rsquo;avenir. La possibilit\u00e9 d&rsquo;utiliser du contenu produit par nos diff\u00e9rents responsables des communications, gr\u00e2ce \u00e0 des moyens divers de diffusion, cr\u00e9e un impact plus fort pour ce que nous avons \u00e0 dire \u00bb. Pourtant, N. Brown dit que la restructuration des communications \u00ab s&rsquo;est concentr\u00e9e sur la r\u00e9organisation de la soci\u00e9t\u00e9 et de la gestion plut\u00f4t que sur le fait que l&rsquo;\u00e9glise se soit r\u00e9ellement pr\u00e9sent\u00e9e avec quelque chose \u00e0 dire \u00bb. Selon les administrateurs d&rsquo;AMN, cet aspect sera intentionnellement abord\u00e9 comme une des priorit\u00e9s de la restructuration. N. Brown explique : \u00ab Le principal challenge des communications dans cette r\u00e9gion est d&rsquo;\u00eatre r\u00e9ellement entendue dans notre soci\u00e9t\u00e9 et non d&rsquo;\u00eatre une voix suppl\u00e9mentaire qui fait tout simplement du bruit. Cela signifie que nous avons besoin de travailler sur ce que nous pensons \u00eatre le plus important \u00e0 dire \u00e0 notre soci\u00e9t\u00e9 et sur la fa\u00e7on dont nous pourrions le dire. Nous devons aborder des questions consid\u00e9r\u00e9es comme essentielles pour les gens qui vivent autour de nous, et les utiliser comme un moyen de partager l&rsquo;esp\u00e9rance et la valeur de ce en quoi nous croyons \u00bb. Julie Praestiin, directrice des communications de la soci\u00e9t\u00e9 adventiste &lsquo;Sanitarium Health Food Company&rsquo; situ\u00e9e \u00e0 proximit\u00e9 de Sydney, a exprim\u00e9 des sentiments similaires. J. Praestiin, qui est en train de d\u00e9velopper une strat\u00e9gie d&rsquo;engagement pour prendre soin de la communaut\u00e9 et un profil de responsabilit\u00e9 sociale collective, fait remarquer qu&rsquo;en \u00ab associant les canaux de communication, on gagne en synergie. Ceci devrait occasionner des r\u00e9ductions de co\u00fbt, l&rsquo;aptitude \u00e0 propager l&rsquo;information par tous les moyens et la mise en place d&rsquo;un profil plus fort pour les moyens de communication eux-m\u00eames et le message qu&rsquo;ils v\u00e9hiculent \u00bb. Elle ajoute : \u00ab A une \u00e9poque assourdie par les m\u00e9dias, le d\u00e9fi sera de se d\u00e9marquer par un message clair \u00bb. Claudia Pereira, directrice de marketing pour les \u00e9coles adventistes de la f\u00e9d\u00e9ration de l&rsquo;agglom\u00e9ration de Sydney, dit : \u00ab Ces r\u00e9unions m&rsquo;ont encourag\u00e9 \u00e0 aller vers les gens pour leur faire conna\u00eetre l&rsquo;\u00e9glise que nous aimons \u00bb. Elle se dit que de \u00ab s&rsquo;interconnecter avec les autres leaders de la communication de la r\u00e9gion du Pacifique Sud \u00e9tait inestimable \u00bb.Copyright \u00a9 2007 Adventist News Network. 1250<\/p>\n","protected":false},"excerpt":{"rendered":"<p>La rencontre des responsables des communications de l&rsquo;\u00e9glise adventiste de la division du Pacifique Sud, fut domin\u00e9e par le projet d&rsquo;une plus grande pr\u00e9sence dans la soci\u00e9t\u00e9 et le d\u00e9ploiement de la technologie Internet pour les \u00e9glises locales.<\/p>\n","protected":false},"author":1,"featured_media":0,"comment_status":"closed","ping_status":"closed","sticky":false,"template":"","format":"standard","meta":{"_acf_changed":false,"footnotes":""},"categories":[9],"tags":[],"class_list":["post-12680","post","type-post","status-publish","format-standard","hentry","category-archive-fr"],"acf":[],"yoast_head":"<!-- This site is optimized with the Yoast SEO plugin v27.3 - https:\/\/yoast.com\/product\/yoast-seo-wordpress\/ -->\n<title>Pacifique Sud : La convergence des moyens de communication et un profil adventiste meilleur \u00e0 l&#039;ordre du jour des responsables des communications - \u00c9glise Adventiste Du Septieme Jour - Inter Am\u00e9rique Division<\/title>\n<meta name=\"robots\" content=\"index, follow, max-snippet:-1, max-image-preview:large, max-video-preview:-1\" \/>\n<link rel=\"canonical\" href=\"https:\/\/interamerica.org\/fr\/2007\/02\/pacifique-sud-la-convergence-des-moyens-de-communication-et-un-profil-adventiste-meilleur-a-lordre-du-jour-des-responsables-des-communications\/\" \/>\n<meta property=\"og:locale\" content=\"fr_FR\" \/>\n<meta property=\"og:type\" content=\"article\" \/>\n<meta property=\"og:title\" content=\"Pacifique Sud : La convergence des moyens de communication et un profil adventiste meilleur \u00e0 l&#039;ordre du jour des responsables des communications - \u00c9glise Adventiste Du Septieme Jour - Inter Am\u00e9rique Division\" \/>\n<meta property=\"og:description\" content=\"La rencontre des responsables des communications de l&#039;\u00e9glise adventiste de la division du Pacifique Sud, fut domin\u00e9e par le projet d&#039;une plus grande pr\u00e9sence dans la soci\u00e9t\u00e9 et le d\u00e9ploiement de la technologie Internet pour les \u00e9glises locales.\" \/>\n<meta property=\"og:url\" content=\"https:\/\/interamerica.org\/fr\/2007\/02\/pacifique-sud-la-convergence-des-moyens-de-communication-et-un-profil-adventiste-meilleur-a-lordre-du-jour-des-responsables-des-communications\/\" \/>\n<meta property=\"og:site_name\" content=\"\u00c9glise Adventiste Du Septieme Jour - Inter Am\u00e9rique Division\" \/>\n<meta property=\"article:published_time\" content=\"2007-02-06T04:00:00+00:00\" \/>\n<meta property=\"article:modified_time\" content=\"2017-06-02T17:15:03+00:00\" \/>\n<meta name=\"author\" content=\"Lorenzo Verduzco\" \/>\n<meta name=\"twitter:card\" content=\"summary_large_image\" \/>\n<meta name=\"twitter:label1\" content=\"\u00c9crit par\" \/>\n\t<meta name=\"twitter:data1\" content=\"Lorenzo Verduzco\" \/>\n\t<meta name=\"twitter:label2\" content=\"Dur\u00e9e de lecture estim\u00e9e\" \/>\n\t<meta name=\"twitter:data2\" content=\"5 minutes\" \/>\n<script type=\"application\/ld+json\" class=\"yoast-schema-graph\">{\"@context\":\"https:\\\/\\\/schema.org\",\"@graph\":[{\"@type\":\"Article\",\"@id\":\"https:\\\/\\\/interamerica.org\\\/fr\\\/2007\\\/02\\\/pacifique-sud-la-convergence-des-moyens-de-communication-et-un-profil-adventiste-meilleur-a-lordre-du-jour-des-responsables-des-communications\\\/#article\",\"isPartOf\":{\"@id\":\"https:\\\/\\\/interamerica.org\\\/fr\\\/2007\\\/02\\\/pacifique-sud-la-convergence-des-moyens-de-communication-et-un-profil-adventiste-meilleur-a-lordre-du-jour-des-responsables-des-communications\\\/\"},\"author\":{\"name\":\"Lorenzo Verduzco\",\"@id\":\"https:\\\/\\\/interamerica.org\\\/fr\\\/#\\\/schema\\\/person\\\/68ede8bdc292885bb76c1e3810e73c39\"},\"headline\":\"Pacifique Sud : La convergence des moyens de communication et un profil adventiste meilleur \u00e0 l&rsquo;ordre du jour des responsables des communications\",\"datePublished\":\"2007-02-06T04:00:00+00:00\",\"dateModified\":\"2017-06-02T17:15:03+00:00\",\"mainEntityOfPage\":{\"@id\":\"https:\\\/\\\/interamerica.org\\\/fr\\\/2007\\\/02\\\/pacifique-sud-la-convergence-des-moyens-de-communication-et-un-profil-adventiste-meilleur-a-lordre-du-jour-des-responsables-des-communications\\\/\"},\"wordCount\":1148,\"articleSection\":[\"Archive\"],\"inLanguage\":\"fr-FR\"},{\"@type\":\"WebPage\",\"@id\":\"https:\\\/\\\/interamerica.org\\\/fr\\\/2007\\\/02\\\/pacifique-sud-la-convergence-des-moyens-de-communication-et-un-profil-adventiste-meilleur-a-lordre-du-jour-des-responsables-des-communications\\\/\",\"url\":\"https:\\\/\\\/interamerica.org\\\/fr\\\/2007\\\/02\\\/pacifique-sud-la-convergence-des-moyens-de-communication-et-un-profil-adventiste-meilleur-a-lordre-du-jour-des-responsables-des-communications\\\/\",\"name\":\"Pacifique Sud : La convergence des moyens de communication et un profil adventiste meilleur \u00e0 l'ordre du jour des responsables des communications - \u00c9glise Adventiste Du Septieme Jour - Inter Am\u00e9rique Division\",\"isPartOf\":{\"@id\":\"https:\\\/\\\/interamerica.org\\\/fr\\\/#website\"},\"datePublished\":\"2007-02-06T04:00:00+00:00\",\"dateModified\":\"2017-06-02T17:15:03+00:00\",\"author\":{\"@id\":\"https:\\\/\\\/interamerica.org\\\/fr\\\/#\\\/schema\\\/person\\\/68ede8bdc292885bb76c1e3810e73c39\"},\"breadcrumb\":{\"@id\":\"https:\\\/\\\/interamerica.org\\\/fr\\\/2007\\\/02\\\/pacifique-sud-la-convergence-des-moyens-de-communication-et-un-profil-adventiste-meilleur-a-lordre-du-jour-des-responsables-des-communications\\\/#breadcrumb\"},\"inLanguage\":\"fr-FR\",\"potentialAction\":[{\"@type\":\"ReadAction\",\"target\":[\"https:\\\/\\\/interamerica.org\\\/fr\\\/2007\\\/02\\\/pacifique-sud-la-convergence-des-moyens-de-communication-et-un-profil-adventiste-meilleur-a-lordre-du-jour-des-responsables-des-communications\\\/\"]}]},{\"@type\":\"BreadcrumbList\",\"@id\":\"https:\\\/\\\/interamerica.org\\\/fr\\\/2007\\\/02\\\/pacifique-sud-la-convergence-des-moyens-de-communication-et-un-profil-adventiste-meilleur-a-lordre-du-jour-des-responsables-des-communications\\\/#breadcrumb\",\"itemListElement\":[{\"@type\":\"ListItem\",\"position\":1,\"name\":\"Home\",\"item\":\"https:\\\/\\\/interamerica.org\\\/fr\\\/\"},{\"@type\":\"ListItem\",\"position\":2,\"name\":\"Pacifique Sud : La convergence des moyens de communication et un profil adventiste meilleur \u00e0 l&rsquo;ordre du jour des responsables des communications\"}]},{\"@type\":\"WebSite\",\"@id\":\"https:\\\/\\\/interamerica.org\\\/fr\\\/#website\",\"url\":\"https:\\\/\\\/interamerica.org\\\/fr\\\/\",\"name\":\"\u00c9glise Adventiste Du Septieme Jour - Inter Am\u00e9rique Division\",\"description\":\"\",\"potentialAction\":[{\"@type\":\"SearchAction\",\"target\":{\"@type\":\"EntryPoint\",\"urlTemplate\":\"https:\\\/\\\/interamerica.org\\\/fr\\\/?s={search_term_string}\"},\"query-input\":{\"@type\":\"PropertyValueSpecification\",\"valueRequired\":true,\"valueName\":\"search_term_string\"}}],\"inLanguage\":\"fr-FR\"},{\"@type\":\"Person\",\"@id\":\"https:\\\/\\\/interamerica.org\\\/fr\\\/#\\\/schema\\\/person\\\/68ede8bdc292885bb76c1e3810e73c39\",\"name\":\"Lorenzo Verduzco\",\"image\":{\"@type\":\"ImageObject\",\"inLanguage\":\"fr-FR\",\"@id\":\"https:\\\/\\\/secure.gravatar.com\\\/avatar\\\/fb81a55b6218459490a9c1dc841a34909185b81904c5337b4b27f7a6fd60c49e?s=96&d=mm&r=g\",\"url\":\"https:\\\/\\\/secure.gravatar.com\\\/avatar\\\/fb81a55b6218459490a9c1dc841a34909185b81904c5337b4b27f7a6fd60c49e?s=96&d=mm&r=g\",\"contentUrl\":\"https:\\\/\\\/secure.gravatar.com\\\/avatar\\\/fb81a55b6218459490a9c1dc841a34909185b81904c5337b4b27f7a6fd60c49e?s=96&d=mm&r=g\",\"caption\":\"Lorenzo Verduzco\"}}]}<\/script>\n<!-- \/ Yoast SEO plugin. -->","yoast_head_json":{"title":"Pacifique Sud : La convergence des moyens de communication et un profil adventiste meilleur \u00e0 l'ordre du jour des responsables des communications - \u00c9glise Adventiste Du Septieme Jour - Inter Am\u00e9rique Division","robots":{"index":"index","follow":"follow","max-snippet":"max-snippet:-1","max-image-preview":"max-image-preview:large","max-video-preview":"max-video-preview:-1"},"canonical":"https:\/\/interamerica.org\/fr\/2007\/02\/pacifique-sud-la-convergence-des-moyens-de-communication-et-un-profil-adventiste-meilleur-a-lordre-du-jour-des-responsables-des-communications\/","og_locale":"fr_FR","og_type":"article","og_title":"Pacifique Sud : La convergence des moyens de communication et un profil adventiste meilleur \u00e0 l'ordre du jour des responsables des communications - \u00c9glise Adventiste Du Septieme Jour - Inter Am\u00e9rique Division","og_description":"La rencontre des responsables des communications de l'\u00e9glise adventiste de la division du Pacifique Sud, fut domin\u00e9e par le projet d'une plus grande pr\u00e9sence dans la soci\u00e9t\u00e9 et le d\u00e9ploiement de la technologie Internet pour les \u00e9glises locales.","og_url":"https:\/\/interamerica.org\/fr\/2007\/02\/pacifique-sud-la-convergence-des-moyens-de-communication-et-un-profil-adventiste-meilleur-a-lordre-du-jour-des-responsables-des-communications\/","og_site_name":"\u00c9glise Adventiste Du Septieme Jour - Inter Am\u00e9rique Division","article_published_time":"2007-02-06T04:00:00+00:00","article_modified_time":"2017-06-02T17:15:03+00:00","author":"Lorenzo Verduzco","twitter_card":"summary_large_image","twitter_misc":{"\u00c9crit par":"Lorenzo Verduzco","Dur\u00e9e de lecture estim\u00e9e":"5 minutes"},"schema":{"@context":"https:\/\/schema.org","@graph":[{"@type":"Article","@id":"https:\/\/interamerica.org\/fr\/2007\/02\/pacifique-sud-la-convergence-des-moyens-de-communication-et-un-profil-adventiste-meilleur-a-lordre-du-jour-des-responsables-des-communications\/#article","isPartOf":{"@id":"https:\/\/interamerica.org\/fr\/2007\/02\/pacifique-sud-la-convergence-des-moyens-de-communication-et-un-profil-adventiste-meilleur-a-lordre-du-jour-des-responsables-des-communications\/"},"author":{"name":"Lorenzo Verduzco","@id":"https:\/\/interamerica.org\/fr\/#\/schema\/person\/68ede8bdc292885bb76c1e3810e73c39"},"headline":"Pacifique Sud : La convergence des moyens de communication et un profil adventiste meilleur \u00e0 l&rsquo;ordre du jour des responsables des communications","datePublished":"2007-02-06T04:00:00+00:00","dateModified":"2017-06-02T17:15:03+00:00","mainEntityOfPage":{"@id":"https:\/\/interamerica.org\/fr\/2007\/02\/pacifique-sud-la-convergence-des-moyens-de-communication-et-un-profil-adventiste-meilleur-a-lordre-du-jour-des-responsables-des-communications\/"},"wordCount":1148,"articleSection":["Archive"],"inLanguage":"fr-FR"},{"@type":"WebPage","@id":"https:\/\/interamerica.org\/fr\/2007\/02\/pacifique-sud-la-convergence-des-moyens-de-communication-et-un-profil-adventiste-meilleur-a-lordre-du-jour-des-responsables-des-communications\/","url":"https:\/\/interamerica.org\/fr\/2007\/02\/pacifique-sud-la-convergence-des-moyens-de-communication-et-un-profil-adventiste-meilleur-a-lordre-du-jour-des-responsables-des-communications\/","name":"Pacifique Sud : La convergence des moyens de communication et un profil adventiste meilleur \u00e0 l'ordre du jour des responsables des communications - \u00c9glise Adventiste Du Septieme Jour - Inter Am\u00e9rique Division","isPartOf":{"@id":"https:\/\/interamerica.org\/fr\/#website"},"datePublished":"2007-02-06T04:00:00+00:00","dateModified":"2017-06-02T17:15:03+00:00","author":{"@id":"https:\/\/interamerica.org\/fr\/#\/schema\/person\/68ede8bdc292885bb76c1e3810e73c39"},"breadcrumb":{"@id":"https:\/\/interamerica.org\/fr\/2007\/02\/pacifique-sud-la-convergence-des-moyens-de-communication-et-un-profil-adventiste-meilleur-a-lordre-du-jour-des-responsables-des-communications\/#breadcrumb"},"inLanguage":"fr-FR","potentialAction":[{"@type":"ReadAction","target":["https:\/\/interamerica.org\/fr\/2007\/02\/pacifique-sud-la-convergence-des-moyens-de-communication-et-un-profil-adventiste-meilleur-a-lordre-du-jour-des-responsables-des-communications\/"]}]},{"@type":"BreadcrumbList","@id":"https:\/\/interamerica.org\/fr\/2007\/02\/pacifique-sud-la-convergence-des-moyens-de-communication-et-un-profil-adventiste-meilleur-a-lordre-du-jour-des-responsables-des-communications\/#breadcrumb","itemListElement":[{"@type":"ListItem","position":1,"name":"Home","item":"https:\/\/interamerica.org\/fr\/"},{"@type":"ListItem","position":2,"name":"Pacifique Sud : La convergence des moyens de communication et un profil adventiste meilleur \u00e0 l&rsquo;ordre du jour des responsables des communications"}]},{"@type":"WebSite","@id":"https:\/\/interamerica.org\/fr\/#website","url":"https:\/\/interamerica.org\/fr\/","name":"\u00c9glise Adventiste Du Septieme Jour - Inter Am\u00e9rique Division","description":"","potentialAction":[{"@type":"SearchAction","target":{"@type":"EntryPoint","urlTemplate":"https:\/\/interamerica.org\/fr\/?s={search_term_string}"},"query-input":{"@type":"PropertyValueSpecification","valueRequired":true,"valueName":"search_term_string"}}],"inLanguage":"fr-FR"},{"@type":"Person","@id":"https:\/\/interamerica.org\/fr\/#\/schema\/person\/68ede8bdc292885bb76c1e3810e73c39","name":"Lorenzo Verduzco","image":{"@type":"ImageObject","inLanguage":"fr-FR","@id":"https:\/\/secure.gravatar.com\/avatar\/fb81a55b6218459490a9c1dc841a34909185b81904c5337b4b27f7a6fd60c49e?s=96&d=mm&r=g","url":"https:\/\/secure.gravatar.com\/avatar\/fb81a55b6218459490a9c1dc841a34909185b81904c5337b4b27f7a6fd60c49e?s=96&d=mm&r=g","contentUrl":"https:\/\/secure.gravatar.com\/avatar\/fb81a55b6218459490a9c1dc841a34909185b81904c5337b4b27f7a6fd60c49e?s=96&d=mm&r=g","caption":"Lorenzo Verduzco"}}]}},"_links":{"self":[{"href":"https:\/\/interamerica.org\/fr\/wp-json\/wp\/v2\/posts\/12680","targetHints":{"allow":["GET"]}}],"collection":[{"href":"https:\/\/interamerica.org\/fr\/wp-json\/wp\/v2\/posts"}],"about":[{"href":"https:\/\/interamerica.org\/fr\/wp-json\/wp\/v2\/types\/post"}],"author":[{"embeddable":true,"href":"https:\/\/interamerica.org\/fr\/wp-json\/wp\/v2\/users\/1"}],"replies":[{"embeddable":true,"href":"https:\/\/interamerica.org\/fr\/wp-json\/wp\/v2\/comments?post=12680"}],"version-history":[{"count":0,"href":"https:\/\/interamerica.org\/fr\/wp-json\/wp\/v2\/posts\/12680\/revisions"}],"wp:attachment":[{"href":"https:\/\/interamerica.org\/fr\/wp-json\/wp\/v2\/media?parent=12680"}],"wp:term":[{"taxonomy":"category","embeddable":true,"href":"https:\/\/interamerica.org\/fr\/wp-json\/wp\/v2\/categories?post=12680"},{"taxonomy":"post_tag","embeddable":true,"href":"https:\/\/interamerica.org\/fr\/wp-json\/wp\/v2\/tags?post=12680"}],"curies":[{"name":"wp","href":"https:\/\/api.w.org\/{rel}","templated":true}]}}