{"id":126815,"date":"2025-04-01T13:28:33","date_gmt":"2025-04-01T17:28:33","guid":{"rendered":"https:\/\/interamerica.org\/?p=126815"},"modified":"2025-04-03T21:20:15","modified_gmt":"2025-04-04T01:20:15","slug":"une-convention-des-laics-met-laccent-sur-les-groupes-ethno-linguistiques-levangelisation-ciblee-et-le-discipulat","status":"publish","type":"post","link":"https:\/\/interamerica.org\/fr\/2025\/04\/une-convention-des-laics-met-laccent-sur-les-groupes-ethno-linguistiques-levangelisation-ciblee-et-le-discipulat\/","title":{"rendered":"Une convention des la\u00efcs met l\u2019accent sur les groupes ethno-linguistiques, l\u2019\u00e9vang\u00e9lisation cibl\u00e9e et le discipulat"},"content":{"rendered":"<div id=\"attachment_126778\" style=\"width: 1034px\" class=\"wp-caption aligncenter\"><img fetchpriority=\"high\" decoding=\"async\" aria-describedby=\"caption-attachment-126778\" class=\"size-large wp-image-126777\" src=\"https:\/\/interamerica.org\/wp-content\/uploads\/2025\/04\/lay-convention-dsc-0688-1024x683.jpg\" alt=\"\" width=\"1024\" height=\"683\" srcset=\"https:\/\/interamerica.org\/wp-content\/uploads\/2025\/04\/lay-convention-dsc-0688-1024x683.jpg 1024w, https:\/\/interamerica.org\/wp-content\/uploads\/2025\/04\/lay-convention-dsc-0688-300x200.jpg 300w, https:\/\/interamerica.org\/wp-content\/uploads\/2025\/04\/lay-convention-dsc-0688-768x512.jpg 768w, https:\/\/interamerica.org\/wp-content\/uploads\/2025\/04\/lay-convention-dsc-0688-1536x1025.jpg 1536w, https:\/\/interamerica.org\/wp-content\/uploads\/2025\/04\/lay-convention-dsc-0688-2048x1367.jpg 2048w\" sizes=\"(max-width: 1024px) 100vw, 1024px\" \/><p id=\"caption-attachment-126778\" class=\"wp-caption-text\">Les participants au Festival des La\u00efcs SEEDS de l\u2019Union de F\u00e9d\u00e9rations Atlantique aux \u00c9tats-Unis participent \u00e0 un moment de pri\u00e8re lors de la soir\u00e9e d\u2019ouverture du programme qui s\u2019est tenue \u00e0 Stamford, dans le Connecticut, le 28 mars. [Photo : Marcos Paseggi, Adventist Review]<\/p><\/div>\n<p class=\"c-post-header__subtitle\"><em>Aux \u00c9tats-Unis, les membres de l\u2019Union de F\u00e9d\u00e9rations Atlantique aux \u00c9tats-Unis se mobilisent dans le cadre de l\u2019initiative Pentec\u00f4te 2025.<\/em><\/p>\n<p>1er Avril 2025 | Marcos Paseggi, Adventist Review<\/p>\n<p>Des chants de louange en espagnol ont accueilli plus de 400 participants au Festival des La\u00efcs SEEDS de l\u2019Union de F\u00e9d\u00e9rations Atlantique aux \u00c9tats-Unis (AUC) le 28 mars. Le programme de trois jours qui s\u2019est tenu \u00e0 Stamford, dans le Connecticut, a r\u00e9uni des membres la\u00efcs de l\u2019\u00c9glise adventiste du septi\u00e8me jour et des responsables de minist\u00e8res r\u00e9gionaux pour qu\u2019ils \u00e9tablissent le contact, qu\u2019ils se forment et soient inspir\u00e9s \u00e0 atteindre davantage de personnes pour J\u00e9sus, ont d\u00e9clar\u00e9 les dirigeants de l\u2019\u00c9glise.<\/p>\n<p>\u00ab Nous sommes ici pour \u00eatre \u00e9quip\u00e9s afin de servir, \u00bb a confi\u00e9 Trevor Forbes, directeur des Minist\u00e8res Personnels de l\u2019AUC. Ted A. Huskins, secr\u00e9taire ex\u00e9cutif de l\u2019AUC, a acquiesc\u00e9 et a soulign\u00e9 la motivation missionnaire de l\u2019initiative. \u00ab Nous sommes ici pour explorer des id\u00e9es ensemble, r\u00e9fl\u00e9chir ensemble \u00e0 la mani\u00e8re d\u2019amener davantage de personnes dans le royaume [de Dieu]. \u00bb<\/p>\n<div class=\"mceTemp\"><\/div>\n<div id=\"attachment_126784\" style=\"width: 1034px\" class=\"wp-caption aligncenter\"><img decoding=\"async\" aria-describedby=\"caption-attachment-126784\" class=\"size-large wp-image-126783\" src=\"https:\/\/interamerica.org\/wp-content\/uploads\/2025\/04\/layconvention-dsc-0661-1024x683.jpg\" alt=\"\" width=\"1024\" height=\"683\" srcset=\"https:\/\/interamerica.org\/wp-content\/uploads\/2025\/04\/layconvention-dsc-0661-1024x683.jpg 1024w, https:\/\/interamerica.org\/wp-content\/uploads\/2025\/04\/layconvention-dsc-0661-300x200.jpg 300w, https:\/\/interamerica.org\/wp-content\/uploads\/2025\/04\/layconvention-dsc-0661-768x512.jpg 768w, https:\/\/interamerica.org\/wp-content\/uploads\/2025\/04\/layconvention-dsc-0661-1536x1025.jpg 1536w, https:\/\/interamerica.org\/wp-content\/uploads\/2025\/04\/layconvention-dsc-0661-2048x1367.jpg 2048w\" sizes=\"(max-width: 1024px) 100vw, 1024px\" \/><p id=\"caption-attachment-126784\" class=\"wp-caption-text\">Les participants ont interpr\u00e9t\u00e9 des chants en anglais, en espagnol et en fran\u00e7ais. [Photo : Marcos Paseggi, Adventist Review]<\/p><\/div>\n<h3 class=\"wp-block-heading\"><strong>Une r\u00e9gion eccl\u00e9siale multiculturelle et multilingue<\/strong><\/h3>\n<p>Le programme r\u00e9gional s\u2019est d\u00e9roul\u00e9 dans le contexte de<a href=\"https:\/\/pentecost2025.com\/\" target=\"_blank\" rel=\"noopener\">Pentec\u00f4te 2025<\/a>, une initiative de la Division Nord-Am\u00e9ricaine (NAD) qui invite les adventistes de la NAD \u00e0 organiser collectivement des milliers de programmes de proclamation de l\u2019\u00e9vangile tout au long de l\u2019ann\u00e9e. Pour soutenir ces initiatives, la NAD a entrepris une d\u00e9marche intentionnelle visant \u00e0 \u00e9quiper ses membres et ses dirigeants en leur donnant les outils, les connaissances et les ressources n\u00e9cessaires pour faire de l\u2019\u00e9vang\u00e9lisation de mani\u00e8re efficace, ont d\u00e9clar\u00e9 les dirigeants r\u00e9gionaux de l\u2019\u00c9glise.<\/p>\n<p>Dans le cadre de ces initiatives, les responsables r\u00e9gionaux de l\u2019\u00e9vang\u00e9lisation consolident les multiples groupes ethno-linguistiques qui composent une religion tr\u00e8s diversifi\u00e9e, ont-ils expliqu\u00e9. Des chants de la congr\u00e9gation et des chants sp\u00e9ciaux ont \u00e9t\u00e9 interpr\u00e9t\u00e9s en anglais, en espagnol et en fran\u00e7ais, les trois langues les plus parl\u00e9es dans les congr\u00e9gations de l\u2019AUC. Les dirigeants et les pasteurs ont \u00e9galement soulign\u00e9 les efforts qu\u2019ils d\u00e9ploient pour atteindre d\u2019autres groupes de populations sur le territoire.<\/p>\n<p><div id=\"attachment_126787\" style=\"width: 1034px\" class=\"wp-caption aligncenter\"><img decoding=\"async\" aria-describedby=\"caption-attachment-126787\" class=\"size-large wp-image-126786\" src=\"https:\/\/interamerica.org\/wp-content\/uploads\/2025\/04\/layconvention-dsc-0654-1024x683.jpg\" alt=\"\" width=\"1024\" height=\"683\" srcset=\"https:\/\/interamerica.org\/wp-content\/uploads\/2025\/04\/layconvention-dsc-0654-1024x683.jpg 1024w, https:\/\/interamerica.org\/wp-content\/uploads\/2025\/04\/layconvention-dsc-0654-300x200.jpg 300w, https:\/\/interamerica.org\/wp-content\/uploads\/2025\/04\/layconvention-dsc-0654-768x512.jpg 768w, https:\/\/interamerica.org\/wp-content\/uploads\/2025\/04\/layconvention-dsc-0654-1536x1025.jpg 1536w, https:\/\/interamerica.org\/wp-content\/uploads\/2025\/04\/layconvention-dsc-0654-2048x1367.jpg 2048w\" sizes=\"(max-width: 1024px) 100vw, 1024px\" \/><p id=\"caption-attachment-126787\" class=\"wp-caption-text\">Des musiciens ont accompagn\u00e9 les chants de l\u2019assembl\u00e9e pendant le week-end. [Photo : Marcos Paseggi, Adventist Review]<\/p><\/div>Samuel Nzoikorera est pasteur de deux \u00e9glises et d\u2019une \u00e9glise implant\u00e9e dans l\u2019\u00e9tat du Maine. Originaire du Burundi, il exerce d\u00e9sormais son minist\u00e8re dans une r\u00e9gion o\u00f9 se c\u00f4toient plusieurs groupes linguistiques. \u00ab L\u00e0 o\u00f9 je sers, il y a des groupes ethniques qui parlent le kinyarwanda, le portugais, le swahili et d\u2019autres langues, \u00bb a-t-il expliqu\u00e9. \u00ab C\u2019est pourquoi, en 2025, nous d\u00e9veloppons [intentionnellement] des moyens de faire de l\u2019\u00e9vang\u00e9lisation cibl\u00e9e dans toutes ces langues. \u00bb<\/p>\n<p>Terry Saelee, coordinateur du Minist\u00e8re Adventiste pour les R\u00e9fugi\u00e9s et les Immigrants \u00e0 la NAD et l\u2019un des intervenants du programme, est du m\u00eame avis. \u00ab Si vous souhaitez surmonter les barri\u00e8res linguistiques et culturelles, la meilleure fa\u00e7on de faire est souvent de mettre en contact les personnes int\u00e9ress\u00e9es avec les membres adventistes de leur propre culture afin de leur proposer des \u00e9tudes bibliques. Les personnes d\u2019une autre culture ne pourraient probablement pas toucher ces gens comme le peuvent en g\u00e9n\u00e9ral ces membres, \u00bb a-t-elle expliqu\u00e9.<\/p>\n<div id=\"attachment_126790\" style=\"width: 1034px\" class=\"wp-caption aligncenter\"><img loading=\"lazy\" decoding=\"async\" aria-describedby=\"caption-attachment-126790\" class=\"size-large wp-image-126789\" src=\"https:\/\/interamerica.org\/wp-content\/uploads\/2025\/04\/layconvention-dsc-0652-1024x683.jpg\" alt=\"\" width=\"1024\" height=\"683\" srcset=\"https:\/\/interamerica.org\/wp-content\/uploads\/2025\/04\/layconvention-dsc-0652-1024x683.jpg 1024w, https:\/\/interamerica.org\/wp-content\/uploads\/2025\/04\/layconvention-dsc-0652-300x200.jpg 300w, https:\/\/interamerica.org\/wp-content\/uploads\/2025\/04\/layconvention-dsc-0652-768x512.jpg 768w, https:\/\/interamerica.org\/wp-content\/uploads\/2025\/04\/layconvention-dsc-0652-1536x1025.jpg 1536w, https:\/\/interamerica.org\/wp-content\/uploads\/2025\/04\/layconvention-dsc-0652-2048x1367.jpg 2048w\" sizes=\"(max-width: 1024px) 100vw, 1024px\" \/><p id=\"caption-attachment-126790\" class=\"wp-caption-text\">Kenneth Simons, directeur de l\u2019\u00c9cole du Sabbat et des Minist\u00e8res Personnels de la F\u00e9d\u00e9ration des Bermudes, accueille les participants au Festival des La\u00efcs SEEDS organis\u00e9 par l\u2019AUC, le 28 mars. [Photo : Marcos Paseggi, Adventist Review]<\/p><\/div>\n<h3 class=\"wp-block-heading\"><strong>La raison pour laquelle l\u2019\u00c9glise existe<\/strong><\/h3>\n<p>Tim Madding, directeur de l\u2019Institut d\u2019\u00c9vang\u00e9lisation de la NAD, \u00e9tait l\u2019orateur principal lors de la soir\u00e9e d\u2019ouverture du Festival des La\u00efcs SEEDS. Tim Madding a appel\u00e9 les adventistes \u00e0 intensifier leurs efforts d\u2019\u00e9vang\u00e9lisation et \u00e0 se concentrer sur la mission en ces temps de la fin. \u00ab Ce n\u2019est pas que l\u2019\u00c9glise ait une mission, \u00bb a-t-il soulign\u00e9. \u00ab La mission a une \u00c9glise. C\u2019est la raison d\u2019\u00eatre de l\u2019\u00c9glise : \u00eatre envoy\u00e9e, amener les autres \u00e0 une relation salvifique avec J\u00e9sus-Christ. \u00bb<\/p>\n<p>Dans ce contexte, Tim Madding a soulign\u00e9 que notre mission est d\u2019aller vers les autres, et non de les convertir. C\u2019est le r\u00f4le de l\u2019Esprit de Dieu, a-t-il d\u00e9clar\u00e9, citant l\u2019exemple biblique de l\u2019ap\u00f4tre Paul. \u00ab Personne n\u2019est hors de port\u00e9e de la conviction que l\u2019Esprit de Dieu peut amener. \u00bb<\/p>\n<div id=\"attachment_126793\" style=\"width: 1034px\" class=\"wp-caption aligncenter\"><img loading=\"lazy\" decoding=\"async\" aria-describedby=\"caption-attachment-126793\" class=\"size-large wp-image-126792\" src=\"https:\/\/interamerica.org\/wp-content\/uploads\/2025\/04\/lay-convention-dsc-0650-1024x683.jpg\" alt=\"\" width=\"1024\" height=\"683\" srcset=\"https:\/\/interamerica.org\/wp-content\/uploads\/2025\/04\/lay-convention-dsc-0650-1024x683.jpg 1024w, https:\/\/interamerica.org\/wp-content\/uploads\/2025\/04\/lay-convention-dsc-0650-300x200.jpg 300w, https:\/\/interamerica.org\/wp-content\/uploads\/2025\/04\/lay-convention-dsc-0650-768x512.jpg 768w, https:\/\/interamerica.org\/wp-content\/uploads\/2025\/04\/lay-convention-dsc-0650-1536x1025.jpg 1536w, https:\/\/interamerica.org\/wp-content\/uploads\/2025\/04\/lay-convention-dsc-0650-2048x1367.jpg 2048w\" sizes=\"(max-width: 1024px) 100vw, 1024px\" \/><p id=\"caption-attachment-126793\" class=\"wp-caption-text\">Ce programme de trois jours, destin\u00e9 aux la\u00efcs, a offert de nombreuses opportunit\u00e9s de communion fraternelle. [Photo: Marcos Paseggi, Adventist Review]<\/p><\/div>\n<h3 class=\"wp-block-heading\"><strong>Briller l\u00e0 o\u00f9 vous \u00eates <\/strong><\/h3>\n<p>Conduire les autres \u00e0 Dieu est la raison pour laquelle il est important que l\u2019\u00c9glise \u2013 tous les fils et les filles de Dieu \u2013 brille, a dit Tim Madding. \u00ab Chaque personne baptis\u00e9e en J\u00e9sus a \u00e9t\u00e9 consacr\u00e9e comme ministre de l\u2019\u00e9vangile, afin de partager cette bonne nouvelle de J\u00e9sus avec les autres, \u00bb a-t-il dit.<\/p>\n<p>Lorsque les membres acceptent leur appel, l\u2019Esprit de Dieu commence \u00e0 \u0153uvrer en eux et \u00e0 les utiliser comme des lumi\u00e8res l\u00e0 o\u00f9 ils se trouvent. \u00ab Ainsi, lorsque les gens voient le croyant qui est envoy\u00e9, ils voient Christ en eux, \u00bb a dit Tim Madding. \u00ab Ils peuvent voir briller ma lumi\u00e8re qui est le caract\u00e8re de J\u00e9sus en moi. \u00bb<\/p>\n<p><div id=\"attachment_126796\" style=\"width: 1034px\" class=\"wp-caption aligncenter\"><img loading=\"lazy\" decoding=\"async\" aria-describedby=\"caption-attachment-126796\" class=\"size-large wp-image-126795\" src=\"https:\/\/interamerica.org\/wp-content\/uploads\/2025\/04\/layconvention-dsc-0668b-1024x683.jpg\" alt=\"\" width=\"1024\" height=\"683\" srcset=\"https:\/\/interamerica.org\/wp-content\/uploads\/2025\/04\/layconvention-dsc-0668b-1024x683.jpg 1024w, https:\/\/interamerica.org\/wp-content\/uploads\/2025\/04\/layconvention-dsc-0668b-300x200.jpg 300w, https:\/\/interamerica.org\/wp-content\/uploads\/2025\/04\/layconvention-dsc-0668b-768x512.jpg 768w, https:\/\/interamerica.org\/wp-content\/uploads\/2025\/04\/layconvention-dsc-0668b.jpg 1124w\" sizes=\"(max-width: 1024px) 100vw, 1024px\" \/><p id=\"caption-attachment-126796\" class=\"wp-caption-text\">Une femme r\u00e9agit aux moments d\u2019adoration lors de la soir\u00e9e d\u2019ouverture du Festival des La\u00efcs SEEDS qui a eu lieu \u00e0 Stamford, dans le Connecticut. [Photo : Marcos Paseggi, Adventist Review]<\/p><\/div>Pour y parvenir, l\u2019\u00c9glise doit cesser de focaliser son culte et ses initiatives sur elle-m\u00eame. \u00ab [Nous devons] aller dans la communaut\u00e9 et d\u00e9velopper des relations avec les personnes perdues, afin qu\u2019elles puissent voir Christ en chacun de nous. . . . Et quand les gens verront Christ en moi, Il sera glorifi\u00e9 et ils seront attir\u00e9s vers Lui. \u00bb<\/p>\n<p>Traduction: Patrick Luciathe<\/p>\n","protected":false},"excerpt":{"rendered":"<p>Aux \u00c9tats-Unis, les membres de l\u2019Union de F\u00e9d\u00e9rations Atlantique aux \u00c9tats-Unis se mobilisent dans le cadre de l\u2019initiative Pentec\u00f4te 2025. 1er Avril 2025 | Marcos Paseggi, Adventist Review Des chants&#8230;<\/p>\n","protected":false},"author":3,"featured_media":126778,"comment_status":"closed","ping_status":"closed","sticky":false,"template":"","format":"standard","meta":{"_acf_changed":false,"footnotes":""},"categories":[18,19],"tags":[],"class_list":["post-126815","post","type-post","status-publish","format-standard","has-post-thumbnail","hentry","category-nouvelles-de-leglise-mondiale","category-rss-francais"],"acf":[],"yoast_head":"<!-- This site is optimized with the Yoast SEO plugin v27.3 - https:\/\/yoast.com\/product\/yoast-seo-wordpress\/ -->\n<title>Une convention des la\u00efcs met l\u2019accent sur les groupes ethno-linguistiques, l\u2019\u00e9vang\u00e9lisation cibl\u00e9e et le discipulat - \u00c9glise Adventiste Du Septieme Jour - Inter Am\u00e9rique Division<\/title>\n<meta name=\"robots\" content=\"index, follow, max-snippet:-1, max-image-preview:large, max-video-preview:-1\" \/>\n<link rel=\"canonical\" href=\"https:\/\/interamerica.org\/fr\/2025\/04\/une-convention-des-laics-met-laccent-sur-les-groupes-ethno-linguistiques-levangelisation-ciblee-et-le-discipulat\/\" \/>\n<meta property=\"og:locale\" content=\"fr_FR\" \/>\n<meta property=\"og:type\" content=\"article\" \/>\n<meta property=\"og:title\" content=\"Une convention des la\u00efcs met l\u2019accent sur les groupes ethno-linguistiques, l\u2019\u00e9vang\u00e9lisation cibl\u00e9e et le discipulat - \u00c9glise Adventiste Du Septieme Jour - Inter Am\u00e9rique Division\" \/>\n<meta property=\"og:description\" content=\"Aux \u00c9tats-Unis, les membres de l\u2019Union de F\u00e9d\u00e9rations Atlantique aux \u00c9tats-Unis se mobilisent dans le cadre de l\u2019initiative Pentec\u00f4te 2025. 1er Avril 2025 | Marcos Paseggi, Adventist Review Des chants...\" \/>\n<meta property=\"og:url\" content=\"https:\/\/interamerica.org\/fr\/2025\/04\/une-convention-des-laics-met-laccent-sur-les-groupes-ethno-linguistiques-levangelisation-ciblee-et-le-discipulat\/\" \/>\n<meta property=\"og:site_name\" content=\"\u00c9glise Adventiste Du Septieme Jour - Inter Am\u00e9rique Division\" \/>\n<meta property=\"article:published_time\" content=\"2025-04-01T17:28:33+00:00\" \/>\n<meta property=\"article:modified_time\" content=\"2025-04-04T01:20:15+00:00\" \/>\n<meta property=\"og:image\" content=\"https:\/\/interamerica.org\/wp-content\/uploads\/2025\/04\/lay-convention-dsc-0688-scaled.jpg\" \/>\n\t<meta property=\"og:image:width\" content=\"2560\" \/>\n\t<meta property=\"og:image:height\" content=\"1708\" \/>\n\t<meta property=\"og:image:type\" content=\"image\/jpeg\" \/>\n<meta name=\"author\" content=\"libna\" \/>\n<meta name=\"twitter:card\" content=\"summary_large_image\" \/>\n<meta name=\"twitter:label1\" content=\"\u00c9crit par\" \/>\n\t<meta name=\"twitter:data1\" content=\"libna\" \/>\n\t<meta name=\"twitter:label2\" content=\"Dur\u00e9e de lecture estim\u00e9e\" \/>\n\t<meta name=\"twitter:data2\" content=\"6 minutes\" \/>\n<script type=\"application\/ld+json\" class=\"yoast-schema-graph\">{\"@context\":\"https:\\\/\\\/schema.org\",\"@graph\":[{\"@type\":\"Article\",\"@id\":\"https:\\\/\\\/interamerica.org\\\/fr\\\/2025\\\/04\\\/une-convention-des-laics-met-laccent-sur-les-groupes-ethno-linguistiques-levangelisation-ciblee-et-le-discipulat\\\/#article\",\"isPartOf\":{\"@id\":\"https:\\\/\\\/interamerica.org\\\/fr\\\/2025\\\/04\\\/une-convention-des-laics-met-laccent-sur-les-groupes-ethno-linguistiques-levangelisation-ciblee-et-le-discipulat\\\/\"},\"author\":{\"name\":\"libna\",\"@id\":\"https:\\\/\\\/interamerica.org\\\/fr\\\/#\\\/schema\\\/person\\\/29998f2bc2d8bd0d38662909289b54f1\"},\"headline\":\"Une convention des la\u00efcs met l\u2019accent sur les groupes ethno-linguistiques, l\u2019\u00e9vang\u00e9lisation cibl\u00e9e et le discipulat\",\"datePublished\":\"2025-04-01T17:28:33+00:00\",\"dateModified\":\"2025-04-04T01:20:15+00:00\",\"mainEntityOfPage\":{\"@id\":\"https:\\\/\\\/interamerica.org\\\/fr\\\/2025\\\/04\\\/une-convention-des-laics-met-laccent-sur-les-groupes-ethno-linguistiques-levangelisation-ciblee-et-le-discipulat\\\/\"},\"wordCount\":1161,\"image\":{\"@id\":\"https:\\\/\\\/interamerica.org\\\/fr\\\/2025\\\/04\\\/une-convention-des-laics-met-laccent-sur-les-groupes-ethno-linguistiques-levangelisation-ciblee-et-le-discipulat\\\/#primaryimage\"},\"thumbnailUrl\":\"https:\\\/\\\/interamerica.org\\\/wp-content\\\/uploads\\\/2025\\\/04\\\/lay-convention-dsc-0688-scaled.jpg\",\"articleSection\":[\"Nouvelles de l'\u00c9glise mondiale\",\"RSS Fran\u00e7ais\"],\"inLanguage\":\"fr-FR\"},{\"@type\":\"WebPage\",\"@id\":\"https:\\\/\\\/interamerica.org\\\/fr\\\/2025\\\/04\\\/une-convention-des-laics-met-laccent-sur-les-groupes-ethno-linguistiques-levangelisation-ciblee-et-le-discipulat\\\/\",\"url\":\"https:\\\/\\\/interamerica.org\\\/fr\\\/2025\\\/04\\\/une-convention-des-laics-met-laccent-sur-les-groupes-ethno-linguistiques-levangelisation-ciblee-et-le-discipulat\\\/\",\"name\":\"Une convention des la\u00efcs met l\u2019accent sur les groupes ethno-linguistiques, l\u2019\u00e9vang\u00e9lisation cibl\u00e9e et le discipulat - \u00c9glise Adventiste Du Septieme Jour - Inter Am\u00e9rique Division\",\"isPartOf\":{\"@id\":\"https:\\\/\\\/interamerica.org\\\/fr\\\/#website\"},\"primaryImageOfPage\":{\"@id\":\"https:\\\/\\\/interamerica.org\\\/fr\\\/2025\\\/04\\\/une-convention-des-laics-met-laccent-sur-les-groupes-ethno-linguistiques-levangelisation-ciblee-et-le-discipulat\\\/#primaryimage\"},\"image\":{\"@id\":\"https:\\\/\\\/interamerica.org\\\/fr\\\/2025\\\/04\\\/une-convention-des-laics-met-laccent-sur-les-groupes-ethno-linguistiques-levangelisation-ciblee-et-le-discipulat\\\/#primaryimage\"},\"thumbnailUrl\":\"https:\\\/\\\/interamerica.org\\\/wp-content\\\/uploads\\\/2025\\\/04\\\/lay-convention-dsc-0688-scaled.jpg\",\"datePublished\":\"2025-04-01T17:28:33+00:00\",\"dateModified\":\"2025-04-04T01:20:15+00:00\",\"author\":{\"@id\":\"https:\\\/\\\/interamerica.org\\\/fr\\\/#\\\/schema\\\/person\\\/29998f2bc2d8bd0d38662909289b54f1\"},\"breadcrumb\":{\"@id\":\"https:\\\/\\\/interamerica.org\\\/fr\\\/2025\\\/04\\\/une-convention-des-laics-met-laccent-sur-les-groupes-ethno-linguistiques-levangelisation-ciblee-et-le-discipulat\\\/#breadcrumb\"},\"inLanguage\":\"fr-FR\",\"potentialAction\":[{\"@type\":\"ReadAction\",\"target\":[\"https:\\\/\\\/interamerica.org\\\/fr\\\/2025\\\/04\\\/une-convention-des-laics-met-laccent-sur-les-groupes-ethno-linguistiques-levangelisation-ciblee-et-le-discipulat\\\/\"]}]},{\"@type\":\"ImageObject\",\"inLanguage\":\"fr-FR\",\"@id\":\"https:\\\/\\\/interamerica.org\\\/fr\\\/2025\\\/04\\\/une-convention-des-laics-met-laccent-sur-les-groupes-ethno-linguistiques-levangelisation-ciblee-et-le-discipulat\\\/#primaryimage\",\"url\":\"https:\\\/\\\/interamerica.org\\\/wp-content\\\/uploads\\\/2025\\\/04\\\/lay-convention-dsc-0688-scaled.jpg\",\"contentUrl\":\"https:\\\/\\\/interamerica.org\\\/wp-content\\\/uploads\\\/2025\\\/04\\\/lay-convention-dsc-0688-scaled.jpg\",\"width\":2560,\"height\":1708,\"caption\":\"Attendees to the U.S. Atlantic Union Conference SEEDS Festival of the Laity participate in a moment of prayer on the opening night of the event in Stamford, Connecticut, on March 28. [Photo: Marcos Paseggi, Adventist Review]\"},{\"@type\":\"BreadcrumbList\",\"@id\":\"https:\\\/\\\/interamerica.org\\\/fr\\\/2025\\\/04\\\/une-convention-des-laics-met-laccent-sur-les-groupes-ethno-linguistiques-levangelisation-ciblee-et-le-discipulat\\\/#breadcrumb\",\"itemListElement\":[{\"@type\":\"ListItem\",\"position\":1,\"name\":\"Home\",\"item\":\"https:\\\/\\\/interamerica.org\\\/fr\\\/\"},{\"@type\":\"ListItem\",\"position\":2,\"name\":\"Une convention des la\u00efcs met l\u2019accent sur les groupes ethno-linguistiques, l\u2019\u00e9vang\u00e9lisation cibl\u00e9e et le discipulat\"}]},{\"@type\":\"WebSite\",\"@id\":\"https:\\\/\\\/interamerica.org\\\/fr\\\/#website\",\"url\":\"https:\\\/\\\/interamerica.org\\\/fr\\\/\",\"name\":\"\u00c9glise Adventiste Du Septieme Jour - Inter Am\u00e9rique Division\",\"description\":\"\",\"potentialAction\":[{\"@type\":\"SearchAction\",\"target\":{\"@type\":\"EntryPoint\",\"urlTemplate\":\"https:\\\/\\\/interamerica.org\\\/fr\\\/?s={search_term_string}\"},\"query-input\":{\"@type\":\"PropertyValueSpecification\",\"valueRequired\":true,\"valueName\":\"search_term_string\"}}],\"inLanguage\":\"fr-FR\"},{\"@type\":\"Person\",\"@id\":\"https:\\\/\\\/interamerica.org\\\/fr\\\/#\\\/schema\\\/person\\\/29998f2bc2d8bd0d38662909289b54f1\",\"name\":\"libna\",\"image\":{\"@type\":\"ImageObject\",\"inLanguage\":\"fr-FR\",\"@id\":\"https:\\\/\\\/secure.gravatar.com\\\/avatar\\\/7c5bd30ae4b47a9ba3c856590957fd1d96dc588bf3ac05719d247e126840331f?s=96&d=mm&r=g\",\"url\":\"https:\\\/\\\/secure.gravatar.com\\\/avatar\\\/7c5bd30ae4b47a9ba3c856590957fd1d96dc588bf3ac05719d247e126840331f?s=96&d=mm&r=g\",\"contentUrl\":\"https:\\\/\\\/secure.gravatar.com\\\/avatar\\\/7c5bd30ae4b47a9ba3c856590957fd1d96dc588bf3ac05719d247e126840331f?s=96&d=mm&r=g\",\"caption\":\"libna\"}}]}<\/script>\n<!-- \/ Yoast SEO plugin. -->","yoast_head_json":{"title":"Une convention des la\u00efcs met l\u2019accent sur les groupes ethno-linguistiques, l\u2019\u00e9vang\u00e9lisation cibl\u00e9e et le discipulat - \u00c9glise Adventiste Du Septieme Jour - Inter Am\u00e9rique Division","robots":{"index":"index","follow":"follow","max-snippet":"max-snippet:-1","max-image-preview":"max-image-preview:large","max-video-preview":"max-video-preview:-1"},"canonical":"https:\/\/interamerica.org\/fr\/2025\/04\/une-convention-des-laics-met-laccent-sur-les-groupes-ethno-linguistiques-levangelisation-ciblee-et-le-discipulat\/","og_locale":"fr_FR","og_type":"article","og_title":"Une convention des la\u00efcs met l\u2019accent sur les groupes ethno-linguistiques, l\u2019\u00e9vang\u00e9lisation cibl\u00e9e et le discipulat - \u00c9glise Adventiste Du Septieme Jour - Inter Am\u00e9rique Division","og_description":"Aux \u00c9tats-Unis, les membres de l\u2019Union de F\u00e9d\u00e9rations Atlantique aux \u00c9tats-Unis se mobilisent dans le cadre de l\u2019initiative Pentec\u00f4te 2025. 1er Avril 2025 | Marcos Paseggi, Adventist Review Des chants...","og_url":"https:\/\/interamerica.org\/fr\/2025\/04\/une-convention-des-laics-met-laccent-sur-les-groupes-ethno-linguistiques-levangelisation-ciblee-et-le-discipulat\/","og_site_name":"\u00c9glise Adventiste Du Septieme Jour - Inter Am\u00e9rique Division","article_published_time":"2025-04-01T17:28:33+00:00","article_modified_time":"2025-04-04T01:20:15+00:00","og_image":[{"width":2560,"height":1708,"url":"https:\/\/interamerica.org\/wp-content\/uploads\/2025\/04\/lay-convention-dsc-0688-scaled.jpg","type":"image\/jpeg"}],"author":"libna","twitter_card":"summary_large_image","twitter_misc":{"\u00c9crit par":"libna","Dur\u00e9e de lecture estim\u00e9e":"6 minutes"},"schema":{"@context":"https:\/\/schema.org","@graph":[{"@type":"Article","@id":"https:\/\/interamerica.org\/fr\/2025\/04\/une-convention-des-laics-met-laccent-sur-les-groupes-ethno-linguistiques-levangelisation-ciblee-et-le-discipulat\/#article","isPartOf":{"@id":"https:\/\/interamerica.org\/fr\/2025\/04\/une-convention-des-laics-met-laccent-sur-les-groupes-ethno-linguistiques-levangelisation-ciblee-et-le-discipulat\/"},"author":{"name":"libna","@id":"https:\/\/interamerica.org\/fr\/#\/schema\/person\/29998f2bc2d8bd0d38662909289b54f1"},"headline":"Une convention des la\u00efcs met l\u2019accent sur les groupes ethno-linguistiques, l\u2019\u00e9vang\u00e9lisation cibl\u00e9e et le discipulat","datePublished":"2025-04-01T17:28:33+00:00","dateModified":"2025-04-04T01:20:15+00:00","mainEntityOfPage":{"@id":"https:\/\/interamerica.org\/fr\/2025\/04\/une-convention-des-laics-met-laccent-sur-les-groupes-ethno-linguistiques-levangelisation-ciblee-et-le-discipulat\/"},"wordCount":1161,"image":{"@id":"https:\/\/interamerica.org\/fr\/2025\/04\/une-convention-des-laics-met-laccent-sur-les-groupes-ethno-linguistiques-levangelisation-ciblee-et-le-discipulat\/#primaryimage"},"thumbnailUrl":"https:\/\/interamerica.org\/wp-content\/uploads\/2025\/04\/lay-convention-dsc-0688-scaled.jpg","articleSection":["Nouvelles de l'\u00c9glise mondiale","RSS Fran\u00e7ais"],"inLanguage":"fr-FR"},{"@type":"WebPage","@id":"https:\/\/interamerica.org\/fr\/2025\/04\/une-convention-des-laics-met-laccent-sur-les-groupes-ethno-linguistiques-levangelisation-ciblee-et-le-discipulat\/","url":"https:\/\/interamerica.org\/fr\/2025\/04\/une-convention-des-laics-met-laccent-sur-les-groupes-ethno-linguistiques-levangelisation-ciblee-et-le-discipulat\/","name":"Une convention des la\u00efcs met l\u2019accent sur les groupes ethno-linguistiques, l\u2019\u00e9vang\u00e9lisation cibl\u00e9e et le discipulat - \u00c9glise Adventiste Du Septieme Jour - Inter Am\u00e9rique Division","isPartOf":{"@id":"https:\/\/interamerica.org\/fr\/#website"},"primaryImageOfPage":{"@id":"https:\/\/interamerica.org\/fr\/2025\/04\/une-convention-des-laics-met-laccent-sur-les-groupes-ethno-linguistiques-levangelisation-ciblee-et-le-discipulat\/#primaryimage"},"image":{"@id":"https:\/\/interamerica.org\/fr\/2025\/04\/une-convention-des-laics-met-laccent-sur-les-groupes-ethno-linguistiques-levangelisation-ciblee-et-le-discipulat\/#primaryimage"},"thumbnailUrl":"https:\/\/interamerica.org\/wp-content\/uploads\/2025\/04\/lay-convention-dsc-0688-scaled.jpg","datePublished":"2025-04-01T17:28:33+00:00","dateModified":"2025-04-04T01:20:15+00:00","author":{"@id":"https:\/\/interamerica.org\/fr\/#\/schema\/person\/29998f2bc2d8bd0d38662909289b54f1"},"breadcrumb":{"@id":"https:\/\/interamerica.org\/fr\/2025\/04\/une-convention-des-laics-met-laccent-sur-les-groupes-ethno-linguistiques-levangelisation-ciblee-et-le-discipulat\/#breadcrumb"},"inLanguage":"fr-FR","potentialAction":[{"@type":"ReadAction","target":["https:\/\/interamerica.org\/fr\/2025\/04\/une-convention-des-laics-met-laccent-sur-les-groupes-ethno-linguistiques-levangelisation-ciblee-et-le-discipulat\/"]}]},{"@type":"ImageObject","inLanguage":"fr-FR","@id":"https:\/\/interamerica.org\/fr\/2025\/04\/une-convention-des-laics-met-laccent-sur-les-groupes-ethno-linguistiques-levangelisation-ciblee-et-le-discipulat\/#primaryimage","url":"https:\/\/interamerica.org\/wp-content\/uploads\/2025\/04\/lay-convention-dsc-0688-scaled.jpg","contentUrl":"https:\/\/interamerica.org\/wp-content\/uploads\/2025\/04\/lay-convention-dsc-0688-scaled.jpg","width":2560,"height":1708,"caption":"Attendees to the U.S. Atlantic Union Conference SEEDS Festival of the Laity participate in a moment of prayer on the opening night of the event in Stamford, Connecticut, on March 28. [Photo: Marcos Paseggi, Adventist Review]"},{"@type":"BreadcrumbList","@id":"https:\/\/interamerica.org\/fr\/2025\/04\/une-convention-des-laics-met-laccent-sur-les-groupes-ethno-linguistiques-levangelisation-ciblee-et-le-discipulat\/#breadcrumb","itemListElement":[{"@type":"ListItem","position":1,"name":"Home","item":"https:\/\/interamerica.org\/fr\/"},{"@type":"ListItem","position":2,"name":"Une convention des la\u00efcs met l\u2019accent sur les groupes ethno-linguistiques, l\u2019\u00e9vang\u00e9lisation cibl\u00e9e et le discipulat"}]},{"@type":"WebSite","@id":"https:\/\/interamerica.org\/fr\/#website","url":"https:\/\/interamerica.org\/fr\/","name":"\u00c9glise Adventiste Du Septieme Jour - Inter Am\u00e9rique Division","description":"","potentialAction":[{"@type":"SearchAction","target":{"@type":"EntryPoint","urlTemplate":"https:\/\/interamerica.org\/fr\/?s={search_term_string}"},"query-input":{"@type":"PropertyValueSpecification","valueRequired":true,"valueName":"search_term_string"}}],"inLanguage":"fr-FR"},{"@type":"Person","@id":"https:\/\/interamerica.org\/fr\/#\/schema\/person\/29998f2bc2d8bd0d38662909289b54f1","name":"libna","image":{"@type":"ImageObject","inLanguage":"fr-FR","@id":"https:\/\/secure.gravatar.com\/avatar\/7c5bd30ae4b47a9ba3c856590957fd1d96dc588bf3ac05719d247e126840331f?s=96&d=mm&r=g","url":"https:\/\/secure.gravatar.com\/avatar\/7c5bd30ae4b47a9ba3c856590957fd1d96dc588bf3ac05719d247e126840331f?s=96&d=mm&r=g","contentUrl":"https:\/\/secure.gravatar.com\/avatar\/7c5bd30ae4b47a9ba3c856590957fd1d96dc588bf3ac05719d247e126840331f?s=96&d=mm&r=g","caption":"libna"}}]}},"_links":{"self":[{"href":"https:\/\/interamerica.org\/fr\/wp-json\/wp\/v2\/posts\/126815","targetHints":{"allow":["GET"]}}],"collection":[{"href":"https:\/\/interamerica.org\/fr\/wp-json\/wp\/v2\/posts"}],"about":[{"href":"https:\/\/interamerica.org\/fr\/wp-json\/wp\/v2\/types\/post"}],"author":[{"embeddable":true,"href":"https:\/\/interamerica.org\/fr\/wp-json\/wp\/v2\/users\/3"}],"replies":[{"embeddable":true,"href":"https:\/\/interamerica.org\/fr\/wp-json\/wp\/v2\/comments?post=126815"}],"version-history":[{"count":0,"href":"https:\/\/interamerica.org\/fr\/wp-json\/wp\/v2\/posts\/126815\/revisions"}],"wp:featuredmedia":[{"embeddable":true,"href":"https:\/\/interamerica.org\/fr\/wp-json\/wp\/v2\/media\/126778"}],"wp:attachment":[{"href":"https:\/\/interamerica.org\/fr\/wp-json\/wp\/v2\/media?parent=126815"}],"wp:term":[{"taxonomy":"category","embeddable":true,"href":"https:\/\/interamerica.org\/fr\/wp-json\/wp\/v2\/categories?post=126815"},{"taxonomy":"post_tag","embeddable":true,"href":"https:\/\/interamerica.org\/fr\/wp-json\/wp\/v2\/tags?post=126815"}],"curies":[{"name":"wp","href":"https:\/\/api.w.org\/{rel}","templated":true}]}}