{"id":126817,"date":"2025-03-31T22:48:31","date_gmt":"2025-04-01T02:48:31","guid":{"rendered":"https:\/\/interamerica.org\/?p=126817"},"modified":"2025-04-03T21:21:10","modified_gmt":"2025-04-04T01:21:10","slug":"des-adventistes-parmi-les-personnes-affectees-par-des-feux-de-foret-record-en-coree-du-sud","status":"publish","type":"post","link":"https:\/\/interamerica.org\/fr\/2025\/03\/des-adventistes-parmi-les-personnes-affectees-par-des-feux-de-foret-record-en-coree-du-sud\/","title":{"rendered":"Des adventistes parmi les personnes affect\u00e9es par des feux de for\u00eat record en Cor\u00e9e du Sud"},"content":{"rendered":"<p><i><span style=\"font-weight: 400;\">ADRA est intervenue pour offrir du secours d\u2019urgence \u00e0 ceux qui ont d\u00fb fuir leur maison.<\/span><\/i><\/p>\n<p class=\"c-post-header__subtitle\"><span style=\"font-weight: 400;\">Le 31 mars 2025 | Cor\u00e9e du Sud | Division du nord du Pacifique et de l\u2019Asie<\/span> <span style=\"font-weight: 400;\">et <\/span><i><span style=\"font-weight: 400;\">Adventist Review<\/span><\/i><\/p>\n<p><span style=\"font-weight: 400;\">Depuis le 21 mars, d\u2019\u00e9normes feux de for\u00eat en Cor\u00e9e du Sud, dans la r\u00e9gion de Yeongnam, dans le comt\u00e9 de Uiseong dans la province de Gyeongsang du Nord et le comt\u00e9 de Sancheong dans la province de Gyeongsang du Sud, ont d\u00e9truit de nombreuses r\u00e9sidences et forc\u00e9 beaucoup de r\u00e9sidents, dont des membres de l\u2019\u00c9glise adventiste du septi\u00e8me jour, \u00e0 chercher refuge dans des abris de secours, ont rapport\u00e9 certains dirigeants de l\u2019\u00c9glise<\/span><\/p>\n<p><span style=\"font-weight: 400;\">\u00ab\u00a0Plusieurs familles li\u00e9es directement ou indirectement \u00e0 notre \u00c9glise ont subi d\u2019importants dommages, y compris la destruction totale de leur r\u00e9sidence, des pertes de biens et une \u00e9vacuation forc\u00e9e, ont rapport\u00e9 les dirigeants. Alors que les feux sont toujours actifs, on s\u2019attend \u00e0 ce que l\u2019ampleur des dommages continue d\u2019augmenter.\u00a0\u00bb\u00a0<\/span><\/p>\n<p><div id=\"attachment_126758\" style=\"width: 866px\" class=\"wp-caption aligncenter\"><img fetchpriority=\"high\" decoding=\"async\" aria-describedby=\"caption-attachment-126758\" class=\"wp-image-126757 \" src=\"https:\/\/interamerica.org\/wp-content\/uploads\/2025\/03\/south-korea-1024x768.jpg\" alt=\"\" width=\"856\" height=\"642\" srcset=\"https:\/\/interamerica.org\/wp-content\/uploads\/2025\/03\/south-korea-1024x768.jpg 1024w, https:\/\/interamerica.org\/wp-content\/uploads\/2025\/03\/south-korea-300x225.jpg 300w, https:\/\/interamerica.org\/wp-content\/uploads\/2025\/03\/south-korea-768x576.jpg 768w, https:\/\/interamerica.org\/wp-content\/uploads\/2025\/03\/south-korea.jpg 1136w\" sizes=\"(max-width: 856px) 100vw, 856px\" \/><p id=\"caption-attachment-126758\" class=\"wp-caption-text\"><span style=\"font-weight: 400;\">ADRA Cor\u00e9e collabore avec son bureau \u00e0 Yeongnam pour \u00e9valuer la situation rapidement et offrir du secours d\u2019urgence \u00e0 ceux qui ont perdu leur maison dans les flammes. [Une photo d\u2019ADRA Cor\u00e9e]<\/span><\/p><\/div><span style=\"font-weight: 400;\">Selon les bureaux des Catastrophes centrales et des contre-mesures de s\u00e9curit\u00e9, \u00e0 6\u00a0h le 27 mars, les feux de for\u00eat avaient caus\u00e9 la mort de 26 personnes, des blessures graves \u00e0 8 personnes et des blessures mineures \u00e0 22 personnes dans la r\u00e9gion de Gyeongsang.<\/span><\/p>\n<p><span style=\"font-weight: 400;\">Des familles adventistes sont parmi les personnes affect\u00e9es. Un dirigeant la\u00efc de la F\u00e9d\u00e9ration du centre-ouest cor\u00e9en, qui poss\u00e9dait une deuxi\u00e8me r\u00e9sidence de campagne \u00e0 Sancheong, a perdu cette maison. Deux maisons appartenant \u00e0 des sympathisants adventistes r\u00e9sidant dans la r\u00e9gion ont \u00e9galement \u00e9t\u00e9 la proie des flammes. Et l\u2019enfant d\u2019un membre d\u2019\u00e9glise, bien qu\u2019il ne fr\u00e9quente pas r\u00e9guli\u00e8rement d\u2019\u00e9glise adventiste, a \u00e9galement perdu sa maison et le lieu o\u00f9 il entreposait certains biens. La maison d\u2019un nouveau croyant qui se pr\u00e9parait pour le bapt\u00eame a \u00e9galement subi des dommages partiels. La partie habitable principale est demeur\u00e9e intacte, mais les sections avant et arri\u00e8re ont \u00e9t\u00e9 d\u00e9truites, ont rapport\u00e9 les dirigeants.<\/span><\/p>\n<p><span style=\"font-weight: 400;\">\u00ab\u00a0Une vingtaine de membres de l\u2019\u00e9glise de Yujeom ont \u00e9t\u00e9 \u00e9vacu\u00e9s dans un refuge \u00e0 proximit\u00e9. Le b\u00e2timent de l\u2019\u00e9glise et les maisons des membres n\u2019ont pas \u00e9t\u00e9 gravement endommag\u00e9s. Cependant, une chambre froide, un motoculteur ainsi que des arbres fruitiers ont \u00e9t\u00e9 br\u00fbl\u00e9s\u00a0\u00bb, ont-ils dit.<\/span><\/p>\n<p><span style=\"font-weight: 400;\">Trois croyants adventistes vivant dans la r\u00e9gion d\u2019Okjong demeurent avec d\u2019autres r\u00e9sidents dans un centre d\u2019\u00e9vacuation. Deux d\u2019entre eux ont re\u00e7u la recommandation de se relocaliser \u00e0 nouveau et de se pr\u00e9parer pour de nouvelles \u00e9vacuations.<\/span><\/p>\n<p><span style=\"font-weight: 400;\">La surface foresti\u00e8re totale affect\u00e9e a atteint les 36\u00a0090 hectares (89\u00a0180 acres), d\u00e9passant les dommages caus\u00e9s par les pires feux de for\u00eat pr\u00e9c\u00e9dents au pays en 2000, qui avaient br\u00fbl\u00e9 23\u00a0794 hectares (58\u00a0796 acres) de for\u00eat. Les feux de for\u00eat, qui ont commenc\u00e9 \u00e0 Sancheong, n\u2019ont pas encore \u00e9t\u00e9 ma\u00eetris\u00e9s en d\u00e9pit des efforts constants des pompiers depuis plus d\u2019une semaine. Ce feu de for\u00eat deviendra le plus important de l\u2019histoire de la Cor\u00e9e du Sud.<\/span><\/p>\n<p><span style=\"font-weight: 400;\">Pour intervenir, l\u2019Agence de d\u00e9veloppement et de secours adventiste (ADRA) de la Cor\u00e9e a \u00e9tabli un partenariat avec son bureau de Yeongnam afin d\u2019\u00e9valuer la situation rapidement et d\u2019offrir des fournitures de secours \u00e0 ceux qui ont perdu leur r\u00e9sidence. \u00ab\u00a0Cet effort de secours d\u2019urgence vise \u00e0 distribuer rapidement de la nourriture, des m\u00e9dicaments et les n\u00e9cessit\u00e9s quotidiennes aux r\u00e9gions affect\u00e9es, ont dit les dirigeants de l\u2019agence au pays. ADRA Cor\u00e9e appelle les \u00e9glises et les membres \u00e0 l\u2019\u00e9chelle nationale \u00e0 soutenir activement le projet par la pri\u00e8re et la participation.\u00a0\u00bb<\/span><\/p>\n<p><i><span style=\"font-weight: 400;\">La <\/span><\/i><a href=\"https:\/\/www.nsdadventist.org\/south-korea-faces-worst-wildfire-in-history\/\"><i><span style=\"font-weight: 400;\">version originale<\/span><\/i><\/a><i><span style=\"font-weight: 400;\"> de cet article a \u00e9t\u00e9 publi\u00e9e sur le <\/span><\/i><a href=\"https:\/\/www.nsdadventist.org\/\"><i><span style=\"font-weight: 400;\">site des actualit\u00e9s<\/span><\/i><\/a><i><span style=\"font-weight: 400;\"> de la Division du nord du Pacifique et de l\u2019Asie.<\/span><\/i><\/p>\n<p><span style=\"font-weight: 400;\">Traduction\u00a0: Marie-Mich\u00e8le Robitaille<\/span><\/p>\n","protected":false},"excerpt":{"rendered":"<p>ADRA est intervenue pour offrir du secours d\u2019urgence \u00e0 ceux qui ont d\u00fb fuir leur maison. Le 31 mars 2025 | Cor\u00e9e du Sud | Division du nord du Pacifique&#8230;<\/p>\n","protected":false},"author":3,"featured_media":126758,"comment_status":"closed","ping_status":"closed","sticky":false,"template":"","format":"standard","meta":{"_acf_changed":false,"footnotes":""},"categories":[18,19],"tags":[],"class_list":["post-126817","post","type-post","status-publish","format-standard","has-post-thumbnail","hentry","category-nouvelles-de-leglise-mondiale","category-rss-francais"],"acf":[],"yoast_head":"<!-- This site is optimized with the Yoast SEO plugin v27.3 - https:\/\/yoast.com\/product\/yoast-seo-wordpress\/ -->\n<title>Des adventistes parmi les personnes affect\u00e9es par des feux de for\u00eat record en Cor\u00e9e du Sud - \u00c9glise Adventiste Du Septieme Jour - Inter Am\u00e9rique Division<\/title>\n<meta name=\"robots\" content=\"index, follow, max-snippet:-1, max-image-preview:large, max-video-preview:-1\" \/>\n<link rel=\"canonical\" href=\"https:\/\/interamerica.org\/fr\/2025\/03\/des-adventistes-parmi-les-personnes-affectees-par-des-feux-de-foret-record-en-coree-du-sud\/\" \/>\n<meta property=\"og:locale\" content=\"fr_FR\" \/>\n<meta property=\"og:type\" content=\"article\" \/>\n<meta property=\"og:title\" content=\"Des adventistes parmi les personnes affect\u00e9es par des feux de for\u00eat record en Cor\u00e9e du Sud - \u00c9glise Adventiste Du Septieme Jour - Inter Am\u00e9rique Division\" \/>\n<meta property=\"og:description\" content=\"ADRA est intervenue pour offrir du secours d\u2019urgence \u00e0 ceux qui ont d\u00fb fuir leur maison. Le 31 mars 2025 | Cor\u00e9e du Sud | Division du nord du Pacifique...\" \/>\n<meta property=\"og:url\" content=\"https:\/\/interamerica.org\/fr\/2025\/03\/des-adventistes-parmi-les-personnes-affectees-par-des-feux-de-foret-record-en-coree-du-sud\/\" \/>\n<meta property=\"og:site_name\" content=\"\u00c9glise Adventiste Du Septieme Jour - Inter Am\u00e9rique Division\" \/>\n<meta property=\"article:published_time\" content=\"2025-04-01T02:48:31+00:00\" \/>\n<meta property=\"article:modified_time\" content=\"2025-04-04T01:21:10+00:00\" \/>\n<meta property=\"og:image\" content=\"https:\/\/interamerica.org\/wp-content\/uploads\/2025\/03\/south-korea.jpg\" \/>\n\t<meta property=\"og:image:width\" content=\"1136\" \/>\n\t<meta property=\"og:image:height\" content=\"852\" \/>\n\t<meta property=\"og:image:type\" content=\"image\/jpeg\" \/>\n<meta name=\"author\" content=\"libna\" \/>\n<meta name=\"twitter:card\" content=\"summary_large_image\" \/>\n<meta name=\"twitter:label1\" content=\"\u00c9crit par\" \/>\n\t<meta name=\"twitter:data1\" content=\"libna\" \/>\n\t<meta name=\"twitter:label2\" content=\"Dur\u00e9e de lecture estim\u00e9e\" \/>\n\t<meta name=\"twitter:data2\" content=\"4 minutes\" \/>\n<script type=\"application\/ld+json\" class=\"yoast-schema-graph\">{\"@context\":\"https:\\\/\\\/schema.org\",\"@graph\":[{\"@type\":\"Article\",\"@id\":\"https:\\\/\\\/interamerica.org\\\/fr\\\/2025\\\/03\\\/des-adventistes-parmi-les-personnes-affectees-par-des-feux-de-foret-record-en-coree-du-sud\\\/#article\",\"isPartOf\":{\"@id\":\"https:\\\/\\\/interamerica.org\\\/fr\\\/2025\\\/03\\\/des-adventistes-parmi-les-personnes-affectees-par-des-feux-de-foret-record-en-coree-du-sud\\\/\"},\"author\":{\"name\":\"libna\",\"@id\":\"https:\\\/\\\/interamerica.org\\\/fr\\\/#\\\/schema\\\/person\\\/29998f2bc2d8bd0d38662909289b54f1\"},\"headline\":\"Des adventistes parmi les personnes affect\u00e9es par des feux de for\u00eat record en Cor\u00e9e du Sud\",\"datePublished\":\"2025-04-01T02:48:31+00:00\",\"dateModified\":\"2025-04-04T01:21:10+00:00\",\"mainEntityOfPage\":{\"@id\":\"https:\\\/\\\/interamerica.org\\\/fr\\\/2025\\\/03\\\/des-adventistes-parmi-les-personnes-affectees-par-des-feux-de-foret-record-en-coree-du-sud\\\/\"},\"wordCount\":723,\"image\":{\"@id\":\"https:\\\/\\\/interamerica.org\\\/fr\\\/2025\\\/03\\\/des-adventistes-parmi-les-personnes-affectees-par-des-feux-de-foret-record-en-coree-du-sud\\\/#primaryimage\"},\"thumbnailUrl\":\"https:\\\/\\\/interamerica.org\\\/wp-content\\\/uploads\\\/2025\\\/03\\\/south-korea.jpg\",\"articleSection\":[\"Nouvelles de l'\u00c9glise mondiale\",\"RSS Fran\u00e7ais\"],\"inLanguage\":\"fr-FR\"},{\"@type\":\"WebPage\",\"@id\":\"https:\\\/\\\/interamerica.org\\\/fr\\\/2025\\\/03\\\/des-adventistes-parmi-les-personnes-affectees-par-des-feux-de-foret-record-en-coree-du-sud\\\/\",\"url\":\"https:\\\/\\\/interamerica.org\\\/fr\\\/2025\\\/03\\\/des-adventistes-parmi-les-personnes-affectees-par-des-feux-de-foret-record-en-coree-du-sud\\\/\",\"name\":\"Des adventistes parmi les personnes affect\u00e9es par des feux de for\u00eat record en Cor\u00e9e du Sud - \u00c9glise Adventiste Du Septieme Jour - Inter Am\u00e9rique Division\",\"isPartOf\":{\"@id\":\"https:\\\/\\\/interamerica.org\\\/fr\\\/#website\"},\"primaryImageOfPage\":{\"@id\":\"https:\\\/\\\/interamerica.org\\\/fr\\\/2025\\\/03\\\/des-adventistes-parmi-les-personnes-affectees-par-des-feux-de-foret-record-en-coree-du-sud\\\/#primaryimage\"},\"image\":{\"@id\":\"https:\\\/\\\/interamerica.org\\\/fr\\\/2025\\\/03\\\/des-adventistes-parmi-les-personnes-affectees-par-des-feux-de-foret-record-en-coree-du-sud\\\/#primaryimage\"},\"thumbnailUrl\":\"https:\\\/\\\/interamerica.org\\\/wp-content\\\/uploads\\\/2025\\\/03\\\/south-korea.jpg\",\"datePublished\":\"2025-04-01T02:48:31+00:00\",\"dateModified\":\"2025-04-04T01:21:10+00:00\",\"author\":{\"@id\":\"https:\\\/\\\/interamerica.org\\\/fr\\\/#\\\/schema\\\/person\\\/29998f2bc2d8bd0d38662909289b54f1\"},\"breadcrumb\":{\"@id\":\"https:\\\/\\\/interamerica.org\\\/fr\\\/2025\\\/03\\\/des-adventistes-parmi-les-personnes-affectees-par-des-feux-de-foret-record-en-coree-du-sud\\\/#breadcrumb\"},\"inLanguage\":\"fr-FR\",\"potentialAction\":[{\"@type\":\"ReadAction\",\"target\":[\"https:\\\/\\\/interamerica.org\\\/fr\\\/2025\\\/03\\\/des-adventistes-parmi-les-personnes-affectees-par-des-feux-de-foret-record-en-coree-du-sud\\\/\"]}]},{\"@type\":\"ImageObject\",\"inLanguage\":\"fr-FR\",\"@id\":\"https:\\\/\\\/interamerica.org\\\/fr\\\/2025\\\/03\\\/des-adventistes-parmi-les-personnes-affectees-par-des-feux-de-foret-record-en-coree-du-sud\\\/#primaryimage\",\"url\":\"https:\\\/\\\/interamerica.org\\\/wp-content\\\/uploads\\\/2025\\\/03\\\/south-korea.jpg\",\"contentUrl\":\"https:\\\/\\\/interamerica.org\\\/wp-content\\\/uploads\\\/2025\\\/03\\\/south-korea.jpg\",\"width\":1136,\"height\":852,\"caption\":\"ADRA Korea has partnered with its Yeongnam branch to assess the situation quickly and provide emergency relief to those who have lost their homes in the fire. [Photo: ADRA Korea]\"},{\"@type\":\"BreadcrumbList\",\"@id\":\"https:\\\/\\\/interamerica.org\\\/fr\\\/2025\\\/03\\\/des-adventistes-parmi-les-personnes-affectees-par-des-feux-de-foret-record-en-coree-du-sud\\\/#breadcrumb\",\"itemListElement\":[{\"@type\":\"ListItem\",\"position\":1,\"name\":\"Home\",\"item\":\"https:\\\/\\\/interamerica.org\\\/fr\\\/\"},{\"@type\":\"ListItem\",\"position\":2,\"name\":\"Des adventistes parmi les personnes affect\u00e9es par des feux de for\u00eat record en Cor\u00e9e du Sud\"}]},{\"@type\":\"WebSite\",\"@id\":\"https:\\\/\\\/interamerica.org\\\/fr\\\/#website\",\"url\":\"https:\\\/\\\/interamerica.org\\\/fr\\\/\",\"name\":\"\u00c9glise Adventiste Du Septieme Jour - Inter Am\u00e9rique Division\",\"description\":\"\",\"potentialAction\":[{\"@type\":\"SearchAction\",\"target\":{\"@type\":\"EntryPoint\",\"urlTemplate\":\"https:\\\/\\\/interamerica.org\\\/fr\\\/?s={search_term_string}\"},\"query-input\":{\"@type\":\"PropertyValueSpecification\",\"valueRequired\":true,\"valueName\":\"search_term_string\"}}],\"inLanguage\":\"fr-FR\"},{\"@type\":\"Person\",\"@id\":\"https:\\\/\\\/interamerica.org\\\/fr\\\/#\\\/schema\\\/person\\\/29998f2bc2d8bd0d38662909289b54f1\",\"name\":\"libna\",\"image\":{\"@type\":\"ImageObject\",\"inLanguage\":\"fr-FR\",\"@id\":\"https:\\\/\\\/secure.gravatar.com\\\/avatar\\\/7c5bd30ae4b47a9ba3c856590957fd1d96dc588bf3ac05719d247e126840331f?s=96&d=mm&r=g\",\"url\":\"https:\\\/\\\/secure.gravatar.com\\\/avatar\\\/7c5bd30ae4b47a9ba3c856590957fd1d96dc588bf3ac05719d247e126840331f?s=96&d=mm&r=g\",\"contentUrl\":\"https:\\\/\\\/secure.gravatar.com\\\/avatar\\\/7c5bd30ae4b47a9ba3c856590957fd1d96dc588bf3ac05719d247e126840331f?s=96&d=mm&r=g\",\"caption\":\"libna\"}}]}<\/script>\n<!-- \/ Yoast SEO plugin. -->","yoast_head_json":{"title":"Des adventistes parmi les personnes affect\u00e9es par des feux de for\u00eat record en Cor\u00e9e du Sud - \u00c9glise Adventiste Du Septieme Jour - Inter Am\u00e9rique Division","robots":{"index":"index","follow":"follow","max-snippet":"max-snippet:-1","max-image-preview":"max-image-preview:large","max-video-preview":"max-video-preview:-1"},"canonical":"https:\/\/interamerica.org\/fr\/2025\/03\/des-adventistes-parmi-les-personnes-affectees-par-des-feux-de-foret-record-en-coree-du-sud\/","og_locale":"fr_FR","og_type":"article","og_title":"Des adventistes parmi les personnes affect\u00e9es par des feux de for\u00eat record en Cor\u00e9e du Sud - \u00c9glise Adventiste Du Septieme Jour - Inter Am\u00e9rique Division","og_description":"ADRA est intervenue pour offrir du secours d\u2019urgence \u00e0 ceux qui ont d\u00fb fuir leur maison. Le 31 mars 2025 | Cor\u00e9e du Sud | Division du nord du Pacifique...","og_url":"https:\/\/interamerica.org\/fr\/2025\/03\/des-adventistes-parmi-les-personnes-affectees-par-des-feux-de-foret-record-en-coree-du-sud\/","og_site_name":"\u00c9glise Adventiste Du Septieme Jour - Inter Am\u00e9rique Division","article_published_time":"2025-04-01T02:48:31+00:00","article_modified_time":"2025-04-04T01:21:10+00:00","og_image":[{"width":1136,"height":852,"url":"https:\/\/interamerica.org\/wp-content\/uploads\/2025\/03\/south-korea.jpg","type":"image\/jpeg"}],"author":"libna","twitter_card":"summary_large_image","twitter_misc":{"\u00c9crit par":"libna","Dur\u00e9e de lecture estim\u00e9e":"4 minutes"},"schema":{"@context":"https:\/\/schema.org","@graph":[{"@type":"Article","@id":"https:\/\/interamerica.org\/fr\/2025\/03\/des-adventistes-parmi-les-personnes-affectees-par-des-feux-de-foret-record-en-coree-du-sud\/#article","isPartOf":{"@id":"https:\/\/interamerica.org\/fr\/2025\/03\/des-adventistes-parmi-les-personnes-affectees-par-des-feux-de-foret-record-en-coree-du-sud\/"},"author":{"name":"libna","@id":"https:\/\/interamerica.org\/fr\/#\/schema\/person\/29998f2bc2d8bd0d38662909289b54f1"},"headline":"Des adventistes parmi les personnes affect\u00e9es par des feux de for\u00eat record en Cor\u00e9e du Sud","datePublished":"2025-04-01T02:48:31+00:00","dateModified":"2025-04-04T01:21:10+00:00","mainEntityOfPage":{"@id":"https:\/\/interamerica.org\/fr\/2025\/03\/des-adventistes-parmi-les-personnes-affectees-par-des-feux-de-foret-record-en-coree-du-sud\/"},"wordCount":723,"image":{"@id":"https:\/\/interamerica.org\/fr\/2025\/03\/des-adventistes-parmi-les-personnes-affectees-par-des-feux-de-foret-record-en-coree-du-sud\/#primaryimage"},"thumbnailUrl":"https:\/\/interamerica.org\/wp-content\/uploads\/2025\/03\/south-korea.jpg","articleSection":["Nouvelles de l'\u00c9glise mondiale","RSS Fran\u00e7ais"],"inLanguage":"fr-FR"},{"@type":"WebPage","@id":"https:\/\/interamerica.org\/fr\/2025\/03\/des-adventistes-parmi-les-personnes-affectees-par-des-feux-de-foret-record-en-coree-du-sud\/","url":"https:\/\/interamerica.org\/fr\/2025\/03\/des-adventistes-parmi-les-personnes-affectees-par-des-feux-de-foret-record-en-coree-du-sud\/","name":"Des adventistes parmi les personnes affect\u00e9es par des feux de for\u00eat record en Cor\u00e9e du Sud - \u00c9glise Adventiste Du Septieme Jour - Inter Am\u00e9rique Division","isPartOf":{"@id":"https:\/\/interamerica.org\/fr\/#website"},"primaryImageOfPage":{"@id":"https:\/\/interamerica.org\/fr\/2025\/03\/des-adventistes-parmi-les-personnes-affectees-par-des-feux-de-foret-record-en-coree-du-sud\/#primaryimage"},"image":{"@id":"https:\/\/interamerica.org\/fr\/2025\/03\/des-adventistes-parmi-les-personnes-affectees-par-des-feux-de-foret-record-en-coree-du-sud\/#primaryimage"},"thumbnailUrl":"https:\/\/interamerica.org\/wp-content\/uploads\/2025\/03\/south-korea.jpg","datePublished":"2025-04-01T02:48:31+00:00","dateModified":"2025-04-04T01:21:10+00:00","author":{"@id":"https:\/\/interamerica.org\/fr\/#\/schema\/person\/29998f2bc2d8bd0d38662909289b54f1"},"breadcrumb":{"@id":"https:\/\/interamerica.org\/fr\/2025\/03\/des-adventistes-parmi-les-personnes-affectees-par-des-feux-de-foret-record-en-coree-du-sud\/#breadcrumb"},"inLanguage":"fr-FR","potentialAction":[{"@type":"ReadAction","target":["https:\/\/interamerica.org\/fr\/2025\/03\/des-adventistes-parmi-les-personnes-affectees-par-des-feux-de-foret-record-en-coree-du-sud\/"]}]},{"@type":"ImageObject","inLanguage":"fr-FR","@id":"https:\/\/interamerica.org\/fr\/2025\/03\/des-adventistes-parmi-les-personnes-affectees-par-des-feux-de-foret-record-en-coree-du-sud\/#primaryimage","url":"https:\/\/interamerica.org\/wp-content\/uploads\/2025\/03\/south-korea.jpg","contentUrl":"https:\/\/interamerica.org\/wp-content\/uploads\/2025\/03\/south-korea.jpg","width":1136,"height":852,"caption":"ADRA Korea has partnered with its Yeongnam branch to assess the situation quickly and provide emergency relief to those who have lost their homes in the fire. [Photo: ADRA Korea]"},{"@type":"BreadcrumbList","@id":"https:\/\/interamerica.org\/fr\/2025\/03\/des-adventistes-parmi-les-personnes-affectees-par-des-feux-de-foret-record-en-coree-du-sud\/#breadcrumb","itemListElement":[{"@type":"ListItem","position":1,"name":"Home","item":"https:\/\/interamerica.org\/fr\/"},{"@type":"ListItem","position":2,"name":"Des adventistes parmi les personnes affect\u00e9es par des feux de for\u00eat record en Cor\u00e9e du Sud"}]},{"@type":"WebSite","@id":"https:\/\/interamerica.org\/fr\/#website","url":"https:\/\/interamerica.org\/fr\/","name":"\u00c9glise Adventiste Du Septieme Jour - Inter Am\u00e9rique Division","description":"","potentialAction":[{"@type":"SearchAction","target":{"@type":"EntryPoint","urlTemplate":"https:\/\/interamerica.org\/fr\/?s={search_term_string}"},"query-input":{"@type":"PropertyValueSpecification","valueRequired":true,"valueName":"search_term_string"}}],"inLanguage":"fr-FR"},{"@type":"Person","@id":"https:\/\/interamerica.org\/fr\/#\/schema\/person\/29998f2bc2d8bd0d38662909289b54f1","name":"libna","image":{"@type":"ImageObject","inLanguage":"fr-FR","@id":"https:\/\/secure.gravatar.com\/avatar\/7c5bd30ae4b47a9ba3c856590957fd1d96dc588bf3ac05719d247e126840331f?s=96&d=mm&r=g","url":"https:\/\/secure.gravatar.com\/avatar\/7c5bd30ae4b47a9ba3c856590957fd1d96dc588bf3ac05719d247e126840331f?s=96&d=mm&r=g","contentUrl":"https:\/\/secure.gravatar.com\/avatar\/7c5bd30ae4b47a9ba3c856590957fd1d96dc588bf3ac05719d247e126840331f?s=96&d=mm&r=g","caption":"libna"}}]}},"_links":{"self":[{"href":"https:\/\/interamerica.org\/fr\/wp-json\/wp\/v2\/posts\/126817","targetHints":{"allow":["GET"]}}],"collection":[{"href":"https:\/\/interamerica.org\/fr\/wp-json\/wp\/v2\/posts"}],"about":[{"href":"https:\/\/interamerica.org\/fr\/wp-json\/wp\/v2\/types\/post"}],"author":[{"embeddable":true,"href":"https:\/\/interamerica.org\/fr\/wp-json\/wp\/v2\/users\/3"}],"replies":[{"embeddable":true,"href":"https:\/\/interamerica.org\/fr\/wp-json\/wp\/v2\/comments?post=126817"}],"version-history":[{"count":0,"href":"https:\/\/interamerica.org\/fr\/wp-json\/wp\/v2\/posts\/126817\/revisions"}],"wp:featuredmedia":[{"embeddable":true,"href":"https:\/\/interamerica.org\/fr\/wp-json\/wp\/v2\/media\/126758"}],"wp:attachment":[{"href":"https:\/\/interamerica.org\/fr\/wp-json\/wp\/v2\/media?parent=126817"}],"wp:term":[{"taxonomy":"category","embeddable":true,"href":"https:\/\/interamerica.org\/fr\/wp-json\/wp\/v2\/categories?post=126817"},{"taxonomy":"post_tag","embeddable":true,"href":"https:\/\/interamerica.org\/fr\/wp-json\/wp\/v2\/tags?post=126817"}],"curies":[{"name":"wp","href":"https:\/\/api.w.org\/{rel}","templated":true}]}}