{"id":12682,"date":"2007-02-11T00:00:00","date_gmt":"2007-02-11T04:00:00","guid":{"rendered":"http:\/\/192.81.217.108\/interamerica\/2007\/02\/jamaique-lassociation-daccreditation-adventiste-visite-ncu\/"},"modified":"2017-06-02T13:15:00","modified_gmt":"2017-06-02T17:15:00","slug":"jamaique-lassociation-daccreditation-adventiste-visite-ncu","status":"publish","type":"post","link":"https:\/\/interamerica.org\/fr\/2007\/02\/jamaique-lassociation-daccreditation-adventiste-visite-ncu\/","title":{"rendered":"Jama\u00efque:  L&#39;Association d&#39;Accr\u00e9ditation Adventiste Visite NCU"},"content":{"rendered":"<p>Mandevile, Jama\u00efque&#8230; (Northern Caribbean University\/DIA) <\/p>\n<p>Du 29 janvier au 1er f\u00e9vrier, l&#39;Association d&#39;Accr\u00e9ditation Adventiste (AAA) a effect\u00e9 une visite de mise \u00e0 jour au Northern Caribbean University en vue de r\u00e9\u00e9valuer les possibilit\u00e9s et les infrastrucures des programmes d&#39;extensions des sites situ\u00e9s hors du campus du NCU. <\/p>\n<p>Northern Caribbean University est l&#39;un des coll\u00e8ges et universit\u00e9s que poss\u00e8dent et dirigent l&#39;Eglise Mondiale Adventiste du Septi\u00e8me jour.  L&#39;Association commun\u00e9ment appel\u00e9e Association d&#39;Accr\u00e9ditation Adventiste (AAA) est l&#39;entit\u00e9 cautionn\u00e9e par l&#39;Eglise Adventiste du Septi\u00e8me jour pour assurer la coordination, la supervision, et le contr\u00f4le de qualit\u00e9 de son syst\u00e8me d&#39;\u00e9ducation. <\/p>\n<p>La d\u00e9l\u00e9gation des hiuit membres qui a effectu\u00e9 la visite \u00e9tait compos\u00e9e d&#39;influents \u00e9ducateurs et acad\u00e9miciens Adventistes du Septi\u00e8me jour.  Dr. Ella S. Simmons, Vice Pr\u00e9sidente de la Conf\u00e9rence G\u00e9n\u00e9rale des Adventistes du Septi\u00e8me jour, a servi de pr\u00e9sidente de la d\u00e9l\u00e9gation, alors que Dr. Lisa M. Beardsley, Assistante Directrice de l&#39;Education \u00e0 la Conf\u00e9rence G\u00e9n\u00e9rale des Adventistes du Septi\u00e8me jour, a jou\u00e9 le r\u00f4le de secr\u00e9taire.  Les autres membres sont Dr. Roy E. Ryan, Assistant Tr\u00e9sorier de la Conf\u00e9rence G\u00e9n\u00e9rale des Adventistes du Septi\u00e8me jour, Luis A. Schulz Assistant Directeur de l&#39;Education \u00e0 la Conf\u00e9rence G\u00e9n\u00e9rale des Adventistes du Septi\u00e8me jour, Dr. Elie Henry, Vice Pr\u00e9sident de la Division Inter-Am\u00e9ricaine, Dr. Moises Velazquez Lugo, Directeur de l&#39;Education de la Division Inter-Am\u00e9ricaine, Dr. Merlene A. Ogden, Doyenne et Eminente Professeur d&#39;Anglais \u00e0 Andrews University, et Mrs. Sandra E. Gayle, Directrice des Minist\u00e8res de l&#39;Education et des Enfants de l&#39;Union de Conf\u00e9rence des Indes Occidentales. <\/p>\n<p>La d\u00e9l\u00e9gation de l&#39;AAA a visit\u00e9 les quatre campus de NCU, Brown&#39;s Town, Kingston, Montego-Bay et Mandeville, a assist\u00e9 \u00e0 des cours au si\u00e8ge de Montego-Bay et aux programmes du soir au campus de Mandeville.  Des entrevues ont eu lieu avec les membres du Comit\u00e9 de Direction, le Pr\u00e9sident de l&#39;Universit\u00e9, les Vice Pr\u00e9sidents, les Membres des Facult\u00e9s, les Responsables de D\u00e9partements, le Directeur de la Biblioth\u00e8que et les Dirigeants du Personnel des Biblioth\u00e8ques, les Directeurs des sites d&#39;extension et le Personnel de Soutien, et certains \u00e9l\u00e8ves et membres du personnel choisis au hasard dans tous les sites. <\/p>\n<p>Pendant cette visite de quatre jours, la d\u00e9l\u00e9gation a pu r\u00e9aliser \u00e0 peur pr\u00e8s 150 entrevues, avec 60 membres de facult\u00e9, environ 50 \u00e9tudiants. 10 alumni, 30 administrateurs, et membres du Comit\u00e9 d&#39;Administration.  Toutes les entrevues avaient pour but d&#39;\u00e9valuer la \u00ab\u00a0possibilit\u00e9 du NCU \u00e0 assurer une \u00e9ducation de qualilt\u00e9 dans ces diff\u00e9rents sites\u00a0\u00bb, a d\u00e9clar\u00e9 Dr. Lisa Beardsley. <\/p>\n<p>Dr. Merlene Ogden a indiqu\u00e9 qu&#39;au cours de leurs visites, la d\u00e9l\u00e9gation a \u00e9t\u00e9 impressionn\u00e9e par ce qu&#39;elle a observ\u00e9 dans chacun de ces sites.  \u00ab\u00a0Le contenu et la qualit\u00e9 de l&#39;enseignement sont identiques\u00a0\u00bb  C&#39;est important de noter que ceci repr\u00e9sente un crit\u00e8re d&#39;accr\u00e9ditation en vue de s&#39;assurer que les programmes offerts aux extensions maintiennent le m\u00eame standard acad\u00e9mique que les programmes r\u00e9guliers du campus. <\/p>\n<p>Un autre important standard qui a aussi \u00e9t\u00e9 soulign\u00e9 par le AAA c&#39;est le maintien des id\u00e9aux de l&#39;\u00e9glise Adventiste du Septi\u00e8me jour.  Le fait d&#39;avoir des membres de facult\u00e9s Adventistes, bien entra\u00een\u00e9s, rev\u00eat une grande importance quand on veut \u00eatre accr\u00e9dit\u00e9 en tant qu&#39;institution d&#39;Education Adventiste du Septi\u00e8me du jour.  La d\u00e9l\u00e9gation a rapport\u00e9 que les \u00e9tudiants rencontr\u00e9s ont exprim\u00e9 leur appr\u00e9ciation pour les services de pri\u00e8re et de d\u00e9votions int\u00e9gr\u00e9s \u00e0 leur programme d&#39;apprentissage, ainsi que l&#39;int\u00e9r\u00eat personnel des membres de la facult\u00e9 pour chaque \u00e9tudiant. <\/p>\n<p>Les \u00e9tudiants qui suivent des cours dans les campus des extensions de NCU sont pour la plupart des adultes qui travaillent, avec des obligations de travail et de famille.  Dr. Beardsley a signal\u00e9 que tous les \u00e9tudiants rencontr\u00e9s par la d\u00e9l\u00e9gation payaient personnellement pour leur exp\u00e9rience \u00e0 NCU, sans aucune aide.  Dr. Beardsley et Dr. Ogden ont avanc\u00e9 que, compte tenu d&#39;une pareille consid\u00e9ration, il est par cons\u00e9quent n\u00e9cessaire que ces gens re\u00e7oivent une aide mon\u00e9taire. <\/p>\n<p>A la fin des entrevues effectu\u00e9es avec les repr\u00e9sentants de l&#39;administration de l&#39;Universit\u00e9, la d\u00e9l\u00e9gation a f\u00e9licit\u00e9 l&#39;institution pour la bonne marche g\u00e9n\u00e9rale des programmes d&#39;extension, et a fait des recommandations sur la mani\u00e8re de renforcer ces programmes dans l&#39;avenir en vue d&#39;assurer la qualit\u00e9 de l&#39;Education Adventistes du Septi\u00e8me jour.  La d\u00e9l\u00e9gation en visite a inform\u00e9 les dirigeants de l&#39;universit\u00e9 que, par suite de sa r\u00e9vision des programmes assur\u00e9s dans ces sites, des rencontres organis\u00e9es et des observations faites au cours de cette visite, qu&#39;elle recommanderait au Comit\u00e9 de l&#39;Association d&#39;Accr\u00e9ditation Adventiste qui se r\u00e9unit en avril 2007, que soient accr\u00e9dit\u00e9s ces programmes. <\/p>\n<p>Northern Caribbean Univesity a d\u00e9but\u00e9 les programmes d&#39;extension et ceux organis\u00e9s en dehors de son campus en 1998.  Il offre les programmes de Licence et de Bachelier \u00e0 ses quatre sites d&#39;extension.  Trente-Deux pour cent (1.800) du total des inscrits (5.600) sont enr\u00f4l\u00e9s ces programmes.     <\/p>\n","protected":false},"excerpt":{"rendered":"<p>Du 29 janvier au 1er f\u00e9vrier, l&#39;Association d&#39;Accr\u00e9ditation Adventiste (AAA) a effect\u00e9 une visite de mise \u00e0 jour au Northern Caribbean University en vue de r\u00e9\u00e9valuer les possibilit\u00e9s et les infras<\/p>\n","protected":false},"author":1,"featured_media":0,"comment_status":"closed","ping_status":"closed","sticky":false,"template":"","format":"standard","meta":{"_acf_changed":false,"footnotes":""},"categories":[9],"tags":[],"class_list":["post-12682","post","type-post","status-publish","format-standard","hentry","category-archive-fr"],"acf":[],"yoast_head":"<!-- This site is optimized with the Yoast SEO plugin v27.3 - https:\/\/yoast.com\/product\/yoast-seo-wordpress\/ -->\n<title>Jama\u00efque: L&#039;Association d&#039;Accr\u00e9ditation Adventiste Visite NCU - \u00c9glise Adventiste Du Septieme Jour - Inter Am\u00e9rique Division<\/title>\n<meta name=\"robots\" content=\"index, follow, max-snippet:-1, max-image-preview:large, max-video-preview:-1\" \/>\n<link rel=\"canonical\" href=\"https:\/\/interamerica.org\/fr\/2007\/02\/jamaique-lassociation-daccreditation-adventiste-visite-ncu\/\" \/>\n<meta property=\"og:locale\" content=\"fr_FR\" \/>\n<meta property=\"og:type\" content=\"article\" \/>\n<meta property=\"og:title\" content=\"Jama\u00efque: L&#039;Association d&#039;Accr\u00e9ditation Adventiste Visite NCU - \u00c9glise Adventiste Du Septieme Jour - Inter Am\u00e9rique Division\" \/>\n<meta property=\"og:description\" content=\"Du 29 janvier au 1er f\u00e9vrier, l&#039;Association d&#039;Accr\u00e9ditation Adventiste (AAA) a effect\u00e9 une visite de mise \u00e0 jour au Northern Caribbean University en vue de r\u00e9\u00e9valuer les possibilit\u00e9s et les infras\" \/>\n<meta property=\"og:url\" content=\"https:\/\/interamerica.org\/fr\/2007\/02\/jamaique-lassociation-daccreditation-adventiste-visite-ncu\/\" \/>\n<meta property=\"og:site_name\" content=\"\u00c9glise Adventiste Du Septieme Jour - Inter Am\u00e9rique Division\" \/>\n<meta property=\"article:published_time\" content=\"2007-02-11T04:00:00+00:00\" \/>\n<meta property=\"article:modified_time\" content=\"2017-06-02T17:15:00+00:00\" \/>\n<meta name=\"author\" content=\"Lorenzo Verduzco\" \/>\n<meta name=\"twitter:card\" content=\"summary_large_image\" \/>\n<meta name=\"twitter:label1\" content=\"\u00c9crit par\" \/>\n\t<meta name=\"twitter:data1\" content=\"Lorenzo Verduzco\" \/>\n\t<meta name=\"twitter:label2\" content=\"Dur\u00e9e de lecture estim\u00e9e\" \/>\n\t<meta name=\"twitter:data2\" content=\"5 minutes\" \/>\n<script type=\"application\/ld+json\" class=\"yoast-schema-graph\">{\"@context\":\"https:\\\/\\\/schema.org\",\"@graph\":[{\"@type\":\"Article\",\"@id\":\"https:\\\/\\\/interamerica.org\\\/fr\\\/2007\\\/02\\\/jamaique-lassociation-daccreditation-adventiste-visite-ncu\\\/#article\",\"isPartOf\":{\"@id\":\"https:\\\/\\\/interamerica.org\\\/fr\\\/2007\\\/02\\\/jamaique-lassociation-daccreditation-adventiste-visite-ncu\\\/\"},\"author\":{\"name\":\"Lorenzo Verduzco\",\"@id\":\"https:\\\/\\\/interamerica.org\\\/fr\\\/#\\\/schema\\\/person\\\/68ede8bdc292885bb76c1e3810e73c39\"},\"headline\":\"Jama\u00efque: L&#39;Association d&#39;Accr\u00e9ditation Adventiste Visite NCU\",\"datePublished\":\"2007-02-11T04:00:00+00:00\",\"dateModified\":\"2017-06-02T17:15:00+00:00\",\"mainEntityOfPage\":{\"@id\":\"https:\\\/\\\/interamerica.org\\\/fr\\\/2007\\\/02\\\/jamaique-lassociation-daccreditation-adventiste-visite-ncu\\\/\"},\"wordCount\":951,\"articleSection\":[\"Archive\"],\"inLanguage\":\"fr-FR\"},{\"@type\":\"WebPage\",\"@id\":\"https:\\\/\\\/interamerica.org\\\/fr\\\/2007\\\/02\\\/jamaique-lassociation-daccreditation-adventiste-visite-ncu\\\/\",\"url\":\"https:\\\/\\\/interamerica.org\\\/fr\\\/2007\\\/02\\\/jamaique-lassociation-daccreditation-adventiste-visite-ncu\\\/\",\"name\":\"Jama\u00efque: L&#39;Association d&#39;Accr\u00e9ditation Adventiste Visite NCU - \u00c9glise Adventiste Du Septieme Jour - Inter Am\u00e9rique Division\",\"isPartOf\":{\"@id\":\"https:\\\/\\\/interamerica.org\\\/fr\\\/#website\"},\"datePublished\":\"2007-02-11T04:00:00+00:00\",\"dateModified\":\"2017-06-02T17:15:00+00:00\",\"author\":{\"@id\":\"https:\\\/\\\/interamerica.org\\\/fr\\\/#\\\/schema\\\/person\\\/68ede8bdc292885bb76c1e3810e73c39\"},\"breadcrumb\":{\"@id\":\"https:\\\/\\\/interamerica.org\\\/fr\\\/2007\\\/02\\\/jamaique-lassociation-daccreditation-adventiste-visite-ncu\\\/#breadcrumb\"},\"inLanguage\":\"fr-FR\",\"potentialAction\":[{\"@type\":\"ReadAction\",\"target\":[\"https:\\\/\\\/interamerica.org\\\/fr\\\/2007\\\/02\\\/jamaique-lassociation-daccreditation-adventiste-visite-ncu\\\/\"]}]},{\"@type\":\"BreadcrumbList\",\"@id\":\"https:\\\/\\\/interamerica.org\\\/fr\\\/2007\\\/02\\\/jamaique-lassociation-daccreditation-adventiste-visite-ncu\\\/#breadcrumb\",\"itemListElement\":[{\"@type\":\"ListItem\",\"position\":1,\"name\":\"Home\",\"item\":\"https:\\\/\\\/interamerica.org\\\/fr\\\/\"},{\"@type\":\"ListItem\",\"position\":2,\"name\":\"Jama\u00efque: L&#39;Association d&#39;Accr\u00e9ditation Adventiste Visite NCU\"}]},{\"@type\":\"WebSite\",\"@id\":\"https:\\\/\\\/interamerica.org\\\/fr\\\/#website\",\"url\":\"https:\\\/\\\/interamerica.org\\\/fr\\\/\",\"name\":\"\u00c9glise Adventiste Du Septieme Jour - Inter Am\u00e9rique Division\",\"description\":\"\",\"potentialAction\":[{\"@type\":\"SearchAction\",\"target\":{\"@type\":\"EntryPoint\",\"urlTemplate\":\"https:\\\/\\\/interamerica.org\\\/fr\\\/?s={search_term_string}\"},\"query-input\":{\"@type\":\"PropertyValueSpecification\",\"valueRequired\":true,\"valueName\":\"search_term_string\"}}],\"inLanguage\":\"fr-FR\"},{\"@type\":\"Person\",\"@id\":\"https:\\\/\\\/interamerica.org\\\/fr\\\/#\\\/schema\\\/person\\\/68ede8bdc292885bb76c1e3810e73c39\",\"name\":\"Lorenzo Verduzco\",\"image\":{\"@type\":\"ImageObject\",\"inLanguage\":\"fr-FR\",\"@id\":\"https:\\\/\\\/secure.gravatar.com\\\/avatar\\\/fb81a55b6218459490a9c1dc841a34909185b81904c5337b4b27f7a6fd60c49e?s=96&d=mm&r=g\",\"url\":\"https:\\\/\\\/secure.gravatar.com\\\/avatar\\\/fb81a55b6218459490a9c1dc841a34909185b81904c5337b4b27f7a6fd60c49e?s=96&d=mm&r=g\",\"contentUrl\":\"https:\\\/\\\/secure.gravatar.com\\\/avatar\\\/fb81a55b6218459490a9c1dc841a34909185b81904c5337b4b27f7a6fd60c49e?s=96&d=mm&r=g\",\"caption\":\"Lorenzo Verduzco\"}}]}<\/script>\n<!-- \/ Yoast SEO plugin. -->","yoast_head_json":{"title":"Jama\u00efque: L&#39;Association d&#39;Accr\u00e9ditation Adventiste Visite NCU - \u00c9glise Adventiste Du Septieme Jour - Inter Am\u00e9rique Division","robots":{"index":"index","follow":"follow","max-snippet":"max-snippet:-1","max-image-preview":"max-image-preview:large","max-video-preview":"max-video-preview:-1"},"canonical":"https:\/\/interamerica.org\/fr\/2007\/02\/jamaique-lassociation-daccreditation-adventiste-visite-ncu\/","og_locale":"fr_FR","og_type":"article","og_title":"Jama\u00efque: L&#39;Association d&#39;Accr\u00e9ditation Adventiste Visite NCU - \u00c9glise Adventiste Du Septieme Jour - Inter Am\u00e9rique Division","og_description":"Du 29 janvier au 1er f\u00e9vrier, l&#39;Association d&#39;Accr\u00e9ditation Adventiste (AAA) a effect\u00e9 une visite de mise \u00e0 jour au Northern Caribbean University en vue de r\u00e9\u00e9valuer les possibilit\u00e9s et les infras","og_url":"https:\/\/interamerica.org\/fr\/2007\/02\/jamaique-lassociation-daccreditation-adventiste-visite-ncu\/","og_site_name":"\u00c9glise Adventiste Du Septieme Jour - Inter Am\u00e9rique Division","article_published_time":"2007-02-11T04:00:00+00:00","article_modified_time":"2017-06-02T17:15:00+00:00","author":"Lorenzo Verduzco","twitter_card":"summary_large_image","twitter_misc":{"\u00c9crit par":"Lorenzo Verduzco","Dur\u00e9e de lecture estim\u00e9e":"5 minutes"},"schema":{"@context":"https:\/\/schema.org","@graph":[{"@type":"Article","@id":"https:\/\/interamerica.org\/fr\/2007\/02\/jamaique-lassociation-daccreditation-adventiste-visite-ncu\/#article","isPartOf":{"@id":"https:\/\/interamerica.org\/fr\/2007\/02\/jamaique-lassociation-daccreditation-adventiste-visite-ncu\/"},"author":{"name":"Lorenzo Verduzco","@id":"https:\/\/interamerica.org\/fr\/#\/schema\/person\/68ede8bdc292885bb76c1e3810e73c39"},"headline":"Jama\u00efque: L&#39;Association d&#39;Accr\u00e9ditation Adventiste Visite NCU","datePublished":"2007-02-11T04:00:00+00:00","dateModified":"2017-06-02T17:15:00+00:00","mainEntityOfPage":{"@id":"https:\/\/interamerica.org\/fr\/2007\/02\/jamaique-lassociation-daccreditation-adventiste-visite-ncu\/"},"wordCount":951,"articleSection":["Archive"],"inLanguage":"fr-FR"},{"@type":"WebPage","@id":"https:\/\/interamerica.org\/fr\/2007\/02\/jamaique-lassociation-daccreditation-adventiste-visite-ncu\/","url":"https:\/\/interamerica.org\/fr\/2007\/02\/jamaique-lassociation-daccreditation-adventiste-visite-ncu\/","name":"Jama\u00efque: L&#39;Association d&#39;Accr\u00e9ditation Adventiste Visite NCU - \u00c9glise Adventiste Du Septieme Jour - Inter Am\u00e9rique Division","isPartOf":{"@id":"https:\/\/interamerica.org\/fr\/#website"},"datePublished":"2007-02-11T04:00:00+00:00","dateModified":"2017-06-02T17:15:00+00:00","author":{"@id":"https:\/\/interamerica.org\/fr\/#\/schema\/person\/68ede8bdc292885bb76c1e3810e73c39"},"breadcrumb":{"@id":"https:\/\/interamerica.org\/fr\/2007\/02\/jamaique-lassociation-daccreditation-adventiste-visite-ncu\/#breadcrumb"},"inLanguage":"fr-FR","potentialAction":[{"@type":"ReadAction","target":["https:\/\/interamerica.org\/fr\/2007\/02\/jamaique-lassociation-daccreditation-adventiste-visite-ncu\/"]}]},{"@type":"BreadcrumbList","@id":"https:\/\/interamerica.org\/fr\/2007\/02\/jamaique-lassociation-daccreditation-adventiste-visite-ncu\/#breadcrumb","itemListElement":[{"@type":"ListItem","position":1,"name":"Home","item":"https:\/\/interamerica.org\/fr\/"},{"@type":"ListItem","position":2,"name":"Jama\u00efque: L&#39;Association d&#39;Accr\u00e9ditation Adventiste Visite NCU"}]},{"@type":"WebSite","@id":"https:\/\/interamerica.org\/fr\/#website","url":"https:\/\/interamerica.org\/fr\/","name":"\u00c9glise Adventiste Du Septieme Jour - Inter Am\u00e9rique Division","description":"","potentialAction":[{"@type":"SearchAction","target":{"@type":"EntryPoint","urlTemplate":"https:\/\/interamerica.org\/fr\/?s={search_term_string}"},"query-input":{"@type":"PropertyValueSpecification","valueRequired":true,"valueName":"search_term_string"}}],"inLanguage":"fr-FR"},{"@type":"Person","@id":"https:\/\/interamerica.org\/fr\/#\/schema\/person\/68ede8bdc292885bb76c1e3810e73c39","name":"Lorenzo Verduzco","image":{"@type":"ImageObject","inLanguage":"fr-FR","@id":"https:\/\/secure.gravatar.com\/avatar\/fb81a55b6218459490a9c1dc841a34909185b81904c5337b4b27f7a6fd60c49e?s=96&d=mm&r=g","url":"https:\/\/secure.gravatar.com\/avatar\/fb81a55b6218459490a9c1dc841a34909185b81904c5337b4b27f7a6fd60c49e?s=96&d=mm&r=g","contentUrl":"https:\/\/secure.gravatar.com\/avatar\/fb81a55b6218459490a9c1dc841a34909185b81904c5337b4b27f7a6fd60c49e?s=96&d=mm&r=g","caption":"Lorenzo Verduzco"}}]}},"_links":{"self":[{"href":"https:\/\/interamerica.org\/fr\/wp-json\/wp\/v2\/posts\/12682","targetHints":{"allow":["GET"]}}],"collection":[{"href":"https:\/\/interamerica.org\/fr\/wp-json\/wp\/v2\/posts"}],"about":[{"href":"https:\/\/interamerica.org\/fr\/wp-json\/wp\/v2\/types\/post"}],"author":[{"embeddable":true,"href":"https:\/\/interamerica.org\/fr\/wp-json\/wp\/v2\/users\/1"}],"replies":[{"embeddable":true,"href":"https:\/\/interamerica.org\/fr\/wp-json\/wp\/v2\/comments?post=12682"}],"version-history":[{"count":0,"href":"https:\/\/interamerica.org\/fr\/wp-json\/wp\/v2\/posts\/12682\/revisions"}],"wp:attachment":[{"href":"https:\/\/interamerica.org\/fr\/wp-json\/wp\/v2\/media?parent=12682"}],"wp:term":[{"taxonomy":"category","embeddable":true,"href":"https:\/\/interamerica.org\/fr\/wp-json\/wp\/v2\/categories?post=12682"},{"taxonomy":"post_tag","embeddable":true,"href":"https:\/\/interamerica.org\/fr\/wp-json\/wp\/v2\/tags?post=12682"}],"curies":[{"name":"wp","href":"https:\/\/api.w.org\/{rel}","templated":true}]}}