{"id":12685,"date":"2007-02-22T00:00:00","date_gmt":"2007-02-22T04:00:00","guid":{"rendered":"http:\/\/192.81.217.108\/interamerica\/2007\/02\/mexique-le-responsable-de-la-compagnie-adventiste-daliments-naturels-assassine-a-ete-enterre-au-panama\/"},"modified":"2017-06-02T13:14:54","modified_gmt":"2017-06-02T17:14:54","slug":"mexique-le-responsable-de-la-compagnie-adventiste-daliments-naturels-assassine-a-ete-enterre-au-panama","status":"publish","type":"post","link":"https:\/\/interamerica.org\/fr\/2007\/02\/mexique-le-responsable-de-la-compagnie-adventiste-daliments-naturels-assassine-a-ete-enterre-au-panama\/","title":{"rendered":"Mexique : le Responsable de la Compagnie Adventiste d&#39;Aliments Naturels Assassin\u00e9, a \u00e9t\u00e9 Enterr\u00e9 au Panama"},"content":{"rendered":"<\/p>\n<p><em >22 f\u00e9vrier 2007<\/em > Navojoa, Sonora, Mexique&#8230; [Libna Stevens\/IAD] <\/p>\n<p> La famille et les amis ont rendu leurs derniers hommages \u00e0 Jo\u00ebl Amilcar Hernandez, qui a \u00e9t\u00e9 enterr\u00e9 hier, \u00e0 Panama, son pays d&#39;origine. Hernandez, qui \u00e9tait le directeur de la Branche de la Compagnie d&#39;Aliments naturels interam\u00e9ricaine \u00e0 Navojoa, Mexique, a \u00e9t\u00e9 abattu \u00e0 l&#39;int\u00e9rieur de sa maison sur le campus de l&#39;\u00e9cole Adventiste du Septi\u00e8me jour \u00e0 Navojoa le 15 f\u00e9vrier. La police recherche toujours les tireurs qui n&#39;ont pas encore \u00e9t\u00e9 identifi\u00e9s. Les coll\u00e8gues d&#39;Hernandez et le personnel sont toujours sous le choc. <\/p>\n<p>\u00ab\u00a0Ceux d&#39;entre nous qui connaissions Mr. Amilcar, savons que l&#39;\u00c9glise a perdu un grand dirigeant, mais seulement Dieu conna\u00eet la voie \u00e0 travers laquelle Il nous m\u00e8ne &#8230; Continuons \u00e0 Lui faire confiance,\u00a0\u00bb a dit Genaro Corral, Directeur du marketing de Colpac. <\/p>\n<p>Les dirigeants d&#39;\u00e9glise se sont joints \u00e0 plus de 300 amis et coll\u00e8gues pour rendre hommage \u00e0 Hernandez pendant un service comm\u00e9moratif sp\u00e9cial, le 16 f\u00e9vrier en l&#39;\u00e9glise du campus scolaire. <\/p>\n<p>Cet incident vient comme un choc pour la Compagnie d&#39;Aliments naturels de la IAD et pour ses 11 succursales \u00e0 travers le territoire, dit Jo\u00ebl Zukovski, directeur de la Compagnie d&#39;Aliments naturels de la IAD. <\/p>\n<p>\u00ab\u00a0Nous ignorons les raisons qui peuvent avoir caus\u00e9 cet incident tragique,\u00a0\u00bb a dit Zukovski. <\/p>\n<p>\u00ab\u00a0Nous n&#39;avons aucune r\u00e9ponse au pourquoi c&#39;est arriv\u00e9.\u00a0\u00bb <\/p>\n<p>Zukovski dit qu&#39;il craint que Hernandez ait \u00e9t\u00e9 juste une victime innocente de la violence qui existe aujourd&#39;hui. <\/p>\n<p>\u00ab\u00a0Nous attendons toujours un rapport officiel de la police locale d\u00e8s qu&#39;ils auront termin\u00e9 leur enqu\u00eate,\u00a0\u00bb a-t-il dit. <\/p>\n<p>Zukovski ajoute que du personnel de s\u00e9curit\u00e9 suppl\u00e9mentaire a \u00e9t\u00e9 ajout\u00e9 aux Aliments Colpac et sur le campus du coll\u00e8ge. <\/p>\n<p>Hernandez avait \u00e9t\u00e9 nomm\u00e9 comme directeur des Aliments Colpac en 2001. Selon Zukovski, la Compagnie a connu une croissance gigantesque sous l&#39;administration d&#39;Hernandez. <\/p>\n<p>\u00ab\u00a0Amilcar a fait un travail formidable \u00e0 la direction de l&#39;usine d&#39;aliments, en cr\u00e9ant un service de marketing, en faisant progresser les ventes, en \u00e9tablissant une structure pour pr\u00e9parer des repas \u00e0 travers le Mexique, a \u00e9tabli quatre lieux d&#39;entreposage \u00e0 un niveau national et il dirigeait les finances de Colpac tr\u00e8s bien,\u00a0\u00bb a continu\u00e9 Zukovski. <\/p>\n<p>\u00ab\u00a0Il \u00e9tait une personne de vision et croyait fort dans le travail en \u00e9quipe,\u00a0\u00bb a-t-il ajout\u00e9. Avant de diriger la Compagnie d&#39;Aliments de Colpac, Hernandez avait travaill\u00e9 comme comptable et directeur de la Compagnie d&#39;Aliments Cetebedi  \u00e0 Costa Rica pendant 15 ans. Il a obtenu une ma\u00eetrise en Gestion des Entreprises en 1995. <\/p>\n<p>Hernandez est surv\u00e9cu par sa femme, Ruth et trois fils \u00e2g\u00e9s de sept \u00e0 14 ans. Il avait 43 ans. <\/p>\n","protected":false},"excerpt":{"rendered":"<p>La famille et les amis ont rendu leurs derniers hommages \u00e0 Jo\u00ebl Amilcar Hernandez, qui a \u00e9t\u00e9 enterr\u00e9 hier, \u00e0 Panama, son pays d&#39;origine. Hernandez, qui \u00e9tait le directeur de la Branche de la Compagnie d<\/p>\n","protected":false},"author":1,"featured_media":0,"comment_status":"closed","ping_status":"closed","sticky":false,"template":"","format":"standard","meta":{"_acf_changed":false,"footnotes":""},"categories":[9],"tags":[],"class_list":["post-12685","post","type-post","status-publish","format-standard","hentry","category-archive-fr"],"acf":[],"yoast_head":"<!-- This site is optimized with the Yoast SEO plugin v27.3 - https:\/\/yoast.com\/product\/yoast-seo-wordpress\/ -->\n<title>Mexique : le Responsable de la Compagnie Adventiste d&#039;Aliments Naturels Assassin\u00e9, a \u00e9t\u00e9 Enterr\u00e9 au Panama - \u00c9glise Adventiste Du Septieme Jour - Inter Am\u00e9rique Division<\/title>\n<meta name=\"robots\" content=\"index, follow, max-snippet:-1, max-image-preview:large, max-video-preview:-1\" \/>\n<link rel=\"canonical\" href=\"https:\/\/interamerica.org\/fr\/2007\/02\/mexique-le-responsable-de-la-compagnie-adventiste-daliments-naturels-assassine-a-ete-enterre-au-panama\/\" \/>\n<meta property=\"og:locale\" content=\"fr_FR\" \/>\n<meta property=\"og:type\" content=\"article\" \/>\n<meta property=\"og:title\" content=\"Mexique : le Responsable de la Compagnie Adventiste d&#039;Aliments Naturels Assassin\u00e9, a \u00e9t\u00e9 Enterr\u00e9 au Panama - \u00c9glise Adventiste Du Septieme Jour - Inter Am\u00e9rique Division\" \/>\n<meta property=\"og:description\" content=\"La famille et les amis ont rendu leurs derniers hommages \u00e0 Jo\u00ebl Amilcar Hernandez, qui a \u00e9t\u00e9 enterr\u00e9 hier, \u00e0 Panama, son pays d&#039;origine. Hernandez, qui \u00e9tait le directeur de la Branche de la Compagnie d\" \/>\n<meta property=\"og:url\" content=\"https:\/\/interamerica.org\/fr\/2007\/02\/mexique-le-responsable-de-la-compagnie-adventiste-daliments-naturels-assassine-a-ete-enterre-au-panama\/\" \/>\n<meta property=\"og:site_name\" content=\"\u00c9glise Adventiste Du Septieme Jour - Inter Am\u00e9rique Division\" \/>\n<meta property=\"article:published_time\" content=\"2007-02-22T04:00:00+00:00\" \/>\n<meta property=\"article:modified_time\" content=\"2017-06-02T17:14:54+00:00\" \/>\n<meta name=\"author\" content=\"Lorenzo Verduzco\" \/>\n<meta name=\"twitter:card\" content=\"summary_large_image\" \/>\n<meta name=\"twitter:label1\" content=\"\u00c9crit par\" \/>\n\t<meta name=\"twitter:data1\" content=\"Lorenzo Verduzco\" \/>\n\t<meta name=\"twitter:label2\" content=\"Dur\u00e9e de lecture estim\u00e9e\" \/>\n\t<meta name=\"twitter:data2\" content=\"2 minutes\" \/>\n<script type=\"application\/ld+json\" class=\"yoast-schema-graph\">{\"@context\":\"https:\\\/\\\/schema.org\",\"@graph\":[{\"@type\":\"Article\",\"@id\":\"https:\\\/\\\/interamerica.org\\\/fr\\\/2007\\\/02\\\/mexique-le-responsable-de-la-compagnie-adventiste-daliments-naturels-assassine-a-ete-enterre-au-panama\\\/#article\",\"isPartOf\":{\"@id\":\"https:\\\/\\\/interamerica.org\\\/fr\\\/2007\\\/02\\\/mexique-le-responsable-de-la-compagnie-adventiste-daliments-naturels-assassine-a-ete-enterre-au-panama\\\/\"},\"author\":{\"name\":\"Lorenzo Verduzco\",\"@id\":\"https:\\\/\\\/interamerica.org\\\/fr\\\/#\\\/schema\\\/person\\\/68ede8bdc292885bb76c1e3810e73c39\"},\"headline\":\"Mexique : le Responsable de la Compagnie Adventiste d&#39;Aliments Naturels Assassin\u00e9, a \u00e9t\u00e9 Enterr\u00e9 au Panama\",\"datePublished\":\"2007-02-22T04:00:00+00:00\",\"dateModified\":\"2017-06-02T17:14:54+00:00\",\"mainEntityOfPage\":{\"@id\":\"https:\\\/\\\/interamerica.org\\\/fr\\\/2007\\\/02\\\/mexique-le-responsable-de-la-compagnie-adventiste-daliments-naturels-assassine-a-ete-enterre-au-panama\\\/\"},\"wordCount\":473,\"articleSection\":[\"Archive\"],\"inLanguage\":\"fr-FR\"},{\"@type\":\"WebPage\",\"@id\":\"https:\\\/\\\/interamerica.org\\\/fr\\\/2007\\\/02\\\/mexique-le-responsable-de-la-compagnie-adventiste-daliments-naturels-assassine-a-ete-enterre-au-panama\\\/\",\"url\":\"https:\\\/\\\/interamerica.org\\\/fr\\\/2007\\\/02\\\/mexique-le-responsable-de-la-compagnie-adventiste-daliments-naturels-assassine-a-ete-enterre-au-panama\\\/\",\"name\":\"Mexique : le Responsable de la Compagnie Adventiste d&#39;Aliments Naturels Assassin\u00e9, a \u00e9t\u00e9 Enterr\u00e9 au Panama - \u00c9glise Adventiste Du Septieme Jour - Inter Am\u00e9rique Division\",\"isPartOf\":{\"@id\":\"https:\\\/\\\/interamerica.org\\\/fr\\\/#website\"},\"datePublished\":\"2007-02-22T04:00:00+00:00\",\"dateModified\":\"2017-06-02T17:14:54+00:00\",\"author\":{\"@id\":\"https:\\\/\\\/interamerica.org\\\/fr\\\/#\\\/schema\\\/person\\\/68ede8bdc292885bb76c1e3810e73c39\"},\"breadcrumb\":{\"@id\":\"https:\\\/\\\/interamerica.org\\\/fr\\\/2007\\\/02\\\/mexique-le-responsable-de-la-compagnie-adventiste-daliments-naturels-assassine-a-ete-enterre-au-panama\\\/#breadcrumb\"},\"inLanguage\":\"fr-FR\",\"potentialAction\":[{\"@type\":\"ReadAction\",\"target\":[\"https:\\\/\\\/interamerica.org\\\/fr\\\/2007\\\/02\\\/mexique-le-responsable-de-la-compagnie-adventiste-daliments-naturels-assassine-a-ete-enterre-au-panama\\\/\"]}]},{\"@type\":\"BreadcrumbList\",\"@id\":\"https:\\\/\\\/interamerica.org\\\/fr\\\/2007\\\/02\\\/mexique-le-responsable-de-la-compagnie-adventiste-daliments-naturels-assassine-a-ete-enterre-au-panama\\\/#breadcrumb\",\"itemListElement\":[{\"@type\":\"ListItem\",\"position\":1,\"name\":\"Home\",\"item\":\"https:\\\/\\\/interamerica.org\\\/fr\\\/\"},{\"@type\":\"ListItem\",\"position\":2,\"name\":\"Mexique : le Responsable de la Compagnie Adventiste d&#39;Aliments Naturels Assassin\u00e9, a \u00e9t\u00e9 Enterr\u00e9 au Panama\"}]},{\"@type\":\"WebSite\",\"@id\":\"https:\\\/\\\/interamerica.org\\\/fr\\\/#website\",\"url\":\"https:\\\/\\\/interamerica.org\\\/fr\\\/\",\"name\":\"\u00c9glise Adventiste Du Septieme Jour - Inter Am\u00e9rique Division\",\"description\":\"\",\"potentialAction\":[{\"@type\":\"SearchAction\",\"target\":{\"@type\":\"EntryPoint\",\"urlTemplate\":\"https:\\\/\\\/interamerica.org\\\/fr\\\/?s={search_term_string}\"},\"query-input\":{\"@type\":\"PropertyValueSpecification\",\"valueRequired\":true,\"valueName\":\"search_term_string\"}}],\"inLanguage\":\"fr-FR\"},{\"@type\":\"Person\",\"@id\":\"https:\\\/\\\/interamerica.org\\\/fr\\\/#\\\/schema\\\/person\\\/68ede8bdc292885bb76c1e3810e73c39\",\"name\":\"Lorenzo Verduzco\",\"image\":{\"@type\":\"ImageObject\",\"inLanguage\":\"fr-FR\",\"@id\":\"https:\\\/\\\/secure.gravatar.com\\\/avatar\\\/fb81a55b6218459490a9c1dc841a34909185b81904c5337b4b27f7a6fd60c49e?s=96&d=mm&r=g\",\"url\":\"https:\\\/\\\/secure.gravatar.com\\\/avatar\\\/fb81a55b6218459490a9c1dc841a34909185b81904c5337b4b27f7a6fd60c49e?s=96&d=mm&r=g\",\"contentUrl\":\"https:\\\/\\\/secure.gravatar.com\\\/avatar\\\/fb81a55b6218459490a9c1dc841a34909185b81904c5337b4b27f7a6fd60c49e?s=96&d=mm&r=g\",\"caption\":\"Lorenzo Verduzco\"}}]}<\/script>\n<!-- \/ Yoast SEO plugin. -->","yoast_head_json":{"title":"Mexique : le Responsable de la Compagnie Adventiste d&#39;Aliments Naturels Assassin\u00e9, a \u00e9t\u00e9 Enterr\u00e9 au Panama - \u00c9glise Adventiste Du Septieme Jour - Inter Am\u00e9rique Division","robots":{"index":"index","follow":"follow","max-snippet":"max-snippet:-1","max-image-preview":"max-image-preview:large","max-video-preview":"max-video-preview:-1"},"canonical":"https:\/\/interamerica.org\/fr\/2007\/02\/mexique-le-responsable-de-la-compagnie-adventiste-daliments-naturels-assassine-a-ete-enterre-au-panama\/","og_locale":"fr_FR","og_type":"article","og_title":"Mexique : le Responsable de la Compagnie Adventiste d&#39;Aliments Naturels Assassin\u00e9, a \u00e9t\u00e9 Enterr\u00e9 au Panama - \u00c9glise Adventiste Du Septieme Jour - Inter Am\u00e9rique Division","og_description":"La famille et les amis ont rendu leurs derniers hommages \u00e0 Jo\u00ebl Amilcar Hernandez, qui a \u00e9t\u00e9 enterr\u00e9 hier, \u00e0 Panama, son pays d&#39;origine. Hernandez, qui \u00e9tait le directeur de la Branche de la Compagnie d","og_url":"https:\/\/interamerica.org\/fr\/2007\/02\/mexique-le-responsable-de-la-compagnie-adventiste-daliments-naturels-assassine-a-ete-enterre-au-panama\/","og_site_name":"\u00c9glise Adventiste Du Septieme Jour - Inter Am\u00e9rique Division","article_published_time":"2007-02-22T04:00:00+00:00","article_modified_time":"2017-06-02T17:14:54+00:00","author":"Lorenzo Verduzco","twitter_card":"summary_large_image","twitter_misc":{"\u00c9crit par":"Lorenzo Verduzco","Dur\u00e9e de lecture estim\u00e9e":"2 minutes"},"schema":{"@context":"https:\/\/schema.org","@graph":[{"@type":"Article","@id":"https:\/\/interamerica.org\/fr\/2007\/02\/mexique-le-responsable-de-la-compagnie-adventiste-daliments-naturels-assassine-a-ete-enterre-au-panama\/#article","isPartOf":{"@id":"https:\/\/interamerica.org\/fr\/2007\/02\/mexique-le-responsable-de-la-compagnie-adventiste-daliments-naturels-assassine-a-ete-enterre-au-panama\/"},"author":{"name":"Lorenzo Verduzco","@id":"https:\/\/interamerica.org\/fr\/#\/schema\/person\/68ede8bdc292885bb76c1e3810e73c39"},"headline":"Mexique : le Responsable de la Compagnie Adventiste d&#39;Aliments Naturels Assassin\u00e9, a \u00e9t\u00e9 Enterr\u00e9 au Panama","datePublished":"2007-02-22T04:00:00+00:00","dateModified":"2017-06-02T17:14:54+00:00","mainEntityOfPage":{"@id":"https:\/\/interamerica.org\/fr\/2007\/02\/mexique-le-responsable-de-la-compagnie-adventiste-daliments-naturels-assassine-a-ete-enterre-au-panama\/"},"wordCount":473,"articleSection":["Archive"],"inLanguage":"fr-FR"},{"@type":"WebPage","@id":"https:\/\/interamerica.org\/fr\/2007\/02\/mexique-le-responsable-de-la-compagnie-adventiste-daliments-naturels-assassine-a-ete-enterre-au-panama\/","url":"https:\/\/interamerica.org\/fr\/2007\/02\/mexique-le-responsable-de-la-compagnie-adventiste-daliments-naturels-assassine-a-ete-enterre-au-panama\/","name":"Mexique : le Responsable de la Compagnie Adventiste d&#39;Aliments Naturels Assassin\u00e9, a \u00e9t\u00e9 Enterr\u00e9 au Panama - \u00c9glise Adventiste Du Septieme Jour - Inter Am\u00e9rique Division","isPartOf":{"@id":"https:\/\/interamerica.org\/fr\/#website"},"datePublished":"2007-02-22T04:00:00+00:00","dateModified":"2017-06-02T17:14:54+00:00","author":{"@id":"https:\/\/interamerica.org\/fr\/#\/schema\/person\/68ede8bdc292885bb76c1e3810e73c39"},"breadcrumb":{"@id":"https:\/\/interamerica.org\/fr\/2007\/02\/mexique-le-responsable-de-la-compagnie-adventiste-daliments-naturels-assassine-a-ete-enterre-au-panama\/#breadcrumb"},"inLanguage":"fr-FR","potentialAction":[{"@type":"ReadAction","target":["https:\/\/interamerica.org\/fr\/2007\/02\/mexique-le-responsable-de-la-compagnie-adventiste-daliments-naturels-assassine-a-ete-enterre-au-panama\/"]}]},{"@type":"BreadcrumbList","@id":"https:\/\/interamerica.org\/fr\/2007\/02\/mexique-le-responsable-de-la-compagnie-adventiste-daliments-naturels-assassine-a-ete-enterre-au-panama\/#breadcrumb","itemListElement":[{"@type":"ListItem","position":1,"name":"Home","item":"https:\/\/interamerica.org\/fr\/"},{"@type":"ListItem","position":2,"name":"Mexique : le Responsable de la Compagnie Adventiste d&#39;Aliments Naturels Assassin\u00e9, a \u00e9t\u00e9 Enterr\u00e9 au Panama"}]},{"@type":"WebSite","@id":"https:\/\/interamerica.org\/fr\/#website","url":"https:\/\/interamerica.org\/fr\/","name":"\u00c9glise Adventiste Du Septieme Jour - Inter Am\u00e9rique Division","description":"","potentialAction":[{"@type":"SearchAction","target":{"@type":"EntryPoint","urlTemplate":"https:\/\/interamerica.org\/fr\/?s={search_term_string}"},"query-input":{"@type":"PropertyValueSpecification","valueRequired":true,"valueName":"search_term_string"}}],"inLanguage":"fr-FR"},{"@type":"Person","@id":"https:\/\/interamerica.org\/fr\/#\/schema\/person\/68ede8bdc292885bb76c1e3810e73c39","name":"Lorenzo Verduzco","image":{"@type":"ImageObject","inLanguage":"fr-FR","@id":"https:\/\/secure.gravatar.com\/avatar\/fb81a55b6218459490a9c1dc841a34909185b81904c5337b4b27f7a6fd60c49e?s=96&d=mm&r=g","url":"https:\/\/secure.gravatar.com\/avatar\/fb81a55b6218459490a9c1dc841a34909185b81904c5337b4b27f7a6fd60c49e?s=96&d=mm&r=g","contentUrl":"https:\/\/secure.gravatar.com\/avatar\/fb81a55b6218459490a9c1dc841a34909185b81904c5337b4b27f7a6fd60c49e?s=96&d=mm&r=g","caption":"Lorenzo Verduzco"}}]}},"_links":{"self":[{"href":"https:\/\/interamerica.org\/fr\/wp-json\/wp\/v2\/posts\/12685","targetHints":{"allow":["GET"]}}],"collection":[{"href":"https:\/\/interamerica.org\/fr\/wp-json\/wp\/v2\/posts"}],"about":[{"href":"https:\/\/interamerica.org\/fr\/wp-json\/wp\/v2\/types\/post"}],"author":[{"embeddable":true,"href":"https:\/\/interamerica.org\/fr\/wp-json\/wp\/v2\/users\/1"}],"replies":[{"embeddable":true,"href":"https:\/\/interamerica.org\/fr\/wp-json\/wp\/v2\/comments?post=12685"}],"version-history":[{"count":0,"href":"https:\/\/interamerica.org\/fr\/wp-json\/wp\/v2\/posts\/12685\/revisions"}],"wp:attachment":[{"href":"https:\/\/interamerica.org\/fr\/wp-json\/wp\/v2\/media?parent=12685"}],"wp:term":[{"taxonomy":"category","embeddable":true,"href":"https:\/\/interamerica.org\/fr\/wp-json\/wp\/v2\/categories?post=12685"},{"taxonomy":"post_tag","embeddable":true,"href":"https:\/\/interamerica.org\/fr\/wp-json\/wp\/v2\/tags?post=12685"}],"curies":[{"name":"wp","href":"https:\/\/api.w.org\/{rel}","templated":true}]}}