{"id":12686,"date":"2007-02-20T00:00:00","date_gmt":"2007-02-20T04:00:00","guid":{"rendered":"http:\/\/192.81.217.108\/interamerica\/2007\/02\/australie-les-eglises-adventistes-prient-pour-la-fin-de-la-secheresse\/"},"modified":"2017-06-02T13:14:55","modified_gmt":"2017-06-02T17:14:55","slug":"australie-les-eglises-adventistes-prient-pour-la-fin-de-la-secheresse","status":"publish","type":"post","link":"https:\/\/interamerica.org\/fr\/2007\/02\/australie-les-eglises-adventistes-prient-pour-la-fin-de-la-secheresse\/","title":{"rendered":"Australie : les \u00c9glises Adventistes Prient Pour la Fin de la S\u00e9cheresse"},"content":{"rendered":"<p>Le 20 f\u00e9vrier 2007 Ringwood, Victoria, Australie&#8230;. [Nathan Brown\/The Record\/Personnel de ANN] <\/p>\n<p>Les membres de plus de 400 \u00e9glises adventistes du septi\u00e8me jour \u00e0 travers l&#39;Australie se sont unis dans le recueillement le 17 f\u00e9vrier en vue de prier simultan\u00e9ment pour la fin de la grande s\u00e9cheresse et du manque d&#39;eau qui s\u00e9vit dans le pays depuis ao\u00fbt dernier. <\/p>\n<\/p>\n<p> \u00ab\u00a0Dans ses diff\u00e9rentes r\u00e9gions, l&#39;Australie conna\u00eet des conditions de s\u00e9cheresse sans comparaison depuis les temps recul\u00e9s o\u00f9 l&#39;on a commenc\u00e9 \u00e0 faire des relev\u00e9s,\u00a0\u00bb a dit pasteur Chester Stanley, pr\u00e9sident de l&#39;Union F\u00e9d\u00e9ration des \u00e9glises adventistes en Australie (AUC). \u00ab\u00a0Les statistiques, les chiffres et les records sont battus.\u00a0\u00bb  <\/p>\n<p>\u00ab\u00a0Les autorit\u00e9s disent que pr\u00e8s de 98 pour cent du Nouveau Pays de Galles du Sud, &#8211; l&#39;\u00e9tat le plus peupl\u00e9 -, en ont subit les effets directs. Mais, tout le pays est touch\u00e9,\u00a0\u00bb a soulign\u00e9 Gary Krause, directeur du Bureau de la Mission Adventiste au si\u00e8ge social de l&#39;\u00e9glise adventiste mondiale, aux \u00c9tats-Unis.  <\/p>\n<p>L&#39;id\u00e9e d&#39;une pri\u00e8re sp\u00e9ciale, au niveau de toute la communaut\u00e9, au moment des services du culte est venue des membres d&#39;\u00e9glise.  <\/p>\n<p>\u00ab\u00a0De nombreux membres \u00e0 travers toute l&#39;Australie m&#39;ont \u00e9crit, sugg\u00e9rant qu&#39;il serait tr\u00e8s appropri\u00e9 pour nous en tant qu&#39;\u00e9glise de prendre du temps pour prier avec force, face \u00e0 la situation extr\u00eamement s\u00e9rieuse que nous avons ici en Australie,\u00a0\u00bb a-t-il expliqu\u00e9. \u00ab\u00a0Le comit\u00e9 de l&#39;AUC, lors de nos r\u00e9unions de fin d&#39;ann\u00e9e, accepta cette id\u00e9e avec enthousiasme, et d\u00e9cida en cons\u00e9quence d&#39;inviter nos \u00e9glises \u00e0 s&#39;unir dans un programme sp\u00e9cial de pri\u00e8re.\u00a0\u00bb  <\/p>\n<p>\u00ab\u00a0Beaucoup de nos membres d&#39;\u00e9glise ont \u00e9t\u00e9 touch\u00e9s par la s\u00e9cheresse,\u00a0\u00bb a annonc\u00e9 Stanley. \u00ab\u00a0Quand les pr\u00e9sidents de f\u00e9d\u00e9rations disent que la s\u00e9cheresse aura un impact sur l&#39;entr\u00e9e des d\u00eemes, cela me fait conclure que certains de nos membres [passent par des temps difficiles].\u00a0\u00bb  <\/p>\n<p>Ce jour-l\u00e0, la demande adress\u00e9e \u00e0 Dieu, l&#39;a \u00e9t\u00e9 sp\u00e9cialement pour la pluie, mais aussi en faveur de ceux qui ont \u00e9t\u00e9 atteints par la s\u00e9cheresse ; et pour qu&#39;il y ait une utilisation plus responsable des ressources naturelles de l&#39;Australie.  <\/p>\n<p>\u00ab\u00a0J&#39;aime \u00e0 penser \u00e0 cette \u00e9glise unie, pliant les genoux \u00e0 travers l&#39;Australie, cherchant s\u00e9rieusement le Seigneur,\u00a0\u00bb a dit pasteur Stanley. Il ajoute que les membres d&#39;\u00e9glise des autres parties de la r\u00e9gion du Pacifique Sud ont exprim\u00e9 leur d\u00e9sir de se joindre \u00e0 l&#39;\u00e9glise australienne dans la pri\u00e8re. \u00ab\u00a0Il est agr\u00e9able que le reste [de la r\u00e9gion] puisse prier avec nous et pour nous.\u00a0\u00bb  <\/p>\n<p>\u00ab\u00a0C&#39;est une crise et je pense qu&#39;en tant qu&#39;\u00e9glise, nous devons nous mettre sur nos genoux,\u00a0\u00bb a dit pasteur Stanley. \u00ab\u00a0Mais je pense aussi que c&#39;est une grande opportunit\u00e9 pour nous de d\u00e9clarer aux habitants de l&#39;Australie que nous sommes des chr\u00e9tiens et que nous sommes des gens qui prient. Nous ne devrions pas \u00eatre vus comme un groupe de personnes qui se clo\u00eetrent, mais comme des gens qui s&#39;occupent de leurs communaut\u00e9s &#8211; que nous sommes des Australiens qui aiment vraiment le pays.\u00a0\u00bb  <\/p>\n<p>Krause, qui revient juste de l&#39;Australie, a ajout\u00e9, \u00ab\u00a0je suis heureux que l&#39;\u00e9glise en Australie r\u00e9agisse d&#39;une fa\u00e7on spirituelle et par-dessus tout, porte de l&#39;aide, physiquement, \u00e0 ceux qui sont dans le besoin, dans la mesure du possible.\u00a0\u00bb <\/p>\n<p><strong >Droit d&#39;Auteur (c) 2007 de R\u00e9seau de Nouvelles Adventiste<\/strong >.   <\/p>\n","protected":false},"excerpt":{"rendered":"<p>Les membres de plus de 400 \u00e9glises adventistes du septi\u00e8me jour \u00e0 travers l&#39;Australie se sont unis dans le recueillement le 17 f\u00e9vrier en vue de prier simultan\u00e9ment pour la fin de la grande s\u00e9cheresse e<\/p>\n","protected":false},"author":1,"featured_media":0,"comment_status":"closed","ping_status":"closed","sticky":false,"template":"","format":"standard","meta":{"_acf_changed":false,"footnotes":""},"categories":[9],"tags":[],"class_list":["post-12686","post","type-post","status-publish","format-standard","hentry","category-archive-fr"],"acf":[],"yoast_head":"<!-- This site is optimized with the Yoast SEO plugin v27.3 - https:\/\/yoast.com\/product\/yoast-seo-wordpress\/ -->\n<title>Australie : les \u00c9glises Adventistes Prient Pour la Fin de la S\u00e9cheresse - \u00c9glise Adventiste Du Septieme Jour - Inter Am\u00e9rique Division<\/title>\n<meta name=\"robots\" content=\"index, follow, max-snippet:-1, max-image-preview:large, max-video-preview:-1\" \/>\n<link rel=\"canonical\" href=\"https:\/\/interamerica.org\/fr\/2007\/02\/australie-les-eglises-adventistes-prient-pour-la-fin-de-la-secheresse\/\" \/>\n<meta property=\"og:locale\" content=\"fr_FR\" \/>\n<meta property=\"og:type\" content=\"article\" \/>\n<meta property=\"og:title\" content=\"Australie : les \u00c9glises Adventistes Prient Pour la Fin de la S\u00e9cheresse - \u00c9glise Adventiste Du Septieme Jour - Inter Am\u00e9rique Division\" \/>\n<meta property=\"og:description\" content=\"Les membres de plus de 400 \u00e9glises adventistes du septi\u00e8me jour \u00e0 travers l&#039;Australie se sont unis dans le recueillement le 17 f\u00e9vrier en vue de prier simultan\u00e9ment pour la fin de la grande s\u00e9cheresse e\" \/>\n<meta property=\"og:url\" content=\"https:\/\/interamerica.org\/fr\/2007\/02\/australie-les-eglises-adventistes-prient-pour-la-fin-de-la-secheresse\/\" \/>\n<meta property=\"og:site_name\" content=\"\u00c9glise Adventiste Du Septieme Jour - Inter Am\u00e9rique Division\" \/>\n<meta property=\"article:published_time\" content=\"2007-02-20T04:00:00+00:00\" \/>\n<meta property=\"article:modified_time\" content=\"2017-06-02T17:14:55+00:00\" \/>\n<meta name=\"author\" content=\"Lorenzo Verduzco\" \/>\n<meta name=\"twitter:card\" content=\"summary_large_image\" \/>\n<meta name=\"twitter:label1\" content=\"\u00c9crit par\" \/>\n\t<meta name=\"twitter:data1\" content=\"Lorenzo Verduzco\" \/>\n\t<meta name=\"twitter:label2\" content=\"Dur\u00e9e de lecture estim\u00e9e\" \/>\n\t<meta name=\"twitter:data2\" content=\"3 minutes\" \/>\n<script type=\"application\/ld+json\" class=\"yoast-schema-graph\">{\"@context\":\"https:\\\/\\\/schema.org\",\"@graph\":[{\"@type\":\"Article\",\"@id\":\"https:\\\/\\\/interamerica.org\\\/fr\\\/2007\\\/02\\\/australie-les-eglises-adventistes-prient-pour-la-fin-de-la-secheresse\\\/#article\",\"isPartOf\":{\"@id\":\"https:\\\/\\\/interamerica.org\\\/fr\\\/2007\\\/02\\\/australie-les-eglises-adventistes-prient-pour-la-fin-de-la-secheresse\\\/\"},\"author\":{\"name\":\"Lorenzo Verduzco\",\"@id\":\"https:\\\/\\\/interamerica.org\\\/fr\\\/#\\\/schema\\\/person\\\/68ede8bdc292885bb76c1e3810e73c39\"},\"headline\":\"Australie : les \u00c9glises Adventistes Prient Pour la Fin de la S\u00e9cheresse\",\"datePublished\":\"2007-02-20T04:00:00+00:00\",\"dateModified\":\"2017-06-02T17:14:55+00:00\",\"mainEntityOfPage\":{\"@id\":\"https:\\\/\\\/interamerica.org\\\/fr\\\/2007\\\/02\\\/australie-les-eglises-adventistes-prient-pour-la-fin-de-la-secheresse\\\/\"},\"wordCount\":626,\"articleSection\":[\"Archive\"],\"inLanguage\":\"fr-FR\"},{\"@type\":\"WebPage\",\"@id\":\"https:\\\/\\\/interamerica.org\\\/fr\\\/2007\\\/02\\\/australie-les-eglises-adventistes-prient-pour-la-fin-de-la-secheresse\\\/\",\"url\":\"https:\\\/\\\/interamerica.org\\\/fr\\\/2007\\\/02\\\/australie-les-eglises-adventistes-prient-pour-la-fin-de-la-secheresse\\\/\",\"name\":\"Australie : les \u00c9glises Adventistes Prient Pour la Fin de la S\u00e9cheresse - \u00c9glise Adventiste Du Septieme Jour - Inter Am\u00e9rique Division\",\"isPartOf\":{\"@id\":\"https:\\\/\\\/interamerica.org\\\/fr\\\/#website\"},\"datePublished\":\"2007-02-20T04:00:00+00:00\",\"dateModified\":\"2017-06-02T17:14:55+00:00\",\"author\":{\"@id\":\"https:\\\/\\\/interamerica.org\\\/fr\\\/#\\\/schema\\\/person\\\/68ede8bdc292885bb76c1e3810e73c39\"},\"breadcrumb\":{\"@id\":\"https:\\\/\\\/interamerica.org\\\/fr\\\/2007\\\/02\\\/australie-les-eglises-adventistes-prient-pour-la-fin-de-la-secheresse\\\/#breadcrumb\"},\"inLanguage\":\"fr-FR\",\"potentialAction\":[{\"@type\":\"ReadAction\",\"target\":[\"https:\\\/\\\/interamerica.org\\\/fr\\\/2007\\\/02\\\/australie-les-eglises-adventistes-prient-pour-la-fin-de-la-secheresse\\\/\"]}]},{\"@type\":\"BreadcrumbList\",\"@id\":\"https:\\\/\\\/interamerica.org\\\/fr\\\/2007\\\/02\\\/australie-les-eglises-adventistes-prient-pour-la-fin-de-la-secheresse\\\/#breadcrumb\",\"itemListElement\":[{\"@type\":\"ListItem\",\"position\":1,\"name\":\"Home\",\"item\":\"https:\\\/\\\/interamerica.org\\\/fr\\\/\"},{\"@type\":\"ListItem\",\"position\":2,\"name\":\"Australie : les \u00c9glises Adventistes Prient Pour la Fin de la S\u00e9cheresse\"}]},{\"@type\":\"WebSite\",\"@id\":\"https:\\\/\\\/interamerica.org\\\/fr\\\/#website\",\"url\":\"https:\\\/\\\/interamerica.org\\\/fr\\\/\",\"name\":\"\u00c9glise Adventiste Du Septieme Jour - Inter Am\u00e9rique Division\",\"description\":\"\",\"potentialAction\":[{\"@type\":\"SearchAction\",\"target\":{\"@type\":\"EntryPoint\",\"urlTemplate\":\"https:\\\/\\\/interamerica.org\\\/fr\\\/?s={search_term_string}\"},\"query-input\":{\"@type\":\"PropertyValueSpecification\",\"valueRequired\":true,\"valueName\":\"search_term_string\"}}],\"inLanguage\":\"fr-FR\"},{\"@type\":\"Person\",\"@id\":\"https:\\\/\\\/interamerica.org\\\/fr\\\/#\\\/schema\\\/person\\\/68ede8bdc292885bb76c1e3810e73c39\",\"name\":\"Lorenzo Verduzco\",\"image\":{\"@type\":\"ImageObject\",\"inLanguage\":\"fr-FR\",\"@id\":\"https:\\\/\\\/secure.gravatar.com\\\/avatar\\\/fb81a55b6218459490a9c1dc841a34909185b81904c5337b4b27f7a6fd60c49e?s=96&d=mm&r=g\",\"url\":\"https:\\\/\\\/secure.gravatar.com\\\/avatar\\\/fb81a55b6218459490a9c1dc841a34909185b81904c5337b4b27f7a6fd60c49e?s=96&d=mm&r=g\",\"contentUrl\":\"https:\\\/\\\/secure.gravatar.com\\\/avatar\\\/fb81a55b6218459490a9c1dc841a34909185b81904c5337b4b27f7a6fd60c49e?s=96&d=mm&r=g\",\"caption\":\"Lorenzo Verduzco\"}}]}<\/script>\n<!-- \/ Yoast SEO plugin. -->","yoast_head_json":{"title":"Australie : les \u00c9glises Adventistes Prient Pour la Fin de la S\u00e9cheresse - \u00c9glise Adventiste Du Septieme Jour - Inter Am\u00e9rique Division","robots":{"index":"index","follow":"follow","max-snippet":"max-snippet:-1","max-image-preview":"max-image-preview:large","max-video-preview":"max-video-preview:-1"},"canonical":"https:\/\/interamerica.org\/fr\/2007\/02\/australie-les-eglises-adventistes-prient-pour-la-fin-de-la-secheresse\/","og_locale":"fr_FR","og_type":"article","og_title":"Australie : les \u00c9glises Adventistes Prient Pour la Fin de la S\u00e9cheresse - \u00c9glise Adventiste Du Septieme Jour - Inter Am\u00e9rique Division","og_description":"Les membres de plus de 400 \u00e9glises adventistes du septi\u00e8me jour \u00e0 travers l&#39;Australie se sont unis dans le recueillement le 17 f\u00e9vrier en vue de prier simultan\u00e9ment pour la fin de la grande s\u00e9cheresse e","og_url":"https:\/\/interamerica.org\/fr\/2007\/02\/australie-les-eglises-adventistes-prient-pour-la-fin-de-la-secheresse\/","og_site_name":"\u00c9glise Adventiste Du Septieme Jour - Inter Am\u00e9rique Division","article_published_time":"2007-02-20T04:00:00+00:00","article_modified_time":"2017-06-02T17:14:55+00:00","author":"Lorenzo Verduzco","twitter_card":"summary_large_image","twitter_misc":{"\u00c9crit par":"Lorenzo Verduzco","Dur\u00e9e de lecture estim\u00e9e":"3 minutes"},"schema":{"@context":"https:\/\/schema.org","@graph":[{"@type":"Article","@id":"https:\/\/interamerica.org\/fr\/2007\/02\/australie-les-eglises-adventistes-prient-pour-la-fin-de-la-secheresse\/#article","isPartOf":{"@id":"https:\/\/interamerica.org\/fr\/2007\/02\/australie-les-eglises-adventistes-prient-pour-la-fin-de-la-secheresse\/"},"author":{"name":"Lorenzo Verduzco","@id":"https:\/\/interamerica.org\/fr\/#\/schema\/person\/68ede8bdc292885bb76c1e3810e73c39"},"headline":"Australie : les \u00c9glises Adventistes Prient Pour la Fin de la S\u00e9cheresse","datePublished":"2007-02-20T04:00:00+00:00","dateModified":"2017-06-02T17:14:55+00:00","mainEntityOfPage":{"@id":"https:\/\/interamerica.org\/fr\/2007\/02\/australie-les-eglises-adventistes-prient-pour-la-fin-de-la-secheresse\/"},"wordCount":626,"articleSection":["Archive"],"inLanguage":"fr-FR"},{"@type":"WebPage","@id":"https:\/\/interamerica.org\/fr\/2007\/02\/australie-les-eglises-adventistes-prient-pour-la-fin-de-la-secheresse\/","url":"https:\/\/interamerica.org\/fr\/2007\/02\/australie-les-eglises-adventistes-prient-pour-la-fin-de-la-secheresse\/","name":"Australie : les \u00c9glises Adventistes Prient Pour la Fin de la S\u00e9cheresse - \u00c9glise Adventiste Du Septieme Jour - Inter Am\u00e9rique Division","isPartOf":{"@id":"https:\/\/interamerica.org\/fr\/#website"},"datePublished":"2007-02-20T04:00:00+00:00","dateModified":"2017-06-02T17:14:55+00:00","author":{"@id":"https:\/\/interamerica.org\/fr\/#\/schema\/person\/68ede8bdc292885bb76c1e3810e73c39"},"breadcrumb":{"@id":"https:\/\/interamerica.org\/fr\/2007\/02\/australie-les-eglises-adventistes-prient-pour-la-fin-de-la-secheresse\/#breadcrumb"},"inLanguage":"fr-FR","potentialAction":[{"@type":"ReadAction","target":["https:\/\/interamerica.org\/fr\/2007\/02\/australie-les-eglises-adventistes-prient-pour-la-fin-de-la-secheresse\/"]}]},{"@type":"BreadcrumbList","@id":"https:\/\/interamerica.org\/fr\/2007\/02\/australie-les-eglises-adventistes-prient-pour-la-fin-de-la-secheresse\/#breadcrumb","itemListElement":[{"@type":"ListItem","position":1,"name":"Home","item":"https:\/\/interamerica.org\/fr\/"},{"@type":"ListItem","position":2,"name":"Australie : les \u00c9glises Adventistes Prient Pour la Fin de la S\u00e9cheresse"}]},{"@type":"WebSite","@id":"https:\/\/interamerica.org\/fr\/#website","url":"https:\/\/interamerica.org\/fr\/","name":"\u00c9glise Adventiste Du Septieme Jour - Inter Am\u00e9rique Division","description":"","potentialAction":[{"@type":"SearchAction","target":{"@type":"EntryPoint","urlTemplate":"https:\/\/interamerica.org\/fr\/?s={search_term_string}"},"query-input":{"@type":"PropertyValueSpecification","valueRequired":true,"valueName":"search_term_string"}}],"inLanguage":"fr-FR"},{"@type":"Person","@id":"https:\/\/interamerica.org\/fr\/#\/schema\/person\/68ede8bdc292885bb76c1e3810e73c39","name":"Lorenzo Verduzco","image":{"@type":"ImageObject","inLanguage":"fr-FR","@id":"https:\/\/secure.gravatar.com\/avatar\/fb81a55b6218459490a9c1dc841a34909185b81904c5337b4b27f7a6fd60c49e?s=96&d=mm&r=g","url":"https:\/\/secure.gravatar.com\/avatar\/fb81a55b6218459490a9c1dc841a34909185b81904c5337b4b27f7a6fd60c49e?s=96&d=mm&r=g","contentUrl":"https:\/\/secure.gravatar.com\/avatar\/fb81a55b6218459490a9c1dc841a34909185b81904c5337b4b27f7a6fd60c49e?s=96&d=mm&r=g","caption":"Lorenzo Verduzco"}}]}},"_links":{"self":[{"href":"https:\/\/interamerica.org\/fr\/wp-json\/wp\/v2\/posts\/12686","targetHints":{"allow":["GET"]}}],"collection":[{"href":"https:\/\/interamerica.org\/fr\/wp-json\/wp\/v2\/posts"}],"about":[{"href":"https:\/\/interamerica.org\/fr\/wp-json\/wp\/v2\/types\/post"}],"author":[{"embeddable":true,"href":"https:\/\/interamerica.org\/fr\/wp-json\/wp\/v2\/users\/1"}],"replies":[{"embeddable":true,"href":"https:\/\/interamerica.org\/fr\/wp-json\/wp\/v2\/comments?post=12686"}],"version-history":[{"count":0,"href":"https:\/\/interamerica.org\/fr\/wp-json\/wp\/v2\/posts\/12686\/revisions"}],"wp:attachment":[{"href":"https:\/\/interamerica.org\/fr\/wp-json\/wp\/v2\/media?parent=12686"}],"wp:term":[{"taxonomy":"category","embeddable":true,"href":"https:\/\/interamerica.org\/fr\/wp-json\/wp\/v2\/categories?post=12686"},{"taxonomy":"post_tag","embeddable":true,"href":"https:\/\/interamerica.org\/fr\/wp-json\/wp\/v2\/tags?post=12686"}],"curies":[{"name":"wp","href":"https:\/\/api.w.org\/{rel}","templated":true}]}}