{"id":126870,"date":"2025-04-03T20:49:05","date_gmt":"2025-04-04T00:49:05","guid":{"rendered":"https:\/\/interamerica.org\/?p=126870"},"modified":"2025-04-06T11:18:24","modified_gmt":"2025-04-06T15:18:24","slug":"un-medecin-de-loma-linda-nommee-femme-de-lannee-dans-le-district-senatorial-de-californie","status":"publish","type":"post","link":"https:\/\/interamerica.org\/fr\/2025\/04\/un-medecin-de-loma-linda-nommee-femme-de-lannee-dans-le-district-senatorial-de-californie\/","title":{"rendered":"Un m\u00e9decin de Loma Linda nomm\u00e9e Femme de l\u2019Ann\u00e9e dans le district s\u00e9natorial de Californie"},"content":{"rendered":"<p class=\"c-post-header__subtitle\"><em>Amy Young est responsable du service de p\u00e9diatrie m\u00e9dico-l\u00e9gale de l\u2019H\u00f4pital pour Enfants de Loma Linda.<\/em><\/p>\n<p>3 Avril 2025 | Loma Linda, Californie, \u00c9tats-Unis | Linda Ha, Actualit\u00e9s de l\u2019Universit\u00e9 de Loma Linda<\/p>\n<p>Amy Young, responsable du service de p\u00e9diatrie m\u00e9dico-l\u00e9gale de l\u2019H\u00f4pital pour Enfants de l\u2019Universit\u00e9 de Loma Linda, a \u00e9t\u00e9 nomm\u00e9e Femme de l\u2019Ann\u00e9e pour le 19\u00e8me District S\u00e9natorial de Californie, une distinction d\u00e9cern\u00e9e par la s\u00e9natrice Rosilicie Ochoa Bogh. Cette distinction met en lumi\u00e8re le leadership d\u2019AmyYoung dans l\u2019avancement de la m\u00e9decine l\u00e9gale p\u00e9diatrique et son engagement pour la protection des enfants vuln\u00e9rables.<\/p>\n<p>En tant que fondatrice du Resiliency Institute for Childhood Adversity (RICA ; Institut de la R\u00e9silience face aux Difficult\u00e9s dans l\u2019Enfance), Amy Young a transform\u00e9 la prise en charge des enfants victimes de maltraitance dans le comt\u00e9 de San Bernardino et ses environs, une r\u00e9gion qui compte l\u2019une des plus importantes populations de familles d\u2019accueil de l\u2019\u00e9tat. Le RICA propose une gamme compl\u00e8te de services, incluant des entretiens m\u00e9dico-l\u00e9gaux, des soins m\u00e9dicaux, des th\u00e9rapies et un accompagnement \u00e0 long terme, afin de s\u2019assurer que les enfants ne passent pas entre les mailles du filet d\u2019un syst\u00e8me surcharg\u00e9.<\/p>\n<p><div id=\"attachment_126822\" style=\"width: 953px\" class=\"wp-caption aligncenter\"><img fetchpriority=\"high\" decoding=\"async\" aria-describedby=\"caption-attachment-126822\" class=\" wp-image-126821\" src=\"https:\/\/interamerica.org\/wp-content\/uploads\/2025\/04\/lluimg-3119jpg.jpeg\" alt=\"\" width=\"943\" height=\"531\" srcset=\"https:\/\/interamerica.org\/wp-content\/uploads\/2025\/04\/lluimg-3119jpg.jpeg 755w, https:\/\/interamerica.org\/wp-content\/uploads\/2025\/04\/lluimg-3119jpg-300x169.jpeg 300w\" sizes=\"(max-width: 943px) 100vw, 943px\" \/><p id=\"caption-attachment-126822\" class=\"wp-caption-text\">Amy Young (\u00e0 gauche) avec Rosilicie Ochoa Bogh, s\u00e9natrice du 19\u00e8me district du S\u00e9nat de Californie [Photo : avec l\u2019aimable autorisation des Actualit\u00e9s de l\u2019Universit\u00e9 de Loma Linda]<\/p><\/div>\u00ab L\u2019un des aspects les plus d\u00e9vastateurs de la maltraitance des enfants est que souvent, la parole des victimes n\u2019est pas consid\u00e9r\u00e9e comme cr\u00e9dible, \u00bb a d\u00e9clar\u00e9 Amy Young. \u00ab La premi\u00e8re \u00e9tape consiste \u00e0 avoir quelqu\u2019un qui \u00e9coute, qui croit et qui agit. \u00bb<\/p>\n<p>Chaque ann\u00e9e, le RICA accueille plus de 3000 enfants en soins ambulatoires et prend en charge des centaines d\u2019autres \u00e0 l\u2019h\u00f4pital. Avant le RICA, aucun syst\u00e8me coordonn\u00e9 n\u2019assurait la continuit\u00e9 des soins m\u00e9dicaux pour les jeunes plac\u00e9s en famille d\u2019accueil. Amy Young a compris la n\u00e9cessit\u00e9 d\u2019une solution et en a \u00e9labor\u00e9 une.<\/p>\n<p>L\u2019impact du RICA va au-del\u00e0 du traitement m\u00e9dical. Gr\u00e2ce \u00e0 des bourses et des opportunit\u00e9s d\u2019emploi, Amy Young et son \u00e9quipe aident les jeunes survivants \u00e0 reconstruire leur vie jusqu\u2019\u00e0 l\u2019\u00e2ge adulte.<\/p>\n<p>\u00ab En tant que m\u00e9decins sp\u00e9cialistes des maltraitances infantiles, vous \u00eates appel\u00e9s \u00e0 t\u00e9moigner devant les tribunaux, puis vous passez \u00e0 autre chose. Ce n\u2019est pas pour cela que j\u2019ai choisi la m\u00e9decine, \u00bb a dit Amy Young. \u00ab Je me suis lanc\u00e9e dans la m\u00e9decine pour cr\u00e9er un lien, un lien qui durerait toute une vie. Trop souvent, je voyais des enfants revenir, bless\u00e9s \u00e0 nouveau, en famille d\u2019accueil ou chez eux. Je voulais cr\u00e9er un lieu o\u00f9 non seulement je m\u2019emploierais \u00e0 m\u2019assurer qu\u2019un enfant soit en s\u00e9curit\u00e9 \u00e0 ce moment pr\u00e9cis, mais aussi \u00e0 le voir s\u2019\u00e9panouir des ann\u00e9es plus tard. \u00bb<\/p>\n<h3 class=\"wp-block-heading\"><strong>Une mission fa\u00e7onn\u00e9e par l\u2019exp\u00e9rience personnelle <\/strong><\/h3>\n<p>Le d\u00e9vouement d\u2019Amy Young en faveur de la d\u00e9fense des enfants a commenc\u00e9 bien avant sa carri\u00e8re m\u00e9dicale. Quand elle \u00e9tait adolescente, elle a appris qu\u2019un membre de sa famille proche avait subi des ann\u00e9es de maltraitance physique et psychologique. \u00ab \u00c0 partir de ce moment-l\u00e0, je me suis sentie appel\u00e9e \u00e0 aider les femmes et les enfants victimes de maltraitance et de n\u00e9gligence, \u00bb a-t-elle d\u00e9clar\u00e9.<\/p>\n<p><div id=\"attachment_126825\" style=\"width: 940px\" class=\"wp-caption aligncenter\"><img decoding=\"async\" aria-describedby=\"caption-attachment-126825\" class=\" wp-image-126824\" src=\"https:\/\/interamerica.org\/wp-content\/uploads\/2025\/04\/llu-img-3118-1024x731.jpeg\" alt=\"\" width=\"930\" height=\"664\" srcset=\"https:\/\/interamerica.org\/wp-content\/uploads\/2025\/04\/llu-img-3118-1024x731.jpeg 1024w, https:\/\/interamerica.org\/wp-content\/uploads\/2025\/04\/llu-img-3118-300x214.jpeg 300w, https:\/\/interamerica.org\/wp-content\/uploads\/2025\/04\/llu-img-3118-768x549.jpeg 768w, https:\/\/interamerica.org\/wp-content\/uploads\/2025\/04\/llu-img-3118-1536x1097.jpeg 1536w, https:\/\/interamerica.org\/wp-content\/uploads\/2025\/04\/llu-img-3118-2048x1463.jpeg 2048w\" sizes=\"(max-width: 930px) 100vw, 930px\" \/><p id=\"caption-attachment-126825\" class=\"wp-caption-text\">Amy Young, responsable du service de p\u00e9diatrie m\u00e9dico-l\u00e9gale de l\u2019H\u00f4pital pour Enfants de l\u2019Universit\u00e9 de Loma Linda, a \u00e9t\u00e9 nomm\u00e9e Femme de l\u2019Ann\u00e9e pour le 19\u00e8me District du S\u00e9nat de Californie. [Photo : avec l\u2019aimable autorisation de Loma Linda University News]<\/p><\/div>Ses convictions se sont renforc\u00e9es pendant ses \u00e9tudes de m\u00e9decine lorsqu\u2019elle a rencontr\u00e9 un patient de 7 mois, un nourrisson abandonn\u00e9 par ses parents biologiques. Touch\u00e9s par la fragilit\u00e9 de l\u2019enfant, Amy Young et son mari ont d\u00e9cid\u00e9 de l\u2019accueillir en tant que famille d\u2019accueil ; et plus tard ils ont <a href=\"https:\/\/news.llu.edu\/community\/meant-be-foster-adoption-story\" target=\"_blank\" rel=\"noopener\">\u00a0adopt\u00e9 le b\u00e9b\u00e9,<\/a>\u00a0une exp\u00e9rience qui a renforc\u00e9 la compr\u00e9hension qu\u2019avait Amy Young des besoins \u00e0 long terme des enfants maltrait\u00e9s.<\/p>\n<p><strong>Un impact durable <\/strong><\/p>\n<p>Depuis 2016, Amy Young est directrice m\u00e9dicale du Centre d\u2019\u00c9valuation pour Enfants de San Bernardino, une collaboration entre le comt\u00e9 et l\u2019H\u00f4pital pour Enfants de l\u2019Universit\u00e9 de Loma Linda. Elle est \u00e9galement professeure de p\u00e9diatrie et directrice du programme de bourses de recherche en M\u00e9decine P\u00e9diatrique des Enfants Maltrait\u00e9s qui forme la prochaine g\u00e9n\u00e9ration de sp\u00e9cialistes en p\u00e9diatrie m\u00e9dico-l\u00e9gale.<\/p>\n<p>Son travail illustre l\u2019esprit du Mois de l\u2019Histoire des Femmes, qui rend hommage \u00e0 celles qui cr\u00e9ent des changements significatifs dans leurs communaut\u00e9s. La distinction re\u00e7ue par Amy Young en tant que Femme de l\u2019Ann\u00e9e refl\u00e8te non seulement son expertise en m\u00e9decine, mais aussi son d\u00e9vouement \u00e0 aider les enfants \u00e0 imaginer et \u00e0 avoir un avenir au-del\u00e0 des traumatismes.<\/p>\n<p><em>La\u00a0<\/em><a href=\"https:\/\/news.llu.edu\/community\/dr-amy-young-named-woman-year-california-senate-district-19\" target=\"_blank\" rel=\"noopener\"><em>version originale<\/em><\/a><em>\u00a0de cet article a \u00e9t\u00e9 publi\u00e9e sur le\u00a0<\/em><a href=\"https:\/\/news.llu.edu\/\" target=\"_blank\" rel=\"noopener\"><em>site d&rsquo;informations<\/em><\/a><em>de l\u2019Universit\u00e9 de Loma Linda.<\/em><\/p>\n<p>Traduction: Patrick Luciathe<\/p>\n","protected":false},"excerpt":{"rendered":"<p>Amy Young est responsable du service de p\u00e9diatrie m\u00e9dico-l\u00e9gale de l\u2019H\u00f4pital pour Enfants de Loma Linda. 3 Avril 2025 | Loma Linda, Californie, \u00c9tats-Unis | Linda Ha, Actualit\u00e9s de l\u2019Universit\u00e9&#8230;<\/p>\n","protected":false},"author":3,"featured_media":126822,"comment_status":"closed","ping_status":"closed","sticky":false,"template":"","format":"standard","meta":{"_acf_changed":false,"footnotes":""},"categories":[18,19],"tags":[],"class_list":["post-126870","post","type-post","status-publish","format-standard","has-post-thumbnail","hentry","category-nouvelles-de-leglise-mondiale","category-rss-francais"],"acf":[],"yoast_head":"<!-- This site is optimized with the Yoast SEO plugin v27.3 - https:\/\/yoast.com\/product\/yoast-seo-wordpress\/ -->\n<title>Un m\u00e9decin de Loma Linda nomm\u00e9e Femme de l\u2019Ann\u00e9e dans le district s\u00e9natorial de Californie - \u00c9glise Adventiste Du Septieme Jour - Inter Am\u00e9rique Division<\/title>\n<meta name=\"robots\" content=\"index, follow, max-snippet:-1, max-image-preview:large, max-video-preview:-1\" \/>\n<link rel=\"canonical\" href=\"https:\/\/interamerica.org\/fr\/2025\/04\/un-medecin-de-loma-linda-nommee-femme-de-lannee-dans-le-district-senatorial-de-californie\/\" \/>\n<meta property=\"og:locale\" content=\"fr_FR\" \/>\n<meta property=\"og:type\" content=\"article\" \/>\n<meta property=\"og:title\" content=\"Un m\u00e9decin de Loma Linda nomm\u00e9e Femme de l\u2019Ann\u00e9e dans le district s\u00e9natorial de Californie - \u00c9glise Adventiste Du Septieme Jour - Inter Am\u00e9rique Division\" \/>\n<meta property=\"og:description\" content=\"Amy Young est responsable du service de p\u00e9diatrie m\u00e9dico-l\u00e9gale de l\u2019H\u00f4pital pour Enfants de Loma Linda. 3 Avril 2025 | Loma Linda, Californie, \u00c9tats-Unis | Linda Ha, Actualit\u00e9s de l\u2019Universit\u00e9...\" \/>\n<meta property=\"og:url\" content=\"https:\/\/interamerica.org\/fr\/2025\/04\/un-medecin-de-loma-linda-nommee-femme-de-lannee-dans-le-district-senatorial-de-californie\/\" \/>\n<meta property=\"og:site_name\" content=\"\u00c9glise Adventiste Du Septieme Jour - Inter Am\u00e9rique Division\" \/>\n<meta property=\"article:published_time\" content=\"2025-04-04T00:49:05+00:00\" \/>\n<meta property=\"article:modified_time\" content=\"2025-04-06T15:18:24+00:00\" \/>\n<meta property=\"og:image\" content=\"https:\/\/interamerica.org\/wp-content\/uploads\/2025\/04\/lluimg-3119jpg.jpeg\" \/>\n\t<meta property=\"og:image:width\" content=\"755\" \/>\n\t<meta property=\"og:image:height\" content=\"425\" \/>\n\t<meta property=\"og:image:type\" content=\"image\/jpeg\" \/>\n<meta name=\"author\" content=\"libna\" \/>\n<meta name=\"twitter:card\" content=\"summary_large_image\" \/>\n<meta name=\"twitter:label1\" content=\"\u00c9crit par\" \/>\n\t<meta name=\"twitter:data1\" content=\"libna\" \/>\n\t<meta name=\"twitter:label2\" content=\"Dur\u00e9e de lecture estim\u00e9e\" \/>\n\t<meta name=\"twitter:data2\" content=\"5 minutes\" \/>\n<script type=\"application\/ld+json\" class=\"yoast-schema-graph\">{\"@context\":\"https:\\\/\\\/schema.org\",\"@graph\":[{\"@type\":\"Article\",\"@id\":\"https:\\\/\\\/interamerica.org\\\/fr\\\/2025\\\/04\\\/un-medecin-de-loma-linda-nommee-femme-de-lannee-dans-le-district-senatorial-de-californie\\\/#article\",\"isPartOf\":{\"@id\":\"https:\\\/\\\/interamerica.org\\\/fr\\\/2025\\\/04\\\/un-medecin-de-loma-linda-nommee-femme-de-lannee-dans-le-district-senatorial-de-californie\\\/\"},\"author\":{\"name\":\"libna\",\"@id\":\"https:\\\/\\\/interamerica.org\\\/fr\\\/#\\\/schema\\\/person\\\/29998f2bc2d8bd0d38662909289b54f1\"},\"headline\":\"Un m\u00e9decin de Loma Linda nomm\u00e9e Femme de l\u2019Ann\u00e9e dans le district s\u00e9natorial de Californie\",\"datePublished\":\"2025-04-04T00:49:05+00:00\",\"dateModified\":\"2025-04-06T15:18:24+00:00\",\"mainEntityOfPage\":{\"@id\":\"https:\\\/\\\/interamerica.org\\\/fr\\\/2025\\\/04\\\/un-medecin-de-loma-linda-nommee-femme-de-lannee-dans-le-district-senatorial-de-californie\\\/\"},\"wordCount\":938,\"image\":{\"@id\":\"https:\\\/\\\/interamerica.org\\\/fr\\\/2025\\\/04\\\/un-medecin-de-loma-linda-nommee-femme-de-lannee-dans-le-district-senatorial-de-californie\\\/#primaryimage\"},\"thumbnailUrl\":\"https:\\\/\\\/interamerica.org\\\/wp-content\\\/uploads\\\/2025\\\/04\\\/lluimg-3119jpg.jpeg\",\"articleSection\":[\"Nouvelles de l'\u00c9glise mondiale\",\"RSS Fran\u00e7ais\"],\"inLanguage\":\"fr-FR\"},{\"@type\":\"WebPage\",\"@id\":\"https:\\\/\\\/interamerica.org\\\/fr\\\/2025\\\/04\\\/un-medecin-de-loma-linda-nommee-femme-de-lannee-dans-le-district-senatorial-de-californie\\\/\",\"url\":\"https:\\\/\\\/interamerica.org\\\/fr\\\/2025\\\/04\\\/un-medecin-de-loma-linda-nommee-femme-de-lannee-dans-le-district-senatorial-de-californie\\\/\",\"name\":\"Un m\u00e9decin de Loma Linda nomm\u00e9e Femme de l\u2019Ann\u00e9e dans le district s\u00e9natorial de Californie - \u00c9glise Adventiste Du Septieme Jour - Inter Am\u00e9rique Division\",\"isPartOf\":{\"@id\":\"https:\\\/\\\/interamerica.org\\\/fr\\\/#website\"},\"primaryImageOfPage\":{\"@id\":\"https:\\\/\\\/interamerica.org\\\/fr\\\/2025\\\/04\\\/un-medecin-de-loma-linda-nommee-femme-de-lannee-dans-le-district-senatorial-de-californie\\\/#primaryimage\"},\"image\":{\"@id\":\"https:\\\/\\\/interamerica.org\\\/fr\\\/2025\\\/04\\\/un-medecin-de-loma-linda-nommee-femme-de-lannee-dans-le-district-senatorial-de-californie\\\/#primaryimage\"},\"thumbnailUrl\":\"https:\\\/\\\/interamerica.org\\\/wp-content\\\/uploads\\\/2025\\\/04\\\/lluimg-3119jpg.jpeg\",\"datePublished\":\"2025-04-04T00:49:05+00:00\",\"dateModified\":\"2025-04-06T15:18:24+00:00\",\"author\":{\"@id\":\"https:\\\/\\\/interamerica.org\\\/fr\\\/#\\\/schema\\\/person\\\/29998f2bc2d8bd0d38662909289b54f1\"},\"breadcrumb\":{\"@id\":\"https:\\\/\\\/interamerica.org\\\/fr\\\/2025\\\/04\\\/un-medecin-de-loma-linda-nommee-femme-de-lannee-dans-le-district-senatorial-de-californie\\\/#breadcrumb\"},\"inLanguage\":\"fr-FR\",\"potentialAction\":[{\"@type\":\"ReadAction\",\"target\":[\"https:\\\/\\\/interamerica.org\\\/fr\\\/2025\\\/04\\\/un-medecin-de-loma-linda-nommee-femme-de-lannee-dans-le-district-senatorial-de-californie\\\/\"]}]},{\"@type\":\"ImageObject\",\"inLanguage\":\"fr-FR\",\"@id\":\"https:\\\/\\\/interamerica.org\\\/fr\\\/2025\\\/04\\\/un-medecin-de-loma-linda-nommee-femme-de-lannee-dans-le-district-senatorial-de-californie\\\/#primaryimage\",\"url\":\"https:\\\/\\\/interamerica.org\\\/wp-content\\\/uploads\\\/2025\\\/04\\\/lluimg-3119jpg.jpeg\",\"contentUrl\":\"https:\\\/\\\/interamerica.org\\\/wp-content\\\/uploads\\\/2025\\\/04\\\/lluimg-3119jpg.jpeg\",\"width\":755,\"height\":425,\"caption\":\"Amy Young (left) with California Senate District 19 senator Rosilicie Ochoa Bogh [Photo: courtesy of Loma Linda University News]\"},{\"@type\":\"BreadcrumbList\",\"@id\":\"https:\\\/\\\/interamerica.org\\\/fr\\\/2025\\\/04\\\/un-medecin-de-loma-linda-nommee-femme-de-lannee-dans-le-district-senatorial-de-californie\\\/#breadcrumb\",\"itemListElement\":[{\"@type\":\"ListItem\",\"position\":1,\"name\":\"Home\",\"item\":\"https:\\\/\\\/interamerica.org\\\/fr\\\/\"},{\"@type\":\"ListItem\",\"position\":2,\"name\":\"Un m\u00e9decin de Loma Linda nomm\u00e9e Femme de l\u2019Ann\u00e9e dans le district s\u00e9natorial de Californie\"}]},{\"@type\":\"WebSite\",\"@id\":\"https:\\\/\\\/interamerica.org\\\/fr\\\/#website\",\"url\":\"https:\\\/\\\/interamerica.org\\\/fr\\\/\",\"name\":\"\u00c9glise Adventiste Du Septieme Jour - Inter Am\u00e9rique Division\",\"description\":\"\",\"potentialAction\":[{\"@type\":\"SearchAction\",\"target\":{\"@type\":\"EntryPoint\",\"urlTemplate\":\"https:\\\/\\\/interamerica.org\\\/fr\\\/?s={search_term_string}\"},\"query-input\":{\"@type\":\"PropertyValueSpecification\",\"valueRequired\":true,\"valueName\":\"search_term_string\"}}],\"inLanguage\":\"fr-FR\"},{\"@type\":\"Person\",\"@id\":\"https:\\\/\\\/interamerica.org\\\/fr\\\/#\\\/schema\\\/person\\\/29998f2bc2d8bd0d38662909289b54f1\",\"name\":\"libna\",\"image\":{\"@type\":\"ImageObject\",\"inLanguage\":\"fr-FR\",\"@id\":\"https:\\\/\\\/secure.gravatar.com\\\/avatar\\\/7c5bd30ae4b47a9ba3c856590957fd1d96dc588bf3ac05719d247e126840331f?s=96&d=mm&r=g\",\"url\":\"https:\\\/\\\/secure.gravatar.com\\\/avatar\\\/7c5bd30ae4b47a9ba3c856590957fd1d96dc588bf3ac05719d247e126840331f?s=96&d=mm&r=g\",\"contentUrl\":\"https:\\\/\\\/secure.gravatar.com\\\/avatar\\\/7c5bd30ae4b47a9ba3c856590957fd1d96dc588bf3ac05719d247e126840331f?s=96&d=mm&r=g\",\"caption\":\"libna\"}}]}<\/script>\n<!-- \/ Yoast SEO plugin. -->","yoast_head_json":{"title":"Un m\u00e9decin de Loma Linda nomm\u00e9e Femme de l\u2019Ann\u00e9e dans le district s\u00e9natorial de Californie - \u00c9glise Adventiste Du Septieme Jour - Inter Am\u00e9rique Division","robots":{"index":"index","follow":"follow","max-snippet":"max-snippet:-1","max-image-preview":"max-image-preview:large","max-video-preview":"max-video-preview:-1"},"canonical":"https:\/\/interamerica.org\/fr\/2025\/04\/un-medecin-de-loma-linda-nommee-femme-de-lannee-dans-le-district-senatorial-de-californie\/","og_locale":"fr_FR","og_type":"article","og_title":"Un m\u00e9decin de Loma Linda nomm\u00e9e Femme de l\u2019Ann\u00e9e dans le district s\u00e9natorial de Californie - \u00c9glise Adventiste Du Septieme Jour - Inter Am\u00e9rique Division","og_description":"Amy Young est responsable du service de p\u00e9diatrie m\u00e9dico-l\u00e9gale de l\u2019H\u00f4pital pour Enfants de Loma Linda. 3 Avril 2025 | Loma Linda, Californie, \u00c9tats-Unis | Linda Ha, Actualit\u00e9s de l\u2019Universit\u00e9...","og_url":"https:\/\/interamerica.org\/fr\/2025\/04\/un-medecin-de-loma-linda-nommee-femme-de-lannee-dans-le-district-senatorial-de-californie\/","og_site_name":"\u00c9glise Adventiste Du Septieme Jour - Inter Am\u00e9rique Division","article_published_time":"2025-04-04T00:49:05+00:00","article_modified_time":"2025-04-06T15:18:24+00:00","og_image":[{"width":755,"height":425,"url":"https:\/\/interamerica.org\/wp-content\/uploads\/2025\/04\/lluimg-3119jpg.jpeg","type":"image\/jpeg"}],"author":"libna","twitter_card":"summary_large_image","twitter_misc":{"\u00c9crit par":"libna","Dur\u00e9e de lecture estim\u00e9e":"5 minutes"},"schema":{"@context":"https:\/\/schema.org","@graph":[{"@type":"Article","@id":"https:\/\/interamerica.org\/fr\/2025\/04\/un-medecin-de-loma-linda-nommee-femme-de-lannee-dans-le-district-senatorial-de-californie\/#article","isPartOf":{"@id":"https:\/\/interamerica.org\/fr\/2025\/04\/un-medecin-de-loma-linda-nommee-femme-de-lannee-dans-le-district-senatorial-de-californie\/"},"author":{"name":"libna","@id":"https:\/\/interamerica.org\/fr\/#\/schema\/person\/29998f2bc2d8bd0d38662909289b54f1"},"headline":"Un m\u00e9decin de Loma Linda nomm\u00e9e Femme de l\u2019Ann\u00e9e dans le district s\u00e9natorial de Californie","datePublished":"2025-04-04T00:49:05+00:00","dateModified":"2025-04-06T15:18:24+00:00","mainEntityOfPage":{"@id":"https:\/\/interamerica.org\/fr\/2025\/04\/un-medecin-de-loma-linda-nommee-femme-de-lannee-dans-le-district-senatorial-de-californie\/"},"wordCount":938,"image":{"@id":"https:\/\/interamerica.org\/fr\/2025\/04\/un-medecin-de-loma-linda-nommee-femme-de-lannee-dans-le-district-senatorial-de-californie\/#primaryimage"},"thumbnailUrl":"https:\/\/interamerica.org\/wp-content\/uploads\/2025\/04\/lluimg-3119jpg.jpeg","articleSection":["Nouvelles de l'\u00c9glise mondiale","RSS Fran\u00e7ais"],"inLanguage":"fr-FR"},{"@type":"WebPage","@id":"https:\/\/interamerica.org\/fr\/2025\/04\/un-medecin-de-loma-linda-nommee-femme-de-lannee-dans-le-district-senatorial-de-californie\/","url":"https:\/\/interamerica.org\/fr\/2025\/04\/un-medecin-de-loma-linda-nommee-femme-de-lannee-dans-le-district-senatorial-de-californie\/","name":"Un m\u00e9decin de Loma Linda nomm\u00e9e Femme de l\u2019Ann\u00e9e dans le district s\u00e9natorial de Californie - \u00c9glise Adventiste Du Septieme Jour - Inter Am\u00e9rique Division","isPartOf":{"@id":"https:\/\/interamerica.org\/fr\/#website"},"primaryImageOfPage":{"@id":"https:\/\/interamerica.org\/fr\/2025\/04\/un-medecin-de-loma-linda-nommee-femme-de-lannee-dans-le-district-senatorial-de-californie\/#primaryimage"},"image":{"@id":"https:\/\/interamerica.org\/fr\/2025\/04\/un-medecin-de-loma-linda-nommee-femme-de-lannee-dans-le-district-senatorial-de-californie\/#primaryimage"},"thumbnailUrl":"https:\/\/interamerica.org\/wp-content\/uploads\/2025\/04\/lluimg-3119jpg.jpeg","datePublished":"2025-04-04T00:49:05+00:00","dateModified":"2025-04-06T15:18:24+00:00","author":{"@id":"https:\/\/interamerica.org\/fr\/#\/schema\/person\/29998f2bc2d8bd0d38662909289b54f1"},"breadcrumb":{"@id":"https:\/\/interamerica.org\/fr\/2025\/04\/un-medecin-de-loma-linda-nommee-femme-de-lannee-dans-le-district-senatorial-de-californie\/#breadcrumb"},"inLanguage":"fr-FR","potentialAction":[{"@type":"ReadAction","target":["https:\/\/interamerica.org\/fr\/2025\/04\/un-medecin-de-loma-linda-nommee-femme-de-lannee-dans-le-district-senatorial-de-californie\/"]}]},{"@type":"ImageObject","inLanguage":"fr-FR","@id":"https:\/\/interamerica.org\/fr\/2025\/04\/un-medecin-de-loma-linda-nommee-femme-de-lannee-dans-le-district-senatorial-de-californie\/#primaryimage","url":"https:\/\/interamerica.org\/wp-content\/uploads\/2025\/04\/lluimg-3119jpg.jpeg","contentUrl":"https:\/\/interamerica.org\/wp-content\/uploads\/2025\/04\/lluimg-3119jpg.jpeg","width":755,"height":425,"caption":"Amy Young (left) with California Senate District 19 senator Rosilicie Ochoa Bogh [Photo: courtesy of Loma Linda University News]"},{"@type":"BreadcrumbList","@id":"https:\/\/interamerica.org\/fr\/2025\/04\/un-medecin-de-loma-linda-nommee-femme-de-lannee-dans-le-district-senatorial-de-californie\/#breadcrumb","itemListElement":[{"@type":"ListItem","position":1,"name":"Home","item":"https:\/\/interamerica.org\/fr\/"},{"@type":"ListItem","position":2,"name":"Un m\u00e9decin de Loma Linda nomm\u00e9e Femme de l\u2019Ann\u00e9e dans le district s\u00e9natorial de Californie"}]},{"@type":"WebSite","@id":"https:\/\/interamerica.org\/fr\/#website","url":"https:\/\/interamerica.org\/fr\/","name":"\u00c9glise Adventiste Du Septieme Jour - Inter Am\u00e9rique Division","description":"","potentialAction":[{"@type":"SearchAction","target":{"@type":"EntryPoint","urlTemplate":"https:\/\/interamerica.org\/fr\/?s={search_term_string}"},"query-input":{"@type":"PropertyValueSpecification","valueRequired":true,"valueName":"search_term_string"}}],"inLanguage":"fr-FR"},{"@type":"Person","@id":"https:\/\/interamerica.org\/fr\/#\/schema\/person\/29998f2bc2d8bd0d38662909289b54f1","name":"libna","image":{"@type":"ImageObject","inLanguage":"fr-FR","@id":"https:\/\/secure.gravatar.com\/avatar\/7c5bd30ae4b47a9ba3c856590957fd1d96dc588bf3ac05719d247e126840331f?s=96&d=mm&r=g","url":"https:\/\/secure.gravatar.com\/avatar\/7c5bd30ae4b47a9ba3c856590957fd1d96dc588bf3ac05719d247e126840331f?s=96&d=mm&r=g","contentUrl":"https:\/\/secure.gravatar.com\/avatar\/7c5bd30ae4b47a9ba3c856590957fd1d96dc588bf3ac05719d247e126840331f?s=96&d=mm&r=g","caption":"libna"}}]}},"_links":{"self":[{"href":"https:\/\/interamerica.org\/fr\/wp-json\/wp\/v2\/posts\/126870","targetHints":{"allow":["GET"]}}],"collection":[{"href":"https:\/\/interamerica.org\/fr\/wp-json\/wp\/v2\/posts"}],"about":[{"href":"https:\/\/interamerica.org\/fr\/wp-json\/wp\/v2\/types\/post"}],"author":[{"embeddable":true,"href":"https:\/\/interamerica.org\/fr\/wp-json\/wp\/v2\/users\/3"}],"replies":[{"embeddable":true,"href":"https:\/\/interamerica.org\/fr\/wp-json\/wp\/v2\/comments?post=126870"}],"version-history":[{"count":0,"href":"https:\/\/interamerica.org\/fr\/wp-json\/wp\/v2\/posts\/126870\/revisions"}],"wp:featuredmedia":[{"embeddable":true,"href":"https:\/\/interamerica.org\/fr\/wp-json\/wp\/v2\/media\/126822"}],"wp:attachment":[{"href":"https:\/\/interamerica.org\/fr\/wp-json\/wp\/v2\/media?parent=126870"}],"wp:term":[{"taxonomy":"category","embeddable":true,"href":"https:\/\/interamerica.org\/fr\/wp-json\/wp\/v2\/categories?post=126870"},{"taxonomy":"post_tag","embeddable":true,"href":"https:\/\/interamerica.org\/fr\/wp-json\/wp\/v2\/tags?post=126870"}],"curies":[{"name":"wp","href":"https:\/\/api.w.org\/{rel}","templated":true}]}}