{"id":12689,"date":"2007-02-20T00:00:00","date_gmt":"2007-02-20T04:00:00","guid":{"rendered":"http:\/\/192.81.217.108\/interamerica\/2007\/02\/etats-unis-en-depit-de-faibles-debuts-la-station-adventiste-etend-son-champ-daction\/"},"modified":"2017-06-02T13:14:57","modified_gmt":"2017-06-02T17:14:57","slug":"etats-unis-en-depit-de-faibles-debuts-la-station-adventiste-etend-son-champ-daction","status":"publish","type":"post","link":"https:\/\/interamerica.org\/fr\/2007\/02\/etats-unis-en-depit-de-faibles-debuts-la-station-adventiste-etend-son-champ-daction\/","title":{"rendered":"Etats-Unis:  En D\u00e9pit de Faibles D\u00e9buts, La Station Adventiste Etend Son Champ d&#39;Action."},"content":{"rendered":"<p>20 f\u00e9vrier 2007, College Place, Washington, Etats-Unis&#8230; (Kristi Spurgeon\/ANN) <\/p>\n<p>Une station de t\u00e9l\u00e9vision qui a d\u00e9but\u00e9 depuis 17 ans au grenier d&#39;une Eglise Adventiste du Septi\u00e8me jour est devenue la deuxi\u00e8me station Chr\u00e9tienne la plus suivie sur le march\u00e9 local de la t\u00e9l\u00e9vision, d&#39;apr\u00e8s une compagnie nationale d&#39;enqu\u00eate sur les m\u00e9dia.  Cette station, T\u00e9l\u00e9vision Blue Mountain (BMT), a capt\u00e9 l&#39;attention des t\u00e9l\u00e9spectacteurs sur un march\u00e9 qui s&#39;\u00e9tend de Yakima, Washington, \u00e0 Milton-Freewater, Oregon, une distance de 138 miles. <\/p>\n<p>Le 20 avril 1990. T\u00e9l\u00e9vision Blue Mountain (BMT) a \u00e9mis pour la premi\u00e8re fois.  Deux ans plus tard, la station a commenc\u00e9 \u00e0 \u00e9mettre par cable en plus de ses cha\u00eenes r\u00e9guli\u00e8res de faible port\u00e9ee.  Depuis lors, le programme de la station a d\u00e9pass\u00e9 les fronti\u00e8res de l&#39;Est de Washington pour atteindre le monde entier. <\/p>\n<p>\u00ab\u00a0Les messages et  les programmes de T\u00e9l\u00e9vision Blue Mountain exercent une grande influence sur les t\u00e9l\u00e9spectateurs et sur ceux qui sont \u00e0 la recherche d&#39;une connexion sp\u00e9ciale &#8211;que ce soit sur le plan spirituel ou tout simplement un message d&#39;esp\u00e9rance,\u00a0\u00bb d\u00e9clare Dan Thesman, qui est devenu le manager de la station subventionn\u00e9e par les t\u00e9l\u00e9spectateurs depuis plus d&#39;un an.  Depuis lors les t\u00e9l\u00e9spectateurs ont partag\u00e9 leurs nombreuses exp\u00e9riences ce qui a pu r\u00e9v\u00e9ler la grande port\u00e9e du message de la station. <\/p>\n<p>Un des r\u00e9cits a \u00e9t\u00e9 pr\u00e9sent\u00e9 par un membre des forces arm\u00e9es.  Un soldat, qui ne s&#39;est pas identifi\u00e9, rapporte qu&#39;il \u00e9tait en vacances chez lui \u00e0 Walla Walla quand une id\u00e9e lui est venue \u00e0 l&#39;esprit.  Il a pris toutes les cassettes de productions musicales locales de BMT qui avaient \u00e9t\u00e9 enregistr\u00e9es par sa familles, en fit des enregistrements DVD, et mit les disques dans un gros sac marin.  Peu apr\u00e8s, il retourna en poste en Afghanistan o\u00f9 il partagea les DVDs avec les hommes et femmes qui sont en poste \u00e0 l&#39;\u00e9tranger.  Il r\u00e9p\u00e9ta le m\u00eame processus avant son deuxi\u00e8me tour de service en Irak. <\/p>\n<p>Le plus grand nombre de t\u00e9l\u00e9lespectateurs a \u00e9t\u00e9 enregistr\u00e9 apr\u00e8s que la station se soit affili\u00e9e \u00e0 Hope Channel (Cha\u00eene de l&#39;Espoir), la station officielle de t\u00e9l\u00e9vision de l&#39;Eglise Adventiste du Septi\u00e8me jour.  Bien que les programmes tels que \u00ab\u00a0Amazing Facts\u00a0\u00bb avec Pasteur Doug Bachelor et \u00ab\u00a0Really Living\u00a0\u00bb dirig\u00e9 par Don Schneider, Pr\u00e9sident de l&#39;Eglise Adventiste de l&#39;Am\u00e9rique du Nord, soient les programmes les plus pris\u00e9s, les t\u00e9l\u00e9spectateurs s&#39;empressent de mentionner que les pr\u00e9sentations d&#39;origine locale font la vraie diff\u00e9rence entre BMT et les autres stations Religieuses. <\/p>\n<p>BMT travaille en collaboration avec Walla Walla College (WWC) pour pr\u00e9parer plusieurs programmes dans le local de production des media du coll\u00e8ge.  L&#39;un d&#39;eux est \u00ab\u00a0Valley Viewpoint, une entrevue mettant en vedette des faits et des gens de la communaut\u00e9.  \u00ab\u00a0J&#39;aime pr\u00e9senter de mani\u00e8re sp\u00e9ciale les faits relatifs \u00e0 la sant\u00e9 et aux modes de vie, car c&#39;est quelque chose qui d\u00e9passe toutes les barri\u00e8res d\u00e9mographique,\u00a0\u00bb avance Roger Johnson, un pasteur d&#39;une \u00e9glise locale des Adventistes du Septi\u00e8me jour et invit\u00e9 r\u00e9gulier de Valley Viewpoint.  Johnson est aussi l&#39;un des membres fondateurs de la station. <\/p>\n<p>Une autre production locale est Blue Mountain News (Nouvelles de Blue Mountain), une \u00e9mission de nouvelles anim\u00e9e, pr\u00e9sent\u00e9e tous les soirs par les \u00e9l\u00e8ves de Walla Walla Coll\u00e8ge et le personnel de BMT.  Les retransmissions des services de l&#39;Eglise Adventiste locale sont aussi tr\u00e8s pris\u00e9es. <\/p>\n<p>BMT travaille aussi en partenariat avec des entit\u00e9s locales telles que \u00ab\u00a0Gospel Outreach, les \u00e9glises et acad\u00e9mies Adventistes, et d&#39;autres organisation qui partagent la foi Chr\u00e9tienne.  D&#39;autres plans sont faits pour s&#39;engager davantage dans la communaut\u00e9 \u00e0 travers les partenariats de la Walla Walla Symphony, le Mus\u00e9e de Fort Walla Walla , le D\u00e9partement de Musique de WWC, et la Chambre de Commerce de Walla Walla Valley. <\/p>\n<p>\u00ab\u00a0C&#39;est notre int\u00e9gration \u00e0 la communaut\u00e9 qui fait notre diff\u00e9rence,\u00a0\u00bb d\u00e9clare Thesman.  \u00ab\u00a0Nous sommes un porte-parole de la communaut\u00e9.\u00a0\u00bb <\/p>\n<p>John Cress, pr\u00e9sident de BMT, ajoute, \u00ab\u00a0les programmes de BMT s&#39;adressent au mental, au physique, au spirituel, au sentimental, au social et \u00e0 la sant\u00e9 de la communaut\u00e9.  Quand les gens r\u00e9alisent que nous sommes intens\u00e9ment int\u00e9ress\u00e9s \u00e0 leur sant\u00e9 et \u00e0 leur bien-\u00eatre, ils seront plus dispos\u00e9s \u00e0 entendre les messages de la parole de Dieu qui s&#39;adressent \u00e0 leur sanctification spirituelle.\u00a0\u00bb <\/p>\n<p>\u00ab\u00a0Ce message p\u00e9n\u00e8tre les maisons des gens qui n&#39;auraient pas volu m&#39;accorder  un peu de leur temps si je frappais \u00e0 leur porte,\u00a0\u00bb dit Don Dealy, qui a commenc\u00e9 en 1992 comme volontaire \u00e0 BMT.  Le vieux \u00e2g\u00e9 de 80 ans d\u00e9clare qu&#39;il est heureux de faire partie d&#39;une pareille mission si importante. <\/p>\n<p>Dans le but pour la station de fournir un programme de haute qualit\u00e9 alors qu&#39;il s&#39;int\u00e9gre davantage \u00e0 la communaut\u00e9, BMT planifie son prochain projet &#8211;son extension dans un nouvel immeuble.   <\/p>\n<\/p>\n<p>Sur un terrain de 2.500 pieds carr\u00e9s, le nouvel \u00e9difice du \u00ab\u00a0SonBridge Community Center s&#39;\u00e9tait av\u00e9r\u00e9 n\u00e9cessaire au BMT pour permettre l&#39;expansion et la production de programmes de qualit\u00e9 qu&#39;attend la communaut\u00e9.  Bien que les stations de TV de faible puissance telle BMT ne soient pas obig\u00e9es d&#39;obtenir de la FCC un signal d&#39;\u00e9mission digitale,  BMT fait des plans pour le faire en vue d&#39;\u00eatre comp\u00e9titif et rendre les choses plus faciles pour les t\u00e9l\u00e9spectateurs.  BMT esp\u00e8re moderniser et installer tous ses \u00e9quipements et se loger dans le nouvel immeuble d&#39;ici la fin de cette ann\u00e9e. <\/p>\n<p>\u00ab\u00a0En tant qu&#39;organisation subventionn\u00e9e par les t\u00e9l\u00e9spectateurs, nous sommes la propri\u00e9t\u00e9 des t\u00e9l\u00e9spectateurs,\u00a0\u00bb avance Thesman, \u00ab\u00a0et notre but est de mettre \u00e0 leur disposition une programmation de haut niveau sur le plan Religieux et local.\u00a0\u00bb <\/p>\n<p>\u00ab\u00a0Au cours des mois qui suivent nous esp\u00e9rons augmenter le nombre de nos t\u00e9l\u00e9spectateurs ainsi qu&#39;\u00e9tendre notre champ de vision en vue d&#39;atteindre une plus grande audience de la communaut\u00e9\u00a0\u00bb, d\u00e9clare Judy Vietz, un membre du comit\u00e9 directeur de la station.  Les \u00e9tudes pour \u00e9tendre la couverture du cable de BMT vers Richland-Pasco-Kennewick, Washington, et Pendleton, Oregon, sont maintenant envisag\u00e9es.  Vietz ajoute, \u00ab\u00a0Nous esp\u00e9rons aussi \u00e9tendre nos programmes pour inclure de nouveaux shows qui se rapportent \u00e0 la vie pratique en vue de toucher le quotidien de nos t\u00e9l\u00e9spectateurs.  Nous esp\u00e9rons qu&#39;ils continueront \u00e0 nous accueillir dans leurs maisons.\u00a0\u00bb    <\/p>\n","protected":false},"excerpt":{"rendered":"<p>Une station de t\u00e9l\u00e9vision qui a d\u00e9but\u00e9 depuis 17 ans au grenier d&#39;une Eglise Adventiste du Septi\u00e8me jour est devenue la deuxi\u00e8me station Chr\u00e9tienne la plus suivie sur le march\u00e9 local de la t&#038;eacu<\/p>\n","protected":false},"author":1,"featured_media":0,"comment_status":"closed","ping_status":"closed","sticky":false,"template":"","format":"standard","meta":{"_acf_changed":false,"footnotes":""},"categories":[9],"tags":[],"class_list":["post-12689","post","type-post","status-publish","format-standard","hentry","category-archive-fr"],"acf":[],"yoast_head":"<!-- This site is optimized with the Yoast SEO plugin v27.3 - https:\/\/yoast.com\/product\/yoast-seo-wordpress\/ -->\n<title>Etats-Unis: En D\u00e9pit de Faibles D\u00e9buts, La Station Adventiste Etend Son Champ d&#039;Action. - \u00c9glise Adventiste Du Septieme Jour - Inter Am\u00e9rique Division<\/title>\n<meta name=\"robots\" content=\"index, follow, max-snippet:-1, max-image-preview:large, max-video-preview:-1\" \/>\n<link rel=\"canonical\" href=\"https:\/\/interamerica.org\/fr\/2007\/02\/etats-unis-en-depit-de-faibles-debuts-la-station-adventiste-etend-son-champ-daction\/\" \/>\n<meta property=\"og:locale\" content=\"fr_FR\" \/>\n<meta property=\"og:type\" content=\"article\" \/>\n<meta property=\"og:title\" content=\"Etats-Unis: En D\u00e9pit de Faibles D\u00e9buts, La Station Adventiste Etend Son Champ d&#039;Action. - \u00c9glise Adventiste Du Septieme Jour - Inter Am\u00e9rique Division\" \/>\n<meta property=\"og:description\" content=\"Une station de t\u00e9l\u00e9vision qui a d\u00e9but\u00e9 depuis 17 ans au grenier d&#039;une Eglise Adventiste du Septi\u00e8me jour est devenue la deuxi\u00e8me station Chr\u00e9tienne la plus suivie sur le march\u00e9 local de la t&amp;eacu\" \/>\n<meta property=\"og:url\" content=\"https:\/\/interamerica.org\/fr\/2007\/02\/etats-unis-en-depit-de-faibles-debuts-la-station-adventiste-etend-son-champ-daction\/\" \/>\n<meta property=\"og:site_name\" content=\"\u00c9glise Adventiste Du Septieme Jour - Inter Am\u00e9rique Division\" \/>\n<meta property=\"article:published_time\" content=\"2007-02-20T04:00:00+00:00\" \/>\n<meta property=\"article:modified_time\" content=\"2017-06-02T17:14:57+00:00\" \/>\n<meta name=\"author\" content=\"Lorenzo Verduzco\" \/>\n<meta name=\"twitter:card\" content=\"summary_large_image\" \/>\n<meta name=\"twitter:label1\" content=\"\u00c9crit par\" \/>\n\t<meta name=\"twitter:data1\" content=\"Lorenzo Verduzco\" \/>\n\t<meta name=\"twitter:label2\" content=\"Dur\u00e9e de lecture estim\u00e9e\" \/>\n\t<meta name=\"twitter:data2\" content=\"6 minutes\" \/>\n<script type=\"application\/ld+json\" class=\"yoast-schema-graph\">{\"@context\":\"https:\\\/\\\/schema.org\",\"@graph\":[{\"@type\":\"Article\",\"@id\":\"https:\\\/\\\/interamerica.org\\\/fr\\\/2007\\\/02\\\/etats-unis-en-depit-de-faibles-debuts-la-station-adventiste-etend-son-champ-daction\\\/#article\",\"isPartOf\":{\"@id\":\"https:\\\/\\\/interamerica.org\\\/fr\\\/2007\\\/02\\\/etats-unis-en-depit-de-faibles-debuts-la-station-adventiste-etend-son-champ-daction\\\/\"},\"author\":{\"name\":\"Lorenzo Verduzco\",\"@id\":\"https:\\\/\\\/interamerica.org\\\/fr\\\/#\\\/schema\\\/person\\\/68ede8bdc292885bb76c1e3810e73c39\"},\"headline\":\"Etats-Unis: En D\u00e9pit de Faibles D\u00e9buts, La Station Adventiste Etend Son Champ d&#39;Action.\",\"datePublished\":\"2007-02-20T04:00:00+00:00\",\"dateModified\":\"2017-06-02T17:14:57+00:00\",\"mainEntityOfPage\":{\"@id\":\"https:\\\/\\\/interamerica.org\\\/fr\\\/2007\\\/02\\\/etats-unis-en-depit-de-faibles-debuts-la-station-adventiste-etend-son-champ-daction\\\/\"},\"wordCount\":1172,\"articleSection\":[\"Archive\"],\"inLanguage\":\"fr-FR\"},{\"@type\":\"WebPage\",\"@id\":\"https:\\\/\\\/interamerica.org\\\/fr\\\/2007\\\/02\\\/etats-unis-en-depit-de-faibles-debuts-la-station-adventiste-etend-son-champ-daction\\\/\",\"url\":\"https:\\\/\\\/interamerica.org\\\/fr\\\/2007\\\/02\\\/etats-unis-en-depit-de-faibles-debuts-la-station-adventiste-etend-son-champ-daction\\\/\",\"name\":\"Etats-Unis: En D\u00e9pit de Faibles D\u00e9buts, La Station Adventiste Etend Son Champ d&#39;Action. - \u00c9glise Adventiste Du Septieme Jour - Inter Am\u00e9rique Division\",\"isPartOf\":{\"@id\":\"https:\\\/\\\/interamerica.org\\\/fr\\\/#website\"},\"datePublished\":\"2007-02-20T04:00:00+00:00\",\"dateModified\":\"2017-06-02T17:14:57+00:00\",\"author\":{\"@id\":\"https:\\\/\\\/interamerica.org\\\/fr\\\/#\\\/schema\\\/person\\\/68ede8bdc292885bb76c1e3810e73c39\"},\"breadcrumb\":{\"@id\":\"https:\\\/\\\/interamerica.org\\\/fr\\\/2007\\\/02\\\/etats-unis-en-depit-de-faibles-debuts-la-station-adventiste-etend-son-champ-daction\\\/#breadcrumb\"},\"inLanguage\":\"fr-FR\",\"potentialAction\":[{\"@type\":\"ReadAction\",\"target\":[\"https:\\\/\\\/interamerica.org\\\/fr\\\/2007\\\/02\\\/etats-unis-en-depit-de-faibles-debuts-la-station-adventiste-etend-son-champ-daction\\\/\"]}]},{\"@type\":\"BreadcrumbList\",\"@id\":\"https:\\\/\\\/interamerica.org\\\/fr\\\/2007\\\/02\\\/etats-unis-en-depit-de-faibles-debuts-la-station-adventiste-etend-son-champ-daction\\\/#breadcrumb\",\"itemListElement\":[{\"@type\":\"ListItem\",\"position\":1,\"name\":\"Home\",\"item\":\"https:\\\/\\\/interamerica.org\\\/fr\\\/\"},{\"@type\":\"ListItem\",\"position\":2,\"name\":\"Etats-Unis: En D\u00e9pit de Faibles D\u00e9buts, La Station Adventiste Etend Son Champ d&#39;Action.\"}]},{\"@type\":\"WebSite\",\"@id\":\"https:\\\/\\\/interamerica.org\\\/fr\\\/#website\",\"url\":\"https:\\\/\\\/interamerica.org\\\/fr\\\/\",\"name\":\"\u00c9glise Adventiste Du Septieme Jour - Inter Am\u00e9rique Division\",\"description\":\"\",\"potentialAction\":[{\"@type\":\"SearchAction\",\"target\":{\"@type\":\"EntryPoint\",\"urlTemplate\":\"https:\\\/\\\/interamerica.org\\\/fr\\\/?s={search_term_string}\"},\"query-input\":{\"@type\":\"PropertyValueSpecification\",\"valueRequired\":true,\"valueName\":\"search_term_string\"}}],\"inLanguage\":\"fr-FR\"},{\"@type\":\"Person\",\"@id\":\"https:\\\/\\\/interamerica.org\\\/fr\\\/#\\\/schema\\\/person\\\/68ede8bdc292885bb76c1e3810e73c39\",\"name\":\"Lorenzo Verduzco\",\"image\":{\"@type\":\"ImageObject\",\"inLanguage\":\"fr-FR\",\"@id\":\"https:\\\/\\\/secure.gravatar.com\\\/avatar\\\/fb81a55b6218459490a9c1dc841a34909185b81904c5337b4b27f7a6fd60c49e?s=96&d=mm&r=g\",\"url\":\"https:\\\/\\\/secure.gravatar.com\\\/avatar\\\/fb81a55b6218459490a9c1dc841a34909185b81904c5337b4b27f7a6fd60c49e?s=96&d=mm&r=g\",\"contentUrl\":\"https:\\\/\\\/secure.gravatar.com\\\/avatar\\\/fb81a55b6218459490a9c1dc841a34909185b81904c5337b4b27f7a6fd60c49e?s=96&d=mm&r=g\",\"caption\":\"Lorenzo Verduzco\"}}]}<\/script>\n<!-- \/ Yoast SEO plugin. -->","yoast_head_json":{"title":"Etats-Unis: En D\u00e9pit de Faibles D\u00e9buts, La Station Adventiste Etend Son Champ d&#39;Action. - \u00c9glise Adventiste Du Septieme Jour - Inter Am\u00e9rique Division","robots":{"index":"index","follow":"follow","max-snippet":"max-snippet:-1","max-image-preview":"max-image-preview:large","max-video-preview":"max-video-preview:-1"},"canonical":"https:\/\/interamerica.org\/fr\/2007\/02\/etats-unis-en-depit-de-faibles-debuts-la-station-adventiste-etend-son-champ-daction\/","og_locale":"fr_FR","og_type":"article","og_title":"Etats-Unis: En D\u00e9pit de Faibles D\u00e9buts, La Station Adventiste Etend Son Champ d&#39;Action. - \u00c9glise Adventiste Du Septieme Jour - Inter Am\u00e9rique Division","og_description":"Une station de t\u00e9l\u00e9vision qui a d\u00e9but\u00e9 depuis 17 ans au grenier d&#39;une Eglise Adventiste du Septi\u00e8me jour est devenue la deuxi\u00e8me station Chr\u00e9tienne la plus suivie sur le march\u00e9 local de la t&eacu","og_url":"https:\/\/interamerica.org\/fr\/2007\/02\/etats-unis-en-depit-de-faibles-debuts-la-station-adventiste-etend-son-champ-daction\/","og_site_name":"\u00c9glise Adventiste Du Septieme Jour - Inter Am\u00e9rique Division","article_published_time":"2007-02-20T04:00:00+00:00","article_modified_time":"2017-06-02T17:14:57+00:00","author":"Lorenzo Verduzco","twitter_card":"summary_large_image","twitter_misc":{"\u00c9crit par":"Lorenzo Verduzco","Dur\u00e9e de lecture estim\u00e9e":"6 minutes"},"schema":{"@context":"https:\/\/schema.org","@graph":[{"@type":"Article","@id":"https:\/\/interamerica.org\/fr\/2007\/02\/etats-unis-en-depit-de-faibles-debuts-la-station-adventiste-etend-son-champ-daction\/#article","isPartOf":{"@id":"https:\/\/interamerica.org\/fr\/2007\/02\/etats-unis-en-depit-de-faibles-debuts-la-station-adventiste-etend-son-champ-daction\/"},"author":{"name":"Lorenzo Verduzco","@id":"https:\/\/interamerica.org\/fr\/#\/schema\/person\/68ede8bdc292885bb76c1e3810e73c39"},"headline":"Etats-Unis: En D\u00e9pit de Faibles D\u00e9buts, La Station Adventiste Etend Son Champ d&#39;Action.","datePublished":"2007-02-20T04:00:00+00:00","dateModified":"2017-06-02T17:14:57+00:00","mainEntityOfPage":{"@id":"https:\/\/interamerica.org\/fr\/2007\/02\/etats-unis-en-depit-de-faibles-debuts-la-station-adventiste-etend-son-champ-daction\/"},"wordCount":1172,"articleSection":["Archive"],"inLanguage":"fr-FR"},{"@type":"WebPage","@id":"https:\/\/interamerica.org\/fr\/2007\/02\/etats-unis-en-depit-de-faibles-debuts-la-station-adventiste-etend-son-champ-daction\/","url":"https:\/\/interamerica.org\/fr\/2007\/02\/etats-unis-en-depit-de-faibles-debuts-la-station-adventiste-etend-son-champ-daction\/","name":"Etats-Unis: En D\u00e9pit de Faibles D\u00e9buts, La Station Adventiste Etend Son Champ d&#39;Action. - \u00c9glise Adventiste Du Septieme Jour - Inter Am\u00e9rique Division","isPartOf":{"@id":"https:\/\/interamerica.org\/fr\/#website"},"datePublished":"2007-02-20T04:00:00+00:00","dateModified":"2017-06-02T17:14:57+00:00","author":{"@id":"https:\/\/interamerica.org\/fr\/#\/schema\/person\/68ede8bdc292885bb76c1e3810e73c39"},"breadcrumb":{"@id":"https:\/\/interamerica.org\/fr\/2007\/02\/etats-unis-en-depit-de-faibles-debuts-la-station-adventiste-etend-son-champ-daction\/#breadcrumb"},"inLanguage":"fr-FR","potentialAction":[{"@type":"ReadAction","target":["https:\/\/interamerica.org\/fr\/2007\/02\/etats-unis-en-depit-de-faibles-debuts-la-station-adventiste-etend-son-champ-daction\/"]}]},{"@type":"BreadcrumbList","@id":"https:\/\/interamerica.org\/fr\/2007\/02\/etats-unis-en-depit-de-faibles-debuts-la-station-adventiste-etend-son-champ-daction\/#breadcrumb","itemListElement":[{"@type":"ListItem","position":1,"name":"Home","item":"https:\/\/interamerica.org\/fr\/"},{"@type":"ListItem","position":2,"name":"Etats-Unis: En D\u00e9pit de Faibles D\u00e9buts, La Station Adventiste Etend Son Champ d&#39;Action."}]},{"@type":"WebSite","@id":"https:\/\/interamerica.org\/fr\/#website","url":"https:\/\/interamerica.org\/fr\/","name":"\u00c9glise Adventiste Du Septieme Jour - Inter Am\u00e9rique Division","description":"","potentialAction":[{"@type":"SearchAction","target":{"@type":"EntryPoint","urlTemplate":"https:\/\/interamerica.org\/fr\/?s={search_term_string}"},"query-input":{"@type":"PropertyValueSpecification","valueRequired":true,"valueName":"search_term_string"}}],"inLanguage":"fr-FR"},{"@type":"Person","@id":"https:\/\/interamerica.org\/fr\/#\/schema\/person\/68ede8bdc292885bb76c1e3810e73c39","name":"Lorenzo Verduzco","image":{"@type":"ImageObject","inLanguage":"fr-FR","@id":"https:\/\/secure.gravatar.com\/avatar\/fb81a55b6218459490a9c1dc841a34909185b81904c5337b4b27f7a6fd60c49e?s=96&d=mm&r=g","url":"https:\/\/secure.gravatar.com\/avatar\/fb81a55b6218459490a9c1dc841a34909185b81904c5337b4b27f7a6fd60c49e?s=96&d=mm&r=g","contentUrl":"https:\/\/secure.gravatar.com\/avatar\/fb81a55b6218459490a9c1dc841a34909185b81904c5337b4b27f7a6fd60c49e?s=96&d=mm&r=g","caption":"Lorenzo Verduzco"}}]}},"_links":{"self":[{"href":"https:\/\/interamerica.org\/fr\/wp-json\/wp\/v2\/posts\/12689","targetHints":{"allow":["GET"]}}],"collection":[{"href":"https:\/\/interamerica.org\/fr\/wp-json\/wp\/v2\/posts"}],"about":[{"href":"https:\/\/interamerica.org\/fr\/wp-json\/wp\/v2\/types\/post"}],"author":[{"embeddable":true,"href":"https:\/\/interamerica.org\/fr\/wp-json\/wp\/v2\/users\/1"}],"replies":[{"embeddable":true,"href":"https:\/\/interamerica.org\/fr\/wp-json\/wp\/v2\/comments?post=12689"}],"version-history":[{"count":0,"href":"https:\/\/interamerica.org\/fr\/wp-json\/wp\/v2\/posts\/12689\/revisions"}],"wp:attachment":[{"href":"https:\/\/interamerica.org\/fr\/wp-json\/wp\/v2\/media?parent=12689"}],"wp:term":[{"taxonomy":"category","embeddable":true,"href":"https:\/\/interamerica.org\/fr\/wp-json\/wp\/v2\/categories?post=12689"},{"taxonomy":"post_tag","embeddable":true,"href":"https:\/\/interamerica.org\/fr\/wp-json\/wp\/v2\/tags?post=12689"}],"curies":[{"name":"wp","href":"https:\/\/api.w.org\/{rel}","templated":true}]}}