{"id":12690,"date":"2007-02-13T00:00:00","date_gmt":"2007-02-13T04:00:00","guid":{"rendered":"http:\/\/192.81.217.108\/interamerica\/2007\/02\/eglise-mondiale-le-statut-de-non-lucrativite-nest-pas-une-excuse-pour-que-nos-criteres-de-comptabilite-soient-defaillants\/"},"modified":"2017-06-02T13:14:59","modified_gmt":"2017-06-02T17:14:59","slug":"eglise-mondiale-le-statut-de-non-lucrativite-nest-pas-une-excuse-pour-que-nos-criteres-de-comptabilite-soient-defaillants","status":"publish","type":"post","link":"https:\/\/interamerica.org\/fr\/2007\/02\/eglise-mondiale-le-statut-de-non-lucrativite-nest-pas-une-excuse-pour-que-nos-criteres-de-comptabilite-soient-defaillants\/","title":{"rendered":"Eglise mondiale : Le statut de non-lucrativit\u00e9 n&rsquo;est pas une excuse pour que nos crit\u00e8res de comptabilit\u00e9 soient d\u00e9faillants"},"content":{"rendered":"<p>February 13, 2007 Silver Spring, Maryland, United States &#8230;. [Elizabeth Lechleitner\/ANN]\u00ab Lorsque je d\u00e9pose un billet de vingt dollars dans le tronc des offrandes, comment saurais-je s&rsquo;il a \u00e9t\u00e9 utilis\u00e9 pour les besoins de l&rsquo;\u00e9glise locale ou pour le champ missionnaire ? \u00bb Telle est la question que se pose Jack Krogstad, adventiste la\u00efc qui pr\u00e9side le conseil du Service d&rsquo;Audit de la Conf\u00e9rence G\u00e9n\u00e9rale (GCAS) au si\u00e8ge de l&rsquo;\u00e9glise adventiste mondiale. J. Krogstad enseigne la comptabilit\u00e9 et la v\u00e9rification des comptes \u00e0 l&rsquo;universit\u00e9 de Creighton \u00e0 Omaha (Nebraska). J. Krogstad sait que si les membres perdent confiance dans la fa\u00e7on dont les dons sont g\u00e9r\u00e9s dans leur \u00e9glise, les offrandes vont d\u00e9gringoler, mettant en danger la Mission Adventiste et les minist\u00e8res et d\u00e9partements de l&rsquo;\u00e9glise orient\u00e9s vers l&rsquo;\u00e9vang\u00e9lisation. Il \u00e9met l&rsquo;hypoth\u00e8se suivante : \u00ab Une mauvaise gestion des fonds de l&rsquo;\u00e9glise pourrait peut-\u00eatre r\u00e9duire de 20 % les contributions. L&rsquo;argent doit \u00eatre g\u00e9r\u00e9 correctement et les membres d&rsquo;\u00e9glise doivent avoir l&rsquo;assurance que leurs dons servent \u00e0 ce pour quoi ils les ont donn\u00e9s. Le processus d&rsquo;audit peut para\u00eetre un peu m\u00e9canique, mais il a un impact \u00e0 diff\u00e9rents niveaux sur l&rsquo;\u00e9glise et sur les membres \u00bb. Etablir et maintenir la confiance n&rsquo;est pas une t\u00e2che facile. C&rsquo;est pourquoi l&rsquo;\u00e9glise adventiste a adh\u00e9r\u00e9 pendant des d\u00e9cennies \u00e0 des crit\u00e8res d&rsquo;audit rigoureux, m\u00eame si le statut de non-lucrativit\u00e9 n&rsquo;impose pas une telle comptabilit\u00e9. De plus, la mise en place d&rsquo;un syst\u00e8me efficace et coh\u00e9rent de contr\u00f4le des finances et des soldes, dans un mouvement mondial comme l&rsquo;adventisme, a \u00e9t\u00e9 un challenge consid\u00e9rable. J. Krogstad affirme : \u00ab Lorsque vous consid\u00e9rez les vingt dollars par rapport aux vingt-cinq milliards de biens dont l&rsquo;\u00e9glise se justifie, et la complexit\u00e9 de sa mission \u00e0 travers le monde, le niveau de responsabilit\u00e9 qui existe est remarquable. C&rsquo;est un v\u00e9ritable t\u00e9moignage du syst\u00e8me financier et de la politique progressive et visionnaire de l&rsquo;\u00e9glise \u00bb. Le conseil du GCAS est un des \u00e9l\u00e9ments importants de ce syst\u00e8me. Pendant sept ann\u00e9es, il a surveill\u00e9 le travail mondial du service d&rsquo;audit de l&rsquo;\u00e9glise, au si\u00e8ge \u00e0 Silver Spring dans le Maryland. Dirig\u00e9 depuis 1995 par Eric A.Korff, le service d&rsquo;audit est compos\u00e9 de 220 auditeurs dans le monde entier, qui v\u00e9rifient les rapports financiers d&rsquo;environ 2 500 \u00e9glises ou entit\u00e9s comme les bureaux de l&rsquo;\u00e9glise au niveau local ou r\u00e9gional (appel\u00e9es f\u00e9d\u00e9rations ou unions), les missions et les institutions d&rsquo;enseignement et de sant\u00e9. Assujettis \u00e0 la politique de l&rsquo;\u00e9glise, les auditeurs doivent suivre les crit\u00e8res de v\u00e9rification g\u00e9n\u00e9ralement reconnus, comme ceux qui sont expos\u00e9s en grandes lignes dans la Certification des Comptables Publics de l&rsquo;Institut Am\u00e9ricain (CPA). Ces directives sont cens\u00e9es garantir un crit\u00e8re de rapport financier \u00e9lev\u00e9. Le service d&rsquo;audit ex\u00e9cute aussi ce qu&rsquo;E. Korff appelle le \u00ab\u00a0business du nitty gritty\u00a0\u00bb, soit la pr\u00e9paration de l&rsquo;audit annuel externe de la Conf\u00e9rence G\u00e9n\u00e9rale. Actuellement, c&rsquo;est Jim Nyquist, un associ\u00e9 de la soci\u00e9t\u00e9 Maner Costerisan &#038; Ellis (soci\u00e9t\u00e9 bas\u00e9e \u00e0 Lansing dans le Michigan), qui fait le travail. J. Nyquist rev\u00e9rifie les rapports et op\u00e9rations financi\u00e8res pour assurer l&rsquo;\u00e9quit\u00e9 et l&rsquo;exactitude. Selon E. Korff, le conseil du GCAS, avec son ratio de cinq la\u00efcs sur treize membres, assure une liaison \u00ab\u00a0ind\u00e9pendante et objective\u00a0\u00bb avec des standards d&rsquo;int\u00e9grit\u00e9 \u00e9lev\u00e9s. J. Krogstad explique que \u00ab le conseil prot\u00e8ge le service d&rsquo;audit contre toute intrusion ou influence excessive des ind\u00e9pendants ou officiels de l&rsquo;\u00e9glise \u00bb qui pourraient exercer ce qu&rsquo;il appelle \u00ab un pouvoir d&#8217;embauche et de licenciement \u00bb. J Krogstad raconte qu&rsquo;\u00e0 l&rsquo;\u00e9poque o\u00f9 l&rsquo;Am\u00e9rique corporative se montrait r\u00e9ticente pour resserrer la ceinture financi\u00e8re, l&rsquo;\u00e9glise adventiste a volontairement marqu\u00e9 un oubli dans sa comptabilit\u00e9. Dans les ann\u00e9es 1980, J. Krogstad \u00e9tait directeur de recherche \u00e0 la Commission Nationale des Rapports Financiers Frauduleux, institution qui poussait le monde des affaires \u00e0 adopter un gouvernement plus dur. Cela ne s&rsquo;est pas fait. Apr\u00e8s les scandales financiers qui ont entra\u00een\u00e9 des d\u00e9g\u00e2ts pour les compagnies telles que WorldCom et Enron, le Congr\u00e8s am\u00e9ricain a vot\u00e9 la loi Sarbanes-Oxley en 2002. E. Korff dit : \u00ab Les organisations self-supporting comme l&rsquo;\u00e9glise adventiste ne sont pas soumises \u00e0 des audits externes obligatoires \u00bb. Pourtant, \u00ab l&rsquo;\u00e9glise souhaite que des v\u00e9rifications aient lieu \u00e0 tous les niveaux afin que les membres aient l&rsquo;assurance que les ressources qu&rsquo;ils ont confi\u00e9es \u00e0 l&rsquo;\u00e9glise soient utilis\u00e9es pour les buts pour lesquels ils les ont donn\u00e9es \u00bb. En d&rsquo;autres termes, les audits n&rsquo;ont pas pour mission principale de mettre le doigt sur les offrandes malhonn\u00eates. Au lieu de cela, J. Krogstad dit : \u00ab Si vous avez le bon syst\u00e8me en place, les tr\u00e9soriers des \u00e9glises et toutes les personnes qui vont manipuler les dons ne peuvent pas \u00eatre accus\u00e9s de mauvaise gestion des fonds. C&rsquo;est votre responsabilit\u00e9 de prot\u00e9ger la r\u00e9putation des gens honn\u00eates \u00bb. Alors que les dirigeants de l&rsquo;\u00e9glise ont salu\u00e9 l&rsquo;oubli financier, J. Krogstad dit que lorsque le conseil du GCAS fut cr\u00e9\u00e9, certains ont dout\u00e9 de la sagesse \u00e0 inclure tant de la\u00efcs. \u00ab Faire partie du conseil est une responsabilit\u00e9 consid\u00e9rable, alors je peux comprendre pourquoi il y a eu un peu d&rsquo;inqui\u00e9tude au d\u00e9but \u00bb. Il ajoute : \u00ab Les la\u00efcs qui pourraient avoir un ordre du jour cach\u00e9 ou quelque affaire \u00e0 r\u00e9gler avec l&rsquo;\u00e9glise, pourraient \u00eatre \u00e9lus. C&rsquo;est une position qui fait peur pour l&rsquo;\u00e9quipe dirigeante. Mais j&rsquo;esp\u00e8re que le conseil du GCAS a ouvert des portes pour davantage d&rsquo;implication la\u00efque \u00e0 tous les niveaux de l&rsquo;\u00e9glise \u00bb. J. Krogstad poursuit : \u00ab Il y a eu des frictions avant de comprendre notre r\u00f4le, mais je pense que si vous posez la question aux grands dirigeants de l&rsquo;\u00e9glise, ils vous diront qu&rsquo;ils ont d\u00e9couvert que donner une telle responsabilit\u00e9 \u00e0 des la\u00efcs est s\u00fbr \u00bb. Lowell Cooper, vice-pr\u00e9sident de l&rsquo;\u00e9glise mondiale et co-pr\u00e9sident du conseil du GCAS, est d&rsquo;accord. Il affirme : \u00ab Les comp\u00e9tences professionnelles et le d\u00e9vouement \u00e0 l&rsquo;\u00e9glise d\u00e9montr\u00e9s par les membres la\u00efcs du conseil du GCAS est du plus grand ordre. Cette comp\u00e9tence de nos membres d&rsquo;\u00e9glise, qui n&rsquo;est pas d\u00e9dommag\u00e9e, est tenue en haute estime par les dirigeants et membres du monde entier \u00bb. Alors que chaque division de l&rsquo;\u00e9glise mondiale a d\u00e9j\u00e0 nomin\u00e9 des la\u00efcs pour servir dans le conseil du GCAS, J. Krogstad est partisan d&rsquo;\u00e9tendre le mod\u00e8le du conseil du GCAS aux niveaux locaux et r\u00e9gionaux de l&rsquo;\u00e9glise, l\u00e0 \u00ab o\u00f9 certaines \u00e9glises n&rsquo;ont pas de v\u00e9ritables contr\u00f4les en ce qui concerne la manipulation de l&rsquo;argent \u00bb et ont tr\u00e8s peu d&rsquo;auditeurs dipl\u00f4m\u00e9s. J. Krogstad cro\u00eet que la comptabilit\u00e9 doit prendre naissance dans l&rsquo;\u00e9glise locale. Il explique que les nouvelles lois sur la taxe en application aux Etats-Unis en 2007, vont demander aux \u00e9glises de fournir des re\u00e7us pour chaque don d&rsquo;esp\u00e8ces, dans le cas o\u00f9 les membres d&rsquo;\u00e9glise projetteraient de r\u00e9clamer une d\u00e9duction de leur contribution sur leurs taxes. Les v\u00e9rificateurs de comptes au niveau local pourront alors comparer les copies de ces re\u00e7us avec les relev\u00e9s de d\u00e9p\u00f4t de la banque pour comptabiliser chaque dollar d\u00e9pos\u00e9 dans le tronc des offrandes. J. Krogstad explique que \u00ab dans une grande \u00e9glise, les offrandes peuvent atteindre plusieurs centaines de dollars chaque semaine. Le syst\u00e8me de re\u00e7u est l&rsquo;occasion en or pour l&rsquo;\u00e9glise de renforcer la tra\u00e7abilit\u00e9 de l&rsquo;argent, du moment o\u00f9 il est d\u00e9pos\u00e9 par le donateur jusqu&rsquo;au moment o\u00f9 l&rsquo;argent est utilis\u00e9 \u00bb. E. Korff d\u00e9clare : \u00ab Nous ne souhaitons pas trouver un &lsquo;gros blanc&rsquo; dans les comptes de l&rsquo;\u00e9glise locale. Toutes les offrandes devraient \u00eatre compt\u00e9es par au moins deux personnes. Combien de petites \u00e9glises font cela ? \u00bb E. Korff et J. Krogstad sont d&rsquo;accord sur le fait que l&rsquo;\u00e9glise doit continuer \u00e0 travailler pour une transparence financi\u00e8re totale. J. Krogstad conclut : \u00ab Nous avons fait un v\u00e9ritable effort pour trouver des gens ouverts, qui ont un engagement authentique et un souci de la mission du GCAS, des gens qui maintiennent un niveau \u00e9lev\u00e9 de professionnalisme. Alors que nous apercevons des zones o\u00f9 le syst\u00e8me peut \u00eatre renforc\u00e9, nous allons appliquer les proc\u00e9dures pour mieux prot\u00e9ger l&rsquo;\u00e9glise et son oeuvre \u00bb.Copyright \u00a9 2004 Adventist News Network.<\/p>\n","protected":false},"excerpt":{"rendered":"<p>\u00ab Lorsque je d\u00e9pose un billet de vingt dollars dans le tronc des offrandes, comment saurais-je s&rsquo;il a \u00e9t\u00e9 utilis\u00e9 pour les besoins de l&rsquo;\u00e9glise locale ou pour le champ missionnaire ? \u00bb Telle est la question que se pose Jack Krogstad, adventiste la\u00efc qui pr<\/p>\n","protected":false},"author":1,"featured_media":0,"comment_status":"closed","ping_status":"closed","sticky":false,"template":"","format":"standard","meta":{"_acf_changed":false,"footnotes":""},"categories":[9],"tags":[],"class_list":["post-12690","post","type-post","status-publish","format-standard","hentry","category-archive-fr"],"acf":[],"yoast_head":"<!-- This site is optimized with the Yoast SEO plugin v27.3 - https:\/\/yoast.com\/product\/yoast-seo-wordpress\/ -->\n<title>Eglise mondiale : Le statut de non-lucrativit\u00e9 n&#039;est pas une excuse pour que nos crit\u00e8res de comptabilit\u00e9 soient d\u00e9faillants - \u00c9glise Adventiste Du Septieme Jour - Inter Am\u00e9rique Division<\/title>\n<meta name=\"robots\" content=\"index, follow, max-snippet:-1, max-image-preview:large, max-video-preview:-1\" \/>\n<link rel=\"canonical\" href=\"https:\/\/interamerica.org\/fr\/2007\/02\/eglise-mondiale-le-statut-de-non-lucrativite-nest-pas-une-excuse-pour-que-nos-criteres-de-comptabilite-soient-defaillants\/\" \/>\n<meta property=\"og:locale\" content=\"fr_FR\" \/>\n<meta property=\"og:type\" content=\"article\" \/>\n<meta property=\"og:title\" content=\"Eglise mondiale : Le statut de non-lucrativit\u00e9 n&#039;est pas une excuse pour que nos crit\u00e8res de comptabilit\u00e9 soient d\u00e9faillants - \u00c9glise Adventiste Du Septieme Jour - Inter Am\u00e9rique Division\" \/>\n<meta property=\"og:description\" content=\"\u00ab Lorsque je d\u00e9pose un billet de vingt dollars dans le tronc des offrandes, comment saurais-je s&#039;il a \u00e9t\u00e9 utilis\u00e9 pour les besoins de l&#039;\u00e9glise locale ou pour le champ missionnaire ? \u00bb Telle est la question que se pose Jack Krogstad, adventiste la\u00efc qui pr\" \/>\n<meta property=\"og:url\" content=\"https:\/\/interamerica.org\/fr\/2007\/02\/eglise-mondiale-le-statut-de-non-lucrativite-nest-pas-une-excuse-pour-que-nos-criteres-de-comptabilite-soient-defaillants\/\" \/>\n<meta property=\"og:site_name\" content=\"\u00c9glise Adventiste Du Septieme Jour - Inter Am\u00e9rique Division\" \/>\n<meta property=\"article:published_time\" content=\"2007-02-13T04:00:00+00:00\" \/>\n<meta property=\"article:modified_time\" content=\"2017-06-02T17:14:59+00:00\" \/>\n<meta name=\"author\" content=\"Lorenzo Verduzco\" \/>\n<meta name=\"twitter:card\" content=\"summary_large_image\" \/>\n<meta name=\"twitter:label1\" content=\"\u00c9crit par\" \/>\n\t<meta name=\"twitter:data1\" content=\"Lorenzo Verduzco\" \/>\n\t<meta name=\"twitter:label2\" content=\"Dur\u00e9e de lecture estim\u00e9e\" \/>\n\t<meta name=\"twitter:data2\" content=\"7 minutes\" \/>\n<script type=\"application\/ld+json\" class=\"yoast-schema-graph\">{\"@context\":\"https:\\\/\\\/schema.org\",\"@graph\":[{\"@type\":\"Article\",\"@id\":\"https:\\\/\\\/interamerica.org\\\/fr\\\/2007\\\/02\\\/eglise-mondiale-le-statut-de-non-lucrativite-nest-pas-une-excuse-pour-que-nos-criteres-de-comptabilite-soient-defaillants\\\/#article\",\"isPartOf\":{\"@id\":\"https:\\\/\\\/interamerica.org\\\/fr\\\/2007\\\/02\\\/eglise-mondiale-le-statut-de-non-lucrativite-nest-pas-une-excuse-pour-que-nos-criteres-de-comptabilite-soient-defaillants\\\/\"},\"author\":{\"name\":\"Lorenzo Verduzco\",\"@id\":\"https:\\\/\\\/interamerica.org\\\/fr\\\/#\\\/schema\\\/person\\\/68ede8bdc292885bb76c1e3810e73c39\"},\"headline\":\"Eglise mondiale : Le statut de non-lucrativit\u00e9 n&rsquo;est pas une excuse pour que nos crit\u00e8res de comptabilit\u00e9 soient d\u00e9faillants\",\"datePublished\":\"2007-02-13T04:00:00+00:00\",\"dateModified\":\"2017-06-02T17:14:59+00:00\",\"mainEntityOfPage\":{\"@id\":\"https:\\\/\\\/interamerica.org\\\/fr\\\/2007\\\/02\\\/eglise-mondiale-le-statut-de-non-lucrativite-nest-pas-une-excuse-pour-que-nos-criteres-de-comptabilite-soient-defaillants\\\/\"},\"wordCount\":1528,\"articleSection\":[\"Archive\"],\"inLanguage\":\"fr-FR\"},{\"@type\":\"WebPage\",\"@id\":\"https:\\\/\\\/interamerica.org\\\/fr\\\/2007\\\/02\\\/eglise-mondiale-le-statut-de-non-lucrativite-nest-pas-une-excuse-pour-que-nos-criteres-de-comptabilite-soient-defaillants\\\/\",\"url\":\"https:\\\/\\\/interamerica.org\\\/fr\\\/2007\\\/02\\\/eglise-mondiale-le-statut-de-non-lucrativite-nest-pas-une-excuse-pour-que-nos-criteres-de-comptabilite-soient-defaillants\\\/\",\"name\":\"Eglise mondiale : Le statut de non-lucrativit\u00e9 n'est pas une excuse pour que nos crit\u00e8res de comptabilit\u00e9 soient d\u00e9faillants - \u00c9glise Adventiste Du Septieme Jour - Inter Am\u00e9rique Division\",\"isPartOf\":{\"@id\":\"https:\\\/\\\/interamerica.org\\\/fr\\\/#website\"},\"datePublished\":\"2007-02-13T04:00:00+00:00\",\"dateModified\":\"2017-06-02T17:14:59+00:00\",\"author\":{\"@id\":\"https:\\\/\\\/interamerica.org\\\/fr\\\/#\\\/schema\\\/person\\\/68ede8bdc292885bb76c1e3810e73c39\"},\"breadcrumb\":{\"@id\":\"https:\\\/\\\/interamerica.org\\\/fr\\\/2007\\\/02\\\/eglise-mondiale-le-statut-de-non-lucrativite-nest-pas-une-excuse-pour-que-nos-criteres-de-comptabilite-soient-defaillants\\\/#breadcrumb\"},\"inLanguage\":\"fr-FR\",\"potentialAction\":[{\"@type\":\"ReadAction\",\"target\":[\"https:\\\/\\\/interamerica.org\\\/fr\\\/2007\\\/02\\\/eglise-mondiale-le-statut-de-non-lucrativite-nest-pas-une-excuse-pour-que-nos-criteres-de-comptabilite-soient-defaillants\\\/\"]}]},{\"@type\":\"BreadcrumbList\",\"@id\":\"https:\\\/\\\/interamerica.org\\\/fr\\\/2007\\\/02\\\/eglise-mondiale-le-statut-de-non-lucrativite-nest-pas-une-excuse-pour-que-nos-criteres-de-comptabilite-soient-defaillants\\\/#breadcrumb\",\"itemListElement\":[{\"@type\":\"ListItem\",\"position\":1,\"name\":\"Home\",\"item\":\"https:\\\/\\\/interamerica.org\\\/fr\\\/\"},{\"@type\":\"ListItem\",\"position\":2,\"name\":\"Eglise mondiale : Le statut de non-lucrativit\u00e9 n&rsquo;est pas une excuse pour que nos crit\u00e8res de comptabilit\u00e9 soient d\u00e9faillants\"}]},{\"@type\":\"WebSite\",\"@id\":\"https:\\\/\\\/interamerica.org\\\/fr\\\/#website\",\"url\":\"https:\\\/\\\/interamerica.org\\\/fr\\\/\",\"name\":\"\u00c9glise Adventiste Du Septieme Jour - Inter Am\u00e9rique Division\",\"description\":\"\",\"potentialAction\":[{\"@type\":\"SearchAction\",\"target\":{\"@type\":\"EntryPoint\",\"urlTemplate\":\"https:\\\/\\\/interamerica.org\\\/fr\\\/?s={search_term_string}\"},\"query-input\":{\"@type\":\"PropertyValueSpecification\",\"valueRequired\":true,\"valueName\":\"search_term_string\"}}],\"inLanguage\":\"fr-FR\"},{\"@type\":\"Person\",\"@id\":\"https:\\\/\\\/interamerica.org\\\/fr\\\/#\\\/schema\\\/person\\\/68ede8bdc292885bb76c1e3810e73c39\",\"name\":\"Lorenzo Verduzco\",\"image\":{\"@type\":\"ImageObject\",\"inLanguage\":\"fr-FR\",\"@id\":\"https:\\\/\\\/secure.gravatar.com\\\/avatar\\\/fb81a55b6218459490a9c1dc841a34909185b81904c5337b4b27f7a6fd60c49e?s=96&d=mm&r=g\",\"url\":\"https:\\\/\\\/secure.gravatar.com\\\/avatar\\\/fb81a55b6218459490a9c1dc841a34909185b81904c5337b4b27f7a6fd60c49e?s=96&d=mm&r=g\",\"contentUrl\":\"https:\\\/\\\/secure.gravatar.com\\\/avatar\\\/fb81a55b6218459490a9c1dc841a34909185b81904c5337b4b27f7a6fd60c49e?s=96&d=mm&r=g\",\"caption\":\"Lorenzo Verduzco\"}}]}<\/script>\n<!-- \/ Yoast SEO plugin. -->","yoast_head_json":{"title":"Eglise mondiale : Le statut de non-lucrativit\u00e9 n'est pas une excuse pour que nos crit\u00e8res de comptabilit\u00e9 soient d\u00e9faillants - \u00c9glise Adventiste Du Septieme Jour - Inter Am\u00e9rique Division","robots":{"index":"index","follow":"follow","max-snippet":"max-snippet:-1","max-image-preview":"max-image-preview:large","max-video-preview":"max-video-preview:-1"},"canonical":"https:\/\/interamerica.org\/fr\/2007\/02\/eglise-mondiale-le-statut-de-non-lucrativite-nest-pas-une-excuse-pour-que-nos-criteres-de-comptabilite-soient-defaillants\/","og_locale":"fr_FR","og_type":"article","og_title":"Eglise mondiale : Le statut de non-lucrativit\u00e9 n'est pas une excuse pour que nos crit\u00e8res de comptabilit\u00e9 soient d\u00e9faillants - \u00c9glise Adventiste Du Septieme Jour - Inter Am\u00e9rique Division","og_description":"\u00ab Lorsque je d\u00e9pose un billet de vingt dollars dans le tronc des offrandes, comment saurais-je s'il a \u00e9t\u00e9 utilis\u00e9 pour les besoins de l'\u00e9glise locale ou pour le champ missionnaire ? \u00bb Telle est la question que se pose Jack Krogstad, adventiste la\u00efc qui pr","og_url":"https:\/\/interamerica.org\/fr\/2007\/02\/eglise-mondiale-le-statut-de-non-lucrativite-nest-pas-une-excuse-pour-que-nos-criteres-de-comptabilite-soient-defaillants\/","og_site_name":"\u00c9glise Adventiste Du Septieme Jour - Inter Am\u00e9rique Division","article_published_time":"2007-02-13T04:00:00+00:00","article_modified_time":"2017-06-02T17:14:59+00:00","author":"Lorenzo Verduzco","twitter_card":"summary_large_image","twitter_misc":{"\u00c9crit par":"Lorenzo Verduzco","Dur\u00e9e de lecture estim\u00e9e":"7 minutes"},"schema":{"@context":"https:\/\/schema.org","@graph":[{"@type":"Article","@id":"https:\/\/interamerica.org\/fr\/2007\/02\/eglise-mondiale-le-statut-de-non-lucrativite-nest-pas-une-excuse-pour-que-nos-criteres-de-comptabilite-soient-defaillants\/#article","isPartOf":{"@id":"https:\/\/interamerica.org\/fr\/2007\/02\/eglise-mondiale-le-statut-de-non-lucrativite-nest-pas-une-excuse-pour-que-nos-criteres-de-comptabilite-soient-defaillants\/"},"author":{"name":"Lorenzo Verduzco","@id":"https:\/\/interamerica.org\/fr\/#\/schema\/person\/68ede8bdc292885bb76c1e3810e73c39"},"headline":"Eglise mondiale : Le statut de non-lucrativit\u00e9 n&rsquo;est pas une excuse pour que nos crit\u00e8res de comptabilit\u00e9 soient d\u00e9faillants","datePublished":"2007-02-13T04:00:00+00:00","dateModified":"2017-06-02T17:14:59+00:00","mainEntityOfPage":{"@id":"https:\/\/interamerica.org\/fr\/2007\/02\/eglise-mondiale-le-statut-de-non-lucrativite-nest-pas-une-excuse-pour-que-nos-criteres-de-comptabilite-soient-defaillants\/"},"wordCount":1528,"articleSection":["Archive"],"inLanguage":"fr-FR"},{"@type":"WebPage","@id":"https:\/\/interamerica.org\/fr\/2007\/02\/eglise-mondiale-le-statut-de-non-lucrativite-nest-pas-une-excuse-pour-que-nos-criteres-de-comptabilite-soient-defaillants\/","url":"https:\/\/interamerica.org\/fr\/2007\/02\/eglise-mondiale-le-statut-de-non-lucrativite-nest-pas-une-excuse-pour-que-nos-criteres-de-comptabilite-soient-defaillants\/","name":"Eglise mondiale : Le statut de non-lucrativit\u00e9 n'est pas une excuse pour que nos crit\u00e8res de comptabilit\u00e9 soient d\u00e9faillants - \u00c9glise Adventiste Du Septieme Jour - Inter Am\u00e9rique Division","isPartOf":{"@id":"https:\/\/interamerica.org\/fr\/#website"},"datePublished":"2007-02-13T04:00:00+00:00","dateModified":"2017-06-02T17:14:59+00:00","author":{"@id":"https:\/\/interamerica.org\/fr\/#\/schema\/person\/68ede8bdc292885bb76c1e3810e73c39"},"breadcrumb":{"@id":"https:\/\/interamerica.org\/fr\/2007\/02\/eglise-mondiale-le-statut-de-non-lucrativite-nest-pas-une-excuse-pour-que-nos-criteres-de-comptabilite-soient-defaillants\/#breadcrumb"},"inLanguage":"fr-FR","potentialAction":[{"@type":"ReadAction","target":["https:\/\/interamerica.org\/fr\/2007\/02\/eglise-mondiale-le-statut-de-non-lucrativite-nest-pas-une-excuse-pour-que-nos-criteres-de-comptabilite-soient-defaillants\/"]}]},{"@type":"BreadcrumbList","@id":"https:\/\/interamerica.org\/fr\/2007\/02\/eglise-mondiale-le-statut-de-non-lucrativite-nest-pas-une-excuse-pour-que-nos-criteres-de-comptabilite-soient-defaillants\/#breadcrumb","itemListElement":[{"@type":"ListItem","position":1,"name":"Home","item":"https:\/\/interamerica.org\/fr\/"},{"@type":"ListItem","position":2,"name":"Eglise mondiale : Le statut de non-lucrativit\u00e9 n&rsquo;est pas une excuse pour que nos crit\u00e8res de comptabilit\u00e9 soient d\u00e9faillants"}]},{"@type":"WebSite","@id":"https:\/\/interamerica.org\/fr\/#website","url":"https:\/\/interamerica.org\/fr\/","name":"\u00c9glise Adventiste Du Septieme Jour - Inter Am\u00e9rique Division","description":"","potentialAction":[{"@type":"SearchAction","target":{"@type":"EntryPoint","urlTemplate":"https:\/\/interamerica.org\/fr\/?s={search_term_string}"},"query-input":{"@type":"PropertyValueSpecification","valueRequired":true,"valueName":"search_term_string"}}],"inLanguage":"fr-FR"},{"@type":"Person","@id":"https:\/\/interamerica.org\/fr\/#\/schema\/person\/68ede8bdc292885bb76c1e3810e73c39","name":"Lorenzo Verduzco","image":{"@type":"ImageObject","inLanguage":"fr-FR","@id":"https:\/\/secure.gravatar.com\/avatar\/fb81a55b6218459490a9c1dc841a34909185b81904c5337b4b27f7a6fd60c49e?s=96&d=mm&r=g","url":"https:\/\/secure.gravatar.com\/avatar\/fb81a55b6218459490a9c1dc841a34909185b81904c5337b4b27f7a6fd60c49e?s=96&d=mm&r=g","contentUrl":"https:\/\/secure.gravatar.com\/avatar\/fb81a55b6218459490a9c1dc841a34909185b81904c5337b4b27f7a6fd60c49e?s=96&d=mm&r=g","caption":"Lorenzo Verduzco"}}]}},"_links":{"self":[{"href":"https:\/\/interamerica.org\/fr\/wp-json\/wp\/v2\/posts\/12690","targetHints":{"allow":["GET"]}}],"collection":[{"href":"https:\/\/interamerica.org\/fr\/wp-json\/wp\/v2\/posts"}],"about":[{"href":"https:\/\/interamerica.org\/fr\/wp-json\/wp\/v2\/types\/post"}],"author":[{"embeddable":true,"href":"https:\/\/interamerica.org\/fr\/wp-json\/wp\/v2\/users\/1"}],"replies":[{"embeddable":true,"href":"https:\/\/interamerica.org\/fr\/wp-json\/wp\/v2\/comments?post=12690"}],"version-history":[{"count":0,"href":"https:\/\/interamerica.org\/fr\/wp-json\/wp\/v2\/posts\/12690\/revisions"}],"wp:attachment":[{"href":"https:\/\/interamerica.org\/fr\/wp-json\/wp\/v2\/media?parent=12690"}],"wp:term":[{"taxonomy":"category","embeddable":true,"href":"https:\/\/interamerica.org\/fr\/wp-json\/wp\/v2\/categories?post=12690"},{"taxonomy":"post_tag","embeddable":true,"href":"https:\/\/interamerica.org\/fr\/wp-json\/wp\/v2\/tags?post=12690"}],"curies":[{"name":"wp","href":"https:\/\/api.w.org\/{rel}","templated":true}]}}