{"id":12691,"date":"2007-02-23T00:00:00","date_gmt":"2007-02-23T04:00:00","guid":{"rendered":"http:\/\/192.81.217.108\/interamerica\/2007\/02\/royaume-uni-les-adventistes-rejoignent-les-dirigeants-dautres-religions-pour-repondre-au-crime-avec-armes-a-feu\/"},"modified":"2017-06-02T13:14:54","modified_gmt":"2017-06-02T17:14:54","slug":"royaume-uni-les-adventistes-rejoignent-les-dirigeants-dautres-religions-pour-repondre-au-crime-avec-armes-a-feu","status":"publish","type":"post","link":"https:\/\/interamerica.org\/fr\/2007\/02\/royaume-uni-les-adventistes-rejoignent-les-dirigeants-dautres-religions-pour-repondre-au-crime-avec-armes-a-feu\/","title":{"rendered":"Royaume-Uni : les Adventistes Rejoignent les Dirigeants d&#39;Autres Religions, Pour R\u00e9pondre au Crime Avec Armes \u00e0 Feu"},"content":{"rendered":"<p><em >23 f\u00e9vrier 2007<\/em > Londres, Royaume-Uni&#8230;. [Nouvelles de BUC\/Alliance Evang\u00e9lique\/Personnel de ANN] <\/p>\n<p> Des repr\u00e9sentants du d\u00e9partement  de la jeunesse de la F\u00e9d\u00e9ration Adventiste du Septi\u00e8me jour de Londres et d&#39;autres adventistes du Sud de Londres faisaient partie des 2,000 Chr\u00e9tiens environs  et autres Londoniens qui se sont unis dans une marche silencieuse dans deux municipalit\u00e9s de Londres frapp\u00e9es par une recrudescence de tirs fatals. <\/p>\n<p>A la lumi\u00e8re de lampes \u00e9lectriques, la marche du jeudi 22 f\u00e9vrier, partant de la Place de Peckham \u00e0 celle de Windrush \u00e0 Brixton, a eu lieu \u00e0 la suite de cinq meurtres au m\u00eame endroit, au cours du mois dernier. Ce m\u00eame jour, Tony Blair, Premier Ministre de la Grande-Bretagne, tenait un sommet gouvernemental sur les crimes avec armes \u00e0 feu, avec les ministres, la police et autres experts.  <\/p>\n<p>La marche a \u00e9t\u00e9 organis\u00e9e par la Coalition des \u00c9glises Noires et autres responsables chr\u00e9tiens et soutenue par le Maire de Londres et du Service de la police de la ville.<\/p>\n<p>  Un des responsables de la marche \u00e9tait le pasteur Les Isaac, qui dirige l&#39;Initiative des Pasteurs de La Rue pour l&#39;Ascension de Confiance &#8211; un programme qui regroupe des centaines de pasteurs volontaires \u00e0 travers le pays pour parler aux jeunes gens qui sortent dans les rues la nuit.  <\/p>\n<p>L. Isaac rapporte que \u00ab\u00a0des parents nous ont dit que des jeunes gens, allant \u00e0 l&#39;\u00e9cole, devaient porter des gilets pare-balles\u00a0\u00bb. \u00ab\u00a0Je marche parce qu&#39;on s&#39;attend \u00e0 ce que l&#39;\u00e9glise fasse quelque chose, [qu&#39;elle] soit du c\u00f4t\u00e9 de ceux qui sont en deuil. On devrait aussi trouver une solution, une voie de sortie pour nos jeunes gens, de ce bourbier.\u00a0\u00bb  <\/p>\n<p>Les adventistes sont \u00e9galement actifs dans cette op\u00e9ration. Pendant les deux derni\u00e8res semaines, la BBC et Sky News, deux \u00e9metteurs britanniques, ont interview\u00e9 Samantha Robinson, vice-pr\u00e9sident de la F\u00e9d\u00e9ration des Jeunes de Londres, quant \u00e0 ses initiatives contre le crime avec armes \u00e0 feu. Le 16 d\u00e9cembre et de nouveau le 6 janvier, la F\u00e9d\u00e9ration a tenu \u00e0 un \u00ab\u00a0Rassemblement Contre le Crime Avec Armes \u00e0 Feu\u00a0\u00bb dans les \u00e9glises de Brixton et de Balham.  <\/p>\n<p>La F\u00e9d\u00e9ration travaille maintenant sur la production d&#39;un DVD anti-armes \u00e0 feu\/crime pour une utilisation dans les \u00e9coles et planifie un rassemblement en plein air durant l&#39;\u00e9t\u00e9.  <\/p>\n<p>Pendant ce temps, l&#39;\u00e9glise adventiste du quartier de Moss \u00e0 Manchester continue de travailler avec les jeunes qui sont vuln\u00e9rables \u00e0 la culture des gangs.  <\/p>\n<p>Le pasteur Michael Simpson, a cr\u00e9\u00e9 \u00ab\u00a0la Voie\u00a0\u00bb (The Way), une \u00e9glise et un centre d&#39;assistance d\u00e9di\u00e9 aux besoins des adolescents et de leurs familles. \u00ab\u00a0Dans une certaine mesure, l&#39;ancienne structure des gangs s&#39;est d\u00e9mantel\u00e9e,\u00a0\u00bb a dit Simpson \u00e0 une agence de nouvelles locales. \u00ab\u00a0Comme les bandits arm\u00e9s sont plus jeunes, il y a un manque de contr\u00f4le et de but, et on assiste davantage \u00e0 une expression de frustrations d&#39;adolescents. Mais au lieu d&#39;utiliser leurs poings, ils utilisent des armes \u00e0 feu. Ces jeunes sont d\u00e9connect\u00e9s de la soci\u00e9t\u00e9.\u00a0\u00bb  <\/p>\n<p>Simpson croit que la pr\u00e9sence adventiste peut faire la diff\u00e9rence. Sam Gungaloo, responsable de jeunes \u00e0 l&#39;\u00e9glise adventiste de Balham, croit la m\u00eame chose. Mais Gungaloo appelle \u00e0 une action plus collective. \u00ab\u00a0De Sabbat en Sabbat nous participons [aux programmes de l&#39;\u00e9glise] &#8230; mais nous avons aussi la responsabilit\u00e9 d&#39;entreprendre une action de ramener \u00e0 l&#39;int\u00e9rieur, les \u00e2mes perdues \u00e0 l&#39;ext\u00e9rieur. Quand J\u00e9sus marcha sur cette terre, Il a pass\u00e9 du temps dans la synagogue mais il \u00e9tait aussi tourn\u00e9 vers les gens \u00e0 l&#39;ext\u00e9rieur.\u00a0\u00bb <\/p>\n<p><strong >Droit d&#39;Auteur (c) 2007 du R\u00e9seau de Nouvelles Adventiste<\/strong >. <\/p>\n","protected":false},"excerpt":{"rendered":"<p>Des repr\u00e9sentants du d\u00e9partement  de la jeunesse de la F\u00e9d\u00e9ration Adventiste du Septi\u00e8me jour de Londres et d&#39;autres adventistes du Sud de Londres faisaient partie des 2,000 Chr\u00e9tiens environs  et autre<\/p>\n","protected":false},"author":1,"featured_media":0,"comment_status":"closed","ping_status":"closed","sticky":false,"template":"","format":"standard","meta":{"_acf_changed":false,"footnotes":""},"categories":[9],"tags":[],"class_list":["post-12691","post","type-post","status-publish","format-standard","hentry","category-archive-fr"],"acf":[],"yoast_head":"<!-- This site is optimized with the Yoast SEO plugin v27.3 - https:\/\/yoast.com\/product\/yoast-seo-wordpress\/ -->\n<title>Royaume-Uni : les Adventistes Rejoignent les Dirigeants d&#039;Autres Religions, Pour R\u00e9pondre au Crime Avec Armes \u00e0 Feu - \u00c9glise Adventiste Du Septieme Jour - Inter Am\u00e9rique Division<\/title>\n<meta name=\"robots\" content=\"index, follow, max-snippet:-1, max-image-preview:large, max-video-preview:-1\" \/>\n<link rel=\"canonical\" href=\"https:\/\/interamerica.org\/fr\/2007\/02\/royaume-uni-les-adventistes-rejoignent-les-dirigeants-dautres-religions-pour-repondre-au-crime-avec-armes-a-feu\/\" \/>\n<meta property=\"og:locale\" content=\"fr_FR\" \/>\n<meta property=\"og:type\" content=\"article\" \/>\n<meta property=\"og:title\" content=\"Royaume-Uni : les Adventistes Rejoignent les Dirigeants d&#039;Autres Religions, Pour R\u00e9pondre au Crime Avec Armes \u00e0 Feu - \u00c9glise Adventiste Du Septieme Jour - Inter Am\u00e9rique Division\" \/>\n<meta property=\"og:description\" content=\"Des repr\u00e9sentants du d\u00e9partement de la jeunesse de la F\u00e9d\u00e9ration Adventiste du Septi\u00e8me jour de Londres et d&#039;autres adventistes du Sud de Londres faisaient partie des 2,000 Chr\u00e9tiens environs et autre\" \/>\n<meta property=\"og:url\" content=\"https:\/\/interamerica.org\/fr\/2007\/02\/royaume-uni-les-adventistes-rejoignent-les-dirigeants-dautres-religions-pour-repondre-au-crime-avec-armes-a-feu\/\" \/>\n<meta property=\"og:site_name\" content=\"\u00c9glise Adventiste Du Septieme Jour - Inter Am\u00e9rique Division\" \/>\n<meta property=\"article:published_time\" content=\"2007-02-23T04:00:00+00:00\" \/>\n<meta property=\"article:modified_time\" content=\"2017-06-02T17:14:54+00:00\" \/>\n<meta name=\"author\" content=\"Lorenzo Verduzco\" \/>\n<meta name=\"twitter:card\" content=\"summary_large_image\" \/>\n<meta name=\"twitter:label1\" content=\"\u00c9crit par\" \/>\n\t<meta name=\"twitter:data1\" content=\"Lorenzo Verduzco\" \/>\n\t<meta name=\"twitter:label2\" content=\"Dur\u00e9e de lecture estim\u00e9e\" \/>\n\t<meta name=\"twitter:data2\" content=\"3 minutes\" \/>\n<script type=\"application\/ld+json\" class=\"yoast-schema-graph\">{\"@context\":\"https:\\\/\\\/schema.org\",\"@graph\":[{\"@type\":\"Article\",\"@id\":\"https:\\\/\\\/interamerica.org\\\/fr\\\/2007\\\/02\\\/royaume-uni-les-adventistes-rejoignent-les-dirigeants-dautres-religions-pour-repondre-au-crime-avec-armes-a-feu\\\/#article\",\"isPartOf\":{\"@id\":\"https:\\\/\\\/interamerica.org\\\/fr\\\/2007\\\/02\\\/royaume-uni-les-adventistes-rejoignent-les-dirigeants-dautres-religions-pour-repondre-au-crime-avec-armes-a-feu\\\/\"},\"author\":{\"name\":\"Lorenzo Verduzco\",\"@id\":\"https:\\\/\\\/interamerica.org\\\/fr\\\/#\\\/schema\\\/person\\\/68ede8bdc292885bb76c1e3810e73c39\"},\"headline\":\"Royaume-Uni : les Adventistes Rejoignent les Dirigeants d&#39;Autres Religions, Pour R\u00e9pondre au Crime Avec Armes \u00e0 Feu\",\"datePublished\":\"2007-02-23T04:00:00+00:00\",\"dateModified\":\"2017-06-02T17:14:54+00:00\",\"mainEntityOfPage\":{\"@id\":\"https:\\\/\\\/interamerica.org\\\/fr\\\/2007\\\/02\\\/royaume-uni-les-adventistes-rejoignent-les-dirigeants-dautres-religions-pour-repondre-au-crime-avec-armes-a-feu\\\/\"},\"wordCount\":641,\"articleSection\":[\"Archive\"],\"inLanguage\":\"fr-FR\"},{\"@type\":\"WebPage\",\"@id\":\"https:\\\/\\\/interamerica.org\\\/fr\\\/2007\\\/02\\\/royaume-uni-les-adventistes-rejoignent-les-dirigeants-dautres-religions-pour-repondre-au-crime-avec-armes-a-feu\\\/\",\"url\":\"https:\\\/\\\/interamerica.org\\\/fr\\\/2007\\\/02\\\/royaume-uni-les-adventistes-rejoignent-les-dirigeants-dautres-religions-pour-repondre-au-crime-avec-armes-a-feu\\\/\",\"name\":\"Royaume-Uni : les Adventistes Rejoignent les Dirigeants d&#39;Autres Religions, Pour R\u00e9pondre au Crime Avec Armes \u00e0 Feu - \u00c9glise Adventiste Du Septieme Jour - Inter Am\u00e9rique Division\",\"isPartOf\":{\"@id\":\"https:\\\/\\\/interamerica.org\\\/fr\\\/#website\"},\"datePublished\":\"2007-02-23T04:00:00+00:00\",\"dateModified\":\"2017-06-02T17:14:54+00:00\",\"author\":{\"@id\":\"https:\\\/\\\/interamerica.org\\\/fr\\\/#\\\/schema\\\/person\\\/68ede8bdc292885bb76c1e3810e73c39\"},\"breadcrumb\":{\"@id\":\"https:\\\/\\\/interamerica.org\\\/fr\\\/2007\\\/02\\\/royaume-uni-les-adventistes-rejoignent-les-dirigeants-dautres-religions-pour-repondre-au-crime-avec-armes-a-feu\\\/#breadcrumb\"},\"inLanguage\":\"fr-FR\",\"potentialAction\":[{\"@type\":\"ReadAction\",\"target\":[\"https:\\\/\\\/interamerica.org\\\/fr\\\/2007\\\/02\\\/royaume-uni-les-adventistes-rejoignent-les-dirigeants-dautres-religions-pour-repondre-au-crime-avec-armes-a-feu\\\/\"]}]},{\"@type\":\"BreadcrumbList\",\"@id\":\"https:\\\/\\\/interamerica.org\\\/fr\\\/2007\\\/02\\\/royaume-uni-les-adventistes-rejoignent-les-dirigeants-dautres-religions-pour-repondre-au-crime-avec-armes-a-feu\\\/#breadcrumb\",\"itemListElement\":[{\"@type\":\"ListItem\",\"position\":1,\"name\":\"Home\",\"item\":\"https:\\\/\\\/interamerica.org\\\/fr\\\/\"},{\"@type\":\"ListItem\",\"position\":2,\"name\":\"Royaume-Uni : les Adventistes Rejoignent les Dirigeants d&#39;Autres Religions, Pour R\u00e9pondre au Crime Avec Armes \u00e0 Feu\"}]},{\"@type\":\"WebSite\",\"@id\":\"https:\\\/\\\/interamerica.org\\\/fr\\\/#website\",\"url\":\"https:\\\/\\\/interamerica.org\\\/fr\\\/\",\"name\":\"\u00c9glise Adventiste Du Septieme Jour - Inter Am\u00e9rique Division\",\"description\":\"\",\"potentialAction\":[{\"@type\":\"SearchAction\",\"target\":{\"@type\":\"EntryPoint\",\"urlTemplate\":\"https:\\\/\\\/interamerica.org\\\/fr\\\/?s={search_term_string}\"},\"query-input\":{\"@type\":\"PropertyValueSpecification\",\"valueRequired\":true,\"valueName\":\"search_term_string\"}}],\"inLanguage\":\"fr-FR\"},{\"@type\":\"Person\",\"@id\":\"https:\\\/\\\/interamerica.org\\\/fr\\\/#\\\/schema\\\/person\\\/68ede8bdc292885bb76c1e3810e73c39\",\"name\":\"Lorenzo Verduzco\",\"image\":{\"@type\":\"ImageObject\",\"inLanguage\":\"fr-FR\",\"@id\":\"https:\\\/\\\/secure.gravatar.com\\\/avatar\\\/fb81a55b6218459490a9c1dc841a34909185b81904c5337b4b27f7a6fd60c49e?s=96&d=mm&r=g\",\"url\":\"https:\\\/\\\/secure.gravatar.com\\\/avatar\\\/fb81a55b6218459490a9c1dc841a34909185b81904c5337b4b27f7a6fd60c49e?s=96&d=mm&r=g\",\"contentUrl\":\"https:\\\/\\\/secure.gravatar.com\\\/avatar\\\/fb81a55b6218459490a9c1dc841a34909185b81904c5337b4b27f7a6fd60c49e?s=96&d=mm&r=g\",\"caption\":\"Lorenzo Verduzco\"}}]}<\/script>\n<!-- \/ Yoast SEO plugin. -->","yoast_head_json":{"title":"Royaume-Uni : les Adventistes Rejoignent les Dirigeants d&#39;Autres Religions, Pour R\u00e9pondre au Crime Avec Armes \u00e0 Feu - \u00c9glise Adventiste Du Septieme Jour - Inter Am\u00e9rique Division","robots":{"index":"index","follow":"follow","max-snippet":"max-snippet:-1","max-image-preview":"max-image-preview:large","max-video-preview":"max-video-preview:-1"},"canonical":"https:\/\/interamerica.org\/fr\/2007\/02\/royaume-uni-les-adventistes-rejoignent-les-dirigeants-dautres-religions-pour-repondre-au-crime-avec-armes-a-feu\/","og_locale":"fr_FR","og_type":"article","og_title":"Royaume-Uni : les Adventistes Rejoignent les Dirigeants d&#39;Autres Religions, Pour R\u00e9pondre au Crime Avec Armes \u00e0 Feu - \u00c9glise Adventiste Du Septieme Jour - Inter Am\u00e9rique Division","og_description":"Des repr\u00e9sentants du d\u00e9partement de la jeunesse de la F\u00e9d\u00e9ration Adventiste du Septi\u00e8me jour de Londres et d&#39;autres adventistes du Sud de Londres faisaient partie des 2,000 Chr\u00e9tiens environs et autre","og_url":"https:\/\/interamerica.org\/fr\/2007\/02\/royaume-uni-les-adventistes-rejoignent-les-dirigeants-dautres-religions-pour-repondre-au-crime-avec-armes-a-feu\/","og_site_name":"\u00c9glise Adventiste Du Septieme Jour - Inter Am\u00e9rique Division","article_published_time":"2007-02-23T04:00:00+00:00","article_modified_time":"2017-06-02T17:14:54+00:00","author":"Lorenzo Verduzco","twitter_card":"summary_large_image","twitter_misc":{"\u00c9crit par":"Lorenzo Verduzco","Dur\u00e9e de lecture estim\u00e9e":"3 minutes"},"schema":{"@context":"https:\/\/schema.org","@graph":[{"@type":"Article","@id":"https:\/\/interamerica.org\/fr\/2007\/02\/royaume-uni-les-adventistes-rejoignent-les-dirigeants-dautres-religions-pour-repondre-au-crime-avec-armes-a-feu\/#article","isPartOf":{"@id":"https:\/\/interamerica.org\/fr\/2007\/02\/royaume-uni-les-adventistes-rejoignent-les-dirigeants-dautres-religions-pour-repondre-au-crime-avec-armes-a-feu\/"},"author":{"name":"Lorenzo Verduzco","@id":"https:\/\/interamerica.org\/fr\/#\/schema\/person\/68ede8bdc292885bb76c1e3810e73c39"},"headline":"Royaume-Uni : les Adventistes Rejoignent les Dirigeants d&#39;Autres Religions, Pour R\u00e9pondre au Crime Avec Armes \u00e0 Feu","datePublished":"2007-02-23T04:00:00+00:00","dateModified":"2017-06-02T17:14:54+00:00","mainEntityOfPage":{"@id":"https:\/\/interamerica.org\/fr\/2007\/02\/royaume-uni-les-adventistes-rejoignent-les-dirigeants-dautres-religions-pour-repondre-au-crime-avec-armes-a-feu\/"},"wordCount":641,"articleSection":["Archive"],"inLanguage":"fr-FR"},{"@type":"WebPage","@id":"https:\/\/interamerica.org\/fr\/2007\/02\/royaume-uni-les-adventistes-rejoignent-les-dirigeants-dautres-religions-pour-repondre-au-crime-avec-armes-a-feu\/","url":"https:\/\/interamerica.org\/fr\/2007\/02\/royaume-uni-les-adventistes-rejoignent-les-dirigeants-dautres-religions-pour-repondre-au-crime-avec-armes-a-feu\/","name":"Royaume-Uni : les Adventistes Rejoignent les Dirigeants d&#39;Autres Religions, Pour R\u00e9pondre au Crime Avec Armes \u00e0 Feu - \u00c9glise Adventiste Du Septieme Jour - Inter Am\u00e9rique Division","isPartOf":{"@id":"https:\/\/interamerica.org\/fr\/#website"},"datePublished":"2007-02-23T04:00:00+00:00","dateModified":"2017-06-02T17:14:54+00:00","author":{"@id":"https:\/\/interamerica.org\/fr\/#\/schema\/person\/68ede8bdc292885bb76c1e3810e73c39"},"breadcrumb":{"@id":"https:\/\/interamerica.org\/fr\/2007\/02\/royaume-uni-les-adventistes-rejoignent-les-dirigeants-dautres-religions-pour-repondre-au-crime-avec-armes-a-feu\/#breadcrumb"},"inLanguage":"fr-FR","potentialAction":[{"@type":"ReadAction","target":["https:\/\/interamerica.org\/fr\/2007\/02\/royaume-uni-les-adventistes-rejoignent-les-dirigeants-dautres-religions-pour-repondre-au-crime-avec-armes-a-feu\/"]}]},{"@type":"BreadcrumbList","@id":"https:\/\/interamerica.org\/fr\/2007\/02\/royaume-uni-les-adventistes-rejoignent-les-dirigeants-dautres-religions-pour-repondre-au-crime-avec-armes-a-feu\/#breadcrumb","itemListElement":[{"@type":"ListItem","position":1,"name":"Home","item":"https:\/\/interamerica.org\/fr\/"},{"@type":"ListItem","position":2,"name":"Royaume-Uni : les Adventistes Rejoignent les Dirigeants d&#39;Autres Religions, Pour R\u00e9pondre au Crime Avec Armes \u00e0 Feu"}]},{"@type":"WebSite","@id":"https:\/\/interamerica.org\/fr\/#website","url":"https:\/\/interamerica.org\/fr\/","name":"\u00c9glise Adventiste Du Septieme Jour - Inter Am\u00e9rique Division","description":"","potentialAction":[{"@type":"SearchAction","target":{"@type":"EntryPoint","urlTemplate":"https:\/\/interamerica.org\/fr\/?s={search_term_string}"},"query-input":{"@type":"PropertyValueSpecification","valueRequired":true,"valueName":"search_term_string"}}],"inLanguage":"fr-FR"},{"@type":"Person","@id":"https:\/\/interamerica.org\/fr\/#\/schema\/person\/68ede8bdc292885bb76c1e3810e73c39","name":"Lorenzo Verduzco","image":{"@type":"ImageObject","inLanguage":"fr-FR","@id":"https:\/\/secure.gravatar.com\/avatar\/fb81a55b6218459490a9c1dc841a34909185b81904c5337b4b27f7a6fd60c49e?s=96&d=mm&r=g","url":"https:\/\/secure.gravatar.com\/avatar\/fb81a55b6218459490a9c1dc841a34909185b81904c5337b4b27f7a6fd60c49e?s=96&d=mm&r=g","contentUrl":"https:\/\/secure.gravatar.com\/avatar\/fb81a55b6218459490a9c1dc841a34909185b81904c5337b4b27f7a6fd60c49e?s=96&d=mm&r=g","caption":"Lorenzo Verduzco"}}]}},"_links":{"self":[{"href":"https:\/\/interamerica.org\/fr\/wp-json\/wp\/v2\/posts\/12691","targetHints":{"allow":["GET"]}}],"collection":[{"href":"https:\/\/interamerica.org\/fr\/wp-json\/wp\/v2\/posts"}],"about":[{"href":"https:\/\/interamerica.org\/fr\/wp-json\/wp\/v2\/types\/post"}],"author":[{"embeddable":true,"href":"https:\/\/interamerica.org\/fr\/wp-json\/wp\/v2\/users\/1"}],"replies":[{"embeddable":true,"href":"https:\/\/interamerica.org\/fr\/wp-json\/wp\/v2\/comments?post=12691"}],"version-history":[{"count":0,"href":"https:\/\/interamerica.org\/fr\/wp-json\/wp\/v2\/posts\/12691\/revisions"}],"wp:attachment":[{"href":"https:\/\/interamerica.org\/fr\/wp-json\/wp\/v2\/media?parent=12691"}],"wp:term":[{"taxonomy":"category","embeddable":true,"href":"https:\/\/interamerica.org\/fr\/wp-json\/wp\/v2\/categories?post=12691"},{"taxonomy":"post_tag","embeddable":true,"href":"https:\/\/interamerica.org\/fr\/wp-json\/wp\/v2\/tags?post=12691"}],"curies":[{"name":"wp","href":"https:\/\/api.w.org\/{rel}","templated":true}]}}