{"id":12692,"date":"2007-02-27T00:00:00","date_gmt":"2007-02-27T04:00:00","guid":{"rendered":"http:\/\/192.81.217.108\/interamerica\/2007\/02\/etats-unis-un-documentaire-sur-le-septieme-jour-sera-presente-pour-la-premiere-fois-sur-la-chaine-de-lesperance-hope-channel\/"},"modified":"2017-06-02T13:14:53","modified_gmt":"2017-06-02T17:14:53","slug":"etats-unis-un-documentaire-sur-le-septieme-jour-sera-presente-pour-la-premiere-fois-sur-la-chaine-de-lesperance-hope-channel","status":"publish","type":"post","link":"https:\/\/interamerica.org\/fr\/2007\/02\/etats-unis-un-documentaire-sur-le-septieme-jour-sera-presente-pour-la-premiere-fois-sur-la-chaine-de-lesperance-hope-channel\/","title":{"rendered":"\u00c9tats-Unis : Un Documentaire Sur le Septi\u00e8me Jour Sera pr\u00e9sent\u00e9 Pour la Premi\u00e8re Fois sur la Cha\u00eene de l&#39;Esp\u00e9rance (Hope Channel)"},"content":{"rendered":"<\/p>\n<p><em >27 f\u00e9vrier 2007<\/em > Silver Spring, Maryland, \u00c9tats-Unis&#8230;. [Personnel d&#39;Hope Channel\/ANN] <\/p>\n<p><em >Le Septi\u00e8me Jour : R\u00e9v\u00e9lations des Pages Perdues de l&#39;Histoire<\/em >, une s\u00e9rie documentaire en cinq parties retra\u00e7ant l&#39;histoire du Sabbat du Septi\u00e8me Jour depuis les enseignements r\u00e9volutionnaires de J\u00e9sus jusqu&#39;\u00e0 l&#39;observation du Sabbat par r\u00e9volutionnaires de Taiping, dans la Chine du 19\u00e8me si\u00e8cle, seront retransmis sur la cha\u00eene de t\u00e9l\u00e9vision officielle de l&#39;\u00e9glise adventiste du septi\u00e8me jour, la Cha\u00eene de l&#39;Esp\u00e9rance, \u00e0 partir du 6 avril 2007. <\/p>\n<p>Pr\u00e9par\u00e9 par les Productions LLT de la Californie du Nord,<em > le Septi\u00e8me Jour<\/em >, promu par Hal Holbrook, est pr\u00e9sent\u00e9 sous formes d&#39;entrevues avec environ 50 \u00e9rudits issus de communaut\u00e9s catholiques, juives, Orthodoxes et chr\u00e9tiennes. <\/p>\n<p>Bien que l&#39;angle historique,  confirmant ce que nous croyons, soit appr\u00e9ci\u00e9 par les adventistes, les auteurs et le producteur adjoint Jim Wood disent que lui et d&#39;autres qui ont mont\u00e9 le projet visent les t\u00e9l\u00e9spectateurs de toutes cat\u00e9gories.  <\/p>\n<p>\u00ab\u00a0<em >Le Septi\u00e8me Jour<\/em > est con\u00e7u pour soulever des questions dans l&#39;esprit de ceux qui avaient toujours consid\u00e9r\u00e9 comme allant de soi que le dimanche est le Sabbat Biblique.\u00a0\u00bb <\/p>\n<p>Une grande partie du mat\u00e9riel contenu dans<em > le Septi\u00e8me Jour<\/em > est fond\u00e9e sur des recherches faites par James Arrabito, d\u00e9c\u00e9d\u00e9, qui a pass\u00e9 trois ans \u00e0 voyager \u00e0 travers le monde en vue de retracer l&#39;\u00e9vidence de l&#39;observation historique du Sabbat. <\/p>\n<p>Pour<em > les horaires de retransmission du Septi\u00e8me Jour<\/em >, visiter le site : www.hopetv.org. Pour apprendre davantage sur la s\u00e9rie, visitez le site www.the7thday.org. <\/p>\n","protected":false},"excerpt":{"rendered":"<p>Le Septi\u00e8me Jour : R\u00e9v\u00e9lations des Pages Perdues de l&#39;Histoire, une s\u00e9rie documentaire en cinq parties retra\u00e7ant l&#39;histoire du Sabbat du Septi\u00e8me Jour depuis les enseignements r\u00e9volutionnaire<\/p>\n","protected":false},"author":1,"featured_media":0,"comment_status":"closed","ping_status":"closed","sticky":false,"template":"","format":"standard","meta":{"_acf_changed":false,"footnotes":""},"categories":[9],"tags":[],"class_list":["post-12692","post","type-post","status-publish","format-standard","hentry","category-archive-fr"],"acf":[],"yoast_head":"<!-- This site is optimized with the Yoast SEO plugin v27.3 - https:\/\/yoast.com\/product\/yoast-seo-wordpress\/ -->\n<title>\u00c9tats-Unis : Un Documentaire Sur le Septi\u00e8me Jour Sera pr\u00e9sent\u00e9 Pour la Premi\u00e8re Fois sur la Cha\u00eene de l&#039;Esp\u00e9rance (Hope Channel) - \u00c9glise Adventiste Du Septieme Jour - Inter Am\u00e9rique Division<\/title>\n<meta name=\"robots\" content=\"index, follow, max-snippet:-1, max-image-preview:large, max-video-preview:-1\" \/>\n<link rel=\"canonical\" href=\"https:\/\/interamerica.org\/fr\/2007\/02\/etats-unis-un-documentaire-sur-le-septieme-jour-sera-presente-pour-la-premiere-fois-sur-la-chaine-de-lesperance-hope-channel\/\" \/>\n<meta property=\"og:locale\" content=\"fr_FR\" \/>\n<meta property=\"og:type\" content=\"article\" \/>\n<meta property=\"og:title\" content=\"\u00c9tats-Unis : Un Documentaire Sur le Septi\u00e8me Jour Sera pr\u00e9sent\u00e9 Pour la Premi\u00e8re Fois sur la Cha\u00eene de l&#039;Esp\u00e9rance (Hope Channel) - \u00c9glise Adventiste Du Septieme Jour - Inter Am\u00e9rique Division\" \/>\n<meta property=\"og:description\" content=\"Le Septi\u00e8me Jour : R\u00e9v\u00e9lations des Pages Perdues de l&#039;Histoire, une s\u00e9rie documentaire en cinq parties retra\u00e7ant l&#039;histoire du Sabbat du Septi\u00e8me Jour depuis les enseignements r\u00e9volutionnaire\" \/>\n<meta property=\"og:url\" content=\"https:\/\/interamerica.org\/fr\/2007\/02\/etats-unis-un-documentaire-sur-le-septieme-jour-sera-presente-pour-la-premiere-fois-sur-la-chaine-de-lesperance-hope-channel\/\" \/>\n<meta property=\"og:site_name\" content=\"\u00c9glise Adventiste Du Septieme Jour - Inter Am\u00e9rique Division\" \/>\n<meta property=\"article:published_time\" content=\"2007-02-27T04:00:00+00:00\" \/>\n<meta property=\"article:modified_time\" content=\"2017-06-02T17:14:53+00:00\" \/>\n<meta name=\"author\" content=\"Lorenzo Verduzco\" \/>\n<meta name=\"twitter:card\" content=\"summary_large_image\" \/>\n<meta name=\"twitter:label1\" content=\"\u00c9crit par\" \/>\n\t<meta name=\"twitter:data1\" content=\"Lorenzo Verduzco\" \/>\n\t<meta name=\"twitter:label2\" content=\"Dur\u00e9e de lecture estim\u00e9e\" \/>\n\t<meta name=\"twitter:data2\" content=\"1 minute\" \/>\n<script type=\"application\/ld+json\" class=\"yoast-schema-graph\">{\"@context\":\"https:\\\/\\\/schema.org\",\"@graph\":[{\"@type\":\"Article\",\"@id\":\"https:\\\/\\\/interamerica.org\\\/fr\\\/2007\\\/02\\\/etats-unis-un-documentaire-sur-le-septieme-jour-sera-presente-pour-la-premiere-fois-sur-la-chaine-de-lesperance-hope-channel\\\/#article\",\"isPartOf\":{\"@id\":\"https:\\\/\\\/interamerica.org\\\/fr\\\/2007\\\/02\\\/etats-unis-un-documentaire-sur-le-septieme-jour-sera-presente-pour-la-premiere-fois-sur-la-chaine-de-lesperance-hope-channel\\\/\"},\"author\":{\"name\":\"Lorenzo Verduzco\",\"@id\":\"https:\\\/\\\/interamerica.org\\\/fr\\\/#\\\/schema\\\/person\\\/68ede8bdc292885bb76c1e3810e73c39\"},\"headline\":\"\u00c9tats-Unis : Un Documentaire Sur le Septi\u00e8me Jour Sera pr\u00e9sent\u00e9 Pour la Premi\u00e8re Fois sur la Cha\u00eene de l&#39;Esp\u00e9rance (Hope Channel)\",\"datePublished\":\"2007-02-27T04:00:00+00:00\",\"dateModified\":\"2017-06-02T17:14:53+00:00\",\"mainEntityOfPage\":{\"@id\":\"https:\\\/\\\/interamerica.org\\\/fr\\\/2007\\\/02\\\/etats-unis-un-documentaire-sur-le-septieme-jour-sera-presente-pour-la-premiere-fois-sur-la-chaine-de-lesperance-hope-channel\\\/\"},\"wordCount\":311,\"articleSection\":[\"Archive\"],\"inLanguage\":\"fr-FR\"},{\"@type\":\"WebPage\",\"@id\":\"https:\\\/\\\/interamerica.org\\\/fr\\\/2007\\\/02\\\/etats-unis-un-documentaire-sur-le-septieme-jour-sera-presente-pour-la-premiere-fois-sur-la-chaine-de-lesperance-hope-channel\\\/\",\"url\":\"https:\\\/\\\/interamerica.org\\\/fr\\\/2007\\\/02\\\/etats-unis-un-documentaire-sur-le-septieme-jour-sera-presente-pour-la-premiere-fois-sur-la-chaine-de-lesperance-hope-channel\\\/\",\"name\":\"\u00c9tats-Unis : Un Documentaire Sur le Septi\u00e8me Jour Sera pr\u00e9sent\u00e9 Pour la Premi\u00e8re Fois sur la Cha\u00eene de l&#39;Esp\u00e9rance (Hope Channel) - \u00c9glise Adventiste Du Septieme Jour - Inter Am\u00e9rique Division\",\"isPartOf\":{\"@id\":\"https:\\\/\\\/interamerica.org\\\/fr\\\/#website\"},\"datePublished\":\"2007-02-27T04:00:00+00:00\",\"dateModified\":\"2017-06-02T17:14:53+00:00\",\"author\":{\"@id\":\"https:\\\/\\\/interamerica.org\\\/fr\\\/#\\\/schema\\\/person\\\/68ede8bdc292885bb76c1e3810e73c39\"},\"breadcrumb\":{\"@id\":\"https:\\\/\\\/interamerica.org\\\/fr\\\/2007\\\/02\\\/etats-unis-un-documentaire-sur-le-septieme-jour-sera-presente-pour-la-premiere-fois-sur-la-chaine-de-lesperance-hope-channel\\\/#breadcrumb\"},\"inLanguage\":\"fr-FR\",\"potentialAction\":[{\"@type\":\"ReadAction\",\"target\":[\"https:\\\/\\\/interamerica.org\\\/fr\\\/2007\\\/02\\\/etats-unis-un-documentaire-sur-le-septieme-jour-sera-presente-pour-la-premiere-fois-sur-la-chaine-de-lesperance-hope-channel\\\/\"]}]},{\"@type\":\"BreadcrumbList\",\"@id\":\"https:\\\/\\\/interamerica.org\\\/fr\\\/2007\\\/02\\\/etats-unis-un-documentaire-sur-le-septieme-jour-sera-presente-pour-la-premiere-fois-sur-la-chaine-de-lesperance-hope-channel\\\/#breadcrumb\",\"itemListElement\":[{\"@type\":\"ListItem\",\"position\":1,\"name\":\"Home\",\"item\":\"https:\\\/\\\/interamerica.org\\\/fr\\\/\"},{\"@type\":\"ListItem\",\"position\":2,\"name\":\"\u00c9tats-Unis : Un Documentaire Sur le Septi\u00e8me Jour Sera pr\u00e9sent\u00e9 Pour la Premi\u00e8re Fois sur la Cha\u00eene de l&#39;Esp\u00e9rance (Hope Channel)\"}]},{\"@type\":\"WebSite\",\"@id\":\"https:\\\/\\\/interamerica.org\\\/fr\\\/#website\",\"url\":\"https:\\\/\\\/interamerica.org\\\/fr\\\/\",\"name\":\"\u00c9glise Adventiste Du Septieme Jour - Inter Am\u00e9rique Division\",\"description\":\"\",\"potentialAction\":[{\"@type\":\"SearchAction\",\"target\":{\"@type\":\"EntryPoint\",\"urlTemplate\":\"https:\\\/\\\/interamerica.org\\\/fr\\\/?s={search_term_string}\"},\"query-input\":{\"@type\":\"PropertyValueSpecification\",\"valueRequired\":true,\"valueName\":\"search_term_string\"}}],\"inLanguage\":\"fr-FR\"},{\"@type\":\"Person\",\"@id\":\"https:\\\/\\\/interamerica.org\\\/fr\\\/#\\\/schema\\\/person\\\/68ede8bdc292885bb76c1e3810e73c39\",\"name\":\"Lorenzo Verduzco\",\"image\":{\"@type\":\"ImageObject\",\"inLanguage\":\"fr-FR\",\"@id\":\"https:\\\/\\\/secure.gravatar.com\\\/avatar\\\/fb81a55b6218459490a9c1dc841a34909185b81904c5337b4b27f7a6fd60c49e?s=96&d=mm&r=g\",\"url\":\"https:\\\/\\\/secure.gravatar.com\\\/avatar\\\/fb81a55b6218459490a9c1dc841a34909185b81904c5337b4b27f7a6fd60c49e?s=96&d=mm&r=g\",\"contentUrl\":\"https:\\\/\\\/secure.gravatar.com\\\/avatar\\\/fb81a55b6218459490a9c1dc841a34909185b81904c5337b4b27f7a6fd60c49e?s=96&d=mm&r=g\",\"caption\":\"Lorenzo Verduzco\"}}]}<\/script>\n<!-- \/ Yoast SEO plugin. -->","yoast_head_json":{"title":"\u00c9tats-Unis : Un Documentaire Sur le Septi\u00e8me Jour Sera pr\u00e9sent\u00e9 Pour la Premi\u00e8re Fois sur la Cha\u00eene de l&#39;Esp\u00e9rance (Hope Channel) - \u00c9glise Adventiste Du Septieme Jour - Inter Am\u00e9rique Division","robots":{"index":"index","follow":"follow","max-snippet":"max-snippet:-1","max-image-preview":"max-image-preview:large","max-video-preview":"max-video-preview:-1"},"canonical":"https:\/\/interamerica.org\/fr\/2007\/02\/etats-unis-un-documentaire-sur-le-septieme-jour-sera-presente-pour-la-premiere-fois-sur-la-chaine-de-lesperance-hope-channel\/","og_locale":"fr_FR","og_type":"article","og_title":"\u00c9tats-Unis : Un Documentaire Sur le Septi\u00e8me Jour Sera pr\u00e9sent\u00e9 Pour la Premi\u00e8re Fois sur la Cha\u00eene de l&#39;Esp\u00e9rance (Hope Channel) - \u00c9glise Adventiste Du Septieme Jour - Inter Am\u00e9rique Division","og_description":"Le Septi\u00e8me Jour : R\u00e9v\u00e9lations des Pages Perdues de l&#39;Histoire, une s\u00e9rie documentaire en cinq parties retra\u00e7ant l&#39;histoire du Sabbat du Septi\u00e8me Jour depuis les enseignements r\u00e9volutionnaire","og_url":"https:\/\/interamerica.org\/fr\/2007\/02\/etats-unis-un-documentaire-sur-le-septieme-jour-sera-presente-pour-la-premiere-fois-sur-la-chaine-de-lesperance-hope-channel\/","og_site_name":"\u00c9glise Adventiste Du Septieme Jour - Inter Am\u00e9rique Division","article_published_time":"2007-02-27T04:00:00+00:00","article_modified_time":"2017-06-02T17:14:53+00:00","author":"Lorenzo Verduzco","twitter_card":"summary_large_image","twitter_misc":{"\u00c9crit par":"Lorenzo Verduzco","Dur\u00e9e de lecture estim\u00e9e":"1 minute"},"schema":{"@context":"https:\/\/schema.org","@graph":[{"@type":"Article","@id":"https:\/\/interamerica.org\/fr\/2007\/02\/etats-unis-un-documentaire-sur-le-septieme-jour-sera-presente-pour-la-premiere-fois-sur-la-chaine-de-lesperance-hope-channel\/#article","isPartOf":{"@id":"https:\/\/interamerica.org\/fr\/2007\/02\/etats-unis-un-documentaire-sur-le-septieme-jour-sera-presente-pour-la-premiere-fois-sur-la-chaine-de-lesperance-hope-channel\/"},"author":{"name":"Lorenzo Verduzco","@id":"https:\/\/interamerica.org\/fr\/#\/schema\/person\/68ede8bdc292885bb76c1e3810e73c39"},"headline":"\u00c9tats-Unis : Un Documentaire Sur le Septi\u00e8me Jour Sera pr\u00e9sent\u00e9 Pour la Premi\u00e8re Fois sur la Cha\u00eene de l&#39;Esp\u00e9rance (Hope Channel)","datePublished":"2007-02-27T04:00:00+00:00","dateModified":"2017-06-02T17:14:53+00:00","mainEntityOfPage":{"@id":"https:\/\/interamerica.org\/fr\/2007\/02\/etats-unis-un-documentaire-sur-le-septieme-jour-sera-presente-pour-la-premiere-fois-sur-la-chaine-de-lesperance-hope-channel\/"},"wordCount":311,"articleSection":["Archive"],"inLanguage":"fr-FR"},{"@type":"WebPage","@id":"https:\/\/interamerica.org\/fr\/2007\/02\/etats-unis-un-documentaire-sur-le-septieme-jour-sera-presente-pour-la-premiere-fois-sur-la-chaine-de-lesperance-hope-channel\/","url":"https:\/\/interamerica.org\/fr\/2007\/02\/etats-unis-un-documentaire-sur-le-septieme-jour-sera-presente-pour-la-premiere-fois-sur-la-chaine-de-lesperance-hope-channel\/","name":"\u00c9tats-Unis : Un Documentaire Sur le Septi\u00e8me Jour Sera pr\u00e9sent\u00e9 Pour la Premi\u00e8re Fois sur la Cha\u00eene de l&#39;Esp\u00e9rance (Hope Channel) - \u00c9glise Adventiste Du Septieme Jour - Inter Am\u00e9rique Division","isPartOf":{"@id":"https:\/\/interamerica.org\/fr\/#website"},"datePublished":"2007-02-27T04:00:00+00:00","dateModified":"2017-06-02T17:14:53+00:00","author":{"@id":"https:\/\/interamerica.org\/fr\/#\/schema\/person\/68ede8bdc292885bb76c1e3810e73c39"},"breadcrumb":{"@id":"https:\/\/interamerica.org\/fr\/2007\/02\/etats-unis-un-documentaire-sur-le-septieme-jour-sera-presente-pour-la-premiere-fois-sur-la-chaine-de-lesperance-hope-channel\/#breadcrumb"},"inLanguage":"fr-FR","potentialAction":[{"@type":"ReadAction","target":["https:\/\/interamerica.org\/fr\/2007\/02\/etats-unis-un-documentaire-sur-le-septieme-jour-sera-presente-pour-la-premiere-fois-sur-la-chaine-de-lesperance-hope-channel\/"]}]},{"@type":"BreadcrumbList","@id":"https:\/\/interamerica.org\/fr\/2007\/02\/etats-unis-un-documentaire-sur-le-septieme-jour-sera-presente-pour-la-premiere-fois-sur-la-chaine-de-lesperance-hope-channel\/#breadcrumb","itemListElement":[{"@type":"ListItem","position":1,"name":"Home","item":"https:\/\/interamerica.org\/fr\/"},{"@type":"ListItem","position":2,"name":"\u00c9tats-Unis : Un Documentaire Sur le Septi\u00e8me Jour Sera pr\u00e9sent\u00e9 Pour la Premi\u00e8re Fois sur la Cha\u00eene de l&#39;Esp\u00e9rance (Hope Channel)"}]},{"@type":"WebSite","@id":"https:\/\/interamerica.org\/fr\/#website","url":"https:\/\/interamerica.org\/fr\/","name":"\u00c9glise Adventiste Du Septieme Jour - Inter Am\u00e9rique Division","description":"","potentialAction":[{"@type":"SearchAction","target":{"@type":"EntryPoint","urlTemplate":"https:\/\/interamerica.org\/fr\/?s={search_term_string}"},"query-input":{"@type":"PropertyValueSpecification","valueRequired":true,"valueName":"search_term_string"}}],"inLanguage":"fr-FR"},{"@type":"Person","@id":"https:\/\/interamerica.org\/fr\/#\/schema\/person\/68ede8bdc292885bb76c1e3810e73c39","name":"Lorenzo Verduzco","image":{"@type":"ImageObject","inLanguage":"fr-FR","@id":"https:\/\/secure.gravatar.com\/avatar\/fb81a55b6218459490a9c1dc841a34909185b81904c5337b4b27f7a6fd60c49e?s=96&d=mm&r=g","url":"https:\/\/secure.gravatar.com\/avatar\/fb81a55b6218459490a9c1dc841a34909185b81904c5337b4b27f7a6fd60c49e?s=96&d=mm&r=g","contentUrl":"https:\/\/secure.gravatar.com\/avatar\/fb81a55b6218459490a9c1dc841a34909185b81904c5337b4b27f7a6fd60c49e?s=96&d=mm&r=g","caption":"Lorenzo Verduzco"}}]}},"_links":{"self":[{"href":"https:\/\/interamerica.org\/fr\/wp-json\/wp\/v2\/posts\/12692","targetHints":{"allow":["GET"]}}],"collection":[{"href":"https:\/\/interamerica.org\/fr\/wp-json\/wp\/v2\/posts"}],"about":[{"href":"https:\/\/interamerica.org\/fr\/wp-json\/wp\/v2\/types\/post"}],"author":[{"embeddable":true,"href":"https:\/\/interamerica.org\/fr\/wp-json\/wp\/v2\/users\/1"}],"replies":[{"embeddable":true,"href":"https:\/\/interamerica.org\/fr\/wp-json\/wp\/v2\/comments?post=12692"}],"version-history":[{"count":0,"href":"https:\/\/interamerica.org\/fr\/wp-json\/wp\/v2\/posts\/12692\/revisions"}],"wp:attachment":[{"href":"https:\/\/interamerica.org\/fr\/wp-json\/wp\/v2\/media?parent=12692"}],"wp:term":[{"taxonomy":"category","embeddable":true,"href":"https:\/\/interamerica.org\/fr\/wp-json\/wp\/v2\/categories?post=12692"},{"taxonomy":"post_tag","embeddable":true,"href":"https:\/\/interamerica.org\/fr\/wp-json\/wp\/v2\/tags?post=12692"}],"curies":[{"name":"wp","href":"https:\/\/api.w.org\/{rel}","templated":true}]}}