{"id":12693,"date":"2007-02-21T00:00:00","date_gmt":"2007-02-21T04:00:00","guid":{"rendered":"http:\/\/192.81.217.108\/interamerica\/2007\/02\/inter-amerique-les-responsables-de-communication-se-sont-rencontres-pour-etablir-une-commission-des-medias-de-la-iad\/"},"modified":"2017-06-02T13:14:55","modified_gmt":"2017-06-02T17:14:55","slug":"inter-amerique-les-responsables-de-communication-se-sont-rencontres-pour-etablir-une-commission-des-medias-de-la-iad","status":"publish","type":"post","link":"https:\/\/interamerica.org\/fr\/2007\/02\/inter-amerique-les-responsables-de-communication-se-sont-rencontres-pour-etablir-une-commission-des-medias-de-la-iad\/","title":{"rendered":"Inter Am\u00e9rique : les Responsables de Communication Se Sont rencontr\u00e9s pour \u00c9tablir Une Commission des M\u00e9dias de la IAD"},"content":{"rendered":"<\/p>\n<p>Miami, la Floride, les \u00c9tats-Unis&#8230; [Libna Stevens\/IAD] <\/p>\n<p>Depuis plus de 150 ans, communiquer la bonne nouvelle du salut en J\u00e9sus Christ a \u00e9t\u00e9 au coeur de la mission de l&#39;\u00c9glise Adventiste du Septi\u00e8me Jour, une \u00e9glise qui est pass\u00e9e d&#39;un petit groupe de croyants \u00e0 plus de 14 millions de membres. Le message adventiste s&#39;est r\u00e9pandu par la page imprim\u00e9 et \u00e0 travers des programmes radio et de t\u00e9l\u00e9vision ; et aujourd&#39;hui les \u00e9missions par satellites et les minist\u00e8res Internet sont capables de semer la Bonne Nouvelle encore plus loin.<\/p>\n<p>Avec son nombre de membres atteignant les 3 millions, la Division interam\u00e9ricaine (IAD) a fait de la haute technologie tant traditionnelle que nouvelle une de ses priorit\u00e9s majeures, en invitant les membres dirigeants de l&#39;Eglise \u00e0 travers le territoire \u00e0 un concile sp\u00e9cial en vue de coordonner et d&#39;unifier les stations de radio et les minist\u00e8res de production de t\u00e9l\u00e9vision partout dans l&#39;IAD. La premi\u00e8re r\u00e9union de ce concile, tenue au d\u00e9but de ce mois, a r\u00e9uni plus de 50 responsables des communications, des stations de radio et des membres du personnel de productions de t\u00e9l\u00e9vision afin de chercher de meilleures fa\u00e7ons d&#39;am\u00e9liorer leurs talents, de travailler ensemble et d&#39;augmenter l&#39;utilisation des ressources disponibles. <\/p>\n<p>\u00ab\u00a0Cette r\u00e9union \u00e9tait n\u00e9cessaire parce que nous avons un certain nombre d&#39;entit\u00e9s de la communication audiovisuelle qui op\u00e8rent fondamentalement dans l&#39;isolement l&#39;un par rapport \u00e0 l&#39;autre ; ainsi cette r\u00e9union les a r\u00e9unis de mani\u00e8re que nous puissions accomplir davantage avec tout l&#39;investissement fait pour \u00e9mettre l&#39;\u00c9vangile par la voie des ondes,\u00a0\u00bb a dit pasteur L\u00e9on B. Wellington, vice-pr\u00e9sident et directeur des communications pour l&#39;\u00e9glise en Inter Am\u00e9rique. <\/p>\n<p>Un des principaux soucis abord\u00e9s \u00e0 la r\u00e9union de ce concile \u00e9tait bas\u00e9 sur la mani\u00e8re d&#39;unifier le message et de trouver une m\u00e9thode pour aider les stations qui s&#39;\u00e9vertuent \u00e0 devenir plus solides financi\u00e8rement. <\/p>\n<p>Des sujets sur le respect des principes et des enseignements adventistes dans le contexte des \u00e9missions ratio\/Tv,  et des rappels sur le r\u00f4le que joue la Radio Mondiale Adventiste en s&#39;adressant \u00e0 des millions de  personnes dans des r\u00e9gions de l&#39;Afrique du Nord et du Moyen-Orient en Asie et Pacifique, ont \u00e9t\u00e9 abord\u00e9s. Ces pr\u00e9sentations \u00e9taient adress\u00e9es sp\u00e9cialement aux directeurs de stations de radio appartenant \u00e0 l&#39;\u00e9glise et priv\u00e9es, partout dans IAD. <\/p>\n<p>Un th\u00e8me important \u00e0 l&#39;ordre du jour du concile \u00e9tait :<em > \u00ab\u00a0Pentec\u00f4te<\/em ><em > et Plus\u00a0\u00bb (Pentecost and More)<strong > <\/strong ><\/em >de la Division Interam\u00e9ricaine, programme par satellite pr\u00e9par\u00e9 pour c\u00e9l\u00e9brer le d\u00e9passement de trois millions de membres, le 24 mars. Les communicateurs de chaque territoire d&#39;Union ont re\u00e7u des instructions pour la r\u00e9ception par satellite, au moyen de tests et d&#39;essais ; et sur leur r\u00f4le dans leurs champs locaux lors de la retransmission en direct des grands bapt\u00eames de ce jour-l\u00e0.<\/p>\n<p>Une d\u00e9monstration grandeur nature sur les principes fondamentaux de production pour la t\u00e9l\u00e9vision, avec le style d&#39;interview en studio, sur la mani\u00e8re d&#39;utiliser une cam\u00e9ra ou plusieurs pour une m\u00eame production, a \u00e9t\u00e9 aussi offerte. <\/p>\n<p>Des rappels ont \u00e9t\u00e9 aussi faits aux communicateurs sur l&#39;utilisation du logo de l&#39;\u00e9glise officiel, sur les directives pour les sites Internet de l&#39;\u00c9glise Adventiste, les conseils  pour \u00e9quiper les studios et les nouveaux moyens de communications \u00e0 l&#39;aide des (blogs) et de la discussion en ligne. <\/p>\n<p>Les participants ont re\u00e7u l&#39;opportunit\u00e9 de pr\u00e9senter des informations sur les progr\u00e8s technologiques de communications et audiovisuels dans leurs territoires respectifs.<\/p>\n<p> \u00c0 la suite du concile, une Commission des M\u00e9dias de la Division interam\u00e9ricaine a \u00e9t\u00e9 form\u00e9e, ainsi qu&#39;un ensemble de directives pour gouverner cette commission a \u00e9t\u00e9 \u00e9tabli. En plus du personnel du d\u00e9partement de Communication de la IAD, les membres \u00e9lus sont les suivants : <\/p>\n<p><em >Pr\u00e9sident : Silvestre Gonzalez de l&#39;Union dominicaine <\/em ><\/p>\n<p><em ><\/em ><em ><\/em ><em >Vice-pr\u00e9sidents : Nigel Coke de l&#39;Union des Indes Occidentales et Daniel Lassonier de l&#39;Union des Antilles et Guyane  fran\u00e7aises. <\/em ><\/p>\n<p><em ><\/em ><em ><\/em ><em >Secr\u00e9taire : Rodolfo Escobar de l&#39;Union du Venezuela  et Antilles <\/em ><\/p>\n<p><em ><\/em ><em ><\/em ><em >Tr\u00e9sorier : Marloon Moodie de l&#39;Union Central am\u00e9ricaine Sud <\/em ><\/p>\n<p><em ><\/em ><em ><\/em ><em >Membres : Abel Marquez de l&#39;Universit\u00e9 de Montemorelos et de Tania Fran\u00e7ois-Haugrin de la Martinique. <\/em ><\/p>\n<p><em ><\/em ><em ><\/em >Parmi ses buts et objectifs, la commission facilitera \u00ab\u00a0les opportunit\u00e9s de formation en groupe et en ligne pour le personnel technique et d&#39;administration, motivera les institutions et les producteurs \u00e0 cr\u00e9er et \u00e0 partager de nouveaux programmes, des id\u00e9es de programme et des ressources, \u00e0 d\u00e9velopper un ensemble de normes de fonctionnement et de directives pour les programmes, \u00e0 mettre en place un forum pour la discussion, le d\u00e9veloppement et l&#39;\u00e9change de programmes, pour la gestion des r\u00e9seaux, pour la collecte de fonds et le partageant d&#39;informations sur des moyens plus efficaces permettant d&#39;atteindre les objectifs indiqu\u00e9s avec des moyens efficaces.\u00a0\u00bb <\/p>\n<p>Plusieurs communicateurs ont vu les avantages du travail en r\u00e9seaux et des r\u00e9unions conjointes et ont ext\u00e9rioris\u00e9 certains des d\u00e9fis auxquels ils ont \u00e0 faire face.<\/p>\n<p> \u00ab\u00a0Je crois que c&#39;est une magnifique id\u00e9e qu&#39;en tant que communicateurs, nous puissions \u00e9tablir des liens de collaboration et de communication, pas seulement une fois par an ; je crois que c&#39;est une grande opportunit\u00e9 que nous avons d&#39;utiliser la technologie tels les groupes Internet, blogs et autres de ce genre pour communiquer l&#39;un avec l&#39;autre et apprendre l&#39;un de l&#39;autre,\u00a0\u00bb a dit Abel Marquez qui \u00e9tait l&#39;un pr\u00e9sentateur au s\u00e9minaire et qui est responsable du d\u00e9partement de communication \u00e0 l&#39;Universit\u00e9 de Montemorelos, au Mexique. <\/p>\n<p>\u00ab\u00a0C\u00e0 a \u00e9t\u00e9 un tr\u00e8s bon entra\u00eenement, car nous avons appris des choses pratiques, telles la mani\u00e8re d&#39;utiliser un blog, de faire marcher une cam\u00e9ra, de monter un programme [de t\u00e9l\u00e9vision], des choses que nous avions besoin de partager l&#39;un avec l&#39;autre pour qu&#39;ensemble nous puissions nous sentir soutenus et faisant partie d&#39;une m\u00eame famille,\u00a0\u00bb a soulign\u00e9 Rodolfo Escobar, directeur des communications l&#39;Union du Venezuela  et Antilles. <\/p>\n<p>Jorge Diaz du Centre de Productions \u00e0 l&#39;Universit\u00e9 Adventiste de la Colombie a \u00e9t\u00e9 satisfait pour l&#39;opportunit\u00e9 de participer au concile, mais a aussi fait appel \u00e0 la direction de l&#39;\u00e9glise pour qu&#39;elle soutienne avec des ressources humaines et des fonds. <\/p>\n<p>\u00ab\u00a0Je crois qu&#39;il est tr\u00e8s important que la Division travaille avec nous dans les aspects pratiques des productions &#8230; parce que nous avons certains projets \u00e0 mener \u00e0 bien et nous pourrions collaborer et profiter essentiellement l&#39;un de l&#39;autre dans tout le territoire,\u00a0\u00bb a dit Diaz. <\/p>\n<p>Le fait de collaborer est ce que les communicateurs souhaitent voir se refl\u00e9ter pendant les mois et les ann\u00e9es qui suivent, alors qu&#39;ils mettent ensemble leurs forces pour communiquer l&#39;amour de Dieu et l&#39;esp\u00e9rance partout dans le territoire de la IAD et dans le monde.   <\/p>\n","protected":false},"excerpt":{"rendered":"<p>Depuis plus de 150 ans, communiquer la bonne nouvelle du salut en J\u00e9sus Christ a \u00e9t\u00e9 au coeur de la mission de l&#39;\u00c9glise Adventiste du Septi\u00e8me Jour, une \u00e9glise qui est pass\u00e9e d&#39;un petit groupe d<\/p>\n","protected":false},"author":1,"featured_media":0,"comment_status":"closed","ping_status":"closed","sticky":false,"template":"","format":"standard","meta":{"_acf_changed":false,"footnotes":""},"categories":[9],"tags":[],"class_list":["post-12693","post","type-post","status-publish","format-standard","hentry","category-archive-fr"],"acf":[],"yoast_head":"<!-- This site is optimized with the Yoast SEO plugin v27.3 - https:\/\/yoast.com\/product\/yoast-seo-wordpress\/ -->\n<title>Inter Am\u00e9rique : les Responsables de Communication Se Sont rencontr\u00e9s pour \u00c9tablir Une Commission des M\u00e9dias de la IAD - \u00c9glise Adventiste Du Septieme Jour - Inter Am\u00e9rique Division<\/title>\n<meta name=\"robots\" content=\"index, follow, max-snippet:-1, max-image-preview:large, max-video-preview:-1\" \/>\n<link rel=\"canonical\" href=\"https:\/\/interamerica.org\/fr\/2007\/02\/inter-amerique-les-responsables-de-communication-se-sont-rencontres-pour-etablir-une-commission-des-medias-de-la-iad\/\" \/>\n<meta property=\"og:locale\" content=\"fr_FR\" \/>\n<meta property=\"og:type\" content=\"article\" \/>\n<meta property=\"og:title\" content=\"Inter Am\u00e9rique : les Responsables de Communication Se Sont rencontr\u00e9s pour \u00c9tablir Une Commission des M\u00e9dias de la IAD - \u00c9glise Adventiste Du Septieme Jour - Inter Am\u00e9rique Division\" \/>\n<meta property=\"og:description\" content=\"Depuis plus de 150 ans, communiquer la bonne nouvelle du salut en J\u00e9sus Christ a \u00e9t\u00e9 au coeur de la mission de l&#039;\u00c9glise Adventiste du Septi\u00e8me Jour, une \u00e9glise qui est pass\u00e9e d&#039;un petit groupe d\" \/>\n<meta property=\"og:url\" content=\"https:\/\/interamerica.org\/fr\/2007\/02\/inter-amerique-les-responsables-de-communication-se-sont-rencontres-pour-etablir-une-commission-des-medias-de-la-iad\/\" \/>\n<meta property=\"og:site_name\" content=\"\u00c9glise Adventiste Du Septieme Jour - Inter Am\u00e9rique Division\" \/>\n<meta property=\"article:published_time\" content=\"2007-02-21T04:00:00+00:00\" \/>\n<meta property=\"article:modified_time\" content=\"2017-06-02T17:14:55+00:00\" \/>\n<meta name=\"author\" content=\"Lorenzo Verduzco\" \/>\n<meta name=\"twitter:card\" content=\"summary_large_image\" \/>\n<meta name=\"twitter:label1\" content=\"\u00c9crit par\" \/>\n\t<meta name=\"twitter:data1\" content=\"Lorenzo Verduzco\" \/>\n\t<meta name=\"twitter:label2\" content=\"Dur\u00e9e de lecture estim\u00e9e\" \/>\n\t<meta name=\"twitter:data2\" content=\"6 minutes\" \/>\n<script type=\"application\/ld+json\" class=\"yoast-schema-graph\">{\"@context\":\"https:\\\/\\\/schema.org\",\"@graph\":[{\"@type\":\"Article\",\"@id\":\"https:\\\/\\\/interamerica.org\\\/fr\\\/2007\\\/02\\\/inter-amerique-les-responsables-de-communication-se-sont-rencontres-pour-etablir-une-commission-des-medias-de-la-iad\\\/#article\",\"isPartOf\":{\"@id\":\"https:\\\/\\\/interamerica.org\\\/fr\\\/2007\\\/02\\\/inter-amerique-les-responsables-de-communication-se-sont-rencontres-pour-etablir-une-commission-des-medias-de-la-iad\\\/\"},\"author\":{\"name\":\"Lorenzo Verduzco\",\"@id\":\"https:\\\/\\\/interamerica.org\\\/fr\\\/#\\\/schema\\\/person\\\/68ede8bdc292885bb76c1e3810e73c39\"},\"headline\":\"Inter Am\u00e9rique : les Responsables de Communication Se Sont rencontr\u00e9s pour \u00c9tablir Une Commission des M\u00e9dias de la IAD\",\"datePublished\":\"2007-02-21T04:00:00+00:00\",\"dateModified\":\"2017-06-02T17:14:55+00:00\",\"mainEntityOfPage\":{\"@id\":\"https:\\\/\\\/interamerica.org\\\/fr\\\/2007\\\/02\\\/inter-amerique-les-responsables-de-communication-se-sont-rencontres-pour-etablir-une-commission-des-medias-de-la-iad\\\/\"},\"wordCount\":1231,\"articleSection\":[\"Archive\"],\"inLanguage\":\"fr-FR\"},{\"@type\":\"WebPage\",\"@id\":\"https:\\\/\\\/interamerica.org\\\/fr\\\/2007\\\/02\\\/inter-amerique-les-responsables-de-communication-se-sont-rencontres-pour-etablir-une-commission-des-medias-de-la-iad\\\/\",\"url\":\"https:\\\/\\\/interamerica.org\\\/fr\\\/2007\\\/02\\\/inter-amerique-les-responsables-de-communication-se-sont-rencontres-pour-etablir-une-commission-des-medias-de-la-iad\\\/\",\"name\":\"Inter Am\u00e9rique : les Responsables de Communication Se Sont rencontr\u00e9s pour \u00c9tablir Une Commission des M\u00e9dias de la IAD - \u00c9glise Adventiste Du Septieme Jour - Inter Am\u00e9rique Division\",\"isPartOf\":{\"@id\":\"https:\\\/\\\/interamerica.org\\\/fr\\\/#website\"},\"datePublished\":\"2007-02-21T04:00:00+00:00\",\"dateModified\":\"2017-06-02T17:14:55+00:00\",\"author\":{\"@id\":\"https:\\\/\\\/interamerica.org\\\/fr\\\/#\\\/schema\\\/person\\\/68ede8bdc292885bb76c1e3810e73c39\"},\"breadcrumb\":{\"@id\":\"https:\\\/\\\/interamerica.org\\\/fr\\\/2007\\\/02\\\/inter-amerique-les-responsables-de-communication-se-sont-rencontres-pour-etablir-une-commission-des-medias-de-la-iad\\\/#breadcrumb\"},\"inLanguage\":\"fr-FR\",\"potentialAction\":[{\"@type\":\"ReadAction\",\"target\":[\"https:\\\/\\\/interamerica.org\\\/fr\\\/2007\\\/02\\\/inter-amerique-les-responsables-de-communication-se-sont-rencontres-pour-etablir-une-commission-des-medias-de-la-iad\\\/\"]}]},{\"@type\":\"BreadcrumbList\",\"@id\":\"https:\\\/\\\/interamerica.org\\\/fr\\\/2007\\\/02\\\/inter-amerique-les-responsables-de-communication-se-sont-rencontres-pour-etablir-une-commission-des-medias-de-la-iad\\\/#breadcrumb\",\"itemListElement\":[{\"@type\":\"ListItem\",\"position\":1,\"name\":\"Home\",\"item\":\"https:\\\/\\\/interamerica.org\\\/fr\\\/\"},{\"@type\":\"ListItem\",\"position\":2,\"name\":\"Inter Am\u00e9rique : les Responsables de Communication Se Sont rencontr\u00e9s pour \u00c9tablir Une Commission des M\u00e9dias de la IAD\"}]},{\"@type\":\"WebSite\",\"@id\":\"https:\\\/\\\/interamerica.org\\\/fr\\\/#website\",\"url\":\"https:\\\/\\\/interamerica.org\\\/fr\\\/\",\"name\":\"\u00c9glise Adventiste Du Septieme Jour - Inter Am\u00e9rique Division\",\"description\":\"\",\"potentialAction\":[{\"@type\":\"SearchAction\",\"target\":{\"@type\":\"EntryPoint\",\"urlTemplate\":\"https:\\\/\\\/interamerica.org\\\/fr\\\/?s={search_term_string}\"},\"query-input\":{\"@type\":\"PropertyValueSpecification\",\"valueRequired\":true,\"valueName\":\"search_term_string\"}}],\"inLanguage\":\"fr-FR\"},{\"@type\":\"Person\",\"@id\":\"https:\\\/\\\/interamerica.org\\\/fr\\\/#\\\/schema\\\/person\\\/68ede8bdc292885bb76c1e3810e73c39\",\"name\":\"Lorenzo Verduzco\",\"image\":{\"@type\":\"ImageObject\",\"inLanguage\":\"fr-FR\",\"@id\":\"https:\\\/\\\/secure.gravatar.com\\\/avatar\\\/fb81a55b6218459490a9c1dc841a34909185b81904c5337b4b27f7a6fd60c49e?s=96&d=mm&r=g\",\"url\":\"https:\\\/\\\/secure.gravatar.com\\\/avatar\\\/fb81a55b6218459490a9c1dc841a34909185b81904c5337b4b27f7a6fd60c49e?s=96&d=mm&r=g\",\"contentUrl\":\"https:\\\/\\\/secure.gravatar.com\\\/avatar\\\/fb81a55b6218459490a9c1dc841a34909185b81904c5337b4b27f7a6fd60c49e?s=96&d=mm&r=g\",\"caption\":\"Lorenzo Verduzco\"}}]}<\/script>\n<!-- \/ Yoast SEO plugin. -->","yoast_head_json":{"title":"Inter Am\u00e9rique : les Responsables de Communication Se Sont rencontr\u00e9s pour \u00c9tablir Une Commission des M\u00e9dias de la IAD - \u00c9glise Adventiste Du Septieme Jour - Inter Am\u00e9rique Division","robots":{"index":"index","follow":"follow","max-snippet":"max-snippet:-1","max-image-preview":"max-image-preview:large","max-video-preview":"max-video-preview:-1"},"canonical":"https:\/\/interamerica.org\/fr\/2007\/02\/inter-amerique-les-responsables-de-communication-se-sont-rencontres-pour-etablir-une-commission-des-medias-de-la-iad\/","og_locale":"fr_FR","og_type":"article","og_title":"Inter Am\u00e9rique : les Responsables de Communication Se Sont rencontr\u00e9s pour \u00c9tablir Une Commission des M\u00e9dias de la IAD - \u00c9glise Adventiste Du Septieme Jour - Inter Am\u00e9rique Division","og_description":"Depuis plus de 150 ans, communiquer la bonne nouvelle du salut en J\u00e9sus Christ a \u00e9t\u00e9 au coeur de la mission de l&#39;\u00c9glise Adventiste du Septi\u00e8me Jour, une \u00e9glise qui est pass\u00e9e d&#39;un petit groupe d","og_url":"https:\/\/interamerica.org\/fr\/2007\/02\/inter-amerique-les-responsables-de-communication-se-sont-rencontres-pour-etablir-une-commission-des-medias-de-la-iad\/","og_site_name":"\u00c9glise Adventiste Du Septieme Jour - Inter Am\u00e9rique Division","article_published_time":"2007-02-21T04:00:00+00:00","article_modified_time":"2017-06-02T17:14:55+00:00","author":"Lorenzo Verduzco","twitter_card":"summary_large_image","twitter_misc":{"\u00c9crit par":"Lorenzo Verduzco","Dur\u00e9e de lecture estim\u00e9e":"6 minutes"},"schema":{"@context":"https:\/\/schema.org","@graph":[{"@type":"Article","@id":"https:\/\/interamerica.org\/fr\/2007\/02\/inter-amerique-les-responsables-de-communication-se-sont-rencontres-pour-etablir-une-commission-des-medias-de-la-iad\/#article","isPartOf":{"@id":"https:\/\/interamerica.org\/fr\/2007\/02\/inter-amerique-les-responsables-de-communication-se-sont-rencontres-pour-etablir-une-commission-des-medias-de-la-iad\/"},"author":{"name":"Lorenzo Verduzco","@id":"https:\/\/interamerica.org\/fr\/#\/schema\/person\/68ede8bdc292885bb76c1e3810e73c39"},"headline":"Inter Am\u00e9rique : les Responsables de Communication Se Sont rencontr\u00e9s pour \u00c9tablir Une Commission des M\u00e9dias de la IAD","datePublished":"2007-02-21T04:00:00+00:00","dateModified":"2017-06-02T17:14:55+00:00","mainEntityOfPage":{"@id":"https:\/\/interamerica.org\/fr\/2007\/02\/inter-amerique-les-responsables-de-communication-se-sont-rencontres-pour-etablir-une-commission-des-medias-de-la-iad\/"},"wordCount":1231,"articleSection":["Archive"],"inLanguage":"fr-FR"},{"@type":"WebPage","@id":"https:\/\/interamerica.org\/fr\/2007\/02\/inter-amerique-les-responsables-de-communication-se-sont-rencontres-pour-etablir-une-commission-des-medias-de-la-iad\/","url":"https:\/\/interamerica.org\/fr\/2007\/02\/inter-amerique-les-responsables-de-communication-se-sont-rencontres-pour-etablir-une-commission-des-medias-de-la-iad\/","name":"Inter Am\u00e9rique : les Responsables de Communication Se Sont rencontr\u00e9s pour \u00c9tablir Une Commission des M\u00e9dias de la IAD - \u00c9glise Adventiste Du Septieme Jour - Inter Am\u00e9rique Division","isPartOf":{"@id":"https:\/\/interamerica.org\/fr\/#website"},"datePublished":"2007-02-21T04:00:00+00:00","dateModified":"2017-06-02T17:14:55+00:00","author":{"@id":"https:\/\/interamerica.org\/fr\/#\/schema\/person\/68ede8bdc292885bb76c1e3810e73c39"},"breadcrumb":{"@id":"https:\/\/interamerica.org\/fr\/2007\/02\/inter-amerique-les-responsables-de-communication-se-sont-rencontres-pour-etablir-une-commission-des-medias-de-la-iad\/#breadcrumb"},"inLanguage":"fr-FR","potentialAction":[{"@type":"ReadAction","target":["https:\/\/interamerica.org\/fr\/2007\/02\/inter-amerique-les-responsables-de-communication-se-sont-rencontres-pour-etablir-une-commission-des-medias-de-la-iad\/"]}]},{"@type":"BreadcrumbList","@id":"https:\/\/interamerica.org\/fr\/2007\/02\/inter-amerique-les-responsables-de-communication-se-sont-rencontres-pour-etablir-une-commission-des-medias-de-la-iad\/#breadcrumb","itemListElement":[{"@type":"ListItem","position":1,"name":"Home","item":"https:\/\/interamerica.org\/fr\/"},{"@type":"ListItem","position":2,"name":"Inter Am\u00e9rique : les Responsables de Communication Se Sont rencontr\u00e9s pour \u00c9tablir Une Commission des M\u00e9dias de la IAD"}]},{"@type":"WebSite","@id":"https:\/\/interamerica.org\/fr\/#website","url":"https:\/\/interamerica.org\/fr\/","name":"\u00c9glise Adventiste Du Septieme Jour - Inter Am\u00e9rique Division","description":"","potentialAction":[{"@type":"SearchAction","target":{"@type":"EntryPoint","urlTemplate":"https:\/\/interamerica.org\/fr\/?s={search_term_string}"},"query-input":{"@type":"PropertyValueSpecification","valueRequired":true,"valueName":"search_term_string"}}],"inLanguage":"fr-FR"},{"@type":"Person","@id":"https:\/\/interamerica.org\/fr\/#\/schema\/person\/68ede8bdc292885bb76c1e3810e73c39","name":"Lorenzo Verduzco","image":{"@type":"ImageObject","inLanguage":"fr-FR","@id":"https:\/\/secure.gravatar.com\/avatar\/fb81a55b6218459490a9c1dc841a34909185b81904c5337b4b27f7a6fd60c49e?s=96&d=mm&r=g","url":"https:\/\/secure.gravatar.com\/avatar\/fb81a55b6218459490a9c1dc841a34909185b81904c5337b4b27f7a6fd60c49e?s=96&d=mm&r=g","contentUrl":"https:\/\/secure.gravatar.com\/avatar\/fb81a55b6218459490a9c1dc841a34909185b81904c5337b4b27f7a6fd60c49e?s=96&d=mm&r=g","caption":"Lorenzo Verduzco"}}]}},"_links":{"self":[{"href":"https:\/\/interamerica.org\/fr\/wp-json\/wp\/v2\/posts\/12693","targetHints":{"allow":["GET"]}}],"collection":[{"href":"https:\/\/interamerica.org\/fr\/wp-json\/wp\/v2\/posts"}],"about":[{"href":"https:\/\/interamerica.org\/fr\/wp-json\/wp\/v2\/types\/post"}],"author":[{"embeddable":true,"href":"https:\/\/interamerica.org\/fr\/wp-json\/wp\/v2\/users\/1"}],"replies":[{"embeddable":true,"href":"https:\/\/interamerica.org\/fr\/wp-json\/wp\/v2\/comments?post=12693"}],"version-history":[{"count":0,"href":"https:\/\/interamerica.org\/fr\/wp-json\/wp\/v2\/posts\/12693\/revisions"}],"wp:attachment":[{"href":"https:\/\/interamerica.org\/fr\/wp-json\/wp\/v2\/media?parent=12693"}],"wp:term":[{"taxonomy":"category","embeddable":true,"href":"https:\/\/interamerica.org\/fr\/wp-json\/wp\/v2\/categories?post=12693"},{"taxonomy":"post_tag","embeddable":true,"href":"https:\/\/interamerica.org\/fr\/wp-json\/wp\/v2\/tags?post=12693"}],"curies":[{"name":"wp","href":"https:\/\/api.w.org\/{rel}","templated":true}]}}