{"id":12694,"date":"2007-02-27T00:00:00","date_gmt":"2007-02-27T04:00:00","guid":{"rendered":"http:\/\/192.81.217.108\/interamerica\/2007\/02\/colombie-une-institution-adventiste-celebre-son-70eme-anniversaire\/"},"modified":"2017-06-02T13:14:53","modified_gmt":"2017-06-02T17:14:53","slug":"colombie-une-institution-adventiste-celebre-son-70eme-anniversaire","status":"publish","type":"post","link":"https:\/\/interamerica.org\/fr\/2007\/02\/colombie-une-institution-adventiste-celebre-son-70eme-anniversaire\/","title":{"rendered":"Colombie:  Une Institution Adventiste C\u00e9l\u00e8bre son 70\u00e8me Anniversaire"},"content":{"rendered":"<p>Medellin, Colombie&#8230; (Angela Barrios\/Staff de la DIA) <\/p>\n<p>L&#39;Universit\u00e9 Colombienne Adventiste (UNAC) a d\u00e9but\u00e9 les festivit\u00e9s de son 70\u00e8me anniversaire en offrant une \u00e9ducation chr\u00e9tienne \u00e0 des milliers d&#39;\u00e9tudiants, \u00e0 l&#39;occasion d&#39;une c\u00e9r\u00e9monie sur son campus de Medellin, en Colombie, le 25 f\u00e9vrier. <\/p>\n<p>Plus de 800 dirigeants de la communaut\u00e9, des \u00e9tudiants et des membres d&#39;\u00e9glise ont assist\u00e9 \u00e0 la remise de prix sp\u00e9cial de la Repr\u00e9sentante du Parlement de Colombie Dr. Maria Isabel Urrutia, qui a d\u00e9cern\u00e9 le prix de l&#39;Ordre de la D\u00e9mocratie Simon Bolivar, au rang de Grand Chevalier \u00e0 l&#39;instituion pour ses services constants dans le domaine de l&#39;\u00e9ducation. <\/p>\n<p>Dr. Urrutia a remerci\u00e9 le Pr\u00e9sident de l&#39;Universit\u00e9 Pasteur Gamaliel Florez pour \u00ab\u00a0l&#39;oeuvre sociale de l&#39;UNAC et sa contribution au pays pour les opportunit\u00e9s offertes aux jeunes en vue de changer leurs vies par le biais de l&#39;\u00e9ducation.\u00a0\u00bb  Elle a aussi soulign\u00e9 l&#39;attention sur la contribution fournie par l&#39;institution en tant q&#39;une universit\u00e9 \u00ab\u00a0\u00e0 but non-commercial\u00a0\u00bb. <\/p>\n<p>Au cours de son allocution \u00e0 l&#39;assembl\u00e9e, Pasteur Florez a mentionn\u00e9 les soins de Dieu pour permettre \u00e0 l&#39;UNAC de vaincre les pr\u00e9jug\u00e9s, les probl\u00e8mes financiers, et pour avoir \u00e9t\u00e9 la premi\u00e8re universit\u00e9 non-Catholique du pays.  Alors qu&#39;il recevait le prix, Florez a fait remarqu\u00e9 que c&#39;\u00e9tait un privil\u00e8ge pour la nouvelle g\u00e9n\u00e9ration de recevoir le grand honneur qui a \u00e9t\u00e9 jamais d\u00e9cern\u00e9 \u00e0 l&#39;universit\u00e9 par le gouvernement.  Il a ajout\u00e9 que c&#39;\u00e9tait le r\u00e9sultat des \u00ab\u00a0efforts et des sacrifices des g\u00e9n\u00e9rations pr\u00e9c\u00e9dentes.\u00a0\u00bb <\/p>\n<p>Florez a d\u00e9clar\u00e9 que c&#39;est \u00ab\u00a0un prix qui nous engagerait \u00e0 mieux d\u00e9finir la mission de Dieu, une mission de grande valeur et l&#39;engagement \u00e0 refl\u00e9ter le caract\u00e8re de J\u00e9sus.\u00a0\u00bb <\/p>\n<p>La journ\u00e9e de comm\u00e9moration s&#39;est achev\u00e9e avec la Musique de l&#39;Orchestre Philharmonique de Medellin. <\/p>\n<p>L&#39;Universit\u00e9 Adventiste de Colombie poursuivra les festivit\u00e9s de son 70\u00e8me anniversaire pendant toute l&#39;ann\u00e9e au cours d&#39;autres activit\u00e9s mises en place telles qu&#39;une exposition historique de photographies, des s\u00e9minaires pour les dirigeants, la r\u00e9union sp\u00e9ciale des alumni et l&#39;ouverture d&#39;un mus\u00e9e sur son campus, parmi tant d&#39;autres programmes. <\/p>\n<p>Etablie en 1937, l&#39;Universit\u00e9 Adventiste de Colombie offre \u00e0 pr\u00e9sent 10 dipl\u00f4mes de bachelier et deux dipl\u00f4me de licence \u00e0 plus de 1.200 \u00e9tudiants. <\/p>\n<p>Pour plus d&#39;informations sur l&#39;universit\u00e9 et ses programmes, visitez le <a  href=\"http:\/\/www.unac.edu.co\/\">www.unac.edu.co<\/a >     <\/p>\n","protected":false},"excerpt":{"rendered":"<p>L&#39;Universit\u00e9 Colombienne Adventiste (UNAC) a d\u00e9but\u00e9 les festivit\u00e9s de son 70\u00e8me anniversaire en offrant une \u00e9ducation chr\u00e9tienne \u00e0 des milliers d&#39;\u00e9tudiants, \u00e0 l&#39;occasion d<\/p>\n","protected":false},"author":1,"featured_media":0,"comment_status":"closed","ping_status":"closed","sticky":false,"template":"","format":"standard","meta":{"_acf_changed":false,"footnotes":""},"categories":[9],"tags":[],"class_list":["post-12694","post","type-post","status-publish","format-standard","hentry","category-archive-fr"],"acf":[],"yoast_head":"<!-- This site is optimized with the Yoast SEO plugin v27.3 - https:\/\/yoast.com\/product\/yoast-seo-wordpress\/ -->\n<title>Colombie: Une Institution Adventiste C\u00e9l\u00e8bre son 70\u00e8me Anniversaire - \u00c9glise Adventiste Du Septieme Jour - Inter Am\u00e9rique Division<\/title>\n<meta name=\"robots\" content=\"index, follow, max-snippet:-1, max-image-preview:large, max-video-preview:-1\" \/>\n<link rel=\"canonical\" href=\"https:\/\/interamerica.org\/fr\/2007\/02\/colombie-une-institution-adventiste-celebre-son-70eme-anniversaire\/\" \/>\n<meta property=\"og:locale\" content=\"fr_FR\" \/>\n<meta property=\"og:type\" content=\"article\" \/>\n<meta property=\"og:title\" content=\"Colombie: Une Institution Adventiste C\u00e9l\u00e8bre son 70\u00e8me Anniversaire - \u00c9glise Adventiste Du Septieme Jour - Inter Am\u00e9rique Division\" \/>\n<meta property=\"og:description\" content=\"L&#039;Universit\u00e9 Colombienne Adventiste (UNAC) a d\u00e9but\u00e9 les festivit\u00e9s de son 70\u00e8me anniversaire en offrant une \u00e9ducation chr\u00e9tienne \u00e0 des milliers d&#039;\u00e9tudiants, \u00e0 l&#039;occasion d\" \/>\n<meta property=\"og:url\" content=\"https:\/\/interamerica.org\/fr\/2007\/02\/colombie-une-institution-adventiste-celebre-son-70eme-anniversaire\/\" \/>\n<meta property=\"og:site_name\" content=\"\u00c9glise Adventiste Du Septieme Jour - Inter Am\u00e9rique Division\" \/>\n<meta property=\"article:published_time\" content=\"2007-02-27T04:00:00+00:00\" \/>\n<meta property=\"article:modified_time\" content=\"2017-06-02T17:14:53+00:00\" \/>\n<meta name=\"author\" content=\"Lorenzo Verduzco\" \/>\n<meta name=\"twitter:card\" content=\"summary_large_image\" \/>\n<meta name=\"twitter:label1\" content=\"\u00c9crit par\" \/>\n\t<meta name=\"twitter:data1\" content=\"Lorenzo Verduzco\" \/>\n\t<meta name=\"twitter:label2\" content=\"Dur\u00e9e de lecture estim\u00e9e\" \/>\n\t<meta name=\"twitter:data2\" content=\"2 minutes\" \/>\n<script type=\"application\/ld+json\" class=\"yoast-schema-graph\">{\"@context\":\"https:\\\/\\\/schema.org\",\"@graph\":[{\"@type\":\"Article\",\"@id\":\"https:\\\/\\\/interamerica.org\\\/fr\\\/2007\\\/02\\\/colombie-une-institution-adventiste-celebre-son-70eme-anniversaire\\\/#article\",\"isPartOf\":{\"@id\":\"https:\\\/\\\/interamerica.org\\\/fr\\\/2007\\\/02\\\/colombie-une-institution-adventiste-celebre-son-70eme-anniversaire\\\/\"},\"author\":{\"name\":\"Lorenzo Verduzco\",\"@id\":\"https:\\\/\\\/interamerica.org\\\/fr\\\/#\\\/schema\\\/person\\\/68ede8bdc292885bb76c1e3810e73c39\"},\"headline\":\"Colombie: Une Institution Adventiste C\u00e9l\u00e8bre son 70\u00e8me Anniversaire\",\"datePublished\":\"2007-02-27T04:00:00+00:00\",\"dateModified\":\"2017-06-02T17:14:53+00:00\",\"mainEntityOfPage\":{\"@id\":\"https:\\\/\\\/interamerica.org\\\/fr\\\/2007\\\/02\\\/colombie-une-institution-adventiste-celebre-son-70eme-anniversaire\\\/\"},\"wordCount\":444,\"articleSection\":[\"Archive\"],\"inLanguage\":\"fr-FR\"},{\"@type\":\"WebPage\",\"@id\":\"https:\\\/\\\/interamerica.org\\\/fr\\\/2007\\\/02\\\/colombie-une-institution-adventiste-celebre-son-70eme-anniversaire\\\/\",\"url\":\"https:\\\/\\\/interamerica.org\\\/fr\\\/2007\\\/02\\\/colombie-une-institution-adventiste-celebre-son-70eme-anniversaire\\\/\",\"name\":\"Colombie: Une Institution Adventiste C\u00e9l\u00e8bre son 70\u00e8me Anniversaire - \u00c9glise Adventiste Du Septieme Jour - Inter Am\u00e9rique Division\",\"isPartOf\":{\"@id\":\"https:\\\/\\\/interamerica.org\\\/fr\\\/#website\"},\"datePublished\":\"2007-02-27T04:00:00+00:00\",\"dateModified\":\"2017-06-02T17:14:53+00:00\",\"author\":{\"@id\":\"https:\\\/\\\/interamerica.org\\\/fr\\\/#\\\/schema\\\/person\\\/68ede8bdc292885bb76c1e3810e73c39\"},\"breadcrumb\":{\"@id\":\"https:\\\/\\\/interamerica.org\\\/fr\\\/2007\\\/02\\\/colombie-une-institution-adventiste-celebre-son-70eme-anniversaire\\\/#breadcrumb\"},\"inLanguage\":\"fr-FR\",\"potentialAction\":[{\"@type\":\"ReadAction\",\"target\":[\"https:\\\/\\\/interamerica.org\\\/fr\\\/2007\\\/02\\\/colombie-une-institution-adventiste-celebre-son-70eme-anniversaire\\\/\"]}]},{\"@type\":\"BreadcrumbList\",\"@id\":\"https:\\\/\\\/interamerica.org\\\/fr\\\/2007\\\/02\\\/colombie-une-institution-adventiste-celebre-son-70eme-anniversaire\\\/#breadcrumb\",\"itemListElement\":[{\"@type\":\"ListItem\",\"position\":1,\"name\":\"Home\",\"item\":\"https:\\\/\\\/interamerica.org\\\/fr\\\/\"},{\"@type\":\"ListItem\",\"position\":2,\"name\":\"Colombie: Une Institution Adventiste C\u00e9l\u00e8bre son 70\u00e8me Anniversaire\"}]},{\"@type\":\"WebSite\",\"@id\":\"https:\\\/\\\/interamerica.org\\\/fr\\\/#website\",\"url\":\"https:\\\/\\\/interamerica.org\\\/fr\\\/\",\"name\":\"\u00c9glise Adventiste Du Septieme Jour - Inter Am\u00e9rique Division\",\"description\":\"\",\"potentialAction\":[{\"@type\":\"SearchAction\",\"target\":{\"@type\":\"EntryPoint\",\"urlTemplate\":\"https:\\\/\\\/interamerica.org\\\/fr\\\/?s={search_term_string}\"},\"query-input\":{\"@type\":\"PropertyValueSpecification\",\"valueRequired\":true,\"valueName\":\"search_term_string\"}}],\"inLanguage\":\"fr-FR\"},{\"@type\":\"Person\",\"@id\":\"https:\\\/\\\/interamerica.org\\\/fr\\\/#\\\/schema\\\/person\\\/68ede8bdc292885bb76c1e3810e73c39\",\"name\":\"Lorenzo Verduzco\",\"image\":{\"@type\":\"ImageObject\",\"inLanguage\":\"fr-FR\",\"@id\":\"https:\\\/\\\/secure.gravatar.com\\\/avatar\\\/fb81a55b6218459490a9c1dc841a34909185b81904c5337b4b27f7a6fd60c49e?s=96&d=mm&r=g\",\"url\":\"https:\\\/\\\/secure.gravatar.com\\\/avatar\\\/fb81a55b6218459490a9c1dc841a34909185b81904c5337b4b27f7a6fd60c49e?s=96&d=mm&r=g\",\"contentUrl\":\"https:\\\/\\\/secure.gravatar.com\\\/avatar\\\/fb81a55b6218459490a9c1dc841a34909185b81904c5337b4b27f7a6fd60c49e?s=96&d=mm&r=g\",\"caption\":\"Lorenzo Verduzco\"}}]}<\/script>\n<!-- \/ Yoast SEO plugin. -->","yoast_head_json":{"title":"Colombie: Une Institution Adventiste C\u00e9l\u00e8bre son 70\u00e8me Anniversaire - \u00c9glise Adventiste Du Septieme Jour - Inter Am\u00e9rique Division","robots":{"index":"index","follow":"follow","max-snippet":"max-snippet:-1","max-image-preview":"max-image-preview:large","max-video-preview":"max-video-preview:-1"},"canonical":"https:\/\/interamerica.org\/fr\/2007\/02\/colombie-une-institution-adventiste-celebre-son-70eme-anniversaire\/","og_locale":"fr_FR","og_type":"article","og_title":"Colombie: Une Institution Adventiste C\u00e9l\u00e8bre son 70\u00e8me Anniversaire - \u00c9glise Adventiste Du Septieme Jour - Inter Am\u00e9rique Division","og_description":"L&#39;Universit\u00e9 Colombienne Adventiste (UNAC) a d\u00e9but\u00e9 les festivit\u00e9s de son 70\u00e8me anniversaire en offrant une \u00e9ducation chr\u00e9tienne \u00e0 des milliers d&#39;\u00e9tudiants, \u00e0 l&#39;occasion d","og_url":"https:\/\/interamerica.org\/fr\/2007\/02\/colombie-une-institution-adventiste-celebre-son-70eme-anniversaire\/","og_site_name":"\u00c9glise Adventiste Du Septieme Jour - Inter Am\u00e9rique Division","article_published_time":"2007-02-27T04:00:00+00:00","article_modified_time":"2017-06-02T17:14:53+00:00","author":"Lorenzo Verduzco","twitter_card":"summary_large_image","twitter_misc":{"\u00c9crit par":"Lorenzo Verduzco","Dur\u00e9e de lecture estim\u00e9e":"2 minutes"},"schema":{"@context":"https:\/\/schema.org","@graph":[{"@type":"Article","@id":"https:\/\/interamerica.org\/fr\/2007\/02\/colombie-une-institution-adventiste-celebre-son-70eme-anniversaire\/#article","isPartOf":{"@id":"https:\/\/interamerica.org\/fr\/2007\/02\/colombie-une-institution-adventiste-celebre-son-70eme-anniversaire\/"},"author":{"name":"Lorenzo Verduzco","@id":"https:\/\/interamerica.org\/fr\/#\/schema\/person\/68ede8bdc292885bb76c1e3810e73c39"},"headline":"Colombie: Une Institution Adventiste C\u00e9l\u00e8bre son 70\u00e8me Anniversaire","datePublished":"2007-02-27T04:00:00+00:00","dateModified":"2017-06-02T17:14:53+00:00","mainEntityOfPage":{"@id":"https:\/\/interamerica.org\/fr\/2007\/02\/colombie-une-institution-adventiste-celebre-son-70eme-anniversaire\/"},"wordCount":444,"articleSection":["Archive"],"inLanguage":"fr-FR"},{"@type":"WebPage","@id":"https:\/\/interamerica.org\/fr\/2007\/02\/colombie-une-institution-adventiste-celebre-son-70eme-anniversaire\/","url":"https:\/\/interamerica.org\/fr\/2007\/02\/colombie-une-institution-adventiste-celebre-son-70eme-anniversaire\/","name":"Colombie: Une Institution Adventiste C\u00e9l\u00e8bre son 70\u00e8me Anniversaire - \u00c9glise Adventiste Du Septieme Jour - Inter Am\u00e9rique Division","isPartOf":{"@id":"https:\/\/interamerica.org\/fr\/#website"},"datePublished":"2007-02-27T04:00:00+00:00","dateModified":"2017-06-02T17:14:53+00:00","author":{"@id":"https:\/\/interamerica.org\/fr\/#\/schema\/person\/68ede8bdc292885bb76c1e3810e73c39"},"breadcrumb":{"@id":"https:\/\/interamerica.org\/fr\/2007\/02\/colombie-une-institution-adventiste-celebre-son-70eme-anniversaire\/#breadcrumb"},"inLanguage":"fr-FR","potentialAction":[{"@type":"ReadAction","target":["https:\/\/interamerica.org\/fr\/2007\/02\/colombie-une-institution-adventiste-celebre-son-70eme-anniversaire\/"]}]},{"@type":"BreadcrumbList","@id":"https:\/\/interamerica.org\/fr\/2007\/02\/colombie-une-institution-adventiste-celebre-son-70eme-anniversaire\/#breadcrumb","itemListElement":[{"@type":"ListItem","position":1,"name":"Home","item":"https:\/\/interamerica.org\/fr\/"},{"@type":"ListItem","position":2,"name":"Colombie: Une Institution Adventiste C\u00e9l\u00e8bre son 70\u00e8me Anniversaire"}]},{"@type":"WebSite","@id":"https:\/\/interamerica.org\/fr\/#website","url":"https:\/\/interamerica.org\/fr\/","name":"\u00c9glise Adventiste Du Septieme Jour - Inter Am\u00e9rique Division","description":"","potentialAction":[{"@type":"SearchAction","target":{"@type":"EntryPoint","urlTemplate":"https:\/\/interamerica.org\/fr\/?s={search_term_string}"},"query-input":{"@type":"PropertyValueSpecification","valueRequired":true,"valueName":"search_term_string"}}],"inLanguage":"fr-FR"},{"@type":"Person","@id":"https:\/\/interamerica.org\/fr\/#\/schema\/person\/68ede8bdc292885bb76c1e3810e73c39","name":"Lorenzo Verduzco","image":{"@type":"ImageObject","inLanguage":"fr-FR","@id":"https:\/\/secure.gravatar.com\/avatar\/fb81a55b6218459490a9c1dc841a34909185b81904c5337b4b27f7a6fd60c49e?s=96&d=mm&r=g","url":"https:\/\/secure.gravatar.com\/avatar\/fb81a55b6218459490a9c1dc841a34909185b81904c5337b4b27f7a6fd60c49e?s=96&d=mm&r=g","contentUrl":"https:\/\/secure.gravatar.com\/avatar\/fb81a55b6218459490a9c1dc841a34909185b81904c5337b4b27f7a6fd60c49e?s=96&d=mm&r=g","caption":"Lorenzo Verduzco"}}]}},"_links":{"self":[{"href":"https:\/\/interamerica.org\/fr\/wp-json\/wp\/v2\/posts\/12694","targetHints":{"allow":["GET"]}}],"collection":[{"href":"https:\/\/interamerica.org\/fr\/wp-json\/wp\/v2\/posts"}],"about":[{"href":"https:\/\/interamerica.org\/fr\/wp-json\/wp\/v2\/types\/post"}],"author":[{"embeddable":true,"href":"https:\/\/interamerica.org\/fr\/wp-json\/wp\/v2\/users\/1"}],"replies":[{"embeddable":true,"href":"https:\/\/interamerica.org\/fr\/wp-json\/wp\/v2\/comments?post=12694"}],"version-history":[{"count":0,"href":"https:\/\/interamerica.org\/fr\/wp-json\/wp\/v2\/posts\/12694\/revisions"}],"wp:attachment":[{"href":"https:\/\/interamerica.org\/fr\/wp-json\/wp\/v2\/media?parent=12694"}],"wp:term":[{"taxonomy":"category","embeddable":true,"href":"https:\/\/interamerica.org\/fr\/wp-json\/wp\/v2\/categories?post=12694"},{"taxonomy":"post_tag","embeddable":true,"href":"https:\/\/interamerica.org\/fr\/wp-json\/wp\/v2\/tags?post=12694"}],"curies":[{"name":"wp","href":"https:\/\/api.w.org\/{rel}","templated":true}]}}