{"id":12695,"date":"2007-03-01T00:00:00","date_gmt":"2007-03-01T04:00:00","guid":{"rendered":"http:\/\/192.81.217.108\/interamerica\/2007\/03\/republique-dominicaine-des-adventistes-entreprennent-une-marche-contre-la-violence-et-labus-de-la-drogue\/"},"modified":"2017-06-02T13:14:50","modified_gmt":"2017-06-02T17:14:50","slug":"republique-dominicaine-des-adventistes-entreprennent-une-marche-contre-la-violence-et-labus-de-la-drogue","status":"publish","type":"post","link":"https:\/\/interamerica.org\/fr\/2007\/03\/republique-dominicaine-des-adventistes-entreprennent-une-marche-contre-la-violence-et-labus-de-la-drogue\/","title":{"rendered":"R\u00e9publique Dominicaine:  Des Adventistes Entreprennent Une Marche Contre la Violence et l&#39;Abus de la Drogue"},"content":{"rendered":"<p>Santiago, R\u00e9publique Dominicaine&#8230; (Libna Stevens\/DIA) <\/p>\n<p>En vue de prendre position contre la recrudescence de la violence et l&#39;abus de la drogue dans leur pays, plus de 3.000 jeunes Adventistes du Septi\u00e8me jour ont d\u00e9fil\u00e9 \u00e0 travers les principales rues de Santiago, en R\u00e9publique Dominicaine.  La manifestation avait pour but de promouvoir l&#39;unit\u00e9 de la famille, une soci\u00e9t\u00e9 affranchie de la drogue et l&#39;ob\u00e9issance \u00e0 la loi de Dieu. <\/p>\n<p>Il y a eu une flamb\u00e9e jamais \u00e9gal\u00e9e de la violence et du traffic de la drogue dans les secteurs populaires de la R\u00e9publique Dominicaine,\u00a0\u00bb d\u00e9clare Silvestre Gonzalez, porte-parole et directeur de communication de l&#39;\u00e9glise de la R\u00e9publique Dominicaine.  \u00ab\u00a0Chaque jour il y a de nouveaux rapports qui font \u00e9tat de deux ou trois personnes \u00e0 \u00eatre tu\u00e9es par suite d&#39;\u00e9change de coups de feu entre la police et des bandits, et cette situation a caus\u00e9 beaucoup d&#39;inqui\u00e9tude au sein de la famille Dominicaine. <\/p>\n<p>C&#39;est pour cette raison, avance Gonzalez, que l&#39;Eglise Adventiste s&#39;est engag\u00e9e \u00e0 partager l&#39;espoir d&#39;une meilleure vie en Christ au sein des principales du pays. <\/p>\n<p>\u00ab\u00a0L&#39;Eglise (Adventiste) par l&#39;interm\u00e9diaire de ses jeunes cherche \u00e0 s&#39;int\u00e9grer davantage dans leurs communaut\u00e9s et conduire les jeunes \u00e0 faire la connaissance de Christ,\u00a0\u00bb dit-il. <\/p>\n<p>La marche, qui a inclu des jeunes, des \u00e9claireurs et des chefs-guides de douzaines d&#39;\u00e9glise Adventistes de la ville de Santiago et des communaut\u00e9s environnantes, a \u00e9t\u00e9 couverte par les m\u00e9dias locaux et nationaux. <\/p>\n<p>Pasteur Gonzalez s&#39;est adress\u00e9 \u00e0 la presse \u00e0 propos du travail de l&#39;Eglise Adventiste du Septi\u00e8me jour et de son engagement \u00e0 aider les jeunes Dominicains \u00e0 faire de bons choix et donner dos \u00e0 la violence et aux drogues pour sauver les g\u00e9n\u00e9rations futures. <\/p>\n<p>Ce fut la deuxi\u00e8me d\u00e9monstration de ce genre \u00e0 \u00eatre organis\u00e9e par le d\u00e9partement de la jeunesse de l&#39;Eglise Adventiste de Santiago au cours des deux derni\u00e8res ann\u00e9es.  La premi\u00e8re a eu lieu en juin de l&#39;ann\u00e9e 2005. <\/p>\n<p>L&#39;Eglise Adventiste du Septi\u00e8me jour est la deuxi\u00e8me plus grande \u00e9glise organis\u00e9e en R\u00e9publique Dominicaine.  Il y a plus de 231.000 membres Adventistes adorant dans 609 \u00e9glises \u00e0 travers l&#39;\u00eele. <\/p>\n","protected":false},"excerpt":{"rendered":"<p>En vue de prendre position contre la  vague de violence et l&#39;abus de la drogue dans leur pays, plus de 3.000 jeunes Adventistes du Septi\u00e8me jour ont d\u00e9fil\u00e9 \u00e0 travers les principales rues de Santiago, en R\u00e9publique Do<\/p>\n","protected":false},"author":1,"featured_media":0,"comment_status":"closed","ping_status":"closed","sticky":false,"template":"","format":"standard","meta":{"_acf_changed":false,"footnotes":""},"categories":[9],"tags":[],"class_list":["post-12695","post","type-post","status-publish","format-standard","hentry","category-archive-fr"],"acf":[],"yoast_head":"<!-- This site is optimized with the Yoast SEO plugin v27.3 - https:\/\/yoast.com\/product\/yoast-seo-wordpress\/ -->\n<title>R\u00e9publique Dominicaine: Des Adventistes Entreprennent Une Marche Contre la Violence et l&#039;Abus de la Drogue - \u00c9glise Adventiste Du Septieme Jour - Inter Am\u00e9rique Division<\/title>\n<meta name=\"robots\" content=\"index, follow, max-snippet:-1, max-image-preview:large, max-video-preview:-1\" \/>\n<link rel=\"canonical\" href=\"https:\/\/interamerica.org\/fr\/2007\/03\/republique-dominicaine-des-adventistes-entreprennent-une-marche-contre-la-violence-et-labus-de-la-drogue\/\" \/>\n<meta property=\"og:locale\" content=\"fr_FR\" \/>\n<meta property=\"og:type\" content=\"article\" \/>\n<meta property=\"og:title\" content=\"R\u00e9publique Dominicaine: Des Adventistes Entreprennent Une Marche Contre la Violence et l&#039;Abus de la Drogue - \u00c9glise Adventiste Du Septieme Jour - Inter Am\u00e9rique Division\" \/>\n<meta property=\"og:description\" content=\"En vue de prendre position contre la vague de violence et l&#039;abus de la drogue dans leur pays, plus de 3.000 jeunes Adventistes du Septi\u00e8me jour ont d\u00e9fil\u00e9 \u00e0 travers les principales rues de Santiago, en R\u00e9publique Do\" \/>\n<meta property=\"og:url\" content=\"https:\/\/interamerica.org\/fr\/2007\/03\/republique-dominicaine-des-adventistes-entreprennent-une-marche-contre-la-violence-et-labus-de-la-drogue\/\" \/>\n<meta property=\"og:site_name\" content=\"\u00c9glise Adventiste Du Septieme Jour - Inter Am\u00e9rique Division\" \/>\n<meta property=\"article:published_time\" content=\"2007-03-01T04:00:00+00:00\" \/>\n<meta property=\"article:modified_time\" content=\"2017-06-02T17:14:50+00:00\" \/>\n<meta name=\"author\" content=\"Lorenzo Verduzco\" \/>\n<meta name=\"twitter:card\" content=\"summary_large_image\" \/>\n<meta name=\"twitter:label1\" content=\"\u00c9crit par\" \/>\n\t<meta name=\"twitter:data1\" content=\"Lorenzo Verduzco\" \/>\n\t<meta name=\"twitter:label2\" content=\"Dur\u00e9e de lecture estim\u00e9e\" \/>\n\t<meta name=\"twitter:data2\" content=\"2 minutes\" \/>\n<script type=\"application\/ld+json\" class=\"yoast-schema-graph\">{\"@context\":\"https:\\\/\\\/schema.org\",\"@graph\":[{\"@type\":\"Article\",\"@id\":\"https:\\\/\\\/interamerica.org\\\/fr\\\/2007\\\/03\\\/republique-dominicaine-des-adventistes-entreprennent-une-marche-contre-la-violence-et-labus-de-la-drogue\\\/#article\",\"isPartOf\":{\"@id\":\"https:\\\/\\\/interamerica.org\\\/fr\\\/2007\\\/03\\\/republique-dominicaine-des-adventistes-entreprennent-une-marche-contre-la-violence-et-labus-de-la-drogue\\\/\"},\"author\":{\"name\":\"Lorenzo Verduzco\",\"@id\":\"https:\\\/\\\/interamerica.org\\\/fr\\\/#\\\/schema\\\/person\\\/68ede8bdc292885bb76c1e3810e73c39\"},\"headline\":\"R\u00e9publique Dominicaine: Des Adventistes Entreprennent Une Marche Contre la Violence et l&#39;Abus de la Drogue\",\"datePublished\":\"2007-03-01T04:00:00+00:00\",\"dateModified\":\"2017-06-02T17:14:50+00:00\",\"mainEntityOfPage\":{\"@id\":\"https:\\\/\\\/interamerica.org\\\/fr\\\/2007\\\/03\\\/republique-dominicaine-des-adventistes-entreprennent-une-marche-contre-la-violence-et-labus-de-la-drogue\\\/\"},\"wordCount\":405,\"articleSection\":[\"Archive\"],\"inLanguage\":\"fr-FR\"},{\"@type\":\"WebPage\",\"@id\":\"https:\\\/\\\/interamerica.org\\\/fr\\\/2007\\\/03\\\/republique-dominicaine-des-adventistes-entreprennent-une-marche-contre-la-violence-et-labus-de-la-drogue\\\/\",\"url\":\"https:\\\/\\\/interamerica.org\\\/fr\\\/2007\\\/03\\\/republique-dominicaine-des-adventistes-entreprennent-une-marche-contre-la-violence-et-labus-de-la-drogue\\\/\",\"name\":\"R\u00e9publique Dominicaine: Des Adventistes Entreprennent Une Marche Contre la Violence et l&#39;Abus de la Drogue - \u00c9glise Adventiste Du Septieme Jour - Inter Am\u00e9rique Division\",\"isPartOf\":{\"@id\":\"https:\\\/\\\/interamerica.org\\\/fr\\\/#website\"},\"datePublished\":\"2007-03-01T04:00:00+00:00\",\"dateModified\":\"2017-06-02T17:14:50+00:00\",\"author\":{\"@id\":\"https:\\\/\\\/interamerica.org\\\/fr\\\/#\\\/schema\\\/person\\\/68ede8bdc292885bb76c1e3810e73c39\"},\"breadcrumb\":{\"@id\":\"https:\\\/\\\/interamerica.org\\\/fr\\\/2007\\\/03\\\/republique-dominicaine-des-adventistes-entreprennent-une-marche-contre-la-violence-et-labus-de-la-drogue\\\/#breadcrumb\"},\"inLanguage\":\"fr-FR\",\"potentialAction\":[{\"@type\":\"ReadAction\",\"target\":[\"https:\\\/\\\/interamerica.org\\\/fr\\\/2007\\\/03\\\/republique-dominicaine-des-adventistes-entreprennent-une-marche-contre-la-violence-et-labus-de-la-drogue\\\/\"]}]},{\"@type\":\"BreadcrumbList\",\"@id\":\"https:\\\/\\\/interamerica.org\\\/fr\\\/2007\\\/03\\\/republique-dominicaine-des-adventistes-entreprennent-une-marche-contre-la-violence-et-labus-de-la-drogue\\\/#breadcrumb\",\"itemListElement\":[{\"@type\":\"ListItem\",\"position\":1,\"name\":\"Home\",\"item\":\"https:\\\/\\\/interamerica.org\\\/fr\\\/\"},{\"@type\":\"ListItem\",\"position\":2,\"name\":\"R\u00e9publique Dominicaine: Des Adventistes Entreprennent Une Marche Contre la Violence et l&#39;Abus de la Drogue\"}]},{\"@type\":\"WebSite\",\"@id\":\"https:\\\/\\\/interamerica.org\\\/fr\\\/#website\",\"url\":\"https:\\\/\\\/interamerica.org\\\/fr\\\/\",\"name\":\"\u00c9glise Adventiste Du Septieme Jour - Inter Am\u00e9rique Division\",\"description\":\"\",\"potentialAction\":[{\"@type\":\"SearchAction\",\"target\":{\"@type\":\"EntryPoint\",\"urlTemplate\":\"https:\\\/\\\/interamerica.org\\\/fr\\\/?s={search_term_string}\"},\"query-input\":{\"@type\":\"PropertyValueSpecification\",\"valueRequired\":true,\"valueName\":\"search_term_string\"}}],\"inLanguage\":\"fr-FR\"},{\"@type\":\"Person\",\"@id\":\"https:\\\/\\\/interamerica.org\\\/fr\\\/#\\\/schema\\\/person\\\/68ede8bdc292885bb76c1e3810e73c39\",\"name\":\"Lorenzo Verduzco\",\"image\":{\"@type\":\"ImageObject\",\"inLanguage\":\"fr-FR\",\"@id\":\"https:\\\/\\\/secure.gravatar.com\\\/avatar\\\/fb81a55b6218459490a9c1dc841a34909185b81904c5337b4b27f7a6fd60c49e?s=96&d=mm&r=g\",\"url\":\"https:\\\/\\\/secure.gravatar.com\\\/avatar\\\/fb81a55b6218459490a9c1dc841a34909185b81904c5337b4b27f7a6fd60c49e?s=96&d=mm&r=g\",\"contentUrl\":\"https:\\\/\\\/secure.gravatar.com\\\/avatar\\\/fb81a55b6218459490a9c1dc841a34909185b81904c5337b4b27f7a6fd60c49e?s=96&d=mm&r=g\",\"caption\":\"Lorenzo Verduzco\"}}]}<\/script>\n<!-- \/ Yoast SEO plugin. -->","yoast_head_json":{"title":"R\u00e9publique Dominicaine: Des Adventistes Entreprennent Une Marche Contre la Violence et l&#39;Abus de la Drogue - \u00c9glise Adventiste Du Septieme Jour - Inter Am\u00e9rique Division","robots":{"index":"index","follow":"follow","max-snippet":"max-snippet:-1","max-image-preview":"max-image-preview:large","max-video-preview":"max-video-preview:-1"},"canonical":"https:\/\/interamerica.org\/fr\/2007\/03\/republique-dominicaine-des-adventistes-entreprennent-une-marche-contre-la-violence-et-labus-de-la-drogue\/","og_locale":"fr_FR","og_type":"article","og_title":"R\u00e9publique Dominicaine: Des Adventistes Entreprennent Une Marche Contre la Violence et l&#39;Abus de la Drogue - \u00c9glise Adventiste Du Septieme Jour - Inter Am\u00e9rique Division","og_description":"En vue de prendre position contre la vague de violence et l&#39;abus de la drogue dans leur pays, plus de 3.000 jeunes Adventistes du Septi\u00e8me jour ont d\u00e9fil\u00e9 \u00e0 travers les principales rues de Santiago, en R\u00e9publique Do","og_url":"https:\/\/interamerica.org\/fr\/2007\/03\/republique-dominicaine-des-adventistes-entreprennent-une-marche-contre-la-violence-et-labus-de-la-drogue\/","og_site_name":"\u00c9glise Adventiste Du Septieme Jour - Inter Am\u00e9rique Division","article_published_time":"2007-03-01T04:00:00+00:00","article_modified_time":"2017-06-02T17:14:50+00:00","author":"Lorenzo Verduzco","twitter_card":"summary_large_image","twitter_misc":{"\u00c9crit par":"Lorenzo Verduzco","Dur\u00e9e de lecture estim\u00e9e":"2 minutes"},"schema":{"@context":"https:\/\/schema.org","@graph":[{"@type":"Article","@id":"https:\/\/interamerica.org\/fr\/2007\/03\/republique-dominicaine-des-adventistes-entreprennent-une-marche-contre-la-violence-et-labus-de-la-drogue\/#article","isPartOf":{"@id":"https:\/\/interamerica.org\/fr\/2007\/03\/republique-dominicaine-des-adventistes-entreprennent-une-marche-contre-la-violence-et-labus-de-la-drogue\/"},"author":{"name":"Lorenzo Verduzco","@id":"https:\/\/interamerica.org\/fr\/#\/schema\/person\/68ede8bdc292885bb76c1e3810e73c39"},"headline":"R\u00e9publique Dominicaine: Des Adventistes Entreprennent Une Marche Contre la Violence et l&#39;Abus de la Drogue","datePublished":"2007-03-01T04:00:00+00:00","dateModified":"2017-06-02T17:14:50+00:00","mainEntityOfPage":{"@id":"https:\/\/interamerica.org\/fr\/2007\/03\/republique-dominicaine-des-adventistes-entreprennent-une-marche-contre-la-violence-et-labus-de-la-drogue\/"},"wordCount":405,"articleSection":["Archive"],"inLanguage":"fr-FR"},{"@type":"WebPage","@id":"https:\/\/interamerica.org\/fr\/2007\/03\/republique-dominicaine-des-adventistes-entreprennent-une-marche-contre-la-violence-et-labus-de-la-drogue\/","url":"https:\/\/interamerica.org\/fr\/2007\/03\/republique-dominicaine-des-adventistes-entreprennent-une-marche-contre-la-violence-et-labus-de-la-drogue\/","name":"R\u00e9publique Dominicaine: Des Adventistes Entreprennent Une Marche Contre la Violence et l&#39;Abus de la Drogue - \u00c9glise Adventiste Du Septieme Jour - Inter Am\u00e9rique Division","isPartOf":{"@id":"https:\/\/interamerica.org\/fr\/#website"},"datePublished":"2007-03-01T04:00:00+00:00","dateModified":"2017-06-02T17:14:50+00:00","author":{"@id":"https:\/\/interamerica.org\/fr\/#\/schema\/person\/68ede8bdc292885bb76c1e3810e73c39"},"breadcrumb":{"@id":"https:\/\/interamerica.org\/fr\/2007\/03\/republique-dominicaine-des-adventistes-entreprennent-une-marche-contre-la-violence-et-labus-de-la-drogue\/#breadcrumb"},"inLanguage":"fr-FR","potentialAction":[{"@type":"ReadAction","target":["https:\/\/interamerica.org\/fr\/2007\/03\/republique-dominicaine-des-adventistes-entreprennent-une-marche-contre-la-violence-et-labus-de-la-drogue\/"]}]},{"@type":"BreadcrumbList","@id":"https:\/\/interamerica.org\/fr\/2007\/03\/republique-dominicaine-des-adventistes-entreprennent-une-marche-contre-la-violence-et-labus-de-la-drogue\/#breadcrumb","itemListElement":[{"@type":"ListItem","position":1,"name":"Home","item":"https:\/\/interamerica.org\/fr\/"},{"@type":"ListItem","position":2,"name":"R\u00e9publique Dominicaine: Des Adventistes Entreprennent Une Marche Contre la Violence et l&#39;Abus de la Drogue"}]},{"@type":"WebSite","@id":"https:\/\/interamerica.org\/fr\/#website","url":"https:\/\/interamerica.org\/fr\/","name":"\u00c9glise Adventiste Du Septieme Jour - Inter Am\u00e9rique Division","description":"","potentialAction":[{"@type":"SearchAction","target":{"@type":"EntryPoint","urlTemplate":"https:\/\/interamerica.org\/fr\/?s={search_term_string}"},"query-input":{"@type":"PropertyValueSpecification","valueRequired":true,"valueName":"search_term_string"}}],"inLanguage":"fr-FR"},{"@type":"Person","@id":"https:\/\/interamerica.org\/fr\/#\/schema\/person\/68ede8bdc292885bb76c1e3810e73c39","name":"Lorenzo Verduzco","image":{"@type":"ImageObject","inLanguage":"fr-FR","@id":"https:\/\/secure.gravatar.com\/avatar\/fb81a55b6218459490a9c1dc841a34909185b81904c5337b4b27f7a6fd60c49e?s=96&d=mm&r=g","url":"https:\/\/secure.gravatar.com\/avatar\/fb81a55b6218459490a9c1dc841a34909185b81904c5337b4b27f7a6fd60c49e?s=96&d=mm&r=g","contentUrl":"https:\/\/secure.gravatar.com\/avatar\/fb81a55b6218459490a9c1dc841a34909185b81904c5337b4b27f7a6fd60c49e?s=96&d=mm&r=g","caption":"Lorenzo Verduzco"}}]}},"_links":{"self":[{"href":"https:\/\/interamerica.org\/fr\/wp-json\/wp\/v2\/posts\/12695","targetHints":{"allow":["GET"]}}],"collection":[{"href":"https:\/\/interamerica.org\/fr\/wp-json\/wp\/v2\/posts"}],"about":[{"href":"https:\/\/interamerica.org\/fr\/wp-json\/wp\/v2\/types\/post"}],"author":[{"embeddable":true,"href":"https:\/\/interamerica.org\/fr\/wp-json\/wp\/v2\/users\/1"}],"replies":[{"embeddable":true,"href":"https:\/\/interamerica.org\/fr\/wp-json\/wp\/v2\/comments?post=12695"}],"version-history":[{"count":0,"href":"https:\/\/interamerica.org\/fr\/wp-json\/wp\/v2\/posts\/12695\/revisions"}],"wp:attachment":[{"href":"https:\/\/interamerica.org\/fr\/wp-json\/wp\/v2\/media?parent=12695"}],"wp:term":[{"taxonomy":"category","embeddable":true,"href":"https:\/\/interamerica.org\/fr\/wp-json\/wp\/v2\/categories?post=12695"},{"taxonomy":"post_tag","embeddable":true,"href":"https:\/\/interamerica.org\/fr\/wp-json\/wp\/v2\/tags?post=12695"}],"curies":[{"name":"wp","href":"https:\/\/api.w.org\/{rel}","templated":true}]}}