{"id":12696,"date":"2007-03-01T00:00:00","date_gmt":"2007-03-01T04:00:00","guid":{"rendered":"http:\/\/192.81.217.108\/interamerica\/2007\/03\/barbade-leglise-adventiste-se-joint-au-projet-du-gouvernement-pour-reconstruire-des-maisons\/"},"modified":"2017-06-02T13:14:51","modified_gmt":"2017-06-02T17:14:51","slug":"barbade-leglise-adventiste-se-joint-au-projet-du-gouvernement-pour-reconstruire-des-maisons","status":"publish","type":"post","link":"https:\/\/interamerica.org\/fr\/2007\/03\/barbade-leglise-adventiste-se-joint-au-projet-du-gouvernement-pour-reconstruire-des-maisons\/","title":{"rendered":"Barbade:  L&#39;Eglise Adventiste se Joint au Projet du Gouvernement Pour Reconstruire des Maisons"},"content":{"rendered":"<p>St. Lucy, Barbade&#8230; (James Daniel\/DIA) <\/p>\n<p>L&#39;Eglise Adventiste du Septi\u00e8me jour de la Barbade collabore avec le gouvernement du pays pour \u00e9radiquer la pauvret\u00e9.  Le projet conjoint engage le Bureau du Conseiller du Gouvernement pour l&#39;Eradication de la Pauvret\u00e9 (OAGPE), la Commission du D\u00e9veloppement Rural, et les Eglises Adventistes du District Nord de la Commune de St. Lucy. <\/p>\n<p>L&#39;Honnorable Hamilton Lashley, conseiller du gouvernement pour l&#39;\u00e9radication de la pauvret\u00e9, a d\u00e9clar\u00e9  que le projet fait partie du programme du gouvernement, &#39;Tenir la Promesse&#39;. <\/p>\n<p>Le projet d&#39;\u00e9radication de la pauvret\u00e9 comprend la reconstruction de cinq maisons qui sont consid\u00e9r\u00e9es irr\u00e9parables avec les mat\u00e9riaux fournis par le gouvernement et une main d&#39;oeuvre assur\u00e9e par le biais du d\u00e9partement des services communautaires Adventiste de la zone. <\/p>\n<p>Deux maisons, ont d\u00e9j\u00e0 \u00e9t\u00e9 reconstruites et leurs clefs ont \u00e9t\u00e9 remises aux occupants Urcille Babb, 81 ans, de River Bay dans la Commune de St. Lucy, et Beryl Broome, 79 ans, de Checker Hall, de la m\u00eame Commune.  Les deux se rappellent l&#39;envahissement de leurs maisons par les termites et se r\u00e9jouissent maintenant  de leurs nouvelles maisons depuis qu&#39;ils ont repris logement le 8 f\u00e9vrier. <\/p>\n<p>Pasteur Dayle Haynes, pasteur de district, a fait remarquer que \u00ab\u00a0l&#39;on doit consid\u00e9rer &#39;Tenir la Promesse&#39; non en tant qu&#39;une promese du gouvernement, mais, plus sp\u00e9cialement, comme une promesse de Dieu.\u00a0\u00bb <\/p>\n<p>Pour son apport remarquable au programme, l&#39;Eglise Adventiste du septi\u00e8me jour a re\u00e7u le Prix du Premier Ministre des mains de Ms. Petra Tannis de l&#39;OAGPE. <\/p>\n<p>Etaient aussi pr\u00e9sents pour l&#39;occasion l&#39;Hon. Dennis Kellman, repr\u00e9sentant parlementaire de la commune de St. Lucy; les repr\u00e9sentants du bureau du conseiller de l&#39;\u00e9radication de la pauvret\u00e9; le Pasteur Colin Thorne, directeur du ministr\u00e8re personnel de l&#39;Eglise Adventiste de la Conf\u00e9rence Cara\u00efb\u00e9enne de l&#39;Est, et les membres du d\u00e9partement des services communautaires des Eglises Adventistes du Septi\u00e8me jour du District Nord.    <\/p>\n","protected":false},"excerpt":{"rendered":"<p>L&#39;Eglise Adventiste du Septi\u00e8me jour de la Barbade collabore avec le gouvernement du pays pour \u00e9radiquer la pauvret\u00e9.  Le projet conjoint engage le Bureau du Conseiller du Gouvernement pour l&#39;Eradication de la Pauvret\u00e9<\/p>\n","protected":false},"author":1,"featured_media":0,"comment_status":"closed","ping_status":"closed","sticky":false,"template":"","format":"standard","meta":{"_acf_changed":false,"footnotes":""},"categories":[9],"tags":[],"class_list":["post-12696","post","type-post","status-publish","format-standard","hentry","category-archive-fr"],"acf":[],"yoast_head":"<!-- This site is optimized with the Yoast SEO plugin v27.3 - https:\/\/yoast.com\/product\/yoast-seo-wordpress\/ -->\n<title>Barbade: L&#039;Eglise Adventiste se Joint au Projet du Gouvernement Pour Reconstruire des Maisons - \u00c9glise Adventiste Du Septieme Jour - Inter Am\u00e9rique Division<\/title>\n<meta name=\"robots\" content=\"index, follow, max-snippet:-1, max-image-preview:large, max-video-preview:-1\" \/>\n<link rel=\"canonical\" href=\"https:\/\/interamerica.org\/fr\/2007\/03\/barbade-leglise-adventiste-se-joint-au-projet-du-gouvernement-pour-reconstruire-des-maisons\/\" \/>\n<meta property=\"og:locale\" content=\"fr_FR\" \/>\n<meta property=\"og:type\" content=\"article\" \/>\n<meta property=\"og:title\" content=\"Barbade: L&#039;Eglise Adventiste se Joint au Projet du Gouvernement Pour Reconstruire des Maisons - \u00c9glise Adventiste Du Septieme Jour - Inter Am\u00e9rique Division\" \/>\n<meta property=\"og:description\" content=\"L&#039;Eglise Adventiste du Septi\u00e8me jour de la Barbade collabore avec le gouvernement du pays pour \u00e9radiquer la pauvret\u00e9. Le projet conjoint engage le Bureau du Conseiller du Gouvernement pour l&#039;Eradication de la Pauvret\u00e9\" \/>\n<meta property=\"og:url\" content=\"https:\/\/interamerica.org\/fr\/2007\/03\/barbade-leglise-adventiste-se-joint-au-projet-du-gouvernement-pour-reconstruire-des-maisons\/\" \/>\n<meta property=\"og:site_name\" content=\"\u00c9glise Adventiste Du Septieme Jour - Inter Am\u00e9rique Division\" \/>\n<meta property=\"article:published_time\" content=\"2007-03-01T04:00:00+00:00\" \/>\n<meta property=\"article:modified_time\" content=\"2017-06-02T17:14:51+00:00\" \/>\n<meta name=\"author\" content=\"Lorenzo Verduzco\" \/>\n<meta name=\"twitter:card\" content=\"summary_large_image\" \/>\n<meta name=\"twitter:label1\" content=\"\u00c9crit par\" \/>\n\t<meta name=\"twitter:data1\" content=\"Lorenzo Verduzco\" \/>\n\t<meta name=\"twitter:label2\" content=\"Dur\u00e9e de lecture estim\u00e9e\" \/>\n\t<meta name=\"twitter:data2\" content=\"2 minutes\" \/>\n<script type=\"application\/ld+json\" class=\"yoast-schema-graph\">{\"@context\":\"https:\\\/\\\/schema.org\",\"@graph\":[{\"@type\":\"Article\",\"@id\":\"https:\\\/\\\/interamerica.org\\\/fr\\\/2007\\\/03\\\/barbade-leglise-adventiste-se-joint-au-projet-du-gouvernement-pour-reconstruire-des-maisons\\\/#article\",\"isPartOf\":{\"@id\":\"https:\\\/\\\/interamerica.org\\\/fr\\\/2007\\\/03\\\/barbade-leglise-adventiste-se-joint-au-projet-du-gouvernement-pour-reconstruire-des-maisons\\\/\"},\"author\":{\"name\":\"Lorenzo Verduzco\",\"@id\":\"https:\\\/\\\/interamerica.org\\\/fr\\\/#\\\/schema\\\/person\\\/68ede8bdc292885bb76c1e3810e73c39\"},\"headline\":\"Barbade: L&#39;Eglise Adventiste se Joint au Projet du Gouvernement Pour Reconstruire des Maisons\",\"datePublished\":\"2007-03-01T04:00:00+00:00\",\"dateModified\":\"2017-06-02T17:14:51+00:00\",\"mainEntityOfPage\":{\"@id\":\"https:\\\/\\\/interamerica.org\\\/fr\\\/2007\\\/03\\\/barbade-leglise-adventiste-se-joint-au-projet-du-gouvernement-pour-reconstruire-des-maisons\\\/\"},\"wordCount\":361,\"articleSection\":[\"Archive\"],\"inLanguage\":\"fr-FR\"},{\"@type\":\"WebPage\",\"@id\":\"https:\\\/\\\/interamerica.org\\\/fr\\\/2007\\\/03\\\/barbade-leglise-adventiste-se-joint-au-projet-du-gouvernement-pour-reconstruire-des-maisons\\\/\",\"url\":\"https:\\\/\\\/interamerica.org\\\/fr\\\/2007\\\/03\\\/barbade-leglise-adventiste-se-joint-au-projet-du-gouvernement-pour-reconstruire-des-maisons\\\/\",\"name\":\"Barbade: L&#39;Eglise Adventiste se Joint au Projet du Gouvernement Pour Reconstruire des Maisons - \u00c9glise Adventiste Du Septieme Jour - Inter Am\u00e9rique Division\",\"isPartOf\":{\"@id\":\"https:\\\/\\\/interamerica.org\\\/fr\\\/#website\"},\"datePublished\":\"2007-03-01T04:00:00+00:00\",\"dateModified\":\"2017-06-02T17:14:51+00:00\",\"author\":{\"@id\":\"https:\\\/\\\/interamerica.org\\\/fr\\\/#\\\/schema\\\/person\\\/68ede8bdc292885bb76c1e3810e73c39\"},\"breadcrumb\":{\"@id\":\"https:\\\/\\\/interamerica.org\\\/fr\\\/2007\\\/03\\\/barbade-leglise-adventiste-se-joint-au-projet-du-gouvernement-pour-reconstruire-des-maisons\\\/#breadcrumb\"},\"inLanguage\":\"fr-FR\",\"potentialAction\":[{\"@type\":\"ReadAction\",\"target\":[\"https:\\\/\\\/interamerica.org\\\/fr\\\/2007\\\/03\\\/barbade-leglise-adventiste-se-joint-au-projet-du-gouvernement-pour-reconstruire-des-maisons\\\/\"]}]},{\"@type\":\"BreadcrumbList\",\"@id\":\"https:\\\/\\\/interamerica.org\\\/fr\\\/2007\\\/03\\\/barbade-leglise-adventiste-se-joint-au-projet-du-gouvernement-pour-reconstruire-des-maisons\\\/#breadcrumb\",\"itemListElement\":[{\"@type\":\"ListItem\",\"position\":1,\"name\":\"Home\",\"item\":\"https:\\\/\\\/interamerica.org\\\/fr\\\/\"},{\"@type\":\"ListItem\",\"position\":2,\"name\":\"Barbade: L&#39;Eglise Adventiste se Joint au Projet du Gouvernement Pour Reconstruire des Maisons\"}]},{\"@type\":\"WebSite\",\"@id\":\"https:\\\/\\\/interamerica.org\\\/fr\\\/#website\",\"url\":\"https:\\\/\\\/interamerica.org\\\/fr\\\/\",\"name\":\"\u00c9glise Adventiste Du Septieme Jour - Inter Am\u00e9rique Division\",\"description\":\"\",\"potentialAction\":[{\"@type\":\"SearchAction\",\"target\":{\"@type\":\"EntryPoint\",\"urlTemplate\":\"https:\\\/\\\/interamerica.org\\\/fr\\\/?s={search_term_string}\"},\"query-input\":{\"@type\":\"PropertyValueSpecification\",\"valueRequired\":true,\"valueName\":\"search_term_string\"}}],\"inLanguage\":\"fr-FR\"},{\"@type\":\"Person\",\"@id\":\"https:\\\/\\\/interamerica.org\\\/fr\\\/#\\\/schema\\\/person\\\/68ede8bdc292885bb76c1e3810e73c39\",\"name\":\"Lorenzo Verduzco\",\"image\":{\"@type\":\"ImageObject\",\"inLanguage\":\"fr-FR\",\"@id\":\"https:\\\/\\\/secure.gravatar.com\\\/avatar\\\/fb81a55b6218459490a9c1dc841a34909185b81904c5337b4b27f7a6fd60c49e?s=96&d=mm&r=g\",\"url\":\"https:\\\/\\\/secure.gravatar.com\\\/avatar\\\/fb81a55b6218459490a9c1dc841a34909185b81904c5337b4b27f7a6fd60c49e?s=96&d=mm&r=g\",\"contentUrl\":\"https:\\\/\\\/secure.gravatar.com\\\/avatar\\\/fb81a55b6218459490a9c1dc841a34909185b81904c5337b4b27f7a6fd60c49e?s=96&d=mm&r=g\",\"caption\":\"Lorenzo Verduzco\"}}]}<\/script>\n<!-- \/ Yoast SEO plugin. -->","yoast_head_json":{"title":"Barbade: L&#39;Eglise Adventiste se Joint au Projet du Gouvernement Pour Reconstruire des Maisons - \u00c9glise Adventiste Du Septieme Jour - Inter Am\u00e9rique Division","robots":{"index":"index","follow":"follow","max-snippet":"max-snippet:-1","max-image-preview":"max-image-preview:large","max-video-preview":"max-video-preview:-1"},"canonical":"https:\/\/interamerica.org\/fr\/2007\/03\/barbade-leglise-adventiste-se-joint-au-projet-du-gouvernement-pour-reconstruire-des-maisons\/","og_locale":"fr_FR","og_type":"article","og_title":"Barbade: L&#39;Eglise Adventiste se Joint au Projet du Gouvernement Pour Reconstruire des Maisons - \u00c9glise Adventiste Du Septieme Jour - Inter Am\u00e9rique Division","og_description":"L&#39;Eglise Adventiste du Septi\u00e8me jour de la Barbade collabore avec le gouvernement du pays pour \u00e9radiquer la pauvret\u00e9. Le projet conjoint engage le Bureau du Conseiller du Gouvernement pour l&#39;Eradication de la Pauvret\u00e9","og_url":"https:\/\/interamerica.org\/fr\/2007\/03\/barbade-leglise-adventiste-se-joint-au-projet-du-gouvernement-pour-reconstruire-des-maisons\/","og_site_name":"\u00c9glise Adventiste Du Septieme Jour - Inter Am\u00e9rique Division","article_published_time":"2007-03-01T04:00:00+00:00","article_modified_time":"2017-06-02T17:14:51+00:00","author":"Lorenzo Verduzco","twitter_card":"summary_large_image","twitter_misc":{"\u00c9crit par":"Lorenzo Verduzco","Dur\u00e9e de lecture estim\u00e9e":"2 minutes"},"schema":{"@context":"https:\/\/schema.org","@graph":[{"@type":"Article","@id":"https:\/\/interamerica.org\/fr\/2007\/03\/barbade-leglise-adventiste-se-joint-au-projet-du-gouvernement-pour-reconstruire-des-maisons\/#article","isPartOf":{"@id":"https:\/\/interamerica.org\/fr\/2007\/03\/barbade-leglise-adventiste-se-joint-au-projet-du-gouvernement-pour-reconstruire-des-maisons\/"},"author":{"name":"Lorenzo Verduzco","@id":"https:\/\/interamerica.org\/fr\/#\/schema\/person\/68ede8bdc292885bb76c1e3810e73c39"},"headline":"Barbade: L&#39;Eglise Adventiste se Joint au Projet du Gouvernement Pour Reconstruire des Maisons","datePublished":"2007-03-01T04:00:00+00:00","dateModified":"2017-06-02T17:14:51+00:00","mainEntityOfPage":{"@id":"https:\/\/interamerica.org\/fr\/2007\/03\/barbade-leglise-adventiste-se-joint-au-projet-du-gouvernement-pour-reconstruire-des-maisons\/"},"wordCount":361,"articleSection":["Archive"],"inLanguage":"fr-FR"},{"@type":"WebPage","@id":"https:\/\/interamerica.org\/fr\/2007\/03\/barbade-leglise-adventiste-se-joint-au-projet-du-gouvernement-pour-reconstruire-des-maisons\/","url":"https:\/\/interamerica.org\/fr\/2007\/03\/barbade-leglise-adventiste-se-joint-au-projet-du-gouvernement-pour-reconstruire-des-maisons\/","name":"Barbade: L&#39;Eglise Adventiste se Joint au Projet du Gouvernement Pour Reconstruire des Maisons - \u00c9glise Adventiste Du Septieme Jour - Inter Am\u00e9rique Division","isPartOf":{"@id":"https:\/\/interamerica.org\/fr\/#website"},"datePublished":"2007-03-01T04:00:00+00:00","dateModified":"2017-06-02T17:14:51+00:00","author":{"@id":"https:\/\/interamerica.org\/fr\/#\/schema\/person\/68ede8bdc292885bb76c1e3810e73c39"},"breadcrumb":{"@id":"https:\/\/interamerica.org\/fr\/2007\/03\/barbade-leglise-adventiste-se-joint-au-projet-du-gouvernement-pour-reconstruire-des-maisons\/#breadcrumb"},"inLanguage":"fr-FR","potentialAction":[{"@type":"ReadAction","target":["https:\/\/interamerica.org\/fr\/2007\/03\/barbade-leglise-adventiste-se-joint-au-projet-du-gouvernement-pour-reconstruire-des-maisons\/"]}]},{"@type":"BreadcrumbList","@id":"https:\/\/interamerica.org\/fr\/2007\/03\/barbade-leglise-adventiste-se-joint-au-projet-du-gouvernement-pour-reconstruire-des-maisons\/#breadcrumb","itemListElement":[{"@type":"ListItem","position":1,"name":"Home","item":"https:\/\/interamerica.org\/fr\/"},{"@type":"ListItem","position":2,"name":"Barbade: L&#39;Eglise Adventiste se Joint au Projet du Gouvernement Pour Reconstruire des Maisons"}]},{"@type":"WebSite","@id":"https:\/\/interamerica.org\/fr\/#website","url":"https:\/\/interamerica.org\/fr\/","name":"\u00c9glise Adventiste Du Septieme Jour - Inter Am\u00e9rique Division","description":"","potentialAction":[{"@type":"SearchAction","target":{"@type":"EntryPoint","urlTemplate":"https:\/\/interamerica.org\/fr\/?s={search_term_string}"},"query-input":{"@type":"PropertyValueSpecification","valueRequired":true,"valueName":"search_term_string"}}],"inLanguage":"fr-FR"},{"@type":"Person","@id":"https:\/\/interamerica.org\/fr\/#\/schema\/person\/68ede8bdc292885bb76c1e3810e73c39","name":"Lorenzo Verduzco","image":{"@type":"ImageObject","inLanguage":"fr-FR","@id":"https:\/\/secure.gravatar.com\/avatar\/fb81a55b6218459490a9c1dc841a34909185b81904c5337b4b27f7a6fd60c49e?s=96&d=mm&r=g","url":"https:\/\/secure.gravatar.com\/avatar\/fb81a55b6218459490a9c1dc841a34909185b81904c5337b4b27f7a6fd60c49e?s=96&d=mm&r=g","contentUrl":"https:\/\/secure.gravatar.com\/avatar\/fb81a55b6218459490a9c1dc841a34909185b81904c5337b4b27f7a6fd60c49e?s=96&d=mm&r=g","caption":"Lorenzo Verduzco"}}]}},"_links":{"self":[{"href":"https:\/\/interamerica.org\/fr\/wp-json\/wp\/v2\/posts\/12696","targetHints":{"allow":["GET"]}}],"collection":[{"href":"https:\/\/interamerica.org\/fr\/wp-json\/wp\/v2\/posts"}],"about":[{"href":"https:\/\/interamerica.org\/fr\/wp-json\/wp\/v2\/types\/post"}],"author":[{"embeddable":true,"href":"https:\/\/interamerica.org\/fr\/wp-json\/wp\/v2\/users\/1"}],"replies":[{"embeddable":true,"href":"https:\/\/interamerica.org\/fr\/wp-json\/wp\/v2\/comments?post=12696"}],"version-history":[{"count":0,"href":"https:\/\/interamerica.org\/fr\/wp-json\/wp\/v2\/posts\/12696\/revisions"}],"wp:attachment":[{"href":"https:\/\/interamerica.org\/fr\/wp-json\/wp\/v2\/media?parent=12696"}],"wp:term":[{"taxonomy":"category","embeddable":true,"href":"https:\/\/interamerica.org\/fr\/wp-json\/wp\/v2\/categories?post=12696"},{"taxonomy":"post_tag","embeddable":true,"href":"https:\/\/interamerica.org\/fr\/wp-json\/wp\/v2\/tags?post=12696"}],"curies":[{"name":"wp","href":"https:\/\/api.w.org\/{rel}","templated":true}]}}