{"id":12698,"date":"2007-03-01T00:00:00","date_gmt":"2007-03-01T04:00:00","guid":{"rendered":"http:\/\/192.81.217.108\/interamerica\/2007\/03\/eglise-mondiale-le-service-international-de-sante-adventiste-celebre-une-decade-dassistance-aux-hopitaux-dans-le-monde-entier\/"},"modified":"2017-06-02T13:14:52","modified_gmt":"2017-06-02T17:14:52","slug":"eglise-mondiale-le-service-international-de-sante-adventiste-celebre-une-decade-dassistance-aux-hopitaux-dans-le-monde-entier","status":"publish","type":"post","link":"https:\/\/interamerica.org\/fr\/2007\/03\/eglise-mondiale-le-service-international-de-sante-adventiste-celebre-une-decade-dassistance-aux-hopitaux-dans-le-monde-entier\/","title":{"rendered":"\u00c9glise Mondiale : le Service International de Sant\u00e9 Adventiste C\u00e9l\u00e8bre Une D\u00e9cade d&#39;Assistance aux H\u00f4pitaux Dans le Monde Entier"},"content":{"rendered":"<p><em >1 mars 2007<\/em > Loma Linda, Californie, \u00c9tats-Unis&#8230;. [Dustin R. Jones\/Personnels de LLU\/ANN] <\/p>\n<p>Bien que les h\u00f4pitaux, les cliniques et les autres centres de soins m\u00e9dicaux soient d&#39;une mani\u00e8re caract\u00e9ristique consid\u00e9r\u00e9s comme constants dans la communaut\u00e9, ils ne sont pas immunis\u00e9s contre des situations difficiles qui pourraient mettre en p\u00e9ril la vitalit\u00e9 de toute une r\u00e9gion. Ceux qui se trouvent dans les pays en d\u00e9veloppement sont particuli\u00e8rement vuln\u00e9rables.<\/p>\n<p>Historiquement, les h\u00f4pitaux et sanatoriums de l&#39;\u00e9glise adventiste du septi\u00e8me jour qui sont \u00e0 l&#39;\u00e9tranger sont en t\u00eate des statistiques quand il est question d&#39;expertises m\u00e9dicales et de soins \u00e0 des patients. Mais, tout au long de cette derni\u00e8re d\u00e9cade, la force \u00e9conomique a chut\u00e9, les budgets outre-mer sont en diminution et la dynamique nationale et eccl\u00e9siale en fluctuation, ont eu pour r\u00e9sultat dans plusieurs de nos centres m\u00e9dicaux, un manque de personnel, un renouvellement  insuffisant des \u00e9quipements permettant de fournir des soins  sanitaires aussi inad\u00e9quats qu&#39;une toge d&#39;h\u00f4pital.  <\/p>\n<p>C&#39;est alors que quelques institutions adventistes se sont mises ensemble  pour organiser le D\u00e9partement de la Sant\u00e9 Adventiste internationale (AHI). L&#39;Universit\u00e9 de Loma Linda (LLU), le si\u00e8ge de l&#39;\u00e9glise adventiste mondiale, l&#39;Agence de Secours et de D\u00e9veloppement Adventiste (ADRA) internationale, le Syst\u00e8me de Sant\u00e9 Adventiste de l&#39;Ouest, la Soci\u00e9t\u00e9 de Soins m\u00e9dicaux de Sunbelt, Adventist Health Care, Inc. et le R\u00e9seau Adventiste de Soins m\u00e9dicaux de Kettering ont conjugu\u00e9 leurs efforts en vue de ranimer les h\u00f4pitaux en pleine d\u00e9t\u00e9rioration.  <\/p>\n<p>Apr\u00e8s avoir re\u00e7u l&#39;approbation du bureau central de l&#39;\u00e9glise adventiste mondiale, l&#39;H\u00f4pital Adventiste de Gimbie, en \u00c9thiopie et la Clinique\/H\u00f4pital Davis Memorial en Guyana ont \u00e9t\u00e9 les premiers \u00e0 b\u00e9n\u00e9ficier des services d&#39;AHI. \u00ab\u00a0Ces institutions \u00e9tait dans un \u00e9tat d\u00e9sesp\u00e9r\u00e9 et en instance de fermeture,\u00a0\u00bb a d\u00e9clar\u00e9 Dr Richard Hart, pr\u00e9sident d&#39;AHI et administrateur de LLU. \u00ab\u00a0Nous avons fait face \u00e0 beaucoup de d\u00e9fis, parmi lesquels l&#39;\u00e9tablissement d&#39;une direction et d&#39;un ensemble administratif remplissant en m\u00eame temps le r\u00f4le de responsable du personnel et de comit\u00e9, d&#39;une mani\u00e8re plus efficace.\u00a0\u00bb  <\/p>\n<p>Avant l&#39;intervention d&#39;AHI, la situation en \u00c9thiopie \u00e9tait particuli\u00e8rement d\u00e9sastreuse. Le gouvernement locale avait m\u00eame fait parvenir une lettre au si\u00e8ge social de l&#39;\u00e9glise, leur disant qu&#39;ils avaient un an pour se ressaisir ou faire face \u00e0 une fermeture forc\u00e9e.  <\/p>\n<p>\u00ab\u00a0L&#39;h\u00f4pital avait d\u00e9j\u00e0 alors pass\u00e9 quatre  mois de la p\u00e9riode des 12 mois,\u00a0\u00bb dit Hart. Avec l&#39;assistance d&#39;ADRA des Pays Bas, de quelques \u00e9tudiants du Service de Mission internationale, et des \u00e9tudiants missionnaires de LLU, la construction d&#39;un nouveau b\u00e2timent hospitalier commen\u00e7a en 1998. Cinq ans plus tard et avec pr\u00e8s de $400,000 US de donations, le nouveau centre hospitalier de deux \u00e9tages fut achev\u00e9 en 2003. Le nouvel h\u00f4pital contient une salle de chirurgie, une salle de pr\u00e9 accouchement, une autre pour les accouchements, une salle pour les patients et un \u00e9tage pour d\u00e9livrer des cours.  <\/p>\n<p>Pendant ce temps, \u00e0 la Clinique\/H\u00f4pital Davis Memorial, \u00e0 Georgetown, Guyana, \u00ab\u00a0peu y avait \u00e9t\u00e9 fait durant les 50 derni\u00e8res ann\u00e9es,\u00a0\u00bb dit Hart. Quand il avait \u00e9t\u00e9 construit en 1952, l&#39;h\u00f4pital \u00e9tait le centre de soins m\u00e9dicaux le plus important de Guyana. Mais, avec le temps, il \u00e9tait devenu si branlant que les administrateurs de l&#39;\u00e9glise sur place, avaient pris un vote de le fermer. C&#39;est alors que AHI est intervenu.  <\/p>\n<p>\u00ab\u00a0AHI a fait des progr\u00e8s r\u00e9els en Guyana,\u00a0\u00bb dit Dr Donn Gaede, secr\u00e9taire d&#39;AHI et professeur assistant \u00e0 l&#39;\u00c9cole de Sant\u00e9 publique de LLU .  <\/p>\n<p>\u00ab\u00a0Le Davis Memorial est maintenant l&#39;un de nos meilleurs sites.\u00a0\u00bb A d\u00e9clar\u00e9 Dr Elie Honor\u00e9, directeur du D\u00e9partement des Minist\u00e8res de la Sant\u00e9 de la Division interam\u00e9ricaine. \u00a0\u00bb Il ajoute, se r\u00e9f\u00e9rant \u00e0 l&#39;h\u00f4pital comme \u00ab\u00a0un revirement complet\u00a0\u00bb, que la volont\u00e9 d&#39;AHI de renforcer le comit\u00e9 de l&#39;h\u00f4pital et l&#39;\u00e9quipe charg\u00e9 de l&#39;administration a eu un \u00e9norme impact.  <\/p>\n<p>Ainsi, des am\u00e9liorations en profondeur, tels que le remplacement du syst\u00e8me \u00e9lectrique de Davis M\u00e9morial, ont \u00e9t\u00e9 effectu\u00e9es. Le personnel de l&#39;h\u00f4pital peut maintenant faire fonctionner les \u00e9quipements essentiels sans la menace constante de d\u00e9lestages qui entra\u00eenaient des ruptures pendant les soins aux patients.  <\/p>\n<p>Au d\u00e9but de 2001, AHI a port\u00e9 des am\u00e9liorations au Davis M\u00e9morial en mettant sur pied un programme d&#39;entra\u00eenement d&#39;Ouvrier en Soins m\u00e9dicaux (Fundation Health-Care Worker training program), qui fournit une formation de base en sant\u00e9 publique \u00e0 travers des instructions et des expositions dans chaque d\u00e9partement de l&#39;h\u00f4pital. Le Minist\u00e8re de la Sant\u00e9 de Guyana a reconnu la valeur du programme et en a fait un pr\u00e9alable \u00e0 diff\u00e9rentes carri\u00e8res de sant\u00e9.  <\/p>\n<p>\u00ab\u00a0Une des choses excitantes de la nouvelle vie au Davis M\u00e9morial est le \u00ab\u00a0r\u00e9veil\u00a0\u00bb de l&#39;\u00e9glise [\u00e0 c\u00f4t\u00e9],\u00a0\u00bb dit Hart. \u00ab\u00a0Quand j&#39;ai visit\u00e9 le Davis M\u00e9morial dans les ann\u00e9es ant\u00e9rieures, les membres de l&#39;\u00e9glise m&#39;ont d\u00e9conseill\u00e9 de venir en l&#39;\u00e9glise contigu\u00eb \u00e0 l&#39;h\u00f4pital et m&#39;ont conduit dans des \u00e9glises plus grandes situ\u00e9es \u00e0 Georgetown.\u00a0\u00bb <\/p>\n<p>Le nombre de membres de l&#39;\u00e9glise de l&#39;h\u00f4pital, qui \u00e9tait pass\u00e9 \u00e0 environ 50 assistants r\u00e9guliers, est depuis remont\u00e9 en fl\u00e8che, pour atteindre 1,000 personnes. Hart dit qu&#39;une nouvelle \u00e9glise a \u00e9t\u00e9 construite pour faire face au grand nombre.  Les 32 h\u00f4pitaux et 52 cliniques que AHI a relanc\u00e9s, sont, aujourd&#39;hui, r\u00e9partis dans 13 pays : le Cameroun, l&#39;\u00c9thiopie, Guyana, Ha\u00efti, le Honduras, l&#39;Inde, Malawi, le Nigeria, le Rwanda, le Tchad, Trinidad, Venezuela et la Zambie.  <\/p>\n<p>\u00ab\u00a0[Plusieurs] institutions de notre [r\u00e9gion] ont, maintenant, envie de faire partie d&#39;AHI,\u00a0\u00bb dit Honor\u00e9. \u00ab\u00a0Je regrette que les choses ne puissent pas bouger plus vite, mais je comprends les contraintes financi\u00e8res et les exigences des dirigeants d&#39;AHI.\u00a0\u00bb  <\/p>\n<p>Hart explique qu&#39;AHI re\u00e7oit de nombreuses demandes d&#39;adh\u00e9sion, mais que l&#39;organisation veut s&#39;assurer qu\u00a0\u00bbune solide institution avec un personnel de qualit\u00e9 et des r\u00e8glements seront mis en place dans chaque r\u00e9gion, pour que les am\u00e9liorations soient maintenues. Le domaine  d&#39;AHI, c&#39;est la sant\u00e9, et nous devons maintenir la qualit\u00e9 [et le] niveau technologique appropri\u00e9. Chaque pays doit aussi bouger en vue d&#39;atteindre un certain niveau d&#39;autosuffisance financi\u00e8re.\u00a0\u00bb  <\/p>\n<p>Pour plus d&#39;informations sur la Sant\u00e9 Adventiste internationale, visitez www.adventisthealthinternational.org. <\/p>\n<p><strong >Droit d&#39;Auteurs (c) 2007 de R\u00e9seau de Nouvelles Adventiste<\/strong >. <\/p>\n","protected":false},"excerpt":{"rendered":"<p>Bien que les h\u00f4pitaux, les cliniques et les autres centres de soins m\u00e9dicaux soient d&#39;une mani\u00e8re caract\u00e9ristique consid\u00e9r\u00e9s comme constants dans la communaut\u00e9, ils ne sont pas immunis\u00e9s contre<\/p>\n","protected":false},"author":1,"featured_media":0,"comment_status":"closed","ping_status":"closed","sticky":false,"template":"","format":"standard","meta":{"_acf_changed":false,"footnotes":""},"categories":[9],"tags":[],"class_list":["post-12698","post","type-post","status-publish","format-standard","hentry","category-archive-fr"],"acf":[],"yoast_head":"<!-- This site is optimized with the Yoast SEO plugin v27.3 - https:\/\/yoast.com\/product\/yoast-seo-wordpress\/ -->\n<title>\u00c9glise Mondiale : le Service International de Sant\u00e9 Adventiste C\u00e9l\u00e8bre Une D\u00e9cade d&#039;Assistance aux H\u00f4pitaux Dans le Monde Entier - \u00c9glise Adventiste Du Septieme Jour - Inter Am\u00e9rique Division<\/title>\n<meta name=\"robots\" content=\"index, follow, max-snippet:-1, max-image-preview:large, max-video-preview:-1\" \/>\n<link rel=\"canonical\" href=\"https:\/\/interamerica.org\/fr\/2007\/03\/eglise-mondiale-le-service-international-de-sante-adventiste-celebre-une-decade-dassistance-aux-hopitaux-dans-le-monde-entier\/\" \/>\n<meta property=\"og:locale\" content=\"fr_FR\" \/>\n<meta property=\"og:type\" content=\"article\" \/>\n<meta property=\"og:title\" content=\"\u00c9glise Mondiale : le Service International de Sant\u00e9 Adventiste C\u00e9l\u00e8bre Une D\u00e9cade d&#039;Assistance aux H\u00f4pitaux Dans le Monde Entier - \u00c9glise Adventiste Du Septieme Jour - Inter Am\u00e9rique Division\" \/>\n<meta property=\"og:description\" content=\"Bien que les h\u00f4pitaux, les cliniques et les autres centres de soins m\u00e9dicaux soient d&#039;une mani\u00e8re caract\u00e9ristique consid\u00e9r\u00e9s comme constants dans la communaut\u00e9, ils ne sont pas immunis\u00e9s contre\" \/>\n<meta property=\"og:url\" content=\"https:\/\/interamerica.org\/fr\/2007\/03\/eglise-mondiale-le-service-international-de-sante-adventiste-celebre-une-decade-dassistance-aux-hopitaux-dans-le-monde-entier\/\" \/>\n<meta property=\"og:site_name\" content=\"\u00c9glise Adventiste Du Septieme Jour - Inter Am\u00e9rique Division\" \/>\n<meta property=\"article:published_time\" content=\"2007-03-01T04:00:00+00:00\" \/>\n<meta property=\"article:modified_time\" content=\"2017-06-02T17:14:52+00:00\" \/>\n<meta name=\"author\" content=\"Lorenzo Verduzco\" \/>\n<meta name=\"twitter:card\" content=\"summary_large_image\" \/>\n<meta name=\"twitter:label1\" content=\"\u00c9crit par\" \/>\n\t<meta name=\"twitter:data1\" content=\"Lorenzo Verduzco\" \/>\n\t<meta name=\"twitter:label2\" content=\"Dur\u00e9e de lecture estim\u00e9e\" \/>\n\t<meta name=\"twitter:data2\" content=\"6 minutes\" \/>\n<script type=\"application\/ld+json\" class=\"yoast-schema-graph\">{\"@context\":\"https:\\\/\\\/schema.org\",\"@graph\":[{\"@type\":\"Article\",\"@id\":\"https:\\\/\\\/interamerica.org\\\/fr\\\/2007\\\/03\\\/eglise-mondiale-le-service-international-de-sante-adventiste-celebre-une-decade-dassistance-aux-hopitaux-dans-le-monde-entier\\\/#article\",\"isPartOf\":{\"@id\":\"https:\\\/\\\/interamerica.org\\\/fr\\\/2007\\\/03\\\/eglise-mondiale-le-service-international-de-sante-adventiste-celebre-une-decade-dassistance-aux-hopitaux-dans-le-monde-entier\\\/\"},\"author\":{\"name\":\"Lorenzo Verduzco\",\"@id\":\"https:\\\/\\\/interamerica.org\\\/fr\\\/#\\\/schema\\\/person\\\/68ede8bdc292885bb76c1e3810e73c39\"},\"headline\":\"\u00c9glise Mondiale : le Service International de Sant\u00e9 Adventiste C\u00e9l\u00e8bre Une D\u00e9cade d&#39;Assistance aux H\u00f4pitaux Dans le Monde Entier\",\"datePublished\":\"2007-03-01T04:00:00+00:00\",\"dateModified\":\"2017-06-02T17:14:52+00:00\",\"mainEntityOfPage\":{\"@id\":\"https:\\\/\\\/interamerica.org\\\/fr\\\/2007\\\/03\\\/eglise-mondiale-le-service-international-de-sante-adventiste-celebre-une-decade-dassistance-aux-hopitaux-dans-le-monde-entier\\\/\"},\"wordCount\":1172,\"articleSection\":[\"Archive\"],\"inLanguage\":\"fr-FR\"},{\"@type\":\"WebPage\",\"@id\":\"https:\\\/\\\/interamerica.org\\\/fr\\\/2007\\\/03\\\/eglise-mondiale-le-service-international-de-sante-adventiste-celebre-une-decade-dassistance-aux-hopitaux-dans-le-monde-entier\\\/\",\"url\":\"https:\\\/\\\/interamerica.org\\\/fr\\\/2007\\\/03\\\/eglise-mondiale-le-service-international-de-sante-adventiste-celebre-une-decade-dassistance-aux-hopitaux-dans-le-monde-entier\\\/\",\"name\":\"\u00c9glise Mondiale : le Service International de Sant\u00e9 Adventiste C\u00e9l\u00e8bre Une D\u00e9cade d&#39;Assistance aux H\u00f4pitaux Dans le Monde Entier - \u00c9glise Adventiste Du Septieme Jour - Inter Am\u00e9rique Division\",\"isPartOf\":{\"@id\":\"https:\\\/\\\/interamerica.org\\\/fr\\\/#website\"},\"datePublished\":\"2007-03-01T04:00:00+00:00\",\"dateModified\":\"2017-06-02T17:14:52+00:00\",\"author\":{\"@id\":\"https:\\\/\\\/interamerica.org\\\/fr\\\/#\\\/schema\\\/person\\\/68ede8bdc292885bb76c1e3810e73c39\"},\"breadcrumb\":{\"@id\":\"https:\\\/\\\/interamerica.org\\\/fr\\\/2007\\\/03\\\/eglise-mondiale-le-service-international-de-sante-adventiste-celebre-une-decade-dassistance-aux-hopitaux-dans-le-monde-entier\\\/#breadcrumb\"},\"inLanguage\":\"fr-FR\",\"potentialAction\":[{\"@type\":\"ReadAction\",\"target\":[\"https:\\\/\\\/interamerica.org\\\/fr\\\/2007\\\/03\\\/eglise-mondiale-le-service-international-de-sante-adventiste-celebre-une-decade-dassistance-aux-hopitaux-dans-le-monde-entier\\\/\"]}]},{\"@type\":\"BreadcrumbList\",\"@id\":\"https:\\\/\\\/interamerica.org\\\/fr\\\/2007\\\/03\\\/eglise-mondiale-le-service-international-de-sante-adventiste-celebre-une-decade-dassistance-aux-hopitaux-dans-le-monde-entier\\\/#breadcrumb\",\"itemListElement\":[{\"@type\":\"ListItem\",\"position\":1,\"name\":\"Home\",\"item\":\"https:\\\/\\\/interamerica.org\\\/fr\\\/\"},{\"@type\":\"ListItem\",\"position\":2,\"name\":\"\u00c9glise Mondiale : le Service International de Sant\u00e9 Adventiste C\u00e9l\u00e8bre Une D\u00e9cade d&#39;Assistance aux H\u00f4pitaux Dans le Monde Entier\"}]},{\"@type\":\"WebSite\",\"@id\":\"https:\\\/\\\/interamerica.org\\\/fr\\\/#website\",\"url\":\"https:\\\/\\\/interamerica.org\\\/fr\\\/\",\"name\":\"\u00c9glise Adventiste Du Septieme Jour - Inter Am\u00e9rique Division\",\"description\":\"\",\"potentialAction\":[{\"@type\":\"SearchAction\",\"target\":{\"@type\":\"EntryPoint\",\"urlTemplate\":\"https:\\\/\\\/interamerica.org\\\/fr\\\/?s={search_term_string}\"},\"query-input\":{\"@type\":\"PropertyValueSpecification\",\"valueRequired\":true,\"valueName\":\"search_term_string\"}}],\"inLanguage\":\"fr-FR\"},{\"@type\":\"Person\",\"@id\":\"https:\\\/\\\/interamerica.org\\\/fr\\\/#\\\/schema\\\/person\\\/68ede8bdc292885bb76c1e3810e73c39\",\"name\":\"Lorenzo Verduzco\",\"image\":{\"@type\":\"ImageObject\",\"inLanguage\":\"fr-FR\",\"@id\":\"https:\\\/\\\/secure.gravatar.com\\\/avatar\\\/fb81a55b6218459490a9c1dc841a34909185b81904c5337b4b27f7a6fd60c49e?s=96&d=mm&r=g\",\"url\":\"https:\\\/\\\/secure.gravatar.com\\\/avatar\\\/fb81a55b6218459490a9c1dc841a34909185b81904c5337b4b27f7a6fd60c49e?s=96&d=mm&r=g\",\"contentUrl\":\"https:\\\/\\\/secure.gravatar.com\\\/avatar\\\/fb81a55b6218459490a9c1dc841a34909185b81904c5337b4b27f7a6fd60c49e?s=96&d=mm&r=g\",\"caption\":\"Lorenzo Verduzco\"}}]}<\/script>\n<!-- \/ Yoast SEO plugin. -->","yoast_head_json":{"title":"\u00c9glise Mondiale : le Service International de Sant\u00e9 Adventiste C\u00e9l\u00e8bre Une D\u00e9cade d&#39;Assistance aux H\u00f4pitaux Dans le Monde Entier - \u00c9glise Adventiste Du Septieme Jour - Inter Am\u00e9rique Division","robots":{"index":"index","follow":"follow","max-snippet":"max-snippet:-1","max-image-preview":"max-image-preview:large","max-video-preview":"max-video-preview:-1"},"canonical":"https:\/\/interamerica.org\/fr\/2007\/03\/eglise-mondiale-le-service-international-de-sante-adventiste-celebre-une-decade-dassistance-aux-hopitaux-dans-le-monde-entier\/","og_locale":"fr_FR","og_type":"article","og_title":"\u00c9glise Mondiale : le Service International de Sant\u00e9 Adventiste C\u00e9l\u00e8bre Une D\u00e9cade d&#39;Assistance aux H\u00f4pitaux Dans le Monde Entier - \u00c9glise Adventiste Du Septieme Jour - Inter Am\u00e9rique Division","og_description":"Bien que les h\u00f4pitaux, les cliniques et les autres centres de soins m\u00e9dicaux soient d&#39;une mani\u00e8re caract\u00e9ristique consid\u00e9r\u00e9s comme constants dans la communaut\u00e9, ils ne sont pas immunis\u00e9s contre","og_url":"https:\/\/interamerica.org\/fr\/2007\/03\/eglise-mondiale-le-service-international-de-sante-adventiste-celebre-une-decade-dassistance-aux-hopitaux-dans-le-monde-entier\/","og_site_name":"\u00c9glise Adventiste Du Septieme Jour - Inter Am\u00e9rique Division","article_published_time":"2007-03-01T04:00:00+00:00","article_modified_time":"2017-06-02T17:14:52+00:00","author":"Lorenzo Verduzco","twitter_card":"summary_large_image","twitter_misc":{"\u00c9crit par":"Lorenzo Verduzco","Dur\u00e9e de lecture estim\u00e9e":"6 minutes"},"schema":{"@context":"https:\/\/schema.org","@graph":[{"@type":"Article","@id":"https:\/\/interamerica.org\/fr\/2007\/03\/eglise-mondiale-le-service-international-de-sante-adventiste-celebre-une-decade-dassistance-aux-hopitaux-dans-le-monde-entier\/#article","isPartOf":{"@id":"https:\/\/interamerica.org\/fr\/2007\/03\/eglise-mondiale-le-service-international-de-sante-adventiste-celebre-une-decade-dassistance-aux-hopitaux-dans-le-monde-entier\/"},"author":{"name":"Lorenzo Verduzco","@id":"https:\/\/interamerica.org\/fr\/#\/schema\/person\/68ede8bdc292885bb76c1e3810e73c39"},"headline":"\u00c9glise Mondiale : le Service International de Sant\u00e9 Adventiste C\u00e9l\u00e8bre Une D\u00e9cade d&#39;Assistance aux H\u00f4pitaux Dans le Monde Entier","datePublished":"2007-03-01T04:00:00+00:00","dateModified":"2017-06-02T17:14:52+00:00","mainEntityOfPage":{"@id":"https:\/\/interamerica.org\/fr\/2007\/03\/eglise-mondiale-le-service-international-de-sante-adventiste-celebre-une-decade-dassistance-aux-hopitaux-dans-le-monde-entier\/"},"wordCount":1172,"articleSection":["Archive"],"inLanguage":"fr-FR"},{"@type":"WebPage","@id":"https:\/\/interamerica.org\/fr\/2007\/03\/eglise-mondiale-le-service-international-de-sante-adventiste-celebre-une-decade-dassistance-aux-hopitaux-dans-le-monde-entier\/","url":"https:\/\/interamerica.org\/fr\/2007\/03\/eglise-mondiale-le-service-international-de-sante-adventiste-celebre-une-decade-dassistance-aux-hopitaux-dans-le-monde-entier\/","name":"\u00c9glise Mondiale : le Service International de Sant\u00e9 Adventiste C\u00e9l\u00e8bre Une D\u00e9cade d&#39;Assistance aux H\u00f4pitaux Dans le Monde Entier - \u00c9glise Adventiste Du Septieme Jour - Inter Am\u00e9rique Division","isPartOf":{"@id":"https:\/\/interamerica.org\/fr\/#website"},"datePublished":"2007-03-01T04:00:00+00:00","dateModified":"2017-06-02T17:14:52+00:00","author":{"@id":"https:\/\/interamerica.org\/fr\/#\/schema\/person\/68ede8bdc292885bb76c1e3810e73c39"},"breadcrumb":{"@id":"https:\/\/interamerica.org\/fr\/2007\/03\/eglise-mondiale-le-service-international-de-sante-adventiste-celebre-une-decade-dassistance-aux-hopitaux-dans-le-monde-entier\/#breadcrumb"},"inLanguage":"fr-FR","potentialAction":[{"@type":"ReadAction","target":["https:\/\/interamerica.org\/fr\/2007\/03\/eglise-mondiale-le-service-international-de-sante-adventiste-celebre-une-decade-dassistance-aux-hopitaux-dans-le-monde-entier\/"]}]},{"@type":"BreadcrumbList","@id":"https:\/\/interamerica.org\/fr\/2007\/03\/eglise-mondiale-le-service-international-de-sante-adventiste-celebre-une-decade-dassistance-aux-hopitaux-dans-le-monde-entier\/#breadcrumb","itemListElement":[{"@type":"ListItem","position":1,"name":"Home","item":"https:\/\/interamerica.org\/fr\/"},{"@type":"ListItem","position":2,"name":"\u00c9glise Mondiale : le Service International de Sant\u00e9 Adventiste C\u00e9l\u00e8bre Une D\u00e9cade d&#39;Assistance aux H\u00f4pitaux Dans le Monde Entier"}]},{"@type":"WebSite","@id":"https:\/\/interamerica.org\/fr\/#website","url":"https:\/\/interamerica.org\/fr\/","name":"\u00c9glise Adventiste Du Septieme Jour - Inter Am\u00e9rique Division","description":"","potentialAction":[{"@type":"SearchAction","target":{"@type":"EntryPoint","urlTemplate":"https:\/\/interamerica.org\/fr\/?s={search_term_string}"},"query-input":{"@type":"PropertyValueSpecification","valueRequired":true,"valueName":"search_term_string"}}],"inLanguage":"fr-FR"},{"@type":"Person","@id":"https:\/\/interamerica.org\/fr\/#\/schema\/person\/68ede8bdc292885bb76c1e3810e73c39","name":"Lorenzo Verduzco","image":{"@type":"ImageObject","inLanguage":"fr-FR","@id":"https:\/\/secure.gravatar.com\/avatar\/fb81a55b6218459490a9c1dc841a34909185b81904c5337b4b27f7a6fd60c49e?s=96&d=mm&r=g","url":"https:\/\/secure.gravatar.com\/avatar\/fb81a55b6218459490a9c1dc841a34909185b81904c5337b4b27f7a6fd60c49e?s=96&d=mm&r=g","contentUrl":"https:\/\/secure.gravatar.com\/avatar\/fb81a55b6218459490a9c1dc841a34909185b81904c5337b4b27f7a6fd60c49e?s=96&d=mm&r=g","caption":"Lorenzo Verduzco"}}]}},"_links":{"self":[{"href":"https:\/\/interamerica.org\/fr\/wp-json\/wp\/v2\/posts\/12698","targetHints":{"allow":["GET"]}}],"collection":[{"href":"https:\/\/interamerica.org\/fr\/wp-json\/wp\/v2\/posts"}],"about":[{"href":"https:\/\/interamerica.org\/fr\/wp-json\/wp\/v2\/types\/post"}],"author":[{"embeddable":true,"href":"https:\/\/interamerica.org\/fr\/wp-json\/wp\/v2\/users\/1"}],"replies":[{"embeddable":true,"href":"https:\/\/interamerica.org\/fr\/wp-json\/wp\/v2\/comments?post=12698"}],"version-history":[{"count":0,"href":"https:\/\/interamerica.org\/fr\/wp-json\/wp\/v2\/posts\/12698\/revisions"}],"wp:attachment":[{"href":"https:\/\/interamerica.org\/fr\/wp-json\/wp\/v2\/media?parent=12698"}],"wp:term":[{"taxonomy":"category","embeddable":true,"href":"https:\/\/interamerica.org\/fr\/wp-json\/wp\/v2\/categories?post=12698"},{"taxonomy":"post_tag","embeddable":true,"href":"https:\/\/interamerica.org\/fr\/wp-json\/wp\/v2\/tags?post=12698"}],"curies":[{"name":"wp","href":"https:\/\/api.w.org\/{rel}","templated":true}]}}