{"id":12699,"date":"2007-03-05T00:00:00","date_gmt":"2007-03-05T04:00:00","guid":{"rendered":"http:\/\/192.81.217.108\/interamerica\/2007\/03\/des-jeunes-adventistes-participent-a-une-vaste-campagne-de-nettoyage-de-la-ville-en-jamaique\/"},"modified":"2017-06-02T13:14:48","modified_gmt":"2017-06-02T17:14:48","slug":"des-jeunes-adventistes-participent-a-une-vaste-campagne-de-nettoyage-de-la-ville-en-jamaique","status":"publish","type":"post","link":"https:\/\/interamerica.org\/fr\/2007\/03\/des-jeunes-adventistes-participent-a-une-vaste-campagne-de-nettoyage-de-la-ville-en-jamaique\/","title":{"rendered":"Des Jeunes Adventistes Participent \u00e0 une Vaste Campagne de Nettoyage de la Ville en Jama\u00efque"},"content":{"rendered":"<p>2 mars 2007, Mandeville, Jama\u00efque (Nigel Coke\/UIO) <\/p>\n<p>Plus de 200 jeunes et des dirigeants de jeunesse des Conf\u00e9rences Adventistes du Septi\u00e8me jour de l&#39;Est et du Centre de la Jama\u00efque se sont retrouv\u00e9s au Centre Commercial de Kingston, en Jama\u00efque le 5 f\u00e9vrier pour une campagne de nettoyage.  Le projet est une initiative de \u00ab\u00a0Hope 2007\u00a0\u00bb (Espoir 2007), qui est une organisation de couverture qui regroupe des partenaires de diff\u00e9rentes d\u00e9nominations Chr\u00e9tiennes de la Jama\u00efque, pour faire un impact sur la nation. <\/p>\n<p>La jeunesse Adventiste s&#39;est jointe \u00e0 plus de 400 jeunes des autres d\u00e9nominations Chr\u00e9tiennes qui \u00e9taient dans les rues le samedi 24 f\u00e9vrier, en vue d&#39;apporter leur contribution \u00e0 cette noble cause. <\/p>\n<p>Encourag\u00e9s par la pr\u00e9sence et la participation des directeurs des Minist\u00e8res de la Jeunesse de l&#39;Eglise Adventiste de l&#39;Union des Indes Occidentales et de la Conf\u00e9rence Est de la Jama\u00efque, respectivement Pasteurs Charles Blythe et Ryan Simpson, les jeunes se sont dirig\u00e9s vers le \u00ab\u00a0St. Willima Grant Park, Harbour Street et le \u00ab\u00a0Kingston Craft Market\u00a0\u00bb, en nettoyant, peignant et ramassant les d\u00e9tritus.  Le  mouvement a \u00e9t\u00e9 suppport\u00e9 par le gouvernement, le secteur priv\u00e9, et plusieurs autres organisations. <\/p>\n<p>Ceci a \u00e9t\u00e9 la premi\u00e8re d&#39;une s\u00e9rie d&#39;action entreprise par le groupe religieux \u00ab\u00a0Hope 2007\u00a0\u00bb.  Le projet s&#39;\u00e9tendra aux autres communaut\u00e9s du pays au cours de cette ann\u00e9e. <\/p>\n<p>Le projet visera aussi \u00e0 gagner des \u00e2mes \u00e0 J\u00e9sus Christ et comportera une distribution de feuillets parmi tant d&#39;autres programmes d&#39;\u00e9vang\u00e9lisation.        <\/p>\n","protected":false},"excerpt":{"rendered":"<p>Plus de 200 jeunes et des dirigeants de jeunesse des Conf\u00e9rences Adventistes du Septi\u00e8me jour de l&#39;Est et du Centre de la Jama\u00efque se sont retrouv\u00e9s au Centre Commercial de Kingston, en Jama\u00efque le 5 f\u00e9vrier pour<\/p>\n","protected":false},"author":1,"featured_media":0,"comment_status":"closed","ping_status":"closed","sticky":false,"template":"","format":"standard","meta":{"_acf_changed":false,"footnotes":""},"categories":[9],"tags":[],"class_list":["post-12699","post","type-post","status-publish","format-standard","hentry","category-archive-fr"],"acf":[],"yoast_head":"<!-- This site is optimized with the Yoast SEO plugin v27.3 - https:\/\/yoast.com\/product\/yoast-seo-wordpress\/ -->\n<title>Des Jeunes Adventistes Participent \u00e0 une Vaste Campagne de Nettoyage de la Ville en Jama\u00efque - \u00c9glise Adventiste Du Septieme Jour - Inter Am\u00e9rique Division<\/title>\n<meta name=\"robots\" content=\"index, follow, max-snippet:-1, max-image-preview:large, max-video-preview:-1\" \/>\n<link rel=\"canonical\" href=\"https:\/\/interamerica.org\/fr\/2007\/03\/des-jeunes-adventistes-participent-a-une-vaste-campagne-de-nettoyage-de-la-ville-en-jamaique\/\" \/>\n<meta property=\"og:locale\" content=\"fr_FR\" \/>\n<meta property=\"og:type\" content=\"article\" \/>\n<meta property=\"og:title\" content=\"Des Jeunes Adventistes Participent \u00e0 une Vaste Campagne de Nettoyage de la Ville en Jama\u00efque - \u00c9glise Adventiste Du Septieme Jour - Inter Am\u00e9rique Division\" \/>\n<meta property=\"og:description\" content=\"Plus de 200 jeunes et des dirigeants de jeunesse des Conf\u00e9rences Adventistes du Septi\u00e8me jour de l&#039;Est et du Centre de la Jama\u00efque se sont retrouv\u00e9s au Centre Commercial de Kingston, en Jama\u00efque le 5 f\u00e9vrier pour\" \/>\n<meta property=\"og:url\" content=\"https:\/\/interamerica.org\/fr\/2007\/03\/des-jeunes-adventistes-participent-a-une-vaste-campagne-de-nettoyage-de-la-ville-en-jamaique\/\" \/>\n<meta property=\"og:site_name\" content=\"\u00c9glise Adventiste Du Septieme Jour - Inter Am\u00e9rique Division\" \/>\n<meta property=\"article:published_time\" content=\"2007-03-05T04:00:00+00:00\" \/>\n<meta property=\"article:modified_time\" content=\"2017-06-02T17:14:48+00:00\" \/>\n<meta name=\"author\" content=\"Lorenzo Verduzco\" \/>\n<meta name=\"twitter:card\" content=\"summary_large_image\" \/>\n<meta name=\"twitter:label1\" content=\"\u00c9crit par\" \/>\n\t<meta name=\"twitter:data1\" content=\"Lorenzo Verduzco\" \/>\n\t<meta name=\"twitter:label2\" content=\"Dur\u00e9e de lecture estim\u00e9e\" \/>\n\t<meta name=\"twitter:data2\" content=\"1 minute\" \/>\n<script type=\"application\/ld+json\" class=\"yoast-schema-graph\">{\"@context\":\"https:\\\/\\\/schema.org\",\"@graph\":[{\"@type\":\"Article\",\"@id\":\"https:\\\/\\\/interamerica.org\\\/fr\\\/2007\\\/03\\\/des-jeunes-adventistes-participent-a-une-vaste-campagne-de-nettoyage-de-la-ville-en-jamaique\\\/#article\",\"isPartOf\":{\"@id\":\"https:\\\/\\\/interamerica.org\\\/fr\\\/2007\\\/03\\\/des-jeunes-adventistes-participent-a-une-vaste-campagne-de-nettoyage-de-la-ville-en-jamaique\\\/\"},\"author\":{\"name\":\"Lorenzo Verduzco\",\"@id\":\"https:\\\/\\\/interamerica.org\\\/fr\\\/#\\\/schema\\\/person\\\/68ede8bdc292885bb76c1e3810e73c39\"},\"headline\":\"Des Jeunes Adventistes Participent \u00e0 une Vaste Campagne de Nettoyage de la Ville en Jama\u00efque\",\"datePublished\":\"2007-03-05T04:00:00+00:00\",\"dateModified\":\"2017-06-02T17:14:48+00:00\",\"mainEntityOfPage\":{\"@id\":\"https:\\\/\\\/interamerica.org\\\/fr\\\/2007\\\/03\\\/des-jeunes-adventistes-participent-a-une-vaste-campagne-de-nettoyage-de-la-ville-en-jamaique\\\/\"},\"wordCount\":281,\"articleSection\":[\"Archive\"],\"inLanguage\":\"fr-FR\"},{\"@type\":\"WebPage\",\"@id\":\"https:\\\/\\\/interamerica.org\\\/fr\\\/2007\\\/03\\\/des-jeunes-adventistes-participent-a-une-vaste-campagne-de-nettoyage-de-la-ville-en-jamaique\\\/\",\"url\":\"https:\\\/\\\/interamerica.org\\\/fr\\\/2007\\\/03\\\/des-jeunes-adventistes-participent-a-une-vaste-campagne-de-nettoyage-de-la-ville-en-jamaique\\\/\",\"name\":\"Des Jeunes Adventistes Participent \u00e0 une Vaste Campagne de Nettoyage de la Ville en Jama\u00efque - \u00c9glise Adventiste Du Septieme Jour - Inter Am\u00e9rique Division\",\"isPartOf\":{\"@id\":\"https:\\\/\\\/interamerica.org\\\/fr\\\/#website\"},\"datePublished\":\"2007-03-05T04:00:00+00:00\",\"dateModified\":\"2017-06-02T17:14:48+00:00\",\"author\":{\"@id\":\"https:\\\/\\\/interamerica.org\\\/fr\\\/#\\\/schema\\\/person\\\/68ede8bdc292885bb76c1e3810e73c39\"},\"breadcrumb\":{\"@id\":\"https:\\\/\\\/interamerica.org\\\/fr\\\/2007\\\/03\\\/des-jeunes-adventistes-participent-a-une-vaste-campagne-de-nettoyage-de-la-ville-en-jamaique\\\/#breadcrumb\"},\"inLanguage\":\"fr-FR\",\"potentialAction\":[{\"@type\":\"ReadAction\",\"target\":[\"https:\\\/\\\/interamerica.org\\\/fr\\\/2007\\\/03\\\/des-jeunes-adventistes-participent-a-une-vaste-campagne-de-nettoyage-de-la-ville-en-jamaique\\\/\"]}]},{\"@type\":\"BreadcrumbList\",\"@id\":\"https:\\\/\\\/interamerica.org\\\/fr\\\/2007\\\/03\\\/des-jeunes-adventistes-participent-a-une-vaste-campagne-de-nettoyage-de-la-ville-en-jamaique\\\/#breadcrumb\",\"itemListElement\":[{\"@type\":\"ListItem\",\"position\":1,\"name\":\"Home\",\"item\":\"https:\\\/\\\/interamerica.org\\\/fr\\\/\"},{\"@type\":\"ListItem\",\"position\":2,\"name\":\"Des Jeunes Adventistes Participent \u00e0 une Vaste Campagne de Nettoyage de la Ville en Jama\u00efque\"}]},{\"@type\":\"WebSite\",\"@id\":\"https:\\\/\\\/interamerica.org\\\/fr\\\/#website\",\"url\":\"https:\\\/\\\/interamerica.org\\\/fr\\\/\",\"name\":\"\u00c9glise Adventiste Du Septieme Jour - Inter Am\u00e9rique Division\",\"description\":\"\",\"potentialAction\":[{\"@type\":\"SearchAction\",\"target\":{\"@type\":\"EntryPoint\",\"urlTemplate\":\"https:\\\/\\\/interamerica.org\\\/fr\\\/?s={search_term_string}\"},\"query-input\":{\"@type\":\"PropertyValueSpecification\",\"valueRequired\":true,\"valueName\":\"search_term_string\"}}],\"inLanguage\":\"fr-FR\"},{\"@type\":\"Person\",\"@id\":\"https:\\\/\\\/interamerica.org\\\/fr\\\/#\\\/schema\\\/person\\\/68ede8bdc292885bb76c1e3810e73c39\",\"name\":\"Lorenzo Verduzco\",\"image\":{\"@type\":\"ImageObject\",\"inLanguage\":\"fr-FR\",\"@id\":\"https:\\\/\\\/secure.gravatar.com\\\/avatar\\\/fb81a55b6218459490a9c1dc841a34909185b81904c5337b4b27f7a6fd60c49e?s=96&d=mm&r=g\",\"url\":\"https:\\\/\\\/secure.gravatar.com\\\/avatar\\\/fb81a55b6218459490a9c1dc841a34909185b81904c5337b4b27f7a6fd60c49e?s=96&d=mm&r=g\",\"contentUrl\":\"https:\\\/\\\/secure.gravatar.com\\\/avatar\\\/fb81a55b6218459490a9c1dc841a34909185b81904c5337b4b27f7a6fd60c49e?s=96&d=mm&r=g\",\"caption\":\"Lorenzo Verduzco\"}}]}<\/script>\n<!-- \/ Yoast SEO plugin. -->","yoast_head_json":{"title":"Des Jeunes Adventistes Participent \u00e0 une Vaste Campagne de Nettoyage de la Ville en Jama\u00efque - \u00c9glise Adventiste Du Septieme Jour - Inter Am\u00e9rique Division","robots":{"index":"index","follow":"follow","max-snippet":"max-snippet:-1","max-image-preview":"max-image-preview:large","max-video-preview":"max-video-preview:-1"},"canonical":"https:\/\/interamerica.org\/fr\/2007\/03\/des-jeunes-adventistes-participent-a-une-vaste-campagne-de-nettoyage-de-la-ville-en-jamaique\/","og_locale":"fr_FR","og_type":"article","og_title":"Des Jeunes Adventistes Participent \u00e0 une Vaste Campagne de Nettoyage de la Ville en Jama\u00efque - \u00c9glise Adventiste Du Septieme Jour - Inter Am\u00e9rique Division","og_description":"Plus de 200 jeunes et des dirigeants de jeunesse des Conf\u00e9rences Adventistes du Septi\u00e8me jour de l&#39;Est et du Centre de la Jama\u00efque se sont retrouv\u00e9s au Centre Commercial de Kingston, en Jama\u00efque le 5 f\u00e9vrier pour","og_url":"https:\/\/interamerica.org\/fr\/2007\/03\/des-jeunes-adventistes-participent-a-une-vaste-campagne-de-nettoyage-de-la-ville-en-jamaique\/","og_site_name":"\u00c9glise Adventiste Du Septieme Jour - Inter Am\u00e9rique Division","article_published_time":"2007-03-05T04:00:00+00:00","article_modified_time":"2017-06-02T17:14:48+00:00","author":"Lorenzo Verduzco","twitter_card":"summary_large_image","twitter_misc":{"\u00c9crit par":"Lorenzo Verduzco","Dur\u00e9e de lecture estim\u00e9e":"1 minute"},"schema":{"@context":"https:\/\/schema.org","@graph":[{"@type":"Article","@id":"https:\/\/interamerica.org\/fr\/2007\/03\/des-jeunes-adventistes-participent-a-une-vaste-campagne-de-nettoyage-de-la-ville-en-jamaique\/#article","isPartOf":{"@id":"https:\/\/interamerica.org\/fr\/2007\/03\/des-jeunes-adventistes-participent-a-une-vaste-campagne-de-nettoyage-de-la-ville-en-jamaique\/"},"author":{"name":"Lorenzo Verduzco","@id":"https:\/\/interamerica.org\/fr\/#\/schema\/person\/68ede8bdc292885bb76c1e3810e73c39"},"headline":"Des Jeunes Adventistes Participent \u00e0 une Vaste Campagne de Nettoyage de la Ville en Jama\u00efque","datePublished":"2007-03-05T04:00:00+00:00","dateModified":"2017-06-02T17:14:48+00:00","mainEntityOfPage":{"@id":"https:\/\/interamerica.org\/fr\/2007\/03\/des-jeunes-adventistes-participent-a-une-vaste-campagne-de-nettoyage-de-la-ville-en-jamaique\/"},"wordCount":281,"articleSection":["Archive"],"inLanguage":"fr-FR"},{"@type":"WebPage","@id":"https:\/\/interamerica.org\/fr\/2007\/03\/des-jeunes-adventistes-participent-a-une-vaste-campagne-de-nettoyage-de-la-ville-en-jamaique\/","url":"https:\/\/interamerica.org\/fr\/2007\/03\/des-jeunes-adventistes-participent-a-une-vaste-campagne-de-nettoyage-de-la-ville-en-jamaique\/","name":"Des Jeunes Adventistes Participent \u00e0 une Vaste Campagne de Nettoyage de la Ville en Jama\u00efque - \u00c9glise Adventiste Du Septieme Jour - Inter Am\u00e9rique Division","isPartOf":{"@id":"https:\/\/interamerica.org\/fr\/#website"},"datePublished":"2007-03-05T04:00:00+00:00","dateModified":"2017-06-02T17:14:48+00:00","author":{"@id":"https:\/\/interamerica.org\/fr\/#\/schema\/person\/68ede8bdc292885bb76c1e3810e73c39"},"breadcrumb":{"@id":"https:\/\/interamerica.org\/fr\/2007\/03\/des-jeunes-adventistes-participent-a-une-vaste-campagne-de-nettoyage-de-la-ville-en-jamaique\/#breadcrumb"},"inLanguage":"fr-FR","potentialAction":[{"@type":"ReadAction","target":["https:\/\/interamerica.org\/fr\/2007\/03\/des-jeunes-adventistes-participent-a-une-vaste-campagne-de-nettoyage-de-la-ville-en-jamaique\/"]}]},{"@type":"BreadcrumbList","@id":"https:\/\/interamerica.org\/fr\/2007\/03\/des-jeunes-adventistes-participent-a-une-vaste-campagne-de-nettoyage-de-la-ville-en-jamaique\/#breadcrumb","itemListElement":[{"@type":"ListItem","position":1,"name":"Home","item":"https:\/\/interamerica.org\/fr\/"},{"@type":"ListItem","position":2,"name":"Des Jeunes Adventistes Participent \u00e0 une Vaste Campagne de Nettoyage de la Ville en Jama\u00efque"}]},{"@type":"WebSite","@id":"https:\/\/interamerica.org\/fr\/#website","url":"https:\/\/interamerica.org\/fr\/","name":"\u00c9glise Adventiste Du Septieme Jour - Inter Am\u00e9rique Division","description":"","potentialAction":[{"@type":"SearchAction","target":{"@type":"EntryPoint","urlTemplate":"https:\/\/interamerica.org\/fr\/?s={search_term_string}"},"query-input":{"@type":"PropertyValueSpecification","valueRequired":true,"valueName":"search_term_string"}}],"inLanguage":"fr-FR"},{"@type":"Person","@id":"https:\/\/interamerica.org\/fr\/#\/schema\/person\/68ede8bdc292885bb76c1e3810e73c39","name":"Lorenzo Verduzco","image":{"@type":"ImageObject","inLanguage":"fr-FR","@id":"https:\/\/secure.gravatar.com\/avatar\/fb81a55b6218459490a9c1dc841a34909185b81904c5337b4b27f7a6fd60c49e?s=96&d=mm&r=g","url":"https:\/\/secure.gravatar.com\/avatar\/fb81a55b6218459490a9c1dc841a34909185b81904c5337b4b27f7a6fd60c49e?s=96&d=mm&r=g","contentUrl":"https:\/\/secure.gravatar.com\/avatar\/fb81a55b6218459490a9c1dc841a34909185b81904c5337b4b27f7a6fd60c49e?s=96&d=mm&r=g","caption":"Lorenzo Verduzco"}}]}},"_links":{"self":[{"href":"https:\/\/interamerica.org\/fr\/wp-json\/wp\/v2\/posts\/12699","targetHints":{"allow":["GET"]}}],"collection":[{"href":"https:\/\/interamerica.org\/fr\/wp-json\/wp\/v2\/posts"}],"about":[{"href":"https:\/\/interamerica.org\/fr\/wp-json\/wp\/v2\/types\/post"}],"author":[{"embeddable":true,"href":"https:\/\/interamerica.org\/fr\/wp-json\/wp\/v2\/users\/1"}],"replies":[{"embeddable":true,"href":"https:\/\/interamerica.org\/fr\/wp-json\/wp\/v2\/comments?post=12699"}],"version-history":[{"count":0,"href":"https:\/\/interamerica.org\/fr\/wp-json\/wp\/v2\/posts\/12699\/revisions"}],"wp:attachment":[{"href":"https:\/\/interamerica.org\/fr\/wp-json\/wp\/v2\/media?parent=12699"}],"wp:term":[{"taxonomy":"category","embeddable":true,"href":"https:\/\/interamerica.org\/fr\/wp-json\/wp\/v2\/categories?post=12699"},{"taxonomy":"post_tag","embeddable":true,"href":"https:\/\/interamerica.org\/fr\/wp-json\/wp\/v2\/tags?post=12699"}],"curies":[{"name":"wp","href":"https:\/\/api.w.org\/{rel}","templated":true}]}}