{"id":12700,"date":"2007-03-02T00:00:00","date_gmt":"2007-03-02T04:00:00","guid":{"rendered":"http:\/\/192.81.217.108\/interamerica\/2007\/03\/le-compositeur-de-lhymne-we-have-this-hope-wayne-hooper-meurt\/"},"modified":"2017-06-02T13:14:49","modified_gmt":"2017-06-02T17:14:49","slug":"le-compositeur-de-lhymne-we-have-this-hope-wayne-hooper-meurt","status":"publish","type":"post","link":"https:\/\/interamerica.org\/fr\/2007\/03\/le-compositeur-de-lhymne-we-have-this-hope-wayne-hooper-meurt\/","title":{"rendered":"Le Compositeur de l&#39;Hymne \u00ab\u00a0We Have This Hope\u00a0\u00bb Wayne Hooper Meurt"},"content":{"rendered":"<p>2 mars 2007, Thousand Oaks, Californie&#8230; (Voix de la Proph\u00e9tie\/Staff de ANN) <\/p>\n<p>L&#39;homme qui a compos\u00e9 l&#39;hymne \u00e9voquant l&#39;esp\u00e9rance du second retour de J\u00e9sus Christ de l&#39;Eglise des Adventistes du Septi\u00e8me jour, Wayne Hooper, est mort le 28 f\u00e9vrier chez lui \u00e0 Thousand Oaks, en Californie.  Il avait 86 ans.  L&#39;hymne, \u00ab\u00a0We Have this Hope\u00a0\u00bb, \u00e9tait donc son hymne le plus connu et avait servi de chant th\u00e8me \u00e0 la Session G\u00e9n\u00e9rale de la Conf\u00e9rence de l&#39;Eglise Adventiste tenue \u00e0 San Francisco en 1962.  Le chant a \u00e9t\u00e9 s\u00e9lectionn\u00e9 \u00e0 nouveau comme chant th\u00e8me des sessions de 1966, 1975, 1995 et 2000. <\/p>\n<p>Sur demande g\u00e9n\u00e9rale, l&#39;hymne a \u00e9t\u00e9 incorpor\u00e9 au livre de cantique de l&#39;\u00e9glise Adventiste et traduit dans une douzaine de langues. <\/p>\n<p>Hooper qui a \u00e9crit les paroles et la musique du chant, a relat\u00e9 \u00e0 propos de cette exp\u00e9rience, \u00ab\u00a0C&#39;est la seule fois de ma vie que j&#39;ai ressenti que je &#39;rendais&#39; une musique qui venait de Dieu.\u00a0\u00bb <\/p>\n<p>Hooper a collabor\u00e9 avec la Voix de la Proph\u00e9tie, un m\u00e9dia qui supporte l&#39;\u00e9glise Adventiste, depuis 65 ans.  Il s&#39;est joint au quatuor \u00ab\u00a0King&#39;s Heralds\u00a0\u00bb \u00e0 la Voix de Proph\u00e9tie en 1943, chantant le baryton pendant quatre ans avant de se rendre au Nebraska en vue de compl\u00e9ter son dipl\u00f4me de bachelier en musique.  Il reprit son r\u00f4le au quatuor de 1949 \u00e0 1962, puis continua \u00e0 travailler en tant que directeur musical \u00e0 la Voix de Proph\u00e9tie, producteur de l&#39;\u00e9mission de Radio du dimanche, et comme directeur des fid\u00e9ocommis.  Il re\u00e7ut son dipl\u00f4me de Ma\u00eetrise en Arts Musicaux en 1957 de l&#39;Occidental College, \u00e0 Los Angeles. <\/p>\n<p>Apr\u00e9s avoir pris une retraite officielle en 1980, Hooper a supervis\u00e9 la production de l&#39;actuel livre des Hymnes de Cantique de l&#39;Eglise Adventiste et un annexe expliquant l&#39;historique des 695 s\u00e9lections et compositeurs.  Plus d&#39;un million de copies du livre de cantique a \u00e9t\u00e9 vendu. <\/p>\n<p>Des centaines de compositions et d&#39;arrangements pour solistes, quatuors, chorales et orchestres remplissent sa longue carri\u00e8re. <\/p>\n<p>Hooper laisse sa femme, Harriet, et leurs quatre enfants et leurs familles:  Jim Hooper, Mrs. Jan (Lind), David Hooper, et Dan Hooper. <\/p>\n<p>Les pr\u00e9paratifs sont en cours pour organiser ses fun\u00e9railles.  Pour plus d&#39;informations consultez  <a  href=\"http:\/\/www.vop.com\/\">www.vop.com<\/a >    <\/p>\n","protected":false},"excerpt":{"rendered":"<p>L&#39;homme qui a compos\u00e9 l&#39;hymne \u00e9voquant l&#39;esp\u00e9rance du second retour de J\u00e9sus Christ de l&#39;Eglise des Adventistes du Septi\u00e8me jour, Wayne Hooper, est mort le 28 f\u00e9vrier chez lui \u00e0 Thousand Oak<\/p>\n","protected":false},"author":1,"featured_media":0,"comment_status":"closed","ping_status":"closed","sticky":false,"template":"","format":"standard","meta":{"_acf_changed":false,"footnotes":""},"categories":[9],"tags":[],"class_list":["post-12700","post","type-post","status-publish","format-standard","hentry","category-archive-fr"],"acf":[],"yoast_head":"<!-- This site is optimized with the Yoast SEO plugin v27.3 - https:\/\/yoast.com\/product\/yoast-seo-wordpress\/ -->\n<title>Le Compositeur de l&#039;Hymne &quot;We Have This Hope&quot; Wayne Hooper Meurt - \u00c9glise Adventiste Du Septieme Jour - Inter Am\u00e9rique Division<\/title>\n<meta name=\"robots\" content=\"index, follow, max-snippet:-1, max-image-preview:large, max-video-preview:-1\" \/>\n<link rel=\"canonical\" href=\"https:\/\/interamerica.org\/fr\/2007\/03\/le-compositeur-de-lhymne-we-have-this-hope-wayne-hooper-meurt\/\" \/>\n<meta property=\"og:locale\" content=\"fr_FR\" \/>\n<meta property=\"og:type\" content=\"article\" \/>\n<meta property=\"og:title\" content=\"Le Compositeur de l&#039;Hymne &quot;We Have This Hope&quot; Wayne Hooper Meurt - \u00c9glise Adventiste Du Septieme Jour - Inter Am\u00e9rique Division\" \/>\n<meta property=\"og:description\" content=\"L&#039;homme qui a compos\u00e9 l&#039;hymne \u00e9voquant l&#039;esp\u00e9rance du second retour de J\u00e9sus Christ de l&#039;Eglise des Adventistes du Septi\u00e8me jour, Wayne Hooper, est mort le 28 f\u00e9vrier chez lui \u00e0 Thousand Oak\" \/>\n<meta property=\"og:url\" content=\"https:\/\/interamerica.org\/fr\/2007\/03\/le-compositeur-de-lhymne-we-have-this-hope-wayne-hooper-meurt\/\" \/>\n<meta property=\"og:site_name\" content=\"\u00c9glise Adventiste Du Septieme Jour - Inter Am\u00e9rique Division\" \/>\n<meta property=\"article:published_time\" content=\"2007-03-02T04:00:00+00:00\" \/>\n<meta property=\"article:modified_time\" content=\"2017-06-02T17:14:49+00:00\" \/>\n<meta name=\"author\" content=\"Lorenzo Verduzco\" \/>\n<meta name=\"twitter:card\" content=\"summary_large_image\" \/>\n<meta name=\"twitter:label1\" content=\"\u00c9crit par\" \/>\n\t<meta name=\"twitter:data1\" content=\"Lorenzo Verduzco\" \/>\n\t<meta name=\"twitter:label2\" content=\"Dur\u00e9e de lecture estim\u00e9e\" \/>\n\t<meta name=\"twitter:data2\" content=\"2 minutes\" \/>\n<script type=\"application\/ld+json\" class=\"yoast-schema-graph\">{\"@context\":\"https:\\\/\\\/schema.org\",\"@graph\":[{\"@type\":\"Article\",\"@id\":\"https:\\\/\\\/interamerica.org\\\/fr\\\/2007\\\/03\\\/le-compositeur-de-lhymne-we-have-this-hope-wayne-hooper-meurt\\\/#article\",\"isPartOf\":{\"@id\":\"https:\\\/\\\/interamerica.org\\\/fr\\\/2007\\\/03\\\/le-compositeur-de-lhymne-we-have-this-hope-wayne-hooper-meurt\\\/\"},\"author\":{\"name\":\"Lorenzo Verduzco\",\"@id\":\"https:\\\/\\\/interamerica.org\\\/fr\\\/#\\\/schema\\\/person\\\/68ede8bdc292885bb76c1e3810e73c39\"},\"headline\":\"Le Compositeur de l&#39;Hymne \u00ab\u00a0We Have This Hope\u00a0\u00bb Wayne Hooper Meurt\",\"datePublished\":\"2007-03-02T04:00:00+00:00\",\"dateModified\":\"2017-06-02T17:14:49+00:00\",\"mainEntityOfPage\":{\"@id\":\"https:\\\/\\\/interamerica.org\\\/fr\\\/2007\\\/03\\\/le-compositeur-de-lhymne-we-have-this-hope-wayne-hooper-meurt\\\/\"},\"wordCount\":404,\"articleSection\":[\"Archive\"],\"inLanguage\":\"fr-FR\"},{\"@type\":\"WebPage\",\"@id\":\"https:\\\/\\\/interamerica.org\\\/fr\\\/2007\\\/03\\\/le-compositeur-de-lhymne-we-have-this-hope-wayne-hooper-meurt\\\/\",\"url\":\"https:\\\/\\\/interamerica.org\\\/fr\\\/2007\\\/03\\\/le-compositeur-de-lhymne-we-have-this-hope-wayne-hooper-meurt\\\/\",\"name\":\"Le Compositeur de l&#39;Hymne \\\"We Have This Hope\\\" Wayne Hooper Meurt - \u00c9glise Adventiste Du Septieme Jour - Inter Am\u00e9rique Division\",\"isPartOf\":{\"@id\":\"https:\\\/\\\/interamerica.org\\\/fr\\\/#website\"},\"datePublished\":\"2007-03-02T04:00:00+00:00\",\"dateModified\":\"2017-06-02T17:14:49+00:00\",\"author\":{\"@id\":\"https:\\\/\\\/interamerica.org\\\/fr\\\/#\\\/schema\\\/person\\\/68ede8bdc292885bb76c1e3810e73c39\"},\"breadcrumb\":{\"@id\":\"https:\\\/\\\/interamerica.org\\\/fr\\\/2007\\\/03\\\/le-compositeur-de-lhymne-we-have-this-hope-wayne-hooper-meurt\\\/#breadcrumb\"},\"inLanguage\":\"fr-FR\",\"potentialAction\":[{\"@type\":\"ReadAction\",\"target\":[\"https:\\\/\\\/interamerica.org\\\/fr\\\/2007\\\/03\\\/le-compositeur-de-lhymne-we-have-this-hope-wayne-hooper-meurt\\\/\"]}]},{\"@type\":\"BreadcrumbList\",\"@id\":\"https:\\\/\\\/interamerica.org\\\/fr\\\/2007\\\/03\\\/le-compositeur-de-lhymne-we-have-this-hope-wayne-hooper-meurt\\\/#breadcrumb\",\"itemListElement\":[{\"@type\":\"ListItem\",\"position\":1,\"name\":\"Home\",\"item\":\"https:\\\/\\\/interamerica.org\\\/fr\\\/\"},{\"@type\":\"ListItem\",\"position\":2,\"name\":\"Le Compositeur de l&#39;Hymne \u00ab\u00a0We Have This Hope\u00a0\u00bb Wayne Hooper Meurt\"}]},{\"@type\":\"WebSite\",\"@id\":\"https:\\\/\\\/interamerica.org\\\/fr\\\/#website\",\"url\":\"https:\\\/\\\/interamerica.org\\\/fr\\\/\",\"name\":\"\u00c9glise Adventiste Du Septieme Jour - Inter Am\u00e9rique Division\",\"description\":\"\",\"potentialAction\":[{\"@type\":\"SearchAction\",\"target\":{\"@type\":\"EntryPoint\",\"urlTemplate\":\"https:\\\/\\\/interamerica.org\\\/fr\\\/?s={search_term_string}\"},\"query-input\":{\"@type\":\"PropertyValueSpecification\",\"valueRequired\":true,\"valueName\":\"search_term_string\"}}],\"inLanguage\":\"fr-FR\"},{\"@type\":\"Person\",\"@id\":\"https:\\\/\\\/interamerica.org\\\/fr\\\/#\\\/schema\\\/person\\\/68ede8bdc292885bb76c1e3810e73c39\",\"name\":\"Lorenzo Verduzco\",\"image\":{\"@type\":\"ImageObject\",\"inLanguage\":\"fr-FR\",\"@id\":\"https:\\\/\\\/secure.gravatar.com\\\/avatar\\\/fb81a55b6218459490a9c1dc841a34909185b81904c5337b4b27f7a6fd60c49e?s=96&d=mm&r=g\",\"url\":\"https:\\\/\\\/secure.gravatar.com\\\/avatar\\\/fb81a55b6218459490a9c1dc841a34909185b81904c5337b4b27f7a6fd60c49e?s=96&d=mm&r=g\",\"contentUrl\":\"https:\\\/\\\/secure.gravatar.com\\\/avatar\\\/fb81a55b6218459490a9c1dc841a34909185b81904c5337b4b27f7a6fd60c49e?s=96&d=mm&r=g\",\"caption\":\"Lorenzo Verduzco\"}}]}<\/script>\n<!-- \/ Yoast SEO plugin. -->","yoast_head_json":{"title":"Le Compositeur de l&#39;Hymne \"We Have This Hope\" Wayne Hooper Meurt - \u00c9glise Adventiste Du Septieme Jour - Inter Am\u00e9rique Division","robots":{"index":"index","follow":"follow","max-snippet":"max-snippet:-1","max-image-preview":"max-image-preview:large","max-video-preview":"max-video-preview:-1"},"canonical":"https:\/\/interamerica.org\/fr\/2007\/03\/le-compositeur-de-lhymne-we-have-this-hope-wayne-hooper-meurt\/","og_locale":"fr_FR","og_type":"article","og_title":"Le Compositeur de l&#39;Hymne \"We Have This Hope\" Wayne Hooper Meurt - \u00c9glise Adventiste Du Septieme Jour - Inter Am\u00e9rique Division","og_description":"L&#39;homme qui a compos\u00e9 l&#39;hymne \u00e9voquant l&#39;esp\u00e9rance du second retour de J\u00e9sus Christ de l&#39;Eglise des Adventistes du Septi\u00e8me jour, Wayne Hooper, est mort le 28 f\u00e9vrier chez lui \u00e0 Thousand Oak","og_url":"https:\/\/interamerica.org\/fr\/2007\/03\/le-compositeur-de-lhymne-we-have-this-hope-wayne-hooper-meurt\/","og_site_name":"\u00c9glise Adventiste Du Septieme Jour - Inter Am\u00e9rique Division","article_published_time":"2007-03-02T04:00:00+00:00","article_modified_time":"2017-06-02T17:14:49+00:00","author":"Lorenzo Verduzco","twitter_card":"summary_large_image","twitter_misc":{"\u00c9crit par":"Lorenzo Verduzco","Dur\u00e9e de lecture estim\u00e9e":"2 minutes"},"schema":{"@context":"https:\/\/schema.org","@graph":[{"@type":"Article","@id":"https:\/\/interamerica.org\/fr\/2007\/03\/le-compositeur-de-lhymne-we-have-this-hope-wayne-hooper-meurt\/#article","isPartOf":{"@id":"https:\/\/interamerica.org\/fr\/2007\/03\/le-compositeur-de-lhymne-we-have-this-hope-wayne-hooper-meurt\/"},"author":{"name":"Lorenzo Verduzco","@id":"https:\/\/interamerica.org\/fr\/#\/schema\/person\/68ede8bdc292885bb76c1e3810e73c39"},"headline":"Le Compositeur de l&#39;Hymne \u00ab\u00a0We Have This Hope\u00a0\u00bb Wayne Hooper Meurt","datePublished":"2007-03-02T04:00:00+00:00","dateModified":"2017-06-02T17:14:49+00:00","mainEntityOfPage":{"@id":"https:\/\/interamerica.org\/fr\/2007\/03\/le-compositeur-de-lhymne-we-have-this-hope-wayne-hooper-meurt\/"},"wordCount":404,"articleSection":["Archive"],"inLanguage":"fr-FR"},{"@type":"WebPage","@id":"https:\/\/interamerica.org\/fr\/2007\/03\/le-compositeur-de-lhymne-we-have-this-hope-wayne-hooper-meurt\/","url":"https:\/\/interamerica.org\/fr\/2007\/03\/le-compositeur-de-lhymne-we-have-this-hope-wayne-hooper-meurt\/","name":"Le Compositeur de l&#39;Hymne \"We Have This Hope\" Wayne Hooper Meurt - \u00c9glise Adventiste Du Septieme Jour - Inter Am\u00e9rique Division","isPartOf":{"@id":"https:\/\/interamerica.org\/fr\/#website"},"datePublished":"2007-03-02T04:00:00+00:00","dateModified":"2017-06-02T17:14:49+00:00","author":{"@id":"https:\/\/interamerica.org\/fr\/#\/schema\/person\/68ede8bdc292885bb76c1e3810e73c39"},"breadcrumb":{"@id":"https:\/\/interamerica.org\/fr\/2007\/03\/le-compositeur-de-lhymne-we-have-this-hope-wayne-hooper-meurt\/#breadcrumb"},"inLanguage":"fr-FR","potentialAction":[{"@type":"ReadAction","target":["https:\/\/interamerica.org\/fr\/2007\/03\/le-compositeur-de-lhymne-we-have-this-hope-wayne-hooper-meurt\/"]}]},{"@type":"BreadcrumbList","@id":"https:\/\/interamerica.org\/fr\/2007\/03\/le-compositeur-de-lhymne-we-have-this-hope-wayne-hooper-meurt\/#breadcrumb","itemListElement":[{"@type":"ListItem","position":1,"name":"Home","item":"https:\/\/interamerica.org\/fr\/"},{"@type":"ListItem","position":2,"name":"Le Compositeur de l&#39;Hymne \u00ab\u00a0We Have This Hope\u00a0\u00bb Wayne Hooper Meurt"}]},{"@type":"WebSite","@id":"https:\/\/interamerica.org\/fr\/#website","url":"https:\/\/interamerica.org\/fr\/","name":"\u00c9glise Adventiste Du Septieme Jour - Inter Am\u00e9rique Division","description":"","potentialAction":[{"@type":"SearchAction","target":{"@type":"EntryPoint","urlTemplate":"https:\/\/interamerica.org\/fr\/?s={search_term_string}"},"query-input":{"@type":"PropertyValueSpecification","valueRequired":true,"valueName":"search_term_string"}}],"inLanguage":"fr-FR"},{"@type":"Person","@id":"https:\/\/interamerica.org\/fr\/#\/schema\/person\/68ede8bdc292885bb76c1e3810e73c39","name":"Lorenzo Verduzco","image":{"@type":"ImageObject","inLanguage":"fr-FR","@id":"https:\/\/secure.gravatar.com\/avatar\/fb81a55b6218459490a9c1dc841a34909185b81904c5337b4b27f7a6fd60c49e?s=96&d=mm&r=g","url":"https:\/\/secure.gravatar.com\/avatar\/fb81a55b6218459490a9c1dc841a34909185b81904c5337b4b27f7a6fd60c49e?s=96&d=mm&r=g","contentUrl":"https:\/\/secure.gravatar.com\/avatar\/fb81a55b6218459490a9c1dc841a34909185b81904c5337b4b27f7a6fd60c49e?s=96&d=mm&r=g","caption":"Lorenzo Verduzco"}}]}},"_links":{"self":[{"href":"https:\/\/interamerica.org\/fr\/wp-json\/wp\/v2\/posts\/12700","targetHints":{"allow":["GET"]}}],"collection":[{"href":"https:\/\/interamerica.org\/fr\/wp-json\/wp\/v2\/posts"}],"about":[{"href":"https:\/\/interamerica.org\/fr\/wp-json\/wp\/v2\/types\/post"}],"author":[{"embeddable":true,"href":"https:\/\/interamerica.org\/fr\/wp-json\/wp\/v2\/users\/1"}],"replies":[{"embeddable":true,"href":"https:\/\/interamerica.org\/fr\/wp-json\/wp\/v2\/comments?post=12700"}],"version-history":[{"count":0,"href":"https:\/\/interamerica.org\/fr\/wp-json\/wp\/v2\/posts\/12700\/revisions"}],"wp:attachment":[{"href":"https:\/\/interamerica.org\/fr\/wp-json\/wp\/v2\/media?parent=12700"}],"wp:term":[{"taxonomy":"category","embeddable":true,"href":"https:\/\/interamerica.org\/fr\/wp-json\/wp\/v2\/categories?post=12700"},{"taxonomy":"post_tag","embeddable":true,"href":"https:\/\/interamerica.org\/fr\/wp-json\/wp\/v2\/tags?post=12700"}],"curies":[{"name":"wp","href":"https:\/\/api.w.org\/{rel}","templated":true}]}}