{"id":12701,"date":"2007-03-02T00:00:00","date_gmt":"2007-03-02T04:00:00","guid":{"rendered":"http:\/\/192.81.217.108\/interamerica\/2007\/03\/dominique-des-milliers-ont-paye-leur-respect-au-pasteur-adventiste-tue-par-une-voiture-qui-passait\/"},"modified":"2017-06-02T13:14:50","modified_gmt":"2017-06-02T17:14:50","slug":"dominique-des-milliers-ont-paye-leur-respect-au-pasteur-adventiste-tue-par-une-voiture-qui-passait","status":"publish","type":"post","link":"https:\/\/interamerica.org\/fr\/2007\/03\/dominique-des-milliers-ont-paye-leur-respect-au-pasteur-adventiste-tue-par-une-voiture-qui-passait\/","title":{"rendered":"Dominique:  Des Milliers ont Pay\u00e9 leur Respect Au Pasteur Adventiste Tu\u00e9 Par Une Voiture qui Passait"},"content":{"rendered":"<p>Village de St. Joseph, Dominique&#8230; (Union Cara\u00efb\u00e9enne\/Staff de la DIA) <\/p>\n<p>Des milliers ont pay\u00e9 leur respect au feu Pasteur Adventiste du Septi\u00e8me jour Mozart Serrant au cours d&#39;une c\u00e9r\u00e9monie fun\u00e8bre le 25 f\u00e9vrier \u00e0 St. Joseph, en Dominique.  Pasteur Serrant, qui a \u00e9t\u00e9 choisi r\u00e9cemment comme pasteur du district du nord-est de la Dominique, est mort le 15 f\u00e9vrier apr\u00e8s qu&#39;il f\u00fbt frapp\u00e9 par une camionnette alors qu&#39;il se tenait debout devant sa maison.  Il avait 59 ans. <\/p>\n<p>Plus de 3.000 personnes ont assist\u00e9 au service fun\u00e8bre, en incluant les dirigeants d&#39;\u00e9glise et le Premier Ministre de la Dominique, Hon. Matthew Walters, le Procureur G\u00e9n\u00e9ral Hon. Ian Douglas, d&#39;autres membres du parlement et des Adventistes du Septi\u00e8me jour de la Dominique et de l&#39;\u00eele voisine de St. Lucie, o\u00f9 il a servi en tant que pasteur de district au cours des quatre derni\u00e8res ann\u00e9es. <\/p>\n<p>Pasteur James Daniel, directeur de communication de l&#39;\u00e9glise de l&#39;Union Cara\u00efb\u00e9enne, d\u00e9clare que Pasteur Serrant et son fr\u00e8re Eslie Serrant &#39;\u00a0\u00bbconversaient quand la camionnette, allant bien s\u00fbr \u00e0 toute allure, traversa la rue et \u00e9crasa les deux fr\u00e8res.\u00a0\u00bb  Eslie mourut sur le coup alors que Pasteur Serrant mourut par la suite \u00e0 Princess Margaret Hospital.  Les trois occupants de la camionette qui avait abouti \u00e0 la maison de Serrant furent aussi bless\u00e9s au cours de l&#39;accident. <\/p>\n<p>Pasteur Serrant a d\u00e9but\u00e9 son service comme enseignant en 1971, plus tard en devenant pasteur en 1984 et en servant en tant que directeur et pasteur de district.  Il laisse sa femme Enis, et deux enfants.    <\/p>\n","protected":false},"excerpt":{"rendered":"<p>Des milliers ont pay\u00e9 leur respect au feu Pasteur Adventiste du Septi\u00e8me jour Mozart Serrant au cours d&#39;une c\u00e9r\u00e9monie fun\u00e8bre le 25 f\u00e9vrier \u00e0 St. Joseph, en Dominique.  Pasteur Serrant, qui a \u00e9t&#038;<\/p>\n","protected":false},"author":1,"featured_media":0,"comment_status":"closed","ping_status":"closed","sticky":false,"template":"","format":"standard","meta":{"_acf_changed":false,"footnotes":""},"categories":[9],"tags":[],"class_list":["post-12701","post","type-post","status-publish","format-standard","hentry","category-archive-fr"],"acf":[],"yoast_head":"<!-- This site is optimized with the Yoast SEO plugin v27.3 - https:\/\/yoast.com\/product\/yoast-seo-wordpress\/ -->\n<title>Dominique: Des Milliers ont Pay\u00e9 leur Respect Au Pasteur Adventiste Tu\u00e9 Par Une Voiture qui Passait - \u00c9glise Adventiste Du Septieme Jour - Inter Am\u00e9rique Division<\/title>\n<meta name=\"robots\" content=\"index, follow, max-snippet:-1, max-image-preview:large, max-video-preview:-1\" \/>\n<link rel=\"canonical\" href=\"https:\/\/interamerica.org\/fr\/2007\/03\/dominique-des-milliers-ont-paye-leur-respect-au-pasteur-adventiste-tue-par-une-voiture-qui-passait\/\" \/>\n<meta property=\"og:locale\" content=\"fr_FR\" \/>\n<meta property=\"og:type\" content=\"article\" \/>\n<meta property=\"og:title\" content=\"Dominique: Des Milliers ont Pay\u00e9 leur Respect Au Pasteur Adventiste Tu\u00e9 Par Une Voiture qui Passait - \u00c9glise Adventiste Du Septieme Jour - Inter Am\u00e9rique Division\" \/>\n<meta property=\"og:description\" content=\"Des milliers ont pay\u00e9 leur respect au feu Pasteur Adventiste du Septi\u00e8me jour Mozart Serrant au cours d&#039;une c\u00e9r\u00e9monie fun\u00e8bre le 25 f\u00e9vrier \u00e0 St. Joseph, en Dominique. Pasteur Serrant, qui a \u00e9t&amp;\" \/>\n<meta property=\"og:url\" content=\"https:\/\/interamerica.org\/fr\/2007\/03\/dominique-des-milliers-ont-paye-leur-respect-au-pasteur-adventiste-tue-par-une-voiture-qui-passait\/\" \/>\n<meta property=\"og:site_name\" content=\"\u00c9glise Adventiste Du Septieme Jour - Inter Am\u00e9rique Division\" \/>\n<meta property=\"article:published_time\" content=\"2007-03-02T04:00:00+00:00\" \/>\n<meta property=\"article:modified_time\" content=\"2017-06-02T17:14:50+00:00\" \/>\n<meta name=\"author\" content=\"Lorenzo Verduzco\" \/>\n<meta name=\"twitter:card\" content=\"summary_large_image\" \/>\n<meta name=\"twitter:label1\" content=\"\u00c9crit par\" \/>\n\t<meta name=\"twitter:data1\" content=\"Lorenzo Verduzco\" \/>\n\t<meta name=\"twitter:label2\" content=\"Dur\u00e9e de lecture estim\u00e9e\" \/>\n\t<meta name=\"twitter:data2\" content=\"1 minute\" \/>\n<script type=\"application\/ld+json\" class=\"yoast-schema-graph\">{\"@context\":\"https:\\\/\\\/schema.org\",\"@graph\":[{\"@type\":\"Article\",\"@id\":\"https:\\\/\\\/interamerica.org\\\/fr\\\/2007\\\/03\\\/dominique-des-milliers-ont-paye-leur-respect-au-pasteur-adventiste-tue-par-une-voiture-qui-passait\\\/#article\",\"isPartOf\":{\"@id\":\"https:\\\/\\\/interamerica.org\\\/fr\\\/2007\\\/03\\\/dominique-des-milliers-ont-paye-leur-respect-au-pasteur-adventiste-tue-par-une-voiture-qui-passait\\\/\"},\"author\":{\"name\":\"Lorenzo Verduzco\",\"@id\":\"https:\\\/\\\/interamerica.org\\\/fr\\\/#\\\/schema\\\/person\\\/68ede8bdc292885bb76c1e3810e73c39\"},\"headline\":\"Dominique: Des Milliers ont Pay\u00e9 leur Respect Au Pasteur Adventiste Tu\u00e9 Par Une Voiture qui Passait\",\"datePublished\":\"2007-03-02T04:00:00+00:00\",\"dateModified\":\"2017-06-02T17:14:50+00:00\",\"mainEntityOfPage\":{\"@id\":\"https:\\\/\\\/interamerica.org\\\/fr\\\/2007\\\/03\\\/dominique-des-milliers-ont-paye-leur-respect-au-pasteur-adventiste-tue-par-une-voiture-qui-passait\\\/\"},\"wordCount\":297,\"articleSection\":[\"Archive\"],\"inLanguage\":\"fr-FR\"},{\"@type\":\"WebPage\",\"@id\":\"https:\\\/\\\/interamerica.org\\\/fr\\\/2007\\\/03\\\/dominique-des-milliers-ont-paye-leur-respect-au-pasteur-adventiste-tue-par-une-voiture-qui-passait\\\/\",\"url\":\"https:\\\/\\\/interamerica.org\\\/fr\\\/2007\\\/03\\\/dominique-des-milliers-ont-paye-leur-respect-au-pasteur-adventiste-tue-par-une-voiture-qui-passait\\\/\",\"name\":\"Dominique: Des Milliers ont Pay\u00e9 leur Respect Au Pasteur Adventiste Tu\u00e9 Par Une Voiture qui Passait - \u00c9glise Adventiste Du Septieme Jour - Inter Am\u00e9rique Division\",\"isPartOf\":{\"@id\":\"https:\\\/\\\/interamerica.org\\\/fr\\\/#website\"},\"datePublished\":\"2007-03-02T04:00:00+00:00\",\"dateModified\":\"2017-06-02T17:14:50+00:00\",\"author\":{\"@id\":\"https:\\\/\\\/interamerica.org\\\/fr\\\/#\\\/schema\\\/person\\\/68ede8bdc292885bb76c1e3810e73c39\"},\"breadcrumb\":{\"@id\":\"https:\\\/\\\/interamerica.org\\\/fr\\\/2007\\\/03\\\/dominique-des-milliers-ont-paye-leur-respect-au-pasteur-adventiste-tue-par-une-voiture-qui-passait\\\/#breadcrumb\"},\"inLanguage\":\"fr-FR\",\"potentialAction\":[{\"@type\":\"ReadAction\",\"target\":[\"https:\\\/\\\/interamerica.org\\\/fr\\\/2007\\\/03\\\/dominique-des-milliers-ont-paye-leur-respect-au-pasteur-adventiste-tue-par-une-voiture-qui-passait\\\/\"]}]},{\"@type\":\"BreadcrumbList\",\"@id\":\"https:\\\/\\\/interamerica.org\\\/fr\\\/2007\\\/03\\\/dominique-des-milliers-ont-paye-leur-respect-au-pasteur-adventiste-tue-par-une-voiture-qui-passait\\\/#breadcrumb\",\"itemListElement\":[{\"@type\":\"ListItem\",\"position\":1,\"name\":\"Home\",\"item\":\"https:\\\/\\\/interamerica.org\\\/fr\\\/\"},{\"@type\":\"ListItem\",\"position\":2,\"name\":\"Dominique: Des Milliers ont Pay\u00e9 leur Respect Au Pasteur Adventiste Tu\u00e9 Par Une Voiture qui Passait\"}]},{\"@type\":\"WebSite\",\"@id\":\"https:\\\/\\\/interamerica.org\\\/fr\\\/#website\",\"url\":\"https:\\\/\\\/interamerica.org\\\/fr\\\/\",\"name\":\"\u00c9glise Adventiste Du Septieme Jour - Inter Am\u00e9rique Division\",\"description\":\"\",\"potentialAction\":[{\"@type\":\"SearchAction\",\"target\":{\"@type\":\"EntryPoint\",\"urlTemplate\":\"https:\\\/\\\/interamerica.org\\\/fr\\\/?s={search_term_string}\"},\"query-input\":{\"@type\":\"PropertyValueSpecification\",\"valueRequired\":true,\"valueName\":\"search_term_string\"}}],\"inLanguage\":\"fr-FR\"},{\"@type\":\"Person\",\"@id\":\"https:\\\/\\\/interamerica.org\\\/fr\\\/#\\\/schema\\\/person\\\/68ede8bdc292885bb76c1e3810e73c39\",\"name\":\"Lorenzo Verduzco\",\"image\":{\"@type\":\"ImageObject\",\"inLanguage\":\"fr-FR\",\"@id\":\"https:\\\/\\\/secure.gravatar.com\\\/avatar\\\/fb81a55b6218459490a9c1dc841a34909185b81904c5337b4b27f7a6fd60c49e?s=96&d=mm&r=g\",\"url\":\"https:\\\/\\\/secure.gravatar.com\\\/avatar\\\/fb81a55b6218459490a9c1dc841a34909185b81904c5337b4b27f7a6fd60c49e?s=96&d=mm&r=g\",\"contentUrl\":\"https:\\\/\\\/secure.gravatar.com\\\/avatar\\\/fb81a55b6218459490a9c1dc841a34909185b81904c5337b4b27f7a6fd60c49e?s=96&d=mm&r=g\",\"caption\":\"Lorenzo Verduzco\"}}]}<\/script>\n<!-- \/ Yoast SEO plugin. -->","yoast_head_json":{"title":"Dominique: Des Milliers ont Pay\u00e9 leur Respect Au Pasteur Adventiste Tu\u00e9 Par Une Voiture qui Passait - \u00c9glise Adventiste Du Septieme Jour - Inter Am\u00e9rique Division","robots":{"index":"index","follow":"follow","max-snippet":"max-snippet:-1","max-image-preview":"max-image-preview:large","max-video-preview":"max-video-preview:-1"},"canonical":"https:\/\/interamerica.org\/fr\/2007\/03\/dominique-des-milliers-ont-paye-leur-respect-au-pasteur-adventiste-tue-par-une-voiture-qui-passait\/","og_locale":"fr_FR","og_type":"article","og_title":"Dominique: Des Milliers ont Pay\u00e9 leur Respect Au Pasteur Adventiste Tu\u00e9 Par Une Voiture qui Passait - \u00c9glise Adventiste Du Septieme Jour - Inter Am\u00e9rique Division","og_description":"Des milliers ont pay\u00e9 leur respect au feu Pasteur Adventiste du Septi\u00e8me jour Mozart Serrant au cours d&#39;une c\u00e9r\u00e9monie fun\u00e8bre le 25 f\u00e9vrier \u00e0 St. Joseph, en Dominique. Pasteur Serrant, qui a \u00e9t&","og_url":"https:\/\/interamerica.org\/fr\/2007\/03\/dominique-des-milliers-ont-paye-leur-respect-au-pasteur-adventiste-tue-par-une-voiture-qui-passait\/","og_site_name":"\u00c9glise Adventiste Du Septieme Jour - Inter Am\u00e9rique Division","article_published_time":"2007-03-02T04:00:00+00:00","article_modified_time":"2017-06-02T17:14:50+00:00","author":"Lorenzo Verduzco","twitter_card":"summary_large_image","twitter_misc":{"\u00c9crit par":"Lorenzo Verduzco","Dur\u00e9e de lecture estim\u00e9e":"1 minute"},"schema":{"@context":"https:\/\/schema.org","@graph":[{"@type":"Article","@id":"https:\/\/interamerica.org\/fr\/2007\/03\/dominique-des-milliers-ont-paye-leur-respect-au-pasteur-adventiste-tue-par-une-voiture-qui-passait\/#article","isPartOf":{"@id":"https:\/\/interamerica.org\/fr\/2007\/03\/dominique-des-milliers-ont-paye-leur-respect-au-pasteur-adventiste-tue-par-une-voiture-qui-passait\/"},"author":{"name":"Lorenzo Verduzco","@id":"https:\/\/interamerica.org\/fr\/#\/schema\/person\/68ede8bdc292885bb76c1e3810e73c39"},"headline":"Dominique: Des Milliers ont Pay\u00e9 leur Respect Au Pasteur Adventiste Tu\u00e9 Par Une Voiture qui Passait","datePublished":"2007-03-02T04:00:00+00:00","dateModified":"2017-06-02T17:14:50+00:00","mainEntityOfPage":{"@id":"https:\/\/interamerica.org\/fr\/2007\/03\/dominique-des-milliers-ont-paye-leur-respect-au-pasteur-adventiste-tue-par-une-voiture-qui-passait\/"},"wordCount":297,"articleSection":["Archive"],"inLanguage":"fr-FR"},{"@type":"WebPage","@id":"https:\/\/interamerica.org\/fr\/2007\/03\/dominique-des-milliers-ont-paye-leur-respect-au-pasteur-adventiste-tue-par-une-voiture-qui-passait\/","url":"https:\/\/interamerica.org\/fr\/2007\/03\/dominique-des-milliers-ont-paye-leur-respect-au-pasteur-adventiste-tue-par-une-voiture-qui-passait\/","name":"Dominique: Des Milliers ont Pay\u00e9 leur Respect Au Pasteur Adventiste Tu\u00e9 Par Une Voiture qui Passait - \u00c9glise Adventiste Du Septieme Jour - Inter Am\u00e9rique Division","isPartOf":{"@id":"https:\/\/interamerica.org\/fr\/#website"},"datePublished":"2007-03-02T04:00:00+00:00","dateModified":"2017-06-02T17:14:50+00:00","author":{"@id":"https:\/\/interamerica.org\/fr\/#\/schema\/person\/68ede8bdc292885bb76c1e3810e73c39"},"breadcrumb":{"@id":"https:\/\/interamerica.org\/fr\/2007\/03\/dominique-des-milliers-ont-paye-leur-respect-au-pasteur-adventiste-tue-par-une-voiture-qui-passait\/#breadcrumb"},"inLanguage":"fr-FR","potentialAction":[{"@type":"ReadAction","target":["https:\/\/interamerica.org\/fr\/2007\/03\/dominique-des-milliers-ont-paye-leur-respect-au-pasteur-adventiste-tue-par-une-voiture-qui-passait\/"]}]},{"@type":"BreadcrumbList","@id":"https:\/\/interamerica.org\/fr\/2007\/03\/dominique-des-milliers-ont-paye-leur-respect-au-pasteur-adventiste-tue-par-une-voiture-qui-passait\/#breadcrumb","itemListElement":[{"@type":"ListItem","position":1,"name":"Home","item":"https:\/\/interamerica.org\/fr\/"},{"@type":"ListItem","position":2,"name":"Dominique: Des Milliers ont Pay\u00e9 leur Respect Au Pasteur Adventiste Tu\u00e9 Par Une Voiture qui Passait"}]},{"@type":"WebSite","@id":"https:\/\/interamerica.org\/fr\/#website","url":"https:\/\/interamerica.org\/fr\/","name":"\u00c9glise Adventiste Du Septieme Jour - Inter Am\u00e9rique Division","description":"","potentialAction":[{"@type":"SearchAction","target":{"@type":"EntryPoint","urlTemplate":"https:\/\/interamerica.org\/fr\/?s={search_term_string}"},"query-input":{"@type":"PropertyValueSpecification","valueRequired":true,"valueName":"search_term_string"}}],"inLanguage":"fr-FR"},{"@type":"Person","@id":"https:\/\/interamerica.org\/fr\/#\/schema\/person\/68ede8bdc292885bb76c1e3810e73c39","name":"Lorenzo Verduzco","image":{"@type":"ImageObject","inLanguage":"fr-FR","@id":"https:\/\/secure.gravatar.com\/avatar\/fb81a55b6218459490a9c1dc841a34909185b81904c5337b4b27f7a6fd60c49e?s=96&d=mm&r=g","url":"https:\/\/secure.gravatar.com\/avatar\/fb81a55b6218459490a9c1dc841a34909185b81904c5337b4b27f7a6fd60c49e?s=96&d=mm&r=g","contentUrl":"https:\/\/secure.gravatar.com\/avatar\/fb81a55b6218459490a9c1dc841a34909185b81904c5337b4b27f7a6fd60c49e?s=96&d=mm&r=g","caption":"Lorenzo Verduzco"}}]}},"_links":{"self":[{"href":"https:\/\/interamerica.org\/fr\/wp-json\/wp\/v2\/posts\/12701","targetHints":{"allow":["GET"]}}],"collection":[{"href":"https:\/\/interamerica.org\/fr\/wp-json\/wp\/v2\/posts"}],"about":[{"href":"https:\/\/interamerica.org\/fr\/wp-json\/wp\/v2\/types\/post"}],"author":[{"embeddable":true,"href":"https:\/\/interamerica.org\/fr\/wp-json\/wp\/v2\/users\/1"}],"replies":[{"embeddable":true,"href":"https:\/\/interamerica.org\/fr\/wp-json\/wp\/v2\/comments?post=12701"}],"version-history":[{"count":0,"href":"https:\/\/interamerica.org\/fr\/wp-json\/wp\/v2\/posts\/12701\/revisions"}],"wp:attachment":[{"href":"https:\/\/interamerica.org\/fr\/wp-json\/wp\/v2\/media?parent=12701"}],"wp:term":[{"taxonomy":"category","embeddable":true,"href":"https:\/\/interamerica.org\/fr\/wp-json\/wp\/v2\/categories?post=12701"},{"taxonomy":"post_tag","embeddable":true,"href":"https:\/\/interamerica.org\/fr\/wp-json\/wp\/v2\/tags?post=12701"}],"curies":[{"name":"wp","href":"https:\/\/api.w.org\/{rel}","templated":true}]}}