{"id":12702,"date":"2007-03-06T00:00:00","date_gmt":"2007-03-06T04:00:00","guid":{"rendered":"http:\/\/192.81.217.108\/interamerica\/2007\/03\/afrique-du-sud-les-adventistes-accueillent-des-femmes-de-foi-differente\/"},"modified":"2017-06-02T13:14:47","modified_gmt":"2017-06-02T17:14:47","slug":"afrique-du-sud-les-adventistes-accueillent-des-femmes-de-foi-differente","status":"publish","type":"post","link":"https:\/\/interamerica.org\/fr\/2007\/03\/afrique-du-sud-les-adventistes-accueillent-des-femmes-de-foi-differente\/","title":{"rendered":"Afrique du Sud:  Les Adventistes Accueillent des Femmes de Foi Diff\u00e9rente"},"content":{"rendered":"<p>6 mars 2007, Somerset West, Afrique du Sud&#8230; (Penny Brink\/Staff de ANN) <\/p>\n<p>C&#39;est pour la 77\u00e8me fois que des femmes de l&#39;Afrique du Sud ont particip\u00e9 \u00e0 une journ\u00e9e mondiale de pri\u00e8re dirig\u00e9e par les femmes.  Mais c&#39;est pour la premi\u00e8re fois que les femmes de l&#39;Eglise Adventiste du Septi\u00e8me jour du Helderberg Basin de Somerset Ouest, pr\u00e8s de Cape Town, en Afrique du Sud, ont dirig\u00e9 la journ\u00e9e internationale de pri\u00e8re.  La journ\u00e9e de pri\u00e8re s&#39;est tenue le vendredi 2 mars de 10 AM \u00e0 12 AM. <\/p>\n<p>La Journ\u00e9e Mondiale de Pri\u00e8re des Femmes (WWDP) est un mouvement mondial des femmes chr\u00e9tiennes de diff\u00e9rentes cultures, races et religions qui se r\u00e9unissent pour observer une Journ\u00e9e sp\u00e9ciale de Pri\u00e8re le premier vendredi de mars chaque ann\u00e9e.  C&#39;est une journ\u00e9e ouverte \u00e0 tous les groupes religieux qui d\u00e9sirent se joindre \u00e0 alles par la pri\u00e8re.  Les organisatrices du &#39;WWPD&#39; avancent qu&#39;elles d\u00e9sirent que toutes les femmes Chr\u00e9tiennes soient utilis\u00e9es par Dieu au moyen d&#39;un mouvement dynamique de pri\u00e8re pour faire un impact positif sur toutes les sph\u00e8res de la soci\u00e9t\u00e9. <\/p>\n<p>Le th\u00e8me mondial de cette ann\u00e9e du programme d&#39;adoration de la &#39;WWDP&#39; a \u00e9t\u00e9 &#39;Unies Sous la Tente de Dieu.&#39;  Le programme a \u00e9t\u00e9 pr\u00e9par\u00e9 par les femmes du Paraguay, dont les pr\u00e9occupations \u00e0 propos du ch\u00f4mage, de la pauvret\u00e9, de l&#39;in\u00e9galit\u00e9 des sexes, la violence, la corruption, l&#39;alcoolisme, les drogues et la prostitution sont partag\u00e9es par les femmes de tous les pays du monde. <\/p>\n<p>Un pareil \u00e9v\u00e8nement rapproche les coeurs, nous rapproche les unes des autres \u00e0 propos de notre identit\u00e9 commune, et de nos besoins communs,\u00a0\u00bb a dit Aleta Blow, qui a coordonn\u00e9 la manifestation \u00e0 l&#39;\u00e9glise Adventiste du Septi\u00e8me jour de Helderberg sur le campus du Heldeberg  College.  \u00ab\u00a0Alors que nous nous approchons du Dieu du ciel quelque chose se produit en nous qui nous permet de comprendre la fraternit\u00e9 et la charit\u00e9 de l&#39;homme.  Ceci nous permet aussi de comprendre les grands besoins du monde.\u00a0\u00bb <\/p>\n<p>Au cours des ans les femmes ont jou\u00e9 un r\u00f4le important dans la stabilit\u00e9 de l&#39;Afrique du Sud sp\u00e9cialement apr\u00e8s l&#39;apartheid,\u00a0\u00bb a avanc\u00e9 Wilma Anderson, une autre coordinatrice Adventiste.  \u00ab\u00a0Plusieurs femmes ont organis\u00e9 des r\u00e9unions de pri\u00e8re parce qu&#39;elles savent qu&#39;une puissance r\u00e9side dans leurs pri\u00e8res et leur unit\u00e9.  Rien a chang\u00e9.\u00a0\u00bb <\/p>\n<p>Le programme a r\u00e9uni plus de 200 femmes qui ont repr\u00e9sent\u00e9 des pays tels que la France, l&#39;Allemagne, la Suisse, le Br\u00e9sil, l&#39;Italie, la Bolivie, la Hollande, l&#39;Australie, le Paraguay, la Tha\u00eflande, la Tanzanie, le Swaziland, l&#39;Ouganda, le Zimbabwe, la Zambie, l&#39;Afrique du Sud et le Lesotho. <\/p>\n<p>Les salutations avaient \u00e9t\u00e9 pr\u00e9sent\u00e9es dans 23 langues diff\u00e9rentes.  Cette innovation a bris\u00e9 les barri\u00e8res \u00e0 tous les niveaux, racial et sectaire, a soulign\u00e9 Blow.  Elle a fait remarquer qu&#39;elle a d\u00e9cid\u00e9 de r\u00e9agir ainsi quand les femmes des autres groupes religieux eurent appris que l&#39;\u00e9glise Adventiste patronait la manifestation. <\/p>\n<p>C&#39;\u00e9tait une surprise pour les autres dames des autres \u00e9glises que nous ayons ouvert nos portes,\u00a0\u00bb dit-elle.  \u00ab\u00a0Les Adventistes de Helderberg Basin sont connus comme un groupe exclusif.  Je pense que cette journ\u00e9e de pri\u00e8re a \u00e9t\u00e9 une exp\u00e9rience de rapprochement qui ne s&#39;est pas limit\u00e9e \u00e0 une seule journ\u00e9e.\u00a0\u00bb <\/p>\n<p>\u00ab\u00a0Je pense que c&#39;\u00e9tait merveilleux d&#39;\u00eatre ensemble,\u00a0\u00bb a d\u00e9clar\u00e9 Fritzi Eck, qui n&#39;est pas Adventiste.  \u00ab\u00a0\u00a0\u00bbNous avons c\u00f4toy\u00e9 les autres et appris \u00e0 mieux nous comprendre.  Peu importe leur foi\u00a0\u00bb <\/p>\n","protected":false},"excerpt":{"rendered":"<p>C&#39;est pour la 77\u00e8me fois que des femmes de l&#39;Afrique du Sud ont particip\u00e9 \u00e0 une journ\u00e9e de pri\u00e8re dirig\u00e9e par les femmes.  Mais c&#39;est pour la premi\u00e8re fois que les femmes de l&#39;Eglise Adventi<\/p>\n","protected":false},"author":1,"featured_media":0,"comment_status":"closed","ping_status":"closed","sticky":false,"template":"","format":"standard","meta":{"_acf_changed":false,"footnotes":""},"categories":[9],"tags":[],"class_list":["post-12702","post","type-post","status-publish","format-standard","hentry","category-archive-fr"],"acf":[],"yoast_head":"<!-- This site is optimized with the Yoast SEO plugin v27.3 - https:\/\/yoast.com\/product\/yoast-seo-wordpress\/ -->\n<title>Afrique du Sud: Les Adventistes Accueillent des Femmes de Foi Diff\u00e9rente - \u00c9glise Adventiste Du Septieme Jour - Inter Am\u00e9rique Division<\/title>\n<meta name=\"robots\" content=\"index, follow, max-snippet:-1, max-image-preview:large, max-video-preview:-1\" \/>\n<link rel=\"canonical\" href=\"https:\/\/interamerica.org\/fr\/2007\/03\/afrique-du-sud-les-adventistes-accueillent-des-femmes-de-foi-differente\/\" \/>\n<meta property=\"og:locale\" content=\"fr_FR\" \/>\n<meta property=\"og:type\" content=\"article\" \/>\n<meta property=\"og:title\" content=\"Afrique du Sud: Les Adventistes Accueillent des Femmes de Foi Diff\u00e9rente - \u00c9glise Adventiste Du Septieme Jour - Inter Am\u00e9rique Division\" \/>\n<meta property=\"og:description\" content=\"C&#039;est pour la 77\u00e8me fois que des femmes de l&#039;Afrique du Sud ont particip\u00e9 \u00e0 une journ\u00e9e de pri\u00e8re dirig\u00e9e par les femmes. Mais c&#039;est pour la premi\u00e8re fois que les femmes de l&#039;Eglise Adventi\" \/>\n<meta property=\"og:url\" content=\"https:\/\/interamerica.org\/fr\/2007\/03\/afrique-du-sud-les-adventistes-accueillent-des-femmes-de-foi-differente\/\" \/>\n<meta property=\"og:site_name\" content=\"\u00c9glise Adventiste Du Septieme Jour - Inter Am\u00e9rique Division\" \/>\n<meta property=\"article:published_time\" content=\"2007-03-06T04:00:00+00:00\" \/>\n<meta property=\"article:modified_time\" content=\"2017-06-02T17:14:47+00:00\" \/>\n<meta name=\"author\" content=\"Lorenzo Verduzco\" \/>\n<meta name=\"twitter:card\" content=\"summary_large_image\" \/>\n<meta name=\"twitter:label1\" content=\"\u00c9crit par\" \/>\n\t<meta name=\"twitter:data1\" content=\"Lorenzo Verduzco\" \/>\n\t<meta name=\"twitter:label2\" content=\"Dur\u00e9e de lecture estim\u00e9e\" \/>\n\t<meta name=\"twitter:data2\" content=\"3 minutes\" \/>\n<script type=\"application\/ld+json\" class=\"yoast-schema-graph\">{\"@context\":\"https:\\\/\\\/schema.org\",\"@graph\":[{\"@type\":\"Article\",\"@id\":\"https:\\\/\\\/interamerica.org\\\/fr\\\/2007\\\/03\\\/afrique-du-sud-les-adventistes-accueillent-des-femmes-de-foi-differente\\\/#article\",\"isPartOf\":{\"@id\":\"https:\\\/\\\/interamerica.org\\\/fr\\\/2007\\\/03\\\/afrique-du-sud-les-adventistes-accueillent-des-femmes-de-foi-differente\\\/\"},\"author\":{\"name\":\"Lorenzo Verduzco\",\"@id\":\"https:\\\/\\\/interamerica.org\\\/fr\\\/#\\\/schema\\\/person\\\/68ede8bdc292885bb76c1e3810e73c39\"},\"headline\":\"Afrique du Sud: Les Adventistes Accueillent des Femmes de Foi Diff\u00e9rente\",\"datePublished\":\"2007-03-06T04:00:00+00:00\",\"dateModified\":\"2017-06-02T17:14:47+00:00\",\"mainEntityOfPage\":{\"@id\":\"https:\\\/\\\/interamerica.org\\\/fr\\\/2007\\\/03\\\/afrique-du-sud-les-adventistes-accueillent-des-femmes-de-foi-differente\\\/\"},\"wordCount\":643,\"articleSection\":[\"Archive\"],\"inLanguage\":\"fr-FR\"},{\"@type\":\"WebPage\",\"@id\":\"https:\\\/\\\/interamerica.org\\\/fr\\\/2007\\\/03\\\/afrique-du-sud-les-adventistes-accueillent-des-femmes-de-foi-differente\\\/\",\"url\":\"https:\\\/\\\/interamerica.org\\\/fr\\\/2007\\\/03\\\/afrique-du-sud-les-adventistes-accueillent-des-femmes-de-foi-differente\\\/\",\"name\":\"Afrique du Sud: Les Adventistes Accueillent des Femmes de Foi Diff\u00e9rente - \u00c9glise Adventiste Du Septieme Jour - Inter Am\u00e9rique Division\",\"isPartOf\":{\"@id\":\"https:\\\/\\\/interamerica.org\\\/fr\\\/#website\"},\"datePublished\":\"2007-03-06T04:00:00+00:00\",\"dateModified\":\"2017-06-02T17:14:47+00:00\",\"author\":{\"@id\":\"https:\\\/\\\/interamerica.org\\\/fr\\\/#\\\/schema\\\/person\\\/68ede8bdc292885bb76c1e3810e73c39\"},\"breadcrumb\":{\"@id\":\"https:\\\/\\\/interamerica.org\\\/fr\\\/2007\\\/03\\\/afrique-du-sud-les-adventistes-accueillent-des-femmes-de-foi-differente\\\/#breadcrumb\"},\"inLanguage\":\"fr-FR\",\"potentialAction\":[{\"@type\":\"ReadAction\",\"target\":[\"https:\\\/\\\/interamerica.org\\\/fr\\\/2007\\\/03\\\/afrique-du-sud-les-adventistes-accueillent-des-femmes-de-foi-differente\\\/\"]}]},{\"@type\":\"BreadcrumbList\",\"@id\":\"https:\\\/\\\/interamerica.org\\\/fr\\\/2007\\\/03\\\/afrique-du-sud-les-adventistes-accueillent-des-femmes-de-foi-differente\\\/#breadcrumb\",\"itemListElement\":[{\"@type\":\"ListItem\",\"position\":1,\"name\":\"Home\",\"item\":\"https:\\\/\\\/interamerica.org\\\/fr\\\/\"},{\"@type\":\"ListItem\",\"position\":2,\"name\":\"Afrique du Sud: Les Adventistes Accueillent des Femmes de Foi Diff\u00e9rente\"}]},{\"@type\":\"WebSite\",\"@id\":\"https:\\\/\\\/interamerica.org\\\/fr\\\/#website\",\"url\":\"https:\\\/\\\/interamerica.org\\\/fr\\\/\",\"name\":\"\u00c9glise Adventiste Du Septieme Jour - Inter Am\u00e9rique Division\",\"description\":\"\",\"potentialAction\":[{\"@type\":\"SearchAction\",\"target\":{\"@type\":\"EntryPoint\",\"urlTemplate\":\"https:\\\/\\\/interamerica.org\\\/fr\\\/?s={search_term_string}\"},\"query-input\":{\"@type\":\"PropertyValueSpecification\",\"valueRequired\":true,\"valueName\":\"search_term_string\"}}],\"inLanguage\":\"fr-FR\"},{\"@type\":\"Person\",\"@id\":\"https:\\\/\\\/interamerica.org\\\/fr\\\/#\\\/schema\\\/person\\\/68ede8bdc292885bb76c1e3810e73c39\",\"name\":\"Lorenzo Verduzco\",\"image\":{\"@type\":\"ImageObject\",\"inLanguage\":\"fr-FR\",\"@id\":\"https:\\\/\\\/secure.gravatar.com\\\/avatar\\\/fb81a55b6218459490a9c1dc841a34909185b81904c5337b4b27f7a6fd60c49e?s=96&d=mm&r=g\",\"url\":\"https:\\\/\\\/secure.gravatar.com\\\/avatar\\\/fb81a55b6218459490a9c1dc841a34909185b81904c5337b4b27f7a6fd60c49e?s=96&d=mm&r=g\",\"contentUrl\":\"https:\\\/\\\/secure.gravatar.com\\\/avatar\\\/fb81a55b6218459490a9c1dc841a34909185b81904c5337b4b27f7a6fd60c49e?s=96&d=mm&r=g\",\"caption\":\"Lorenzo Verduzco\"}}]}<\/script>\n<!-- \/ Yoast SEO plugin. -->","yoast_head_json":{"title":"Afrique du Sud: Les Adventistes Accueillent des Femmes de Foi Diff\u00e9rente - \u00c9glise Adventiste Du Septieme Jour - Inter Am\u00e9rique Division","robots":{"index":"index","follow":"follow","max-snippet":"max-snippet:-1","max-image-preview":"max-image-preview:large","max-video-preview":"max-video-preview:-1"},"canonical":"https:\/\/interamerica.org\/fr\/2007\/03\/afrique-du-sud-les-adventistes-accueillent-des-femmes-de-foi-differente\/","og_locale":"fr_FR","og_type":"article","og_title":"Afrique du Sud: Les Adventistes Accueillent des Femmes de Foi Diff\u00e9rente - \u00c9glise Adventiste Du Septieme Jour - Inter Am\u00e9rique Division","og_description":"C&#39;est pour la 77\u00e8me fois que des femmes de l&#39;Afrique du Sud ont particip\u00e9 \u00e0 une journ\u00e9e de pri\u00e8re dirig\u00e9e par les femmes. Mais c&#39;est pour la premi\u00e8re fois que les femmes de l&#39;Eglise Adventi","og_url":"https:\/\/interamerica.org\/fr\/2007\/03\/afrique-du-sud-les-adventistes-accueillent-des-femmes-de-foi-differente\/","og_site_name":"\u00c9glise Adventiste Du Septieme Jour - Inter Am\u00e9rique Division","article_published_time":"2007-03-06T04:00:00+00:00","article_modified_time":"2017-06-02T17:14:47+00:00","author":"Lorenzo Verduzco","twitter_card":"summary_large_image","twitter_misc":{"\u00c9crit par":"Lorenzo Verduzco","Dur\u00e9e de lecture estim\u00e9e":"3 minutes"},"schema":{"@context":"https:\/\/schema.org","@graph":[{"@type":"Article","@id":"https:\/\/interamerica.org\/fr\/2007\/03\/afrique-du-sud-les-adventistes-accueillent-des-femmes-de-foi-differente\/#article","isPartOf":{"@id":"https:\/\/interamerica.org\/fr\/2007\/03\/afrique-du-sud-les-adventistes-accueillent-des-femmes-de-foi-differente\/"},"author":{"name":"Lorenzo Verduzco","@id":"https:\/\/interamerica.org\/fr\/#\/schema\/person\/68ede8bdc292885bb76c1e3810e73c39"},"headline":"Afrique du Sud: Les Adventistes Accueillent des Femmes de Foi Diff\u00e9rente","datePublished":"2007-03-06T04:00:00+00:00","dateModified":"2017-06-02T17:14:47+00:00","mainEntityOfPage":{"@id":"https:\/\/interamerica.org\/fr\/2007\/03\/afrique-du-sud-les-adventistes-accueillent-des-femmes-de-foi-differente\/"},"wordCount":643,"articleSection":["Archive"],"inLanguage":"fr-FR"},{"@type":"WebPage","@id":"https:\/\/interamerica.org\/fr\/2007\/03\/afrique-du-sud-les-adventistes-accueillent-des-femmes-de-foi-differente\/","url":"https:\/\/interamerica.org\/fr\/2007\/03\/afrique-du-sud-les-adventistes-accueillent-des-femmes-de-foi-differente\/","name":"Afrique du Sud: Les Adventistes Accueillent des Femmes de Foi Diff\u00e9rente - \u00c9glise Adventiste Du Septieme Jour - Inter Am\u00e9rique Division","isPartOf":{"@id":"https:\/\/interamerica.org\/fr\/#website"},"datePublished":"2007-03-06T04:00:00+00:00","dateModified":"2017-06-02T17:14:47+00:00","author":{"@id":"https:\/\/interamerica.org\/fr\/#\/schema\/person\/68ede8bdc292885bb76c1e3810e73c39"},"breadcrumb":{"@id":"https:\/\/interamerica.org\/fr\/2007\/03\/afrique-du-sud-les-adventistes-accueillent-des-femmes-de-foi-differente\/#breadcrumb"},"inLanguage":"fr-FR","potentialAction":[{"@type":"ReadAction","target":["https:\/\/interamerica.org\/fr\/2007\/03\/afrique-du-sud-les-adventistes-accueillent-des-femmes-de-foi-differente\/"]}]},{"@type":"BreadcrumbList","@id":"https:\/\/interamerica.org\/fr\/2007\/03\/afrique-du-sud-les-adventistes-accueillent-des-femmes-de-foi-differente\/#breadcrumb","itemListElement":[{"@type":"ListItem","position":1,"name":"Home","item":"https:\/\/interamerica.org\/fr\/"},{"@type":"ListItem","position":2,"name":"Afrique du Sud: Les Adventistes Accueillent des Femmes de Foi Diff\u00e9rente"}]},{"@type":"WebSite","@id":"https:\/\/interamerica.org\/fr\/#website","url":"https:\/\/interamerica.org\/fr\/","name":"\u00c9glise Adventiste Du Septieme Jour - Inter Am\u00e9rique Division","description":"","potentialAction":[{"@type":"SearchAction","target":{"@type":"EntryPoint","urlTemplate":"https:\/\/interamerica.org\/fr\/?s={search_term_string}"},"query-input":{"@type":"PropertyValueSpecification","valueRequired":true,"valueName":"search_term_string"}}],"inLanguage":"fr-FR"},{"@type":"Person","@id":"https:\/\/interamerica.org\/fr\/#\/schema\/person\/68ede8bdc292885bb76c1e3810e73c39","name":"Lorenzo Verduzco","image":{"@type":"ImageObject","inLanguage":"fr-FR","@id":"https:\/\/secure.gravatar.com\/avatar\/fb81a55b6218459490a9c1dc841a34909185b81904c5337b4b27f7a6fd60c49e?s=96&d=mm&r=g","url":"https:\/\/secure.gravatar.com\/avatar\/fb81a55b6218459490a9c1dc841a34909185b81904c5337b4b27f7a6fd60c49e?s=96&d=mm&r=g","contentUrl":"https:\/\/secure.gravatar.com\/avatar\/fb81a55b6218459490a9c1dc841a34909185b81904c5337b4b27f7a6fd60c49e?s=96&d=mm&r=g","caption":"Lorenzo Verduzco"}}]}},"_links":{"self":[{"href":"https:\/\/interamerica.org\/fr\/wp-json\/wp\/v2\/posts\/12702","targetHints":{"allow":["GET"]}}],"collection":[{"href":"https:\/\/interamerica.org\/fr\/wp-json\/wp\/v2\/posts"}],"about":[{"href":"https:\/\/interamerica.org\/fr\/wp-json\/wp\/v2\/types\/post"}],"author":[{"embeddable":true,"href":"https:\/\/interamerica.org\/fr\/wp-json\/wp\/v2\/users\/1"}],"replies":[{"embeddable":true,"href":"https:\/\/interamerica.org\/fr\/wp-json\/wp\/v2\/comments?post=12702"}],"version-history":[{"count":0,"href":"https:\/\/interamerica.org\/fr\/wp-json\/wp\/v2\/posts\/12702\/revisions"}],"wp:attachment":[{"href":"https:\/\/interamerica.org\/fr\/wp-json\/wp\/v2\/media?parent=12702"}],"wp:term":[{"taxonomy":"category","embeddable":true,"href":"https:\/\/interamerica.org\/fr\/wp-json\/wp\/v2\/categories?post=12702"},{"taxonomy":"post_tag","embeddable":true,"href":"https:\/\/interamerica.org\/fr\/wp-json\/wp\/v2\/tags?post=12702"}],"curies":[{"name":"wp","href":"https:\/\/api.w.org\/{rel}","templated":true}]}}