{"id":12703,"date":"2007-03-06T00:00:00","date_gmt":"2007-03-06T04:00:00","guid":{"rendered":"http:\/\/192.81.217.108\/interamerica\/2007\/03\/republique-dominicaine-teen-mission-impact-honore-pour-sa-contribution-medicale\/"},"modified":"2017-06-02T13:14:48","modified_gmt":"2017-06-02T17:14:48","slug":"republique-dominicaine-teen-mission-impact-honore-pour-sa-contribution-medicale","status":"publish","type":"post","link":"https:\/\/interamerica.org\/fr\/2007\/03\/republique-dominicaine-teen-mission-impact-honore-pour-sa-contribution-medicale\/","title":{"rendered":"R\u00e9publique Dominicaine:  &#39;Teen Mission Impact&#39; Honor\u00e9 pour Sa Contribution M\u00e9dicale"},"content":{"rendered":"<p>Santo Domingo, R\u00e9publique Dominicaine&#8230; (Staff de la DIA) <\/p>\n<p>Au cours des 25 derni\u00e8res ann\u00e9es des milliers de gens en R\u00e9publique Dominicaine ont b\u00e9n\u00e9fici\u00e9 des services du &#39;Pathfinder Teen Mission Impact, une \u00e9quipe m\u00e9dicale form\u00e9e d&#39;adolescents Adventistes du Septi\u00e8me jour et d&#39;un personnel m\u00e9dical de la Conf\u00e9rence du Michigan aux Etats-Unis.  Le 28 d\u00e9cembre 2006, au cours de leur tour annuel de 12 jours l&#39;\u00e9quipe de la &#39;Mission&#39; a \u00e9t\u00e9 honor\u00e9e \u00e0 l&#39;occasion de l&#39;inauguration du premier h\u00f4pital Adventiste du pays, Vista del Jardin Hospital. <\/p>\n<p>\u00ab\u00a0L&#39;action de la mission a eu un impact formidable sur la vie de l&#39;\u00e9glise au sein de l&#39;Union (Dominicaine),\u00a0\u00bb d\u00e9clara Pasteur Israel Leito, pr\u00e9sident de l&#39;\u00e9glise en Inter-Am\u00e9rique. <\/p>\n<p>Bien avant que l&#39;Union Dominicaine ait \u00e9t\u00e9 \u00e9tablie, la Conf\u00e9rence du Michigan avait pris l&#39;habitude de se rendre en R\u00e9puiblique Dominicaine avec des groupes de jeunes \u00e9claireurs et d&#39;autres dirigeants la\u00efques au cours des f\u00eates de Noel avec la mission de servir,&#39; a mentionn\u00e9 Pasteur Leito.  \u00ab\u00a0La Division Inter-Am\u00e9ricaine est tr\u00e8s reconnaissante pour le service remarquable accompli par la Conf\u00e9rence du Michigan au sein de l&#39;une de nos unions, ajouta-t-il. <\/p>\n<p>Le programme de la mission des jeunes \u00e9claireurs a \u00e9t\u00e9 \u00e9tabli en 1981 par l&#39;ancien directeur des Eclaireurs de la Conf\u00e9rence du Michigan Merril Flemming.  Il a \u00e9t\u00e9 retra\u00eet\u00e9 un peu plus tard et remplac\u00e9 par Pasteur Terry Dodge, actuel directeur des \u00e9claireurs de la Conf\u00e9rence du Michigan.  Pasteur Dodge a dirig\u00e9 le &#39;Teen Mission Impact pendant 17 ans. <\/p>\n<p>\u00ab\u00a0L&#39;\u00e9glise a \u00e9t\u00e9 \u00e9tablie en R\u00e9publique Dominicaine depuis 99 ans, et nous y avions \u00e9t\u00e9 pendant 25 ans au cours de cette p\u00e9riode.\u00a0\u00bb d\u00e9clara Pasteur Dodge alors qu&#39;il prenait la parole au cours de l&#39;inauguration de l&#39;h\u00f4pital. <\/p>\n<p>Les professionnels de la sant\u00e9 de l&#39;\u00e9quipe sont Dr. Rick Shaffer, qui a dirig\u00e9 les voyages pendant 10 ans et Dr. Frank Harrell, qui a voyag\u00e9 au cours des six premi\u00e8res ann\u00e9es du programme et  qui \u00e0 pr\u00e9sent entra\u00eene l&#39;\u00e9quipe. <\/p>\n<p>En R\u00e9publique Dominicaine, beaucoup de jeunes ont \u00e9t\u00e9 motiv\u00e9s \u00e0 d\u00e9dier  leurs vies au Seigneur et \u00e0 son service,\u00a0\u00bb a avanc\u00e9 Pasteur  Silvestre Gonzalez, porte-parole et directeur de communication de l&#39;\u00e9glise de la R\u00e9publique Dominicaine. <\/p>\n<p>Beaucoup de ces jeunes ont d\u00e9cid\u00e9 d&#39;\u00e9tudier la m\u00e9decine, devenir dentistes, et d&#39;embrasser d&#39;autres carri\u00e8res m\u00e9dicales pour venir en aide \u00e0 ceux qui cherchent \u00e0 \u00eatre gu\u00e9ris de leurs maladies.  Inspir\u00e9s par le d\u00e9voument et l&#39;engagement des \u00e9claireurs du Michigan  qui sont \u00e0 leur 25\u00e8me voyage missionaire dans notre pays, plusieurs pasteurs ont organis\u00e9 des groupes de soins de sant\u00e9 avec un personnel m\u00e9dical,\u00a0\u00bb a ajout\u00e9 Pasteur Gonzalez. <\/p>\n<p>Environ 85.000 personnes ont b\u00e9n\u00e9fici\u00e9 des soins m\u00e9dicaux dans 95 villes et communaut\u00e9s du pays.  Parmi les services rendus par les docteurs, infirmi\u00e8res et les adolescents, il faut inclure les consultations m\u00e9dicales, les examens des yeux, les services dentaires et la distribution de milliers de pairs de lunettes. <\/p>\n<p>Les services du groupe m\u00e9dical a aussi facilit\u00e9 les pasteurs locaux et les la\u00efques dans la pr\u00e9paration des croisades \u00e9vang\u00e9liques qui ont enregistr\u00e9 des centaines de bapt\u00eames.  Plusieurs \u00e9glises ont \u00e9t\u00e9 organis\u00e9es \u00e0 travers le pays comme le r\u00e9sultat imm\u00e9diat des services apport\u00e9s par l&#39;\u00e9quipe m\u00e9dicale, d&#39;apr\u00e8s Pasteur Gonzalez.  <\/p>\n","protected":false},"excerpt":{"rendered":"<p>Au cours des 25 derni\u00e8res ann\u00e9es des milliers de gens en R\u00e9publique Dominicaine ont b\u00e9n\u00e9fici\u00e9 des services du &#39;Pathfinder Teen Mission Impact, une \u00e9quipe m\u00e9dicale form\u00e9e d&#39;adolescent<\/p>\n","protected":false},"author":1,"featured_media":0,"comment_status":"closed","ping_status":"closed","sticky":false,"template":"","format":"standard","meta":{"_acf_changed":false,"footnotes":""},"categories":[9],"tags":[],"class_list":["post-12703","post","type-post","status-publish","format-standard","hentry","category-archive-fr"],"acf":[],"yoast_head":"<!-- This site is optimized with the Yoast SEO plugin v27.3 - https:\/\/yoast.com\/product\/yoast-seo-wordpress\/ -->\n<title>R\u00e9publique Dominicaine: &#039;Teen Mission Impact&#039; Honor\u00e9 pour Sa Contribution M\u00e9dicale - \u00c9glise Adventiste Du Septieme Jour - Inter Am\u00e9rique Division<\/title>\n<meta name=\"robots\" content=\"index, follow, max-snippet:-1, max-image-preview:large, max-video-preview:-1\" \/>\n<link rel=\"canonical\" href=\"https:\/\/interamerica.org\/fr\/2007\/03\/republique-dominicaine-teen-mission-impact-honore-pour-sa-contribution-medicale\/\" \/>\n<meta property=\"og:locale\" content=\"fr_FR\" \/>\n<meta property=\"og:type\" content=\"article\" \/>\n<meta property=\"og:title\" content=\"R\u00e9publique Dominicaine: &#039;Teen Mission Impact&#039; Honor\u00e9 pour Sa Contribution M\u00e9dicale - \u00c9glise Adventiste Du Septieme Jour - Inter Am\u00e9rique Division\" \/>\n<meta property=\"og:description\" content=\"Au cours des 25 derni\u00e8res ann\u00e9es des milliers de gens en R\u00e9publique Dominicaine ont b\u00e9n\u00e9fici\u00e9 des services du &#039;Pathfinder Teen Mission Impact, une \u00e9quipe m\u00e9dicale form\u00e9e d&#039;adolescent\" \/>\n<meta property=\"og:url\" content=\"https:\/\/interamerica.org\/fr\/2007\/03\/republique-dominicaine-teen-mission-impact-honore-pour-sa-contribution-medicale\/\" \/>\n<meta property=\"og:site_name\" content=\"\u00c9glise Adventiste Du Septieme Jour - Inter Am\u00e9rique Division\" \/>\n<meta property=\"article:published_time\" content=\"2007-03-06T04:00:00+00:00\" \/>\n<meta property=\"article:modified_time\" content=\"2017-06-02T17:14:48+00:00\" \/>\n<meta name=\"author\" content=\"Lorenzo Verduzco\" \/>\n<meta name=\"twitter:card\" content=\"summary_large_image\" \/>\n<meta name=\"twitter:label1\" content=\"\u00c9crit par\" \/>\n\t<meta name=\"twitter:data1\" content=\"Lorenzo Verduzco\" \/>\n\t<meta name=\"twitter:label2\" content=\"Dur\u00e9e de lecture estim\u00e9e\" \/>\n\t<meta name=\"twitter:data2\" content=\"3 minutes\" \/>\n<script type=\"application\/ld+json\" class=\"yoast-schema-graph\">{\"@context\":\"https:\\\/\\\/schema.org\",\"@graph\":[{\"@type\":\"Article\",\"@id\":\"https:\\\/\\\/interamerica.org\\\/fr\\\/2007\\\/03\\\/republique-dominicaine-teen-mission-impact-honore-pour-sa-contribution-medicale\\\/#article\",\"isPartOf\":{\"@id\":\"https:\\\/\\\/interamerica.org\\\/fr\\\/2007\\\/03\\\/republique-dominicaine-teen-mission-impact-honore-pour-sa-contribution-medicale\\\/\"},\"author\":{\"name\":\"Lorenzo Verduzco\",\"@id\":\"https:\\\/\\\/interamerica.org\\\/fr\\\/#\\\/schema\\\/person\\\/68ede8bdc292885bb76c1e3810e73c39\"},\"headline\":\"R\u00e9publique Dominicaine: &#39;Teen Mission Impact&#39; Honor\u00e9 pour Sa Contribution M\u00e9dicale\",\"datePublished\":\"2007-03-06T04:00:00+00:00\",\"dateModified\":\"2017-06-02T17:14:48+00:00\",\"mainEntityOfPage\":{\"@id\":\"https:\\\/\\\/interamerica.org\\\/fr\\\/2007\\\/03\\\/republique-dominicaine-teen-mission-impact-honore-pour-sa-contribution-medicale\\\/\"},\"wordCount\":602,\"articleSection\":[\"Archive\"],\"inLanguage\":\"fr-FR\"},{\"@type\":\"WebPage\",\"@id\":\"https:\\\/\\\/interamerica.org\\\/fr\\\/2007\\\/03\\\/republique-dominicaine-teen-mission-impact-honore-pour-sa-contribution-medicale\\\/\",\"url\":\"https:\\\/\\\/interamerica.org\\\/fr\\\/2007\\\/03\\\/republique-dominicaine-teen-mission-impact-honore-pour-sa-contribution-medicale\\\/\",\"name\":\"R\u00e9publique Dominicaine: &#39;Teen Mission Impact&#39; Honor\u00e9 pour Sa Contribution M\u00e9dicale - \u00c9glise Adventiste Du Septieme Jour - Inter Am\u00e9rique Division\",\"isPartOf\":{\"@id\":\"https:\\\/\\\/interamerica.org\\\/fr\\\/#website\"},\"datePublished\":\"2007-03-06T04:00:00+00:00\",\"dateModified\":\"2017-06-02T17:14:48+00:00\",\"author\":{\"@id\":\"https:\\\/\\\/interamerica.org\\\/fr\\\/#\\\/schema\\\/person\\\/68ede8bdc292885bb76c1e3810e73c39\"},\"breadcrumb\":{\"@id\":\"https:\\\/\\\/interamerica.org\\\/fr\\\/2007\\\/03\\\/republique-dominicaine-teen-mission-impact-honore-pour-sa-contribution-medicale\\\/#breadcrumb\"},\"inLanguage\":\"fr-FR\",\"potentialAction\":[{\"@type\":\"ReadAction\",\"target\":[\"https:\\\/\\\/interamerica.org\\\/fr\\\/2007\\\/03\\\/republique-dominicaine-teen-mission-impact-honore-pour-sa-contribution-medicale\\\/\"]}]},{\"@type\":\"BreadcrumbList\",\"@id\":\"https:\\\/\\\/interamerica.org\\\/fr\\\/2007\\\/03\\\/republique-dominicaine-teen-mission-impact-honore-pour-sa-contribution-medicale\\\/#breadcrumb\",\"itemListElement\":[{\"@type\":\"ListItem\",\"position\":1,\"name\":\"Home\",\"item\":\"https:\\\/\\\/interamerica.org\\\/fr\\\/\"},{\"@type\":\"ListItem\",\"position\":2,\"name\":\"R\u00e9publique Dominicaine: &#39;Teen Mission Impact&#39; Honor\u00e9 pour Sa Contribution M\u00e9dicale\"}]},{\"@type\":\"WebSite\",\"@id\":\"https:\\\/\\\/interamerica.org\\\/fr\\\/#website\",\"url\":\"https:\\\/\\\/interamerica.org\\\/fr\\\/\",\"name\":\"\u00c9glise Adventiste Du Septieme Jour - Inter Am\u00e9rique Division\",\"description\":\"\",\"potentialAction\":[{\"@type\":\"SearchAction\",\"target\":{\"@type\":\"EntryPoint\",\"urlTemplate\":\"https:\\\/\\\/interamerica.org\\\/fr\\\/?s={search_term_string}\"},\"query-input\":{\"@type\":\"PropertyValueSpecification\",\"valueRequired\":true,\"valueName\":\"search_term_string\"}}],\"inLanguage\":\"fr-FR\"},{\"@type\":\"Person\",\"@id\":\"https:\\\/\\\/interamerica.org\\\/fr\\\/#\\\/schema\\\/person\\\/68ede8bdc292885bb76c1e3810e73c39\",\"name\":\"Lorenzo Verduzco\",\"image\":{\"@type\":\"ImageObject\",\"inLanguage\":\"fr-FR\",\"@id\":\"https:\\\/\\\/secure.gravatar.com\\\/avatar\\\/fb81a55b6218459490a9c1dc841a34909185b81904c5337b4b27f7a6fd60c49e?s=96&d=mm&r=g\",\"url\":\"https:\\\/\\\/secure.gravatar.com\\\/avatar\\\/fb81a55b6218459490a9c1dc841a34909185b81904c5337b4b27f7a6fd60c49e?s=96&d=mm&r=g\",\"contentUrl\":\"https:\\\/\\\/secure.gravatar.com\\\/avatar\\\/fb81a55b6218459490a9c1dc841a34909185b81904c5337b4b27f7a6fd60c49e?s=96&d=mm&r=g\",\"caption\":\"Lorenzo Verduzco\"}}]}<\/script>\n<!-- \/ Yoast SEO plugin. -->","yoast_head_json":{"title":"R\u00e9publique Dominicaine: &#39;Teen Mission Impact&#39; Honor\u00e9 pour Sa Contribution M\u00e9dicale - \u00c9glise Adventiste Du Septieme Jour - Inter Am\u00e9rique Division","robots":{"index":"index","follow":"follow","max-snippet":"max-snippet:-1","max-image-preview":"max-image-preview:large","max-video-preview":"max-video-preview:-1"},"canonical":"https:\/\/interamerica.org\/fr\/2007\/03\/republique-dominicaine-teen-mission-impact-honore-pour-sa-contribution-medicale\/","og_locale":"fr_FR","og_type":"article","og_title":"R\u00e9publique Dominicaine: &#39;Teen Mission Impact&#39; Honor\u00e9 pour Sa Contribution M\u00e9dicale - \u00c9glise Adventiste Du Septieme Jour - Inter Am\u00e9rique Division","og_description":"Au cours des 25 derni\u00e8res ann\u00e9es des milliers de gens en R\u00e9publique Dominicaine ont b\u00e9n\u00e9fici\u00e9 des services du &#39;Pathfinder Teen Mission Impact, une \u00e9quipe m\u00e9dicale form\u00e9e d&#39;adolescent","og_url":"https:\/\/interamerica.org\/fr\/2007\/03\/republique-dominicaine-teen-mission-impact-honore-pour-sa-contribution-medicale\/","og_site_name":"\u00c9glise Adventiste Du Septieme Jour - Inter Am\u00e9rique Division","article_published_time":"2007-03-06T04:00:00+00:00","article_modified_time":"2017-06-02T17:14:48+00:00","author":"Lorenzo Verduzco","twitter_card":"summary_large_image","twitter_misc":{"\u00c9crit par":"Lorenzo Verduzco","Dur\u00e9e de lecture estim\u00e9e":"3 minutes"},"schema":{"@context":"https:\/\/schema.org","@graph":[{"@type":"Article","@id":"https:\/\/interamerica.org\/fr\/2007\/03\/republique-dominicaine-teen-mission-impact-honore-pour-sa-contribution-medicale\/#article","isPartOf":{"@id":"https:\/\/interamerica.org\/fr\/2007\/03\/republique-dominicaine-teen-mission-impact-honore-pour-sa-contribution-medicale\/"},"author":{"name":"Lorenzo Verduzco","@id":"https:\/\/interamerica.org\/fr\/#\/schema\/person\/68ede8bdc292885bb76c1e3810e73c39"},"headline":"R\u00e9publique Dominicaine: &#39;Teen Mission Impact&#39; Honor\u00e9 pour Sa Contribution M\u00e9dicale","datePublished":"2007-03-06T04:00:00+00:00","dateModified":"2017-06-02T17:14:48+00:00","mainEntityOfPage":{"@id":"https:\/\/interamerica.org\/fr\/2007\/03\/republique-dominicaine-teen-mission-impact-honore-pour-sa-contribution-medicale\/"},"wordCount":602,"articleSection":["Archive"],"inLanguage":"fr-FR"},{"@type":"WebPage","@id":"https:\/\/interamerica.org\/fr\/2007\/03\/republique-dominicaine-teen-mission-impact-honore-pour-sa-contribution-medicale\/","url":"https:\/\/interamerica.org\/fr\/2007\/03\/republique-dominicaine-teen-mission-impact-honore-pour-sa-contribution-medicale\/","name":"R\u00e9publique Dominicaine: &#39;Teen Mission Impact&#39; Honor\u00e9 pour Sa Contribution M\u00e9dicale - \u00c9glise Adventiste Du Septieme Jour - Inter Am\u00e9rique Division","isPartOf":{"@id":"https:\/\/interamerica.org\/fr\/#website"},"datePublished":"2007-03-06T04:00:00+00:00","dateModified":"2017-06-02T17:14:48+00:00","author":{"@id":"https:\/\/interamerica.org\/fr\/#\/schema\/person\/68ede8bdc292885bb76c1e3810e73c39"},"breadcrumb":{"@id":"https:\/\/interamerica.org\/fr\/2007\/03\/republique-dominicaine-teen-mission-impact-honore-pour-sa-contribution-medicale\/#breadcrumb"},"inLanguage":"fr-FR","potentialAction":[{"@type":"ReadAction","target":["https:\/\/interamerica.org\/fr\/2007\/03\/republique-dominicaine-teen-mission-impact-honore-pour-sa-contribution-medicale\/"]}]},{"@type":"BreadcrumbList","@id":"https:\/\/interamerica.org\/fr\/2007\/03\/republique-dominicaine-teen-mission-impact-honore-pour-sa-contribution-medicale\/#breadcrumb","itemListElement":[{"@type":"ListItem","position":1,"name":"Home","item":"https:\/\/interamerica.org\/fr\/"},{"@type":"ListItem","position":2,"name":"R\u00e9publique Dominicaine: &#39;Teen Mission Impact&#39; Honor\u00e9 pour Sa Contribution M\u00e9dicale"}]},{"@type":"WebSite","@id":"https:\/\/interamerica.org\/fr\/#website","url":"https:\/\/interamerica.org\/fr\/","name":"\u00c9glise Adventiste Du Septieme Jour - Inter Am\u00e9rique Division","description":"","potentialAction":[{"@type":"SearchAction","target":{"@type":"EntryPoint","urlTemplate":"https:\/\/interamerica.org\/fr\/?s={search_term_string}"},"query-input":{"@type":"PropertyValueSpecification","valueRequired":true,"valueName":"search_term_string"}}],"inLanguage":"fr-FR"},{"@type":"Person","@id":"https:\/\/interamerica.org\/fr\/#\/schema\/person\/68ede8bdc292885bb76c1e3810e73c39","name":"Lorenzo Verduzco","image":{"@type":"ImageObject","inLanguage":"fr-FR","@id":"https:\/\/secure.gravatar.com\/avatar\/fb81a55b6218459490a9c1dc841a34909185b81904c5337b4b27f7a6fd60c49e?s=96&d=mm&r=g","url":"https:\/\/secure.gravatar.com\/avatar\/fb81a55b6218459490a9c1dc841a34909185b81904c5337b4b27f7a6fd60c49e?s=96&d=mm&r=g","contentUrl":"https:\/\/secure.gravatar.com\/avatar\/fb81a55b6218459490a9c1dc841a34909185b81904c5337b4b27f7a6fd60c49e?s=96&d=mm&r=g","caption":"Lorenzo Verduzco"}}]}},"_links":{"self":[{"href":"https:\/\/interamerica.org\/fr\/wp-json\/wp\/v2\/posts\/12703","targetHints":{"allow":["GET"]}}],"collection":[{"href":"https:\/\/interamerica.org\/fr\/wp-json\/wp\/v2\/posts"}],"about":[{"href":"https:\/\/interamerica.org\/fr\/wp-json\/wp\/v2\/types\/post"}],"author":[{"embeddable":true,"href":"https:\/\/interamerica.org\/fr\/wp-json\/wp\/v2\/users\/1"}],"replies":[{"embeddable":true,"href":"https:\/\/interamerica.org\/fr\/wp-json\/wp\/v2\/comments?post=12703"}],"version-history":[{"count":0,"href":"https:\/\/interamerica.org\/fr\/wp-json\/wp\/v2\/posts\/12703\/revisions"}],"wp:attachment":[{"href":"https:\/\/interamerica.org\/fr\/wp-json\/wp\/v2\/media?parent=12703"}],"wp:term":[{"taxonomy":"category","embeddable":true,"href":"https:\/\/interamerica.org\/fr\/wp-json\/wp\/v2\/categories?post=12703"},{"taxonomy":"post_tag","embeddable":true,"href":"https:\/\/interamerica.org\/fr\/wp-json\/wp\/v2\/tags?post=12703"}],"curies":[{"name":"wp","href":"https:\/\/api.w.org\/{rel}","templated":true}]}}