{"id":12704,"date":"2007-03-07T00:00:00","date_gmt":"2007-03-07T04:00:00","guid":{"rendered":"http:\/\/192.81.217.108\/interamerica\/2007\/03\/bresil-des-dirigeants-de-leglise-denonce-le-crime-perpetre-a-leglise-advenitste-locale-reitere-son-engagement-a-la-protection-et-au-bien-etre-de-lenfant\/"},"modified":"2017-06-02T13:14:47","modified_gmt":"2017-06-02T17:14:47","slug":"bresil-des-dirigeants-de-leglise-denonce-le-crime-perpetre-a-leglise-advenitste-locale-reitere-son-engagement-a-la-protection-et-au-bien-etre-de-lenfant","status":"publish","type":"post","link":"https:\/\/interamerica.org\/fr\/2007\/03\/bresil-des-dirigeants-de-leglise-denonce-le-crime-perpetre-a-leglise-advenitste-locale-reitere-son-engagement-a-la-protection-et-au-bien-etre-de-lenfant\/","title":{"rendered":"Br\u00e9sil:  Des Dirigeants de l&#39;Eglise D\u00e9nonce le Crime Perpetr\u00e9 \u00e0 l&#39;Eglise Advenitste Locale, R\u00e9it\u00e8re son Engagement \u00e0 la Protection, et au Bien-Etre de l&#39;Enfant"},"content":{"rendered":"<p>6 mars 2007, Brasilia,  Br\u00e9sil&#8230; (ASN\/Staff de ANN) <\/p>\n<p>Les Adventistes du Septi\u00e8me jour du Br\u00e9sil sont afflig\u00e9s par la mort d&#39;une fillette de 20 mois qui fut d\u00e9couverte \u00e9trangl\u00e9e dans le baptist\u00e8re de l&#39;\u00e9glise de Joinville, de Santa Catarina, au Br\u00e9sil le 3 mars.  Les dirigeants de l&#39;Eglise ont publi\u00e9 une d\u00e9claration pour d\u00e9noncer le crime odieux et r\u00e9it\u00e9rer l&#39;engagement de l&#39;\u00e9glise Adventiste dans leur engagement \u00e0 la protection et au bien-\u00eatre des enfants. <\/p>\n<p>\u00ab\u00a0L&#39;Eglise Adventiste du Septi\u00e8me jour de Santa Catarina se pr\u00e9sente au publique, \u00e0 l&#39;occasion de ce malheureux incident&#8230; pour d\u00e9clarer que l&#39;\u00e9glise r\u00e9fute avec v\u00e9h\u00e9mence cet acte horrible perpertr\u00e9 contre cet enfant\u00a0\u00bb, d&#39;apr\u00e8s la d\u00e9claration du 6 mars, qui a \u00e9t\u00e9 lue en partie. <\/p>\n<p>D&#39;apr\u00e8s l&#39;Asociated Press, l&#39;enfant avait \u00e9t\u00e9 saisie par son tueur dans l&#39;une des salles o\u00f9 se trouvaient d&#39;autres enfants qui assistaient \u00e0 un service de culte du Sabbat.  L&#39;AP a d\u00e9clar\u00e9 aussi que le meurtier s&#39;\u00e9tait identifi\u00e9 comme \u00e9tant le p\u00e8re de l&#39;enfant quand il a \u00e9t\u00e9 questionn\u00e9 par l&#39;un des superviseurs. <\/p>\n<p>Quand les dirigeants de l&#39;\u00e9glise furent inform\u00e9s du crime, il ont imm\u00e9diatement contact\u00e9 la police et r\u00e9clam\u00e9 que les faits soient \u00e9lucid\u00e9s et le criminel ou les criminels soient punis d&#39;apr\u00e8s les lois du pays.  Selon la constitution du Br\u00e9sil, les \u00e9glises sont ouvertes au public, et les officiels de l&#39;\u00e9glise de Joinville avancent qu&#39;ils n&#39;ont pas l&#39;intention de faire obstruction aux investigations criminelles.  La communaut\u00e9 locale Adventiste coop\u00e8re \u00e9galement avec les autorit\u00e9s l\u00e9gales, qui ont d\u00e9j\u00e0 appr\u00e9hend\u00e9 un suspect. <\/p>\n<p>La d\u00e9claration officielle a ajout\u00e9 que l&#39;\u00e9glise Adventiste est connue mondialement \u00ab\u00a0pour avoir pr\u00each\u00e9 contre la violence et en faveur des valeurs Chr\u00e9tiennes (qui) honorent la famille et le respect des enfants.\u00a0\u00bb <\/p>\n<p>L&#39;Eglise est du c\u00f4t\u00e9 de la police et du syst\u00e8mre judiciaire en vue de l&#39;aider \u00e0 poursuivre jusqu&#39;au bout (ce) crime,\u00a0\u00bb ont d\u00e9clar\u00e9 les dirigeants de l&#39;\u00e9glise dans la d\u00e9claration.  \u00ab\u00a0Nous voulons faire comprendre que ce crime s&#39;est perp\u00e9tr\u00e9 \u00e0 notre insu et nous voulons collaborer par tous les moyens possibles \u00e0 l&#39;investigation \u00e0 partir du moment o\u00f9 ce crime fut d\u00e9couvert.\u00a0\u00bb <\/p>\n<p>La d\u00e9claration s&#39;est achev\u00e9e avec l&#39;assurance des officiels de l&#39;\u00e9glise et des membres qui r\u00e9it\u00e8rent leurs sinc\u00e8res condol\u00e9ances et leurs pri\u00e8res \u00e0 la famille de la victime. <\/p>\n<p>L&#39;\u00e9glise de la r\u00e9gion de l&#39;Am\u00e9rique du Sud pr\u00e9sente annuellement \u00ab\u00a0Breaking the Silence,\u00a0\u00bb (Briser le Silence), une campagne pour combattre la violence perp\u00e9tr\u00e9e contre les enfants par le moyen de la conscientisation.    <\/p>\n<p><strong >Copyright (c) 2007 by Adventist News Network<\/strong >. <\/p><\/p>\n","protected":false},"excerpt":{"rendered":"<p>Les Adventistes du Septi\u00e8me jour du Br\u00e9sil sont afflig\u00e9s par la mort d&#39;une fillette de 20 mois qui fut d\u00e9couverte \u00e9trangl\u00e9e dans le baptist\u00e8re de l&#39;\u00e9glise de Joinville, de Santa Catarina.<\/p>\n","protected":false},"author":1,"featured_media":0,"comment_status":"closed","ping_status":"closed","sticky":false,"template":"","format":"standard","meta":{"_acf_changed":false,"footnotes":""},"categories":[9],"tags":[],"class_list":["post-12704","post","type-post","status-publish","format-standard","hentry","category-archive-fr"],"acf":[],"yoast_head":"<!-- This site is optimized with the Yoast SEO plugin v27.3 - https:\/\/yoast.com\/product\/yoast-seo-wordpress\/ -->\n<title>Br\u00e9sil: Des Dirigeants de l&#039;Eglise D\u00e9nonce le Crime Perpetr\u00e9 \u00e0 l&#039;Eglise Advenitste Locale, R\u00e9it\u00e8re son Engagement \u00e0 la Protection, et au Bien-Etre de l&#039;Enfant - \u00c9glise Adventiste Du Septieme Jour - Inter Am\u00e9rique Division<\/title>\n<meta name=\"robots\" content=\"index, follow, max-snippet:-1, max-image-preview:large, max-video-preview:-1\" \/>\n<link rel=\"canonical\" href=\"https:\/\/interamerica.org\/fr\/2007\/03\/bresil-des-dirigeants-de-leglise-denonce-le-crime-perpetre-a-leglise-advenitste-locale-reitere-son-engagement-a-la-protection-et-au-bien-etre-de-lenfant\/\" \/>\n<meta property=\"og:locale\" content=\"fr_FR\" \/>\n<meta property=\"og:type\" content=\"article\" \/>\n<meta property=\"og:title\" content=\"Br\u00e9sil: Des Dirigeants de l&#039;Eglise D\u00e9nonce le Crime Perpetr\u00e9 \u00e0 l&#039;Eglise Advenitste Locale, R\u00e9it\u00e8re son Engagement \u00e0 la Protection, et au Bien-Etre de l&#039;Enfant - \u00c9glise Adventiste Du Septieme Jour - Inter Am\u00e9rique Division\" \/>\n<meta property=\"og:description\" content=\"Les Adventistes du Septi\u00e8me jour du Br\u00e9sil sont afflig\u00e9s par la mort d&#039;une fillette de 20 mois qui fut d\u00e9couverte \u00e9trangl\u00e9e dans le baptist\u00e8re de l&#039;\u00e9glise de Joinville, de Santa Catarina.\" \/>\n<meta property=\"og:url\" content=\"https:\/\/interamerica.org\/fr\/2007\/03\/bresil-des-dirigeants-de-leglise-denonce-le-crime-perpetre-a-leglise-advenitste-locale-reitere-son-engagement-a-la-protection-et-au-bien-etre-de-lenfant\/\" \/>\n<meta property=\"og:site_name\" content=\"\u00c9glise Adventiste Du Septieme Jour - Inter Am\u00e9rique Division\" \/>\n<meta property=\"article:published_time\" content=\"2007-03-07T04:00:00+00:00\" \/>\n<meta property=\"article:modified_time\" content=\"2017-06-02T17:14:47+00:00\" \/>\n<meta name=\"author\" content=\"Lorenzo Verduzco\" \/>\n<meta name=\"twitter:card\" content=\"summary_large_image\" \/>\n<meta name=\"twitter:label1\" content=\"\u00c9crit par\" \/>\n\t<meta name=\"twitter:data1\" content=\"Lorenzo Verduzco\" \/>\n\t<meta name=\"twitter:label2\" content=\"Dur\u00e9e de lecture estim\u00e9e\" \/>\n\t<meta name=\"twitter:data2\" content=\"2 minutes\" \/>\n<script type=\"application\/ld+json\" class=\"yoast-schema-graph\">{\"@context\":\"https:\\\/\\\/schema.org\",\"@graph\":[{\"@type\":\"Article\",\"@id\":\"https:\\\/\\\/interamerica.org\\\/fr\\\/2007\\\/03\\\/bresil-des-dirigeants-de-leglise-denonce-le-crime-perpetre-a-leglise-advenitste-locale-reitere-son-engagement-a-la-protection-et-au-bien-etre-de-lenfant\\\/#article\",\"isPartOf\":{\"@id\":\"https:\\\/\\\/interamerica.org\\\/fr\\\/2007\\\/03\\\/bresil-des-dirigeants-de-leglise-denonce-le-crime-perpetre-a-leglise-advenitste-locale-reitere-son-engagement-a-la-protection-et-au-bien-etre-de-lenfant\\\/\"},\"author\":{\"name\":\"Lorenzo Verduzco\",\"@id\":\"https:\\\/\\\/interamerica.org\\\/fr\\\/#\\\/schema\\\/person\\\/68ede8bdc292885bb76c1e3810e73c39\"},\"headline\":\"Br\u00e9sil: Des Dirigeants de l&#39;Eglise D\u00e9nonce le Crime Perpetr\u00e9 \u00e0 l&#39;Eglise Advenitste Locale, R\u00e9it\u00e8re son Engagement \u00e0 la Protection, et au Bien-Etre de l&#39;Enfant\",\"datePublished\":\"2007-03-07T04:00:00+00:00\",\"dateModified\":\"2017-06-02T17:14:47+00:00\",\"mainEntityOfPage\":{\"@id\":\"https:\\\/\\\/interamerica.org\\\/fr\\\/2007\\\/03\\\/bresil-des-dirigeants-de-leglise-denonce-le-crime-perpetre-a-leglise-advenitste-locale-reitere-son-engagement-a-la-protection-et-au-bien-etre-de-lenfant\\\/\"},\"wordCount\":518,\"articleSection\":[\"Archive\"],\"inLanguage\":\"fr-FR\"},{\"@type\":\"WebPage\",\"@id\":\"https:\\\/\\\/interamerica.org\\\/fr\\\/2007\\\/03\\\/bresil-des-dirigeants-de-leglise-denonce-le-crime-perpetre-a-leglise-advenitste-locale-reitere-son-engagement-a-la-protection-et-au-bien-etre-de-lenfant\\\/\",\"url\":\"https:\\\/\\\/interamerica.org\\\/fr\\\/2007\\\/03\\\/bresil-des-dirigeants-de-leglise-denonce-le-crime-perpetre-a-leglise-advenitste-locale-reitere-son-engagement-a-la-protection-et-au-bien-etre-de-lenfant\\\/\",\"name\":\"Br\u00e9sil: Des Dirigeants de l&#39;Eglise D\u00e9nonce le Crime Perpetr\u00e9 \u00e0 l&#39;Eglise Advenitste Locale, R\u00e9it\u00e8re son Engagement \u00e0 la Protection, et au Bien-Etre de l&#39;Enfant - \u00c9glise Adventiste Du Septieme Jour - Inter Am\u00e9rique Division\",\"isPartOf\":{\"@id\":\"https:\\\/\\\/interamerica.org\\\/fr\\\/#website\"},\"datePublished\":\"2007-03-07T04:00:00+00:00\",\"dateModified\":\"2017-06-02T17:14:47+00:00\",\"author\":{\"@id\":\"https:\\\/\\\/interamerica.org\\\/fr\\\/#\\\/schema\\\/person\\\/68ede8bdc292885bb76c1e3810e73c39\"},\"breadcrumb\":{\"@id\":\"https:\\\/\\\/interamerica.org\\\/fr\\\/2007\\\/03\\\/bresil-des-dirigeants-de-leglise-denonce-le-crime-perpetre-a-leglise-advenitste-locale-reitere-son-engagement-a-la-protection-et-au-bien-etre-de-lenfant\\\/#breadcrumb\"},\"inLanguage\":\"fr-FR\",\"potentialAction\":[{\"@type\":\"ReadAction\",\"target\":[\"https:\\\/\\\/interamerica.org\\\/fr\\\/2007\\\/03\\\/bresil-des-dirigeants-de-leglise-denonce-le-crime-perpetre-a-leglise-advenitste-locale-reitere-son-engagement-a-la-protection-et-au-bien-etre-de-lenfant\\\/\"]}]},{\"@type\":\"BreadcrumbList\",\"@id\":\"https:\\\/\\\/interamerica.org\\\/fr\\\/2007\\\/03\\\/bresil-des-dirigeants-de-leglise-denonce-le-crime-perpetre-a-leglise-advenitste-locale-reitere-son-engagement-a-la-protection-et-au-bien-etre-de-lenfant\\\/#breadcrumb\",\"itemListElement\":[{\"@type\":\"ListItem\",\"position\":1,\"name\":\"Home\",\"item\":\"https:\\\/\\\/interamerica.org\\\/fr\\\/\"},{\"@type\":\"ListItem\",\"position\":2,\"name\":\"Br\u00e9sil: Des Dirigeants de l&#39;Eglise D\u00e9nonce le Crime Perpetr\u00e9 \u00e0 l&#39;Eglise Advenitste Locale, R\u00e9it\u00e8re son Engagement \u00e0 la Protection, et au Bien-Etre de l&#39;Enfant\"}]},{\"@type\":\"WebSite\",\"@id\":\"https:\\\/\\\/interamerica.org\\\/fr\\\/#website\",\"url\":\"https:\\\/\\\/interamerica.org\\\/fr\\\/\",\"name\":\"\u00c9glise Adventiste Du Septieme Jour - Inter Am\u00e9rique Division\",\"description\":\"\",\"potentialAction\":[{\"@type\":\"SearchAction\",\"target\":{\"@type\":\"EntryPoint\",\"urlTemplate\":\"https:\\\/\\\/interamerica.org\\\/fr\\\/?s={search_term_string}\"},\"query-input\":{\"@type\":\"PropertyValueSpecification\",\"valueRequired\":true,\"valueName\":\"search_term_string\"}}],\"inLanguage\":\"fr-FR\"},{\"@type\":\"Person\",\"@id\":\"https:\\\/\\\/interamerica.org\\\/fr\\\/#\\\/schema\\\/person\\\/68ede8bdc292885bb76c1e3810e73c39\",\"name\":\"Lorenzo Verduzco\",\"image\":{\"@type\":\"ImageObject\",\"inLanguage\":\"fr-FR\",\"@id\":\"https:\\\/\\\/secure.gravatar.com\\\/avatar\\\/fb81a55b6218459490a9c1dc841a34909185b81904c5337b4b27f7a6fd60c49e?s=96&d=mm&r=g\",\"url\":\"https:\\\/\\\/secure.gravatar.com\\\/avatar\\\/fb81a55b6218459490a9c1dc841a34909185b81904c5337b4b27f7a6fd60c49e?s=96&d=mm&r=g\",\"contentUrl\":\"https:\\\/\\\/secure.gravatar.com\\\/avatar\\\/fb81a55b6218459490a9c1dc841a34909185b81904c5337b4b27f7a6fd60c49e?s=96&d=mm&r=g\",\"caption\":\"Lorenzo Verduzco\"}}]}<\/script>\n<!-- \/ Yoast SEO plugin. -->","yoast_head_json":{"title":"Br\u00e9sil: Des Dirigeants de l&#39;Eglise D\u00e9nonce le Crime Perpetr\u00e9 \u00e0 l&#39;Eglise Advenitste Locale, R\u00e9it\u00e8re son Engagement \u00e0 la Protection, et au Bien-Etre de l&#39;Enfant - \u00c9glise Adventiste Du Septieme Jour - Inter Am\u00e9rique Division","robots":{"index":"index","follow":"follow","max-snippet":"max-snippet:-1","max-image-preview":"max-image-preview:large","max-video-preview":"max-video-preview:-1"},"canonical":"https:\/\/interamerica.org\/fr\/2007\/03\/bresil-des-dirigeants-de-leglise-denonce-le-crime-perpetre-a-leglise-advenitste-locale-reitere-son-engagement-a-la-protection-et-au-bien-etre-de-lenfant\/","og_locale":"fr_FR","og_type":"article","og_title":"Br\u00e9sil: Des Dirigeants de l&#39;Eglise D\u00e9nonce le Crime Perpetr\u00e9 \u00e0 l&#39;Eglise Advenitste Locale, R\u00e9it\u00e8re son Engagement \u00e0 la Protection, et au Bien-Etre de l&#39;Enfant - \u00c9glise Adventiste Du Septieme Jour - Inter Am\u00e9rique Division","og_description":"Les Adventistes du Septi\u00e8me jour du Br\u00e9sil sont afflig\u00e9s par la mort d&#39;une fillette de 20 mois qui fut d\u00e9couverte \u00e9trangl\u00e9e dans le baptist\u00e8re de l&#39;\u00e9glise de Joinville, de Santa Catarina.","og_url":"https:\/\/interamerica.org\/fr\/2007\/03\/bresil-des-dirigeants-de-leglise-denonce-le-crime-perpetre-a-leglise-advenitste-locale-reitere-son-engagement-a-la-protection-et-au-bien-etre-de-lenfant\/","og_site_name":"\u00c9glise Adventiste Du Septieme Jour - Inter Am\u00e9rique Division","article_published_time":"2007-03-07T04:00:00+00:00","article_modified_time":"2017-06-02T17:14:47+00:00","author":"Lorenzo Verduzco","twitter_card":"summary_large_image","twitter_misc":{"\u00c9crit par":"Lorenzo Verduzco","Dur\u00e9e de lecture estim\u00e9e":"2 minutes"},"schema":{"@context":"https:\/\/schema.org","@graph":[{"@type":"Article","@id":"https:\/\/interamerica.org\/fr\/2007\/03\/bresil-des-dirigeants-de-leglise-denonce-le-crime-perpetre-a-leglise-advenitste-locale-reitere-son-engagement-a-la-protection-et-au-bien-etre-de-lenfant\/#article","isPartOf":{"@id":"https:\/\/interamerica.org\/fr\/2007\/03\/bresil-des-dirigeants-de-leglise-denonce-le-crime-perpetre-a-leglise-advenitste-locale-reitere-son-engagement-a-la-protection-et-au-bien-etre-de-lenfant\/"},"author":{"name":"Lorenzo Verduzco","@id":"https:\/\/interamerica.org\/fr\/#\/schema\/person\/68ede8bdc292885bb76c1e3810e73c39"},"headline":"Br\u00e9sil: Des Dirigeants de l&#39;Eglise D\u00e9nonce le Crime Perpetr\u00e9 \u00e0 l&#39;Eglise Advenitste Locale, R\u00e9it\u00e8re son Engagement \u00e0 la Protection, et au Bien-Etre de l&#39;Enfant","datePublished":"2007-03-07T04:00:00+00:00","dateModified":"2017-06-02T17:14:47+00:00","mainEntityOfPage":{"@id":"https:\/\/interamerica.org\/fr\/2007\/03\/bresil-des-dirigeants-de-leglise-denonce-le-crime-perpetre-a-leglise-advenitste-locale-reitere-son-engagement-a-la-protection-et-au-bien-etre-de-lenfant\/"},"wordCount":518,"articleSection":["Archive"],"inLanguage":"fr-FR"},{"@type":"WebPage","@id":"https:\/\/interamerica.org\/fr\/2007\/03\/bresil-des-dirigeants-de-leglise-denonce-le-crime-perpetre-a-leglise-advenitste-locale-reitere-son-engagement-a-la-protection-et-au-bien-etre-de-lenfant\/","url":"https:\/\/interamerica.org\/fr\/2007\/03\/bresil-des-dirigeants-de-leglise-denonce-le-crime-perpetre-a-leglise-advenitste-locale-reitere-son-engagement-a-la-protection-et-au-bien-etre-de-lenfant\/","name":"Br\u00e9sil: Des Dirigeants de l&#39;Eglise D\u00e9nonce le Crime Perpetr\u00e9 \u00e0 l&#39;Eglise Advenitste Locale, R\u00e9it\u00e8re son Engagement \u00e0 la Protection, et au Bien-Etre de l&#39;Enfant - \u00c9glise Adventiste Du Septieme Jour - Inter Am\u00e9rique Division","isPartOf":{"@id":"https:\/\/interamerica.org\/fr\/#website"},"datePublished":"2007-03-07T04:00:00+00:00","dateModified":"2017-06-02T17:14:47+00:00","author":{"@id":"https:\/\/interamerica.org\/fr\/#\/schema\/person\/68ede8bdc292885bb76c1e3810e73c39"},"breadcrumb":{"@id":"https:\/\/interamerica.org\/fr\/2007\/03\/bresil-des-dirigeants-de-leglise-denonce-le-crime-perpetre-a-leglise-advenitste-locale-reitere-son-engagement-a-la-protection-et-au-bien-etre-de-lenfant\/#breadcrumb"},"inLanguage":"fr-FR","potentialAction":[{"@type":"ReadAction","target":["https:\/\/interamerica.org\/fr\/2007\/03\/bresil-des-dirigeants-de-leglise-denonce-le-crime-perpetre-a-leglise-advenitste-locale-reitere-son-engagement-a-la-protection-et-au-bien-etre-de-lenfant\/"]}]},{"@type":"BreadcrumbList","@id":"https:\/\/interamerica.org\/fr\/2007\/03\/bresil-des-dirigeants-de-leglise-denonce-le-crime-perpetre-a-leglise-advenitste-locale-reitere-son-engagement-a-la-protection-et-au-bien-etre-de-lenfant\/#breadcrumb","itemListElement":[{"@type":"ListItem","position":1,"name":"Home","item":"https:\/\/interamerica.org\/fr\/"},{"@type":"ListItem","position":2,"name":"Br\u00e9sil: Des Dirigeants de l&#39;Eglise D\u00e9nonce le Crime Perpetr\u00e9 \u00e0 l&#39;Eglise Advenitste Locale, R\u00e9it\u00e8re son Engagement \u00e0 la Protection, et au Bien-Etre de l&#39;Enfant"}]},{"@type":"WebSite","@id":"https:\/\/interamerica.org\/fr\/#website","url":"https:\/\/interamerica.org\/fr\/","name":"\u00c9glise Adventiste Du Septieme Jour - Inter Am\u00e9rique Division","description":"","potentialAction":[{"@type":"SearchAction","target":{"@type":"EntryPoint","urlTemplate":"https:\/\/interamerica.org\/fr\/?s={search_term_string}"},"query-input":{"@type":"PropertyValueSpecification","valueRequired":true,"valueName":"search_term_string"}}],"inLanguage":"fr-FR"},{"@type":"Person","@id":"https:\/\/interamerica.org\/fr\/#\/schema\/person\/68ede8bdc292885bb76c1e3810e73c39","name":"Lorenzo Verduzco","image":{"@type":"ImageObject","inLanguage":"fr-FR","@id":"https:\/\/secure.gravatar.com\/avatar\/fb81a55b6218459490a9c1dc841a34909185b81904c5337b4b27f7a6fd60c49e?s=96&d=mm&r=g","url":"https:\/\/secure.gravatar.com\/avatar\/fb81a55b6218459490a9c1dc841a34909185b81904c5337b4b27f7a6fd60c49e?s=96&d=mm&r=g","contentUrl":"https:\/\/secure.gravatar.com\/avatar\/fb81a55b6218459490a9c1dc841a34909185b81904c5337b4b27f7a6fd60c49e?s=96&d=mm&r=g","caption":"Lorenzo Verduzco"}}]}},"_links":{"self":[{"href":"https:\/\/interamerica.org\/fr\/wp-json\/wp\/v2\/posts\/12704","targetHints":{"allow":["GET"]}}],"collection":[{"href":"https:\/\/interamerica.org\/fr\/wp-json\/wp\/v2\/posts"}],"about":[{"href":"https:\/\/interamerica.org\/fr\/wp-json\/wp\/v2\/types\/post"}],"author":[{"embeddable":true,"href":"https:\/\/interamerica.org\/fr\/wp-json\/wp\/v2\/users\/1"}],"replies":[{"embeddable":true,"href":"https:\/\/interamerica.org\/fr\/wp-json\/wp\/v2\/comments?post=12704"}],"version-history":[{"count":0,"href":"https:\/\/interamerica.org\/fr\/wp-json\/wp\/v2\/posts\/12704\/revisions"}],"wp:attachment":[{"href":"https:\/\/interamerica.org\/fr\/wp-json\/wp\/v2\/media?parent=12704"}],"wp:term":[{"taxonomy":"category","embeddable":true,"href":"https:\/\/interamerica.org\/fr\/wp-json\/wp\/v2\/categories?post=12704"},{"taxonomy":"post_tag","embeddable":true,"href":"https:\/\/interamerica.org\/fr\/wp-json\/wp\/v2\/tags?post=12704"}],"curies":[{"name":"wp","href":"https:\/\/api.w.org\/{rel}","templated":true}]}}