{"id":12706,"date":"2007-03-08T00:00:00","date_gmt":"2007-03-08T04:00:00","guid":{"rendered":"http:\/\/192.81.217.108\/interamerica\/2007\/03\/etats-unis-un-congres-de-la-jeunesse-inspirateur-pour-des-jeunes-gens\/"},"modified":"2017-06-02T13:14:46","modified_gmt":"2017-06-02T17:14:46","slug":"etats-unis-un-congres-de-la-jeunesse-inspirateur-pour-des-jeunes-gens","status":"publish","type":"post","link":"https:\/\/interamerica.org\/fr\/2007\/03\/etats-unis-un-congres-de-la-jeunesse-inspirateur-pour-des-jeunes-gens\/","title":{"rendered":"\u00c9tats-Unis : Un Congr\u00e8s de la Jeunesse Inspirateur Pour des Jeunes Gens"},"content":{"rendered":"<\/p>\n<p>Baltimore, Maryland&#8230;. [Joelle Damsteegt, de GYC\/Adventist Review] <\/p>\n<p>Le cinqui\u00e8me congr\u00e8s g\u00e9n\u00e9ral annuel de la jeunesse (GYC) a attir\u00e9 des milliers de jeunes adventistes adultes \u00e0 Baltimore, Maryland, du 27 au 31 d\u00e9cembre 2006. Etaient pr\u00e9sents : de jeunes professionnels, des \u00e9tudiants, des dirigeants de jeunesse, des aum\u00f4niers, des \u00e9tudiants de coll\u00e8ge et d&#39;autres jeunes venant de diff\u00e9rents secteurs des \u00c9tats-Unis et de plusieurs autres pays. Quelques 2,600 jeunes enregistr\u00e9s pour le congr\u00e8s et 4,000 autres personnes ont assist\u00e9 aux programmes du Sabbat matin.     <\/p>\n<p>Le th\u00e8me de cet \u00e9v\u00e9nement de cinq jours \u00e9tait \u201cPar Chaque Mot,\u201d bas\u00e9 sur Matthieu 4:4, \u201cl&#39;Homme ne vivra pas de pain seulement, mais de toute parole qui sort de la bouche de Dieu.\u201d Les s\u00e9ances pl\u00e9ni\u00e8res et les s\u00e9minaires ont \u00e9t\u00e9 construits autour de ce th\u00e8me. Parmi les intervenants, il y avait Ted Wilson, vice-pr\u00e9sident de la Conf\u00e9rence G\u00e9n\u00e9rale ; David Asscherick,  directeur de ARISE, Troy, Michigan ; Michael Hasel, professeur de religion \u00e0 l&#39;Universit\u00e9 Adventiste du Sud; et C.D. Brooks, pr\u00e9dicateur honoraire de Breath of Life (Souffle de Vie) Television.     <\/p>\n<p>\u201cCe GYC est un besoin dans notre \u00e9glise, en ce temps-ci parce qu&#39;il rappelle \u00e0 tous que Dieu est r\u00e9el. La Bible est r\u00e9elle. Les messages proph\u00e9tiques sont vrais. Il nous faut bouger et prendre des mesures en vue de partager l&#39;amour de Dieu avec le monde,\u201d a dit Kari Lund, un enseignant de la classe du cours moyen \u00e0 l&#39;\u00c9cole Primaire Adventiste du Village de Berrien Springs, Mich.     <\/p>\n<p>Sam Leonor, aum\u00f4nier de l&#39;Universit\u00e9 de la Sierra, a d\u00e9clar\u00e9 : \u201cGYC pr\u00e9sente \u00e0 nos jeunes une doctrine claire et une interpr\u00e9tation explicite des Saintes \u00c9critures afin qu&#39;ils soient inspir\u00e9s \u00e0 terminer l&#39;oeuvre!\u201d     <\/p>\n<p>Dans l&#39;apr\u00e8s-midi du Sabbat, les assistants du GYC ont particip\u00e9 \u00e0 un programme de visites de maison en maison dans la ville de Baltimore. Ils ont frapp\u00e9 \u00e0 8,950 portes, pri\u00e9 avec 894 personnes, distribu\u00e9 7,538 cartes d&#39;\u00e9tude de la Bible et enregistr\u00e9 719 personnes pour des \u00e9tudes de la Bible. Les \u00e9tudes de la Bible seront suivies par une campagne d&#39;\u00e9vang\u00e9lisation sponsoris\u00e9e par le GYC et men\u00e9e par de jeunes adultes. <\/p>\n<p>Pour plus d&#39;informations sur les activit\u00e9s du GYC et ses programmes visiter le site : www.generalyouthconference.org. <\/p>\n","protected":false},"excerpt":{"rendered":"<p>Le cinqui\u00e8me congr\u00e8s g\u00e9n\u00e9ral annuel de la jeunesse (GYC) a attir\u00e9 des milliers de jeunes adventistes adultes \u00e0 Baltimore, Maryland, du 27 au 31 d\u00e9cembre 2006.<\/p>\n","protected":false},"author":1,"featured_media":0,"comment_status":"closed","ping_status":"closed","sticky":false,"template":"","format":"standard","meta":{"_acf_changed":false,"footnotes":""},"categories":[9],"tags":[],"class_list":["post-12706","post","type-post","status-publish","format-standard","hentry","category-archive-fr"],"acf":[],"yoast_head":"<!-- This site is optimized with the Yoast SEO plugin v27.3 - https:\/\/yoast.com\/product\/yoast-seo-wordpress\/ -->\n<title>\u00c9tats-Unis : Un Congr\u00e8s de la Jeunesse Inspirateur Pour des Jeunes Gens - \u00c9glise Adventiste Du Septieme Jour - Inter Am\u00e9rique Division<\/title>\n<meta name=\"robots\" content=\"index, follow, max-snippet:-1, max-image-preview:large, max-video-preview:-1\" \/>\n<link rel=\"canonical\" href=\"https:\/\/interamerica.org\/fr\/2007\/03\/etats-unis-un-congres-de-la-jeunesse-inspirateur-pour-des-jeunes-gens\/\" \/>\n<meta property=\"og:locale\" content=\"fr_FR\" \/>\n<meta property=\"og:type\" content=\"article\" \/>\n<meta property=\"og:title\" content=\"\u00c9tats-Unis : Un Congr\u00e8s de la Jeunesse Inspirateur Pour des Jeunes Gens - \u00c9glise Adventiste Du Septieme Jour - Inter Am\u00e9rique Division\" \/>\n<meta property=\"og:description\" content=\"Le cinqui\u00e8me congr\u00e8s g\u00e9n\u00e9ral annuel de la jeunesse (GYC) a attir\u00e9 des milliers de jeunes adventistes adultes \u00e0 Baltimore, Maryland, du 27 au 31 d\u00e9cembre 2006.\" \/>\n<meta property=\"og:url\" content=\"https:\/\/interamerica.org\/fr\/2007\/03\/etats-unis-un-congres-de-la-jeunesse-inspirateur-pour-des-jeunes-gens\/\" \/>\n<meta property=\"og:site_name\" content=\"\u00c9glise Adventiste Du Septieme Jour - Inter Am\u00e9rique Division\" \/>\n<meta property=\"article:published_time\" content=\"2007-03-08T04:00:00+00:00\" \/>\n<meta property=\"article:modified_time\" content=\"2017-06-02T17:14:46+00:00\" \/>\n<meta name=\"author\" content=\"Lorenzo Verduzco\" \/>\n<meta name=\"twitter:card\" content=\"summary_large_image\" \/>\n<meta name=\"twitter:label1\" content=\"\u00c9crit par\" \/>\n\t<meta name=\"twitter:data1\" content=\"Lorenzo Verduzco\" \/>\n\t<meta name=\"twitter:label2\" content=\"Dur\u00e9e de lecture estim\u00e9e\" \/>\n\t<meta name=\"twitter:data2\" content=\"2 minutes\" \/>\n<script type=\"application\/ld+json\" class=\"yoast-schema-graph\">{\"@context\":\"https:\\\/\\\/schema.org\",\"@graph\":[{\"@type\":\"Article\",\"@id\":\"https:\\\/\\\/interamerica.org\\\/fr\\\/2007\\\/03\\\/etats-unis-un-congres-de-la-jeunesse-inspirateur-pour-des-jeunes-gens\\\/#article\",\"isPartOf\":{\"@id\":\"https:\\\/\\\/interamerica.org\\\/fr\\\/2007\\\/03\\\/etats-unis-un-congres-de-la-jeunesse-inspirateur-pour-des-jeunes-gens\\\/\"},\"author\":{\"name\":\"Lorenzo Verduzco\",\"@id\":\"https:\\\/\\\/interamerica.org\\\/fr\\\/#\\\/schema\\\/person\\\/68ede8bdc292885bb76c1e3810e73c39\"},\"headline\":\"\u00c9tats-Unis : Un Congr\u00e8s de la Jeunesse Inspirateur Pour des Jeunes Gens\",\"datePublished\":\"2007-03-08T04:00:00+00:00\",\"dateModified\":\"2017-06-02T17:14:46+00:00\",\"mainEntityOfPage\":{\"@id\":\"https:\\\/\\\/interamerica.org\\\/fr\\\/2007\\\/03\\\/etats-unis-un-congres-de-la-jeunesse-inspirateur-pour-des-jeunes-gens\\\/\"},\"wordCount\":407,\"articleSection\":[\"Archive\"],\"inLanguage\":\"fr-FR\"},{\"@type\":\"WebPage\",\"@id\":\"https:\\\/\\\/interamerica.org\\\/fr\\\/2007\\\/03\\\/etats-unis-un-congres-de-la-jeunesse-inspirateur-pour-des-jeunes-gens\\\/\",\"url\":\"https:\\\/\\\/interamerica.org\\\/fr\\\/2007\\\/03\\\/etats-unis-un-congres-de-la-jeunesse-inspirateur-pour-des-jeunes-gens\\\/\",\"name\":\"\u00c9tats-Unis : Un Congr\u00e8s de la Jeunesse Inspirateur Pour des Jeunes Gens - \u00c9glise Adventiste Du Septieme Jour - Inter Am\u00e9rique Division\",\"isPartOf\":{\"@id\":\"https:\\\/\\\/interamerica.org\\\/fr\\\/#website\"},\"datePublished\":\"2007-03-08T04:00:00+00:00\",\"dateModified\":\"2017-06-02T17:14:46+00:00\",\"author\":{\"@id\":\"https:\\\/\\\/interamerica.org\\\/fr\\\/#\\\/schema\\\/person\\\/68ede8bdc292885bb76c1e3810e73c39\"},\"breadcrumb\":{\"@id\":\"https:\\\/\\\/interamerica.org\\\/fr\\\/2007\\\/03\\\/etats-unis-un-congres-de-la-jeunesse-inspirateur-pour-des-jeunes-gens\\\/#breadcrumb\"},\"inLanguage\":\"fr-FR\",\"potentialAction\":[{\"@type\":\"ReadAction\",\"target\":[\"https:\\\/\\\/interamerica.org\\\/fr\\\/2007\\\/03\\\/etats-unis-un-congres-de-la-jeunesse-inspirateur-pour-des-jeunes-gens\\\/\"]}]},{\"@type\":\"BreadcrumbList\",\"@id\":\"https:\\\/\\\/interamerica.org\\\/fr\\\/2007\\\/03\\\/etats-unis-un-congres-de-la-jeunesse-inspirateur-pour-des-jeunes-gens\\\/#breadcrumb\",\"itemListElement\":[{\"@type\":\"ListItem\",\"position\":1,\"name\":\"Home\",\"item\":\"https:\\\/\\\/interamerica.org\\\/fr\\\/\"},{\"@type\":\"ListItem\",\"position\":2,\"name\":\"\u00c9tats-Unis : Un Congr\u00e8s de la Jeunesse Inspirateur Pour des Jeunes Gens\"}]},{\"@type\":\"WebSite\",\"@id\":\"https:\\\/\\\/interamerica.org\\\/fr\\\/#website\",\"url\":\"https:\\\/\\\/interamerica.org\\\/fr\\\/\",\"name\":\"\u00c9glise Adventiste Du Septieme Jour - Inter Am\u00e9rique Division\",\"description\":\"\",\"potentialAction\":[{\"@type\":\"SearchAction\",\"target\":{\"@type\":\"EntryPoint\",\"urlTemplate\":\"https:\\\/\\\/interamerica.org\\\/fr\\\/?s={search_term_string}\"},\"query-input\":{\"@type\":\"PropertyValueSpecification\",\"valueRequired\":true,\"valueName\":\"search_term_string\"}}],\"inLanguage\":\"fr-FR\"},{\"@type\":\"Person\",\"@id\":\"https:\\\/\\\/interamerica.org\\\/fr\\\/#\\\/schema\\\/person\\\/68ede8bdc292885bb76c1e3810e73c39\",\"name\":\"Lorenzo Verduzco\",\"image\":{\"@type\":\"ImageObject\",\"inLanguage\":\"fr-FR\",\"@id\":\"https:\\\/\\\/secure.gravatar.com\\\/avatar\\\/fb81a55b6218459490a9c1dc841a34909185b81904c5337b4b27f7a6fd60c49e?s=96&d=mm&r=g\",\"url\":\"https:\\\/\\\/secure.gravatar.com\\\/avatar\\\/fb81a55b6218459490a9c1dc841a34909185b81904c5337b4b27f7a6fd60c49e?s=96&d=mm&r=g\",\"contentUrl\":\"https:\\\/\\\/secure.gravatar.com\\\/avatar\\\/fb81a55b6218459490a9c1dc841a34909185b81904c5337b4b27f7a6fd60c49e?s=96&d=mm&r=g\",\"caption\":\"Lorenzo Verduzco\"}}]}<\/script>\n<!-- \/ Yoast SEO plugin. -->","yoast_head_json":{"title":"\u00c9tats-Unis : Un Congr\u00e8s de la Jeunesse Inspirateur Pour des Jeunes Gens - \u00c9glise Adventiste Du Septieme Jour - Inter Am\u00e9rique Division","robots":{"index":"index","follow":"follow","max-snippet":"max-snippet:-1","max-image-preview":"max-image-preview:large","max-video-preview":"max-video-preview:-1"},"canonical":"https:\/\/interamerica.org\/fr\/2007\/03\/etats-unis-un-congres-de-la-jeunesse-inspirateur-pour-des-jeunes-gens\/","og_locale":"fr_FR","og_type":"article","og_title":"\u00c9tats-Unis : Un Congr\u00e8s de la Jeunesse Inspirateur Pour des Jeunes Gens - \u00c9glise Adventiste Du Septieme Jour - Inter Am\u00e9rique Division","og_description":"Le cinqui\u00e8me congr\u00e8s g\u00e9n\u00e9ral annuel de la jeunesse (GYC) a attir\u00e9 des milliers de jeunes adventistes adultes \u00e0 Baltimore, Maryland, du 27 au 31 d\u00e9cembre 2006.","og_url":"https:\/\/interamerica.org\/fr\/2007\/03\/etats-unis-un-congres-de-la-jeunesse-inspirateur-pour-des-jeunes-gens\/","og_site_name":"\u00c9glise Adventiste Du Septieme Jour - Inter Am\u00e9rique Division","article_published_time":"2007-03-08T04:00:00+00:00","article_modified_time":"2017-06-02T17:14:46+00:00","author":"Lorenzo Verduzco","twitter_card":"summary_large_image","twitter_misc":{"\u00c9crit par":"Lorenzo Verduzco","Dur\u00e9e de lecture estim\u00e9e":"2 minutes"},"schema":{"@context":"https:\/\/schema.org","@graph":[{"@type":"Article","@id":"https:\/\/interamerica.org\/fr\/2007\/03\/etats-unis-un-congres-de-la-jeunesse-inspirateur-pour-des-jeunes-gens\/#article","isPartOf":{"@id":"https:\/\/interamerica.org\/fr\/2007\/03\/etats-unis-un-congres-de-la-jeunesse-inspirateur-pour-des-jeunes-gens\/"},"author":{"name":"Lorenzo Verduzco","@id":"https:\/\/interamerica.org\/fr\/#\/schema\/person\/68ede8bdc292885bb76c1e3810e73c39"},"headline":"\u00c9tats-Unis : Un Congr\u00e8s de la Jeunesse Inspirateur Pour des Jeunes Gens","datePublished":"2007-03-08T04:00:00+00:00","dateModified":"2017-06-02T17:14:46+00:00","mainEntityOfPage":{"@id":"https:\/\/interamerica.org\/fr\/2007\/03\/etats-unis-un-congres-de-la-jeunesse-inspirateur-pour-des-jeunes-gens\/"},"wordCount":407,"articleSection":["Archive"],"inLanguage":"fr-FR"},{"@type":"WebPage","@id":"https:\/\/interamerica.org\/fr\/2007\/03\/etats-unis-un-congres-de-la-jeunesse-inspirateur-pour-des-jeunes-gens\/","url":"https:\/\/interamerica.org\/fr\/2007\/03\/etats-unis-un-congres-de-la-jeunesse-inspirateur-pour-des-jeunes-gens\/","name":"\u00c9tats-Unis : Un Congr\u00e8s de la Jeunesse Inspirateur Pour des Jeunes Gens - \u00c9glise Adventiste Du Septieme Jour - Inter Am\u00e9rique Division","isPartOf":{"@id":"https:\/\/interamerica.org\/fr\/#website"},"datePublished":"2007-03-08T04:00:00+00:00","dateModified":"2017-06-02T17:14:46+00:00","author":{"@id":"https:\/\/interamerica.org\/fr\/#\/schema\/person\/68ede8bdc292885bb76c1e3810e73c39"},"breadcrumb":{"@id":"https:\/\/interamerica.org\/fr\/2007\/03\/etats-unis-un-congres-de-la-jeunesse-inspirateur-pour-des-jeunes-gens\/#breadcrumb"},"inLanguage":"fr-FR","potentialAction":[{"@type":"ReadAction","target":["https:\/\/interamerica.org\/fr\/2007\/03\/etats-unis-un-congres-de-la-jeunesse-inspirateur-pour-des-jeunes-gens\/"]}]},{"@type":"BreadcrumbList","@id":"https:\/\/interamerica.org\/fr\/2007\/03\/etats-unis-un-congres-de-la-jeunesse-inspirateur-pour-des-jeunes-gens\/#breadcrumb","itemListElement":[{"@type":"ListItem","position":1,"name":"Home","item":"https:\/\/interamerica.org\/fr\/"},{"@type":"ListItem","position":2,"name":"\u00c9tats-Unis : Un Congr\u00e8s de la Jeunesse Inspirateur Pour des Jeunes Gens"}]},{"@type":"WebSite","@id":"https:\/\/interamerica.org\/fr\/#website","url":"https:\/\/interamerica.org\/fr\/","name":"\u00c9glise Adventiste Du Septieme Jour - Inter Am\u00e9rique Division","description":"","potentialAction":[{"@type":"SearchAction","target":{"@type":"EntryPoint","urlTemplate":"https:\/\/interamerica.org\/fr\/?s={search_term_string}"},"query-input":{"@type":"PropertyValueSpecification","valueRequired":true,"valueName":"search_term_string"}}],"inLanguage":"fr-FR"},{"@type":"Person","@id":"https:\/\/interamerica.org\/fr\/#\/schema\/person\/68ede8bdc292885bb76c1e3810e73c39","name":"Lorenzo Verduzco","image":{"@type":"ImageObject","inLanguage":"fr-FR","@id":"https:\/\/secure.gravatar.com\/avatar\/fb81a55b6218459490a9c1dc841a34909185b81904c5337b4b27f7a6fd60c49e?s=96&d=mm&r=g","url":"https:\/\/secure.gravatar.com\/avatar\/fb81a55b6218459490a9c1dc841a34909185b81904c5337b4b27f7a6fd60c49e?s=96&d=mm&r=g","contentUrl":"https:\/\/secure.gravatar.com\/avatar\/fb81a55b6218459490a9c1dc841a34909185b81904c5337b4b27f7a6fd60c49e?s=96&d=mm&r=g","caption":"Lorenzo Verduzco"}}]}},"_links":{"self":[{"href":"https:\/\/interamerica.org\/fr\/wp-json\/wp\/v2\/posts\/12706","targetHints":{"allow":["GET"]}}],"collection":[{"href":"https:\/\/interamerica.org\/fr\/wp-json\/wp\/v2\/posts"}],"about":[{"href":"https:\/\/interamerica.org\/fr\/wp-json\/wp\/v2\/types\/post"}],"author":[{"embeddable":true,"href":"https:\/\/interamerica.org\/fr\/wp-json\/wp\/v2\/users\/1"}],"replies":[{"embeddable":true,"href":"https:\/\/interamerica.org\/fr\/wp-json\/wp\/v2\/comments?post=12706"}],"version-history":[{"count":0,"href":"https:\/\/interamerica.org\/fr\/wp-json\/wp\/v2\/posts\/12706\/revisions"}],"wp:attachment":[{"href":"https:\/\/interamerica.org\/fr\/wp-json\/wp\/v2\/media?parent=12706"}],"wp:term":[{"taxonomy":"category","embeddable":true,"href":"https:\/\/interamerica.org\/fr\/wp-json\/wp\/v2\/categories?post=12706"},{"taxonomy":"post_tag","embeddable":true,"href":"https:\/\/interamerica.org\/fr\/wp-json\/wp\/v2\/tags?post=12706"}],"curies":[{"name":"wp","href":"https:\/\/api.w.org\/{rel}","templated":true}]}}