{"id":12708,"date":"2007-03-13T00:00:00","date_gmt":"2007-03-13T04:00:00","guid":{"rendered":"http:\/\/192.81.217.108\/interamerica\/2007\/03\/eglise-mondiale-formation-de-centaines-de-petits-groupes-en-vue-de-proclamer-levangile-dans-une-ville-non-chretienne\/"},"modified":"2017-06-02T13:14:43","modified_gmt":"2017-06-02T17:14:43","slug":"eglise-mondiale-formation-de-centaines-de-petits-groupes-en-vue-de-proclamer-levangile-dans-une-ville-non-chretienne","status":"publish","type":"post","link":"https:\/\/interamerica.org\/fr\/2007\/03\/eglise-mondiale-formation-de-centaines-de-petits-groupes-en-vue-de-proclamer-levangile-dans-une-ville-non-chretienne\/","title":{"rendered":"Eglise Mondiale:  Formation de Centaines de Petits Groupes en vue de Proclamer l&#39;Evangile dans une Ville non-Chr\u00e9tienne"},"content":{"rendered":"<p>13 mars 2007, Silver Spring, Maryland, Etats-Unis&#8230; (Taashi Rowe\/ANN) <\/p>\n<p>Dans une ville o\u00f9 r\u00e9sident 16 millions de personnes aux croyances fondamentalistes radicales et qui ont fait sauter les lieux de culte de ceux qui ne partagent pas leur foi, se sont r\u00e9unies 700 personnes pour apprendre \u00e0 T\u00e9moigner de J\u00e9sus au Monde. <\/p>\n<p>Les dirigeants d&#39;\u00e9glise locale (de la ville) s&#39;attendaient \u00e0 pr\u00e9parer 500 personnes en vue de d\u00e9marrer 500 petits groupes,\u00a0\u00bb a d\u00e9clar\u00e9 Dr. Michael L. Ryan, l&#39;un des vice-pr\u00e9sidents de l&#39;\u00e9glie Adventiste Mondiale.  De pr\u00e9f\u00e9rence, il y eut 700 personnes.\u00a0\u00bb <\/p>\n<p>Les petits groupes au sein de pareilles grandes villes s&#39;av\u00e8rent importants pour r\u00e9aliser le plan de l&#39;\u00e9glise dans la proclamation du Mesage d&#39;esp\u00e9rance de J\u00e9sus parmi les plus grandes villes du monde o\u00f9 vivent environ 3.1 milliards de gens, d&#39;apr\u00e8s ce que rapporte Dr. Ryan. <\/p>\n<p>D\u00e8s le moment o\u00f9 la r\u00e9solution d&#39;atteindre les grandes villes fut prise au cours des r\u00e9unions de l&#39;\u00e9glise Adventiste en 2005 \u00e0 St.Louis, Missouri, l&#39;\u00e9glise a \u00e9tendu ses actions \u00e9vang\u00e9liques.  Avec le projet d\u00e9nomm\u00e9 &#39;Hope for Big Cities&#39; (Espoir pour les Grandes Villes), l&#39;\u00e9glise a intensifi\u00e9 ses activit\u00e9s dans les grandes villes telles que celle-ci o\u00f9 vivent des millions de gens d&#39;origine culturelle diff\u00e9rente.  Dans cette ville particuli\u00e8re d&#39;Asie&#8211;r\u00e9put\u00e9e comme endroit qui ne prot\u00e8ge pas les membres d&#39;\u00e9glise qui y vivent&#8211; de petits groupes se rencontreront pour \u00e9tudier la Bible au moyen d&#39;appareils DVD et de logiciels sp\u00e9ciaux. <\/p>\n<p>D&#39;ici la fin de juillet nous esp\u00e9rons enseigner la Bible \u00e0 4.500 personnes,\u00a0\u00bb a d\u00e9clar\u00e9 Dr. Ryan.  Les \u00e9tudes bibliques en petits groupes s&#39;ach\u00e8veront alors en 30 petites r\u00e9unions publiques, tenues au cours d&#39;une semaine, ce qui repr\u00e9sente une meilleure alternative \u00e0 une grande rencontre publique. <\/p>\n<p>\u00ab\u00a0La proclamation de l&#39;amour de Dieu ne devrait pas \u00eatre seulement limit\u00e9e aux grandes rencontres plubiques,\u00a0\u00bb a avanc\u00e9 Dr. Ryan.  \u00ab\u00a0La force de l&#39;\u00e9glise repose sur la formation et la participation des la\u00efques qui peuvent fortifier les congr\u00e9gations. <\/p>\n<p>Il a poursuivi, \u00ab\u00a0Bien que les d\u00e9tails de cette initiative peuvent para\u00eetre un peu myst\u00e9rieux, nous sommes oblig\u00e9s d&#39;agir ainsi pour prot\u00e9ger nos fr\u00e8res et soeurs.  Et pour cela nous r\u00e9clamons les pri\u00e8res de toute l&#39;\u00e9glise mondiale pour cette ville alors que nous d\u00e9butons de grandes rencontres \u00e9vang\u00e9liques jamais tenues dans cette ville. A partir de ce moment et  jusqu&#39;en juillet, je vous prie d&#39;interc\u00e9der pour cette ville dans vos r\u00e9unions de pri\u00e8re personnelle, familiale et collective.\u00a0\u00bb <\/p>\n<p>A travers le programme de &#39;Hope for the Big Ciies&#39;, l&#39;\u00e9glise Adventiste de cette ville projette d&#39;ajouter 106 groupes d&#39;adorateurs au cours de ces prochaines cinq ann\u00e9es. Cette ville est seulement l&#39;une des 55 plus grandes villes qui b\u00e9ficieront des programmes d&#39;\u00e9vang\u00e9lisation envisag\u00e9s par l&#39;Eglise Adventiste du Septi\u00e8me jour au cours des prochaines ann\u00e9es. <\/p>\n","protected":false},"excerpt":{"rendered":"<p>Dans une ville o\u00f9 r\u00e9sident 16 millions de personnes aux croyances fondamentalistes radicales et qui ont fait sauter les lieux de culte de ceux qui ne partagent pas leur foi, se sont r\u00e9unies 700 personnes pour apprendre \u00e0 T&#038;ea<\/p>\n","protected":false},"author":1,"featured_media":0,"comment_status":"closed","ping_status":"closed","sticky":false,"template":"","format":"standard","meta":{"_acf_changed":false,"footnotes":""},"categories":[9],"tags":[],"class_list":["post-12708","post","type-post","status-publish","format-standard","hentry","category-archive-fr"],"acf":[],"yoast_head":"<!-- This site is optimized with the Yoast SEO plugin v27.3 - https:\/\/yoast.com\/product\/yoast-seo-wordpress\/ -->\n<title>Eglise Mondiale: Formation de Centaines de Petits Groupes en vue de Proclamer l&#039;Evangile dans une Ville non-Chr\u00e9tienne - \u00c9glise Adventiste Du Septieme Jour - Inter Am\u00e9rique Division<\/title>\n<meta name=\"robots\" content=\"index, follow, max-snippet:-1, max-image-preview:large, max-video-preview:-1\" \/>\n<link rel=\"canonical\" href=\"https:\/\/interamerica.org\/fr\/2007\/03\/eglise-mondiale-formation-de-centaines-de-petits-groupes-en-vue-de-proclamer-levangile-dans-une-ville-non-chretienne\/\" \/>\n<meta property=\"og:locale\" content=\"fr_FR\" \/>\n<meta property=\"og:type\" content=\"article\" \/>\n<meta property=\"og:title\" content=\"Eglise Mondiale: Formation de Centaines de Petits Groupes en vue de Proclamer l&#039;Evangile dans une Ville non-Chr\u00e9tienne - \u00c9glise Adventiste Du Septieme Jour - Inter Am\u00e9rique Division\" \/>\n<meta property=\"og:description\" content=\"Dans une ville o\u00f9 r\u00e9sident 16 millions de personnes aux croyances fondamentalistes radicales et qui ont fait sauter les lieux de culte de ceux qui ne partagent pas leur foi, se sont r\u00e9unies 700 personnes pour apprendre \u00e0 T&amp;ea\" \/>\n<meta property=\"og:url\" content=\"https:\/\/interamerica.org\/fr\/2007\/03\/eglise-mondiale-formation-de-centaines-de-petits-groupes-en-vue-de-proclamer-levangile-dans-une-ville-non-chretienne\/\" \/>\n<meta property=\"og:site_name\" content=\"\u00c9glise Adventiste Du Septieme Jour - Inter Am\u00e9rique Division\" \/>\n<meta property=\"article:published_time\" content=\"2007-03-13T04:00:00+00:00\" \/>\n<meta property=\"article:modified_time\" content=\"2017-06-02T17:14:43+00:00\" \/>\n<meta name=\"author\" content=\"Lorenzo Verduzco\" \/>\n<meta name=\"twitter:card\" content=\"summary_large_image\" \/>\n<meta name=\"twitter:label1\" content=\"\u00c9crit par\" \/>\n\t<meta name=\"twitter:data1\" content=\"Lorenzo Verduzco\" \/>\n\t<meta name=\"twitter:label2\" content=\"Dur\u00e9e de lecture estim\u00e9e\" \/>\n\t<meta name=\"twitter:data2\" content=\"3 minutes\" \/>\n<script type=\"application\/ld+json\" class=\"yoast-schema-graph\">{\"@context\":\"https:\\\/\\\/schema.org\",\"@graph\":[{\"@type\":\"Article\",\"@id\":\"https:\\\/\\\/interamerica.org\\\/fr\\\/2007\\\/03\\\/eglise-mondiale-formation-de-centaines-de-petits-groupes-en-vue-de-proclamer-levangile-dans-une-ville-non-chretienne\\\/#article\",\"isPartOf\":{\"@id\":\"https:\\\/\\\/interamerica.org\\\/fr\\\/2007\\\/03\\\/eglise-mondiale-formation-de-centaines-de-petits-groupes-en-vue-de-proclamer-levangile-dans-une-ville-non-chretienne\\\/\"},\"author\":{\"name\":\"Lorenzo Verduzco\",\"@id\":\"https:\\\/\\\/interamerica.org\\\/fr\\\/#\\\/schema\\\/person\\\/68ede8bdc292885bb76c1e3810e73c39\"},\"headline\":\"Eglise Mondiale: Formation de Centaines de Petits Groupes en vue de Proclamer l&#39;Evangile dans une Ville non-Chr\u00e9tienne\",\"datePublished\":\"2007-03-13T04:00:00+00:00\",\"dateModified\":\"2017-06-02T17:14:43+00:00\",\"mainEntityOfPage\":{\"@id\":\"https:\\\/\\\/interamerica.org\\\/fr\\\/2007\\\/03\\\/eglise-mondiale-formation-de-centaines-de-petits-groupes-en-vue-de-proclamer-levangile-dans-une-ville-non-chretienne\\\/\"},\"wordCount\":537,\"articleSection\":[\"Archive\"],\"inLanguage\":\"fr-FR\"},{\"@type\":\"WebPage\",\"@id\":\"https:\\\/\\\/interamerica.org\\\/fr\\\/2007\\\/03\\\/eglise-mondiale-formation-de-centaines-de-petits-groupes-en-vue-de-proclamer-levangile-dans-une-ville-non-chretienne\\\/\",\"url\":\"https:\\\/\\\/interamerica.org\\\/fr\\\/2007\\\/03\\\/eglise-mondiale-formation-de-centaines-de-petits-groupes-en-vue-de-proclamer-levangile-dans-une-ville-non-chretienne\\\/\",\"name\":\"Eglise Mondiale: Formation de Centaines de Petits Groupes en vue de Proclamer l&#39;Evangile dans une Ville non-Chr\u00e9tienne - \u00c9glise Adventiste Du Septieme Jour - Inter Am\u00e9rique Division\",\"isPartOf\":{\"@id\":\"https:\\\/\\\/interamerica.org\\\/fr\\\/#website\"},\"datePublished\":\"2007-03-13T04:00:00+00:00\",\"dateModified\":\"2017-06-02T17:14:43+00:00\",\"author\":{\"@id\":\"https:\\\/\\\/interamerica.org\\\/fr\\\/#\\\/schema\\\/person\\\/68ede8bdc292885bb76c1e3810e73c39\"},\"breadcrumb\":{\"@id\":\"https:\\\/\\\/interamerica.org\\\/fr\\\/2007\\\/03\\\/eglise-mondiale-formation-de-centaines-de-petits-groupes-en-vue-de-proclamer-levangile-dans-une-ville-non-chretienne\\\/#breadcrumb\"},\"inLanguage\":\"fr-FR\",\"potentialAction\":[{\"@type\":\"ReadAction\",\"target\":[\"https:\\\/\\\/interamerica.org\\\/fr\\\/2007\\\/03\\\/eglise-mondiale-formation-de-centaines-de-petits-groupes-en-vue-de-proclamer-levangile-dans-une-ville-non-chretienne\\\/\"]}]},{\"@type\":\"BreadcrumbList\",\"@id\":\"https:\\\/\\\/interamerica.org\\\/fr\\\/2007\\\/03\\\/eglise-mondiale-formation-de-centaines-de-petits-groupes-en-vue-de-proclamer-levangile-dans-une-ville-non-chretienne\\\/#breadcrumb\",\"itemListElement\":[{\"@type\":\"ListItem\",\"position\":1,\"name\":\"Home\",\"item\":\"https:\\\/\\\/interamerica.org\\\/fr\\\/\"},{\"@type\":\"ListItem\",\"position\":2,\"name\":\"Eglise Mondiale: Formation de Centaines de Petits Groupes en vue de Proclamer l&#39;Evangile dans une Ville non-Chr\u00e9tienne\"}]},{\"@type\":\"WebSite\",\"@id\":\"https:\\\/\\\/interamerica.org\\\/fr\\\/#website\",\"url\":\"https:\\\/\\\/interamerica.org\\\/fr\\\/\",\"name\":\"\u00c9glise Adventiste Du Septieme Jour - Inter Am\u00e9rique Division\",\"description\":\"\",\"potentialAction\":[{\"@type\":\"SearchAction\",\"target\":{\"@type\":\"EntryPoint\",\"urlTemplate\":\"https:\\\/\\\/interamerica.org\\\/fr\\\/?s={search_term_string}\"},\"query-input\":{\"@type\":\"PropertyValueSpecification\",\"valueRequired\":true,\"valueName\":\"search_term_string\"}}],\"inLanguage\":\"fr-FR\"},{\"@type\":\"Person\",\"@id\":\"https:\\\/\\\/interamerica.org\\\/fr\\\/#\\\/schema\\\/person\\\/68ede8bdc292885bb76c1e3810e73c39\",\"name\":\"Lorenzo Verduzco\",\"image\":{\"@type\":\"ImageObject\",\"inLanguage\":\"fr-FR\",\"@id\":\"https:\\\/\\\/secure.gravatar.com\\\/avatar\\\/fb81a55b6218459490a9c1dc841a34909185b81904c5337b4b27f7a6fd60c49e?s=96&d=mm&r=g\",\"url\":\"https:\\\/\\\/secure.gravatar.com\\\/avatar\\\/fb81a55b6218459490a9c1dc841a34909185b81904c5337b4b27f7a6fd60c49e?s=96&d=mm&r=g\",\"contentUrl\":\"https:\\\/\\\/secure.gravatar.com\\\/avatar\\\/fb81a55b6218459490a9c1dc841a34909185b81904c5337b4b27f7a6fd60c49e?s=96&d=mm&r=g\",\"caption\":\"Lorenzo Verduzco\"}}]}<\/script>\n<!-- \/ Yoast SEO plugin. -->","yoast_head_json":{"title":"Eglise Mondiale: Formation de Centaines de Petits Groupes en vue de Proclamer l&#39;Evangile dans une Ville non-Chr\u00e9tienne - \u00c9glise Adventiste Du Septieme Jour - Inter Am\u00e9rique Division","robots":{"index":"index","follow":"follow","max-snippet":"max-snippet:-1","max-image-preview":"max-image-preview:large","max-video-preview":"max-video-preview:-1"},"canonical":"https:\/\/interamerica.org\/fr\/2007\/03\/eglise-mondiale-formation-de-centaines-de-petits-groupes-en-vue-de-proclamer-levangile-dans-une-ville-non-chretienne\/","og_locale":"fr_FR","og_type":"article","og_title":"Eglise Mondiale: Formation de Centaines de Petits Groupes en vue de Proclamer l&#39;Evangile dans une Ville non-Chr\u00e9tienne - \u00c9glise Adventiste Du Septieme Jour - Inter Am\u00e9rique Division","og_description":"Dans une ville o\u00f9 r\u00e9sident 16 millions de personnes aux croyances fondamentalistes radicales et qui ont fait sauter les lieux de culte de ceux qui ne partagent pas leur foi, se sont r\u00e9unies 700 personnes pour apprendre \u00e0 T&ea","og_url":"https:\/\/interamerica.org\/fr\/2007\/03\/eglise-mondiale-formation-de-centaines-de-petits-groupes-en-vue-de-proclamer-levangile-dans-une-ville-non-chretienne\/","og_site_name":"\u00c9glise Adventiste Du Septieme Jour - Inter Am\u00e9rique Division","article_published_time":"2007-03-13T04:00:00+00:00","article_modified_time":"2017-06-02T17:14:43+00:00","author":"Lorenzo Verduzco","twitter_card":"summary_large_image","twitter_misc":{"\u00c9crit par":"Lorenzo Verduzco","Dur\u00e9e de lecture estim\u00e9e":"3 minutes"},"schema":{"@context":"https:\/\/schema.org","@graph":[{"@type":"Article","@id":"https:\/\/interamerica.org\/fr\/2007\/03\/eglise-mondiale-formation-de-centaines-de-petits-groupes-en-vue-de-proclamer-levangile-dans-une-ville-non-chretienne\/#article","isPartOf":{"@id":"https:\/\/interamerica.org\/fr\/2007\/03\/eglise-mondiale-formation-de-centaines-de-petits-groupes-en-vue-de-proclamer-levangile-dans-une-ville-non-chretienne\/"},"author":{"name":"Lorenzo Verduzco","@id":"https:\/\/interamerica.org\/fr\/#\/schema\/person\/68ede8bdc292885bb76c1e3810e73c39"},"headline":"Eglise Mondiale: Formation de Centaines de Petits Groupes en vue de Proclamer l&#39;Evangile dans une Ville non-Chr\u00e9tienne","datePublished":"2007-03-13T04:00:00+00:00","dateModified":"2017-06-02T17:14:43+00:00","mainEntityOfPage":{"@id":"https:\/\/interamerica.org\/fr\/2007\/03\/eglise-mondiale-formation-de-centaines-de-petits-groupes-en-vue-de-proclamer-levangile-dans-une-ville-non-chretienne\/"},"wordCount":537,"articleSection":["Archive"],"inLanguage":"fr-FR"},{"@type":"WebPage","@id":"https:\/\/interamerica.org\/fr\/2007\/03\/eglise-mondiale-formation-de-centaines-de-petits-groupes-en-vue-de-proclamer-levangile-dans-une-ville-non-chretienne\/","url":"https:\/\/interamerica.org\/fr\/2007\/03\/eglise-mondiale-formation-de-centaines-de-petits-groupes-en-vue-de-proclamer-levangile-dans-une-ville-non-chretienne\/","name":"Eglise Mondiale: Formation de Centaines de Petits Groupes en vue de Proclamer l&#39;Evangile dans une Ville non-Chr\u00e9tienne - \u00c9glise Adventiste Du Septieme Jour - Inter Am\u00e9rique Division","isPartOf":{"@id":"https:\/\/interamerica.org\/fr\/#website"},"datePublished":"2007-03-13T04:00:00+00:00","dateModified":"2017-06-02T17:14:43+00:00","author":{"@id":"https:\/\/interamerica.org\/fr\/#\/schema\/person\/68ede8bdc292885bb76c1e3810e73c39"},"breadcrumb":{"@id":"https:\/\/interamerica.org\/fr\/2007\/03\/eglise-mondiale-formation-de-centaines-de-petits-groupes-en-vue-de-proclamer-levangile-dans-une-ville-non-chretienne\/#breadcrumb"},"inLanguage":"fr-FR","potentialAction":[{"@type":"ReadAction","target":["https:\/\/interamerica.org\/fr\/2007\/03\/eglise-mondiale-formation-de-centaines-de-petits-groupes-en-vue-de-proclamer-levangile-dans-une-ville-non-chretienne\/"]}]},{"@type":"BreadcrumbList","@id":"https:\/\/interamerica.org\/fr\/2007\/03\/eglise-mondiale-formation-de-centaines-de-petits-groupes-en-vue-de-proclamer-levangile-dans-une-ville-non-chretienne\/#breadcrumb","itemListElement":[{"@type":"ListItem","position":1,"name":"Home","item":"https:\/\/interamerica.org\/fr\/"},{"@type":"ListItem","position":2,"name":"Eglise Mondiale: Formation de Centaines de Petits Groupes en vue de Proclamer l&#39;Evangile dans une Ville non-Chr\u00e9tienne"}]},{"@type":"WebSite","@id":"https:\/\/interamerica.org\/fr\/#website","url":"https:\/\/interamerica.org\/fr\/","name":"\u00c9glise Adventiste Du Septieme Jour - Inter Am\u00e9rique Division","description":"","potentialAction":[{"@type":"SearchAction","target":{"@type":"EntryPoint","urlTemplate":"https:\/\/interamerica.org\/fr\/?s={search_term_string}"},"query-input":{"@type":"PropertyValueSpecification","valueRequired":true,"valueName":"search_term_string"}}],"inLanguage":"fr-FR"},{"@type":"Person","@id":"https:\/\/interamerica.org\/fr\/#\/schema\/person\/68ede8bdc292885bb76c1e3810e73c39","name":"Lorenzo Verduzco","image":{"@type":"ImageObject","inLanguage":"fr-FR","@id":"https:\/\/secure.gravatar.com\/avatar\/fb81a55b6218459490a9c1dc841a34909185b81904c5337b4b27f7a6fd60c49e?s=96&d=mm&r=g","url":"https:\/\/secure.gravatar.com\/avatar\/fb81a55b6218459490a9c1dc841a34909185b81904c5337b4b27f7a6fd60c49e?s=96&d=mm&r=g","contentUrl":"https:\/\/secure.gravatar.com\/avatar\/fb81a55b6218459490a9c1dc841a34909185b81904c5337b4b27f7a6fd60c49e?s=96&d=mm&r=g","caption":"Lorenzo Verduzco"}}]}},"_links":{"self":[{"href":"https:\/\/interamerica.org\/fr\/wp-json\/wp\/v2\/posts\/12708","targetHints":{"allow":["GET"]}}],"collection":[{"href":"https:\/\/interamerica.org\/fr\/wp-json\/wp\/v2\/posts"}],"about":[{"href":"https:\/\/interamerica.org\/fr\/wp-json\/wp\/v2\/types\/post"}],"author":[{"embeddable":true,"href":"https:\/\/interamerica.org\/fr\/wp-json\/wp\/v2\/users\/1"}],"replies":[{"embeddable":true,"href":"https:\/\/interamerica.org\/fr\/wp-json\/wp\/v2\/comments?post=12708"}],"version-history":[{"count":0,"href":"https:\/\/interamerica.org\/fr\/wp-json\/wp\/v2\/posts\/12708\/revisions"}],"wp:attachment":[{"href":"https:\/\/interamerica.org\/fr\/wp-json\/wp\/v2\/media?parent=12708"}],"wp:term":[{"taxonomy":"category","embeddable":true,"href":"https:\/\/interamerica.org\/fr\/wp-json\/wp\/v2\/categories?post=12708"},{"taxonomy":"post_tag","embeddable":true,"href":"https:\/\/interamerica.org\/fr\/wp-json\/wp\/v2\/tags?post=12708"}],"curies":[{"name":"wp","href":"https:\/\/api.w.org\/{rel}","templated":true}]}}