{"id":12709,"date":"2007-03-13T00:00:00","date_gmt":"2007-03-13T04:00:00","guid":{"rendered":"http:\/\/192.81.217.108\/interamerica\/2007\/03\/irak-huitieme-explosion-endommage-leglise-de-bagdad\/"},"modified":"2017-06-02T13:14:44","modified_gmt":"2017-06-02T17:14:44","slug":"irak-huitieme-explosion-endommage-leglise-de-bagdad","status":"publish","type":"post","link":"https:\/\/interamerica.org\/fr\/2007\/03\/irak-huitieme-explosion-endommage-leglise-de-bagdad\/","title":{"rendered":"Irak: Huiti\u00e8me Explosion Endommage l&#39;Eglise de Bagdad"},"content":{"rendered":"<\/p>\n<p>13 mars 2007, Bagdad, Irak&#8230; (Alex Elmadjian\/MEU\/ANN) <\/p>\n<\/p>\n<p>A l&#39;occasion du quatri\u00e8me anniversaire de la Guerre du Golfe, une entrevue avec Pasteur Bassin Fargo, dirigeant de l&#39;Eglise Adventiste du Septi\u00e8me jour de l&#39;Irak, r\u00e9v\u00e8le les difficult\u00e9s endur\u00e9es par les rares membres d&#39;\u00e9glises qui demeurent au pays. Avec l&#39;escalade croissant de la violence sectaire en Iraq, l&#39;\u00e9glise Adventiste de Bagdad a connu de nouvelles attaques \u00e0 la bombe. <\/p>\n<\/p>\n<p><strong >Ce n&#39;est pas pour la premi\u00e8re fois que notre \u00e9glise de Bagdad a \u00e9t\u00e9 endommag\u00e9e par une explosion.  Pouvez vous nous dire en combien de fois a-t-elle attaqu\u00e9e? <\/strong ><\/p>\n<\/p>\n<p>\u00ab\u00a0Depuis l&#39;invasion de l&#39;Iraq dirig\u00e9e par les USA en mars 2003, notre \u00e9glise a \u00e9t\u00e9 huit fois victime d&#39;attaques par voiture pi\u00e9g\u00e9e, par roquettes et d&#39;autres engins explosifs.  En septembre une voiture pi\u00e9g\u00e9e charg\u00e9e de 150kg d&#39;explosifs, a s\u00e9v\u00e8rement endommag\u00e9 l&#39;immeuble de l&#39;\u00e9glise et fait \u00e9clater les vitres teint\u00e9es des fen\u00eatres.  L&#39;incendie qui en suivit nous a co\u00fbt\u00e9 des r\u00e9parations s&#39;\u00e9levant \u00e0 $150.000.\u00a0\u00bb <\/p>\n<\/p>\n<p><strong >Pouvez-vous nous dire ce qui s&#39;est arriv\u00e9 cette fois-ci? <\/strong ><\/p>\n<\/p>\n<p>\u00ab\u00a0Cette derni\u00e8re explosion a \u00e9t\u00e9 produite par une roquette lanc\u00e9e en direction de l&#39;\u00e9glise le 27 f\u00e9vrier.  Nous ne savons pas si notre \u00e9glise avait \u00e9t\u00e9 vis\u00e9e ou si la roquette a manqu\u00e9 son objectif vis\u00e9.  Quelque soit le cas, les dommages et les d\u00e9g\u00e2ts caus\u00e9s aux individus sont pareils: deux passants ont \u00e9t\u00e9 tu\u00e9s et plusieurs gri\u00e8vement bless\u00e9s.  Heureusement qu&#39;il n&#39;y avait pas de r\u00e9unions quand la roquette eut frapp\u00e9 la devanture du nouveau b\u00e2timent, adjacent \u00e0 l&#39;\u00e9glise, mais certaines explosions pr\u00e9c\u00e9dentes ont eu lieu aux heures de bureau alors que le personnel travaillait. <\/p>\n<\/p>\n<p><strong >Avant l&#39;invasion, l&#39;\u00e9glise de Bagdad avait des projets tr\u00e8s ambitieux destin\u00e9s au nouveau b\u00e2timent de l&#39;immeuble existant.  Quels \u00e9taient les plans pr\u00e9vus?<\/strong > <\/p>\n<\/p>\n<p>\u00ab\u00a0Le nouvel \u00e9difice (en construction) est un \u00e9difice destin\u00e9 \u00e0 desservir plusieurs bureaux. Le sous-sol sera le nouveau bureau de notre quartier g\u00e9n\u00e9ral en Iraq, de m\u00eame il abritera un studio de musique et une biblioth\u00e8que.  Le rez-de-chauss\u00e9e sera un grand auditorium.  Le plan pour le premier \u00e9tage pr\u00e9voit la construction d&#39;une clinique m\u00e9dicale et des appartements pour le personnel de l&#39;\u00e9glise et des visiteurs.  Ce projet devait \u00eatre achev\u00e9 depuis longtemps, mais \u00e0 cause de la pr\u00e9sente situation, le travail a connu un retard.  Nous esp\u00e9rons achever ce projet d&#39;ici la fin de cette ann\u00e9e.\u00a0\u00bb <\/p>\n<\/p>\n<p><strong >A pr\u00e9sent, o\u00f9 se r\u00e9unissent les membres d&#39;\u00e9glise pour les r\u00e9unions et les services de culte? <\/strong ><\/p>\n<\/p>\n<p>\u00ab\u00a0Par suite de plusieurs alertes \u00e0 la s\u00e9curit\u00e9 et des menaces, les membres d&#39;\u00e9glise sont oblig\u00e9s de se rencontrer dans les maisons chaque Sabbat.  Avant l&#39;occupation des USA en mars 2003, nous avions des centaines de membres d&#39;\u00e9glise.  Maintenant, il n&#39;y a que tr\u00e8s peu de familles qui restent, \u00e0 cause des fr\u00e9quentes explosions, des enl\u00e8vements et de la violence qui sont perp\u00e9tr\u00e9s \u00e0 travers le pays.\u00a0\u00bb <\/p>\n<\/p>\n<p><strong >Quelles sont les mesures prises pour assurer la protection de cette propri\u00e9t\u00e9 de si grande envergure \u00e0 l&#39;int\u00e9rieur de Bagdad? <\/strong ><\/p>\n<\/p>\n<p>\u00ab\u00a0Nous avons six gardes (arm\u00e9s), pay\u00e9s par le \u00ab\u00a0Christian Endowment Office\u00a0\u00bb (Bureau de Support Chr\u00e9tien), qui surveillent l&#39;\u00e9difice de l&#39;\u00e9glise pendant 24 heures.\u00a0\u00bb <\/p>\n<\/p>\n<p><strong >Quelle est votre vision du futur imm\u00e9diat du pays? <\/strong ><\/p>\n<\/p>\n<p>\u00ab\u00a0Partout, chaque jour, et n&#39;importe quand on enregistre des explosoions et des enl\u00e8vements.  L&#39;intention (de ces criminels) est de cr\u00e9er une situation de trouble, de malaise et de souffrance parmi les gens.  Quoique le gouvernement essaie difficilement de contr\u00f4ler la situation, il n&#39;est pas encore \u00e9vident que les choses vont s&#39;am\u00e9liorer.  Encore la semaine derni\u00e8re 100 personnes ont \u00e9t\u00e9 tu\u00e9es, et environ 250 ont \u00e9t\u00e9 bless\u00e9es au cours d&#39;un seul jour!  Oui, plus de 100 Iraquiens ne retourneront jamais dans leurs familles.\u00a0\u00bb <\/p>\n<\/p>\n<p><strong >Qu&#39;en est-il de nos membres?<\/strong > <\/p>\n<\/p>\n<p>\u00ab\u00a0Les membres d&#39;\u00e9glise qui sont rest\u00e9s au pays font face \u00e0 de tr\u00e8s grandes difficult\u00e9s pour survivre, tant au point de vue s\u00e9curitaire que financi\u00e8re.  La violence dans le pays a occasionn\u00e9 une hausse du co\u00fbt de la vie.  C&#39;est horrible et \u00e9pouvantable de vivre dans une pareille atmosph\u00e8re que si seulement on a un but ou une raison de le faire. <\/p>\n<\/p>\n<p>Nous remercions l&#39;Eternel pour Sa protection et Son orientation en faveur de Son peuple et de Son \u00e9glise jusqu&#39;ici.  Dieu est grand.\u00a0\u00bb <\/p>\n<\/p>\n<p><strong >Copyright (c) 2007 by Adventist News Network.<\/strong > <\/p>\n","protected":false},"excerpt":{"rendered":"<p>A l&#39;occasion du quatri\u00e8me anniversaire de la Guerre du Golfe, une entrevue avec Pasteur Bassin Fargo, dirigeant de l&#39;Eglise Adventiste du Septi\u00e8me jour de l&#39;Irak&#8230;<\/p>\n","protected":false},"author":1,"featured_media":0,"comment_status":"closed","ping_status":"closed","sticky":false,"template":"","format":"standard","meta":{"_acf_changed":false,"footnotes":""},"categories":[9],"tags":[],"class_list":["post-12709","post","type-post","status-publish","format-standard","hentry","category-archive-fr"],"acf":[],"yoast_head":"<!-- This site is optimized with the Yoast SEO plugin v27.3 - https:\/\/yoast.com\/product\/yoast-seo-wordpress\/ -->\n<title>Irak: Huiti\u00e8me Explosion Endommage l&#039;Eglise de Bagdad - \u00c9glise Adventiste Du Septieme Jour - Inter Am\u00e9rique Division<\/title>\n<meta name=\"robots\" content=\"index, follow, max-snippet:-1, max-image-preview:large, max-video-preview:-1\" \/>\n<link rel=\"canonical\" href=\"https:\/\/interamerica.org\/fr\/2007\/03\/irak-huitieme-explosion-endommage-leglise-de-bagdad\/\" \/>\n<meta property=\"og:locale\" content=\"fr_FR\" \/>\n<meta property=\"og:type\" content=\"article\" \/>\n<meta property=\"og:title\" content=\"Irak: Huiti\u00e8me Explosion Endommage l&#039;Eglise de Bagdad - \u00c9glise Adventiste Du Septieme Jour - Inter Am\u00e9rique Division\" \/>\n<meta property=\"og:description\" content=\"A l&#039;occasion du quatri\u00e8me anniversaire de la Guerre du Golfe, une entrevue avec Pasteur Bassin Fargo, dirigeant de l&#039;Eglise Adventiste du Septi\u00e8me jour de l&#039;Irak...\" \/>\n<meta property=\"og:url\" content=\"https:\/\/interamerica.org\/fr\/2007\/03\/irak-huitieme-explosion-endommage-leglise-de-bagdad\/\" \/>\n<meta property=\"og:site_name\" content=\"\u00c9glise Adventiste Du Septieme Jour - Inter Am\u00e9rique Division\" \/>\n<meta property=\"article:published_time\" content=\"2007-03-13T04:00:00+00:00\" \/>\n<meta property=\"article:modified_time\" content=\"2017-06-02T17:14:44+00:00\" \/>\n<meta name=\"author\" content=\"Lorenzo Verduzco\" \/>\n<meta name=\"twitter:card\" content=\"summary_large_image\" \/>\n<meta name=\"twitter:label1\" content=\"\u00c9crit par\" \/>\n\t<meta name=\"twitter:data1\" content=\"Lorenzo Verduzco\" \/>\n\t<meta name=\"twitter:label2\" content=\"Dur\u00e9e de lecture estim\u00e9e\" \/>\n\t<meta name=\"twitter:data2\" content=\"4 minutes\" \/>\n<script type=\"application\/ld+json\" class=\"yoast-schema-graph\">{\"@context\":\"https:\\\/\\\/schema.org\",\"@graph\":[{\"@type\":\"Article\",\"@id\":\"https:\\\/\\\/interamerica.org\\\/fr\\\/2007\\\/03\\\/irak-huitieme-explosion-endommage-leglise-de-bagdad\\\/#article\",\"isPartOf\":{\"@id\":\"https:\\\/\\\/interamerica.org\\\/fr\\\/2007\\\/03\\\/irak-huitieme-explosion-endommage-leglise-de-bagdad\\\/\"},\"author\":{\"name\":\"Lorenzo Verduzco\",\"@id\":\"https:\\\/\\\/interamerica.org\\\/fr\\\/#\\\/schema\\\/person\\\/68ede8bdc292885bb76c1e3810e73c39\"},\"headline\":\"Irak: Huiti\u00e8me Explosion Endommage l&#39;Eglise de Bagdad\",\"datePublished\":\"2007-03-13T04:00:00+00:00\",\"dateModified\":\"2017-06-02T17:14:44+00:00\",\"mainEntityOfPage\":{\"@id\":\"https:\\\/\\\/interamerica.org\\\/fr\\\/2007\\\/03\\\/irak-huitieme-explosion-endommage-leglise-de-bagdad\\\/\"},\"wordCount\":806,\"articleSection\":[\"Archive\"],\"inLanguage\":\"fr-FR\"},{\"@type\":\"WebPage\",\"@id\":\"https:\\\/\\\/interamerica.org\\\/fr\\\/2007\\\/03\\\/irak-huitieme-explosion-endommage-leglise-de-bagdad\\\/\",\"url\":\"https:\\\/\\\/interamerica.org\\\/fr\\\/2007\\\/03\\\/irak-huitieme-explosion-endommage-leglise-de-bagdad\\\/\",\"name\":\"Irak: Huiti\u00e8me Explosion Endommage l&#39;Eglise de Bagdad - \u00c9glise Adventiste Du Septieme Jour - Inter Am\u00e9rique Division\",\"isPartOf\":{\"@id\":\"https:\\\/\\\/interamerica.org\\\/fr\\\/#website\"},\"datePublished\":\"2007-03-13T04:00:00+00:00\",\"dateModified\":\"2017-06-02T17:14:44+00:00\",\"author\":{\"@id\":\"https:\\\/\\\/interamerica.org\\\/fr\\\/#\\\/schema\\\/person\\\/68ede8bdc292885bb76c1e3810e73c39\"},\"breadcrumb\":{\"@id\":\"https:\\\/\\\/interamerica.org\\\/fr\\\/2007\\\/03\\\/irak-huitieme-explosion-endommage-leglise-de-bagdad\\\/#breadcrumb\"},\"inLanguage\":\"fr-FR\",\"potentialAction\":[{\"@type\":\"ReadAction\",\"target\":[\"https:\\\/\\\/interamerica.org\\\/fr\\\/2007\\\/03\\\/irak-huitieme-explosion-endommage-leglise-de-bagdad\\\/\"]}]},{\"@type\":\"BreadcrumbList\",\"@id\":\"https:\\\/\\\/interamerica.org\\\/fr\\\/2007\\\/03\\\/irak-huitieme-explosion-endommage-leglise-de-bagdad\\\/#breadcrumb\",\"itemListElement\":[{\"@type\":\"ListItem\",\"position\":1,\"name\":\"Home\",\"item\":\"https:\\\/\\\/interamerica.org\\\/fr\\\/\"},{\"@type\":\"ListItem\",\"position\":2,\"name\":\"Irak: Huiti\u00e8me Explosion Endommage l&#39;Eglise de Bagdad\"}]},{\"@type\":\"WebSite\",\"@id\":\"https:\\\/\\\/interamerica.org\\\/fr\\\/#website\",\"url\":\"https:\\\/\\\/interamerica.org\\\/fr\\\/\",\"name\":\"\u00c9glise Adventiste Du Septieme Jour - Inter Am\u00e9rique Division\",\"description\":\"\",\"potentialAction\":[{\"@type\":\"SearchAction\",\"target\":{\"@type\":\"EntryPoint\",\"urlTemplate\":\"https:\\\/\\\/interamerica.org\\\/fr\\\/?s={search_term_string}\"},\"query-input\":{\"@type\":\"PropertyValueSpecification\",\"valueRequired\":true,\"valueName\":\"search_term_string\"}}],\"inLanguage\":\"fr-FR\"},{\"@type\":\"Person\",\"@id\":\"https:\\\/\\\/interamerica.org\\\/fr\\\/#\\\/schema\\\/person\\\/68ede8bdc292885bb76c1e3810e73c39\",\"name\":\"Lorenzo Verduzco\",\"image\":{\"@type\":\"ImageObject\",\"inLanguage\":\"fr-FR\",\"@id\":\"https:\\\/\\\/secure.gravatar.com\\\/avatar\\\/fb81a55b6218459490a9c1dc841a34909185b81904c5337b4b27f7a6fd60c49e?s=96&d=mm&r=g\",\"url\":\"https:\\\/\\\/secure.gravatar.com\\\/avatar\\\/fb81a55b6218459490a9c1dc841a34909185b81904c5337b4b27f7a6fd60c49e?s=96&d=mm&r=g\",\"contentUrl\":\"https:\\\/\\\/secure.gravatar.com\\\/avatar\\\/fb81a55b6218459490a9c1dc841a34909185b81904c5337b4b27f7a6fd60c49e?s=96&d=mm&r=g\",\"caption\":\"Lorenzo Verduzco\"}}]}<\/script>\n<!-- \/ Yoast SEO plugin. -->","yoast_head_json":{"title":"Irak: Huiti\u00e8me Explosion Endommage l&#39;Eglise de Bagdad - \u00c9glise Adventiste Du Septieme Jour - Inter Am\u00e9rique Division","robots":{"index":"index","follow":"follow","max-snippet":"max-snippet:-1","max-image-preview":"max-image-preview:large","max-video-preview":"max-video-preview:-1"},"canonical":"https:\/\/interamerica.org\/fr\/2007\/03\/irak-huitieme-explosion-endommage-leglise-de-bagdad\/","og_locale":"fr_FR","og_type":"article","og_title":"Irak: Huiti\u00e8me Explosion Endommage l&#39;Eglise de Bagdad - \u00c9glise Adventiste Du Septieme Jour - Inter Am\u00e9rique Division","og_description":"A l&#39;occasion du quatri\u00e8me anniversaire de la Guerre du Golfe, une entrevue avec Pasteur Bassin Fargo, dirigeant de l&#39;Eglise Adventiste du Septi\u00e8me jour de l&#39;Irak...","og_url":"https:\/\/interamerica.org\/fr\/2007\/03\/irak-huitieme-explosion-endommage-leglise-de-bagdad\/","og_site_name":"\u00c9glise Adventiste Du Septieme Jour - Inter Am\u00e9rique Division","article_published_time":"2007-03-13T04:00:00+00:00","article_modified_time":"2017-06-02T17:14:44+00:00","author":"Lorenzo Verduzco","twitter_card":"summary_large_image","twitter_misc":{"\u00c9crit par":"Lorenzo Verduzco","Dur\u00e9e de lecture estim\u00e9e":"4 minutes"},"schema":{"@context":"https:\/\/schema.org","@graph":[{"@type":"Article","@id":"https:\/\/interamerica.org\/fr\/2007\/03\/irak-huitieme-explosion-endommage-leglise-de-bagdad\/#article","isPartOf":{"@id":"https:\/\/interamerica.org\/fr\/2007\/03\/irak-huitieme-explosion-endommage-leglise-de-bagdad\/"},"author":{"name":"Lorenzo Verduzco","@id":"https:\/\/interamerica.org\/fr\/#\/schema\/person\/68ede8bdc292885bb76c1e3810e73c39"},"headline":"Irak: Huiti\u00e8me Explosion Endommage l&#39;Eglise de Bagdad","datePublished":"2007-03-13T04:00:00+00:00","dateModified":"2017-06-02T17:14:44+00:00","mainEntityOfPage":{"@id":"https:\/\/interamerica.org\/fr\/2007\/03\/irak-huitieme-explosion-endommage-leglise-de-bagdad\/"},"wordCount":806,"articleSection":["Archive"],"inLanguage":"fr-FR"},{"@type":"WebPage","@id":"https:\/\/interamerica.org\/fr\/2007\/03\/irak-huitieme-explosion-endommage-leglise-de-bagdad\/","url":"https:\/\/interamerica.org\/fr\/2007\/03\/irak-huitieme-explosion-endommage-leglise-de-bagdad\/","name":"Irak: Huiti\u00e8me Explosion Endommage l&#39;Eglise de Bagdad - \u00c9glise Adventiste Du Septieme Jour - Inter Am\u00e9rique Division","isPartOf":{"@id":"https:\/\/interamerica.org\/fr\/#website"},"datePublished":"2007-03-13T04:00:00+00:00","dateModified":"2017-06-02T17:14:44+00:00","author":{"@id":"https:\/\/interamerica.org\/fr\/#\/schema\/person\/68ede8bdc292885bb76c1e3810e73c39"},"breadcrumb":{"@id":"https:\/\/interamerica.org\/fr\/2007\/03\/irak-huitieme-explosion-endommage-leglise-de-bagdad\/#breadcrumb"},"inLanguage":"fr-FR","potentialAction":[{"@type":"ReadAction","target":["https:\/\/interamerica.org\/fr\/2007\/03\/irak-huitieme-explosion-endommage-leglise-de-bagdad\/"]}]},{"@type":"BreadcrumbList","@id":"https:\/\/interamerica.org\/fr\/2007\/03\/irak-huitieme-explosion-endommage-leglise-de-bagdad\/#breadcrumb","itemListElement":[{"@type":"ListItem","position":1,"name":"Home","item":"https:\/\/interamerica.org\/fr\/"},{"@type":"ListItem","position":2,"name":"Irak: Huiti\u00e8me Explosion Endommage l&#39;Eglise de Bagdad"}]},{"@type":"WebSite","@id":"https:\/\/interamerica.org\/fr\/#website","url":"https:\/\/interamerica.org\/fr\/","name":"\u00c9glise Adventiste Du Septieme Jour - Inter Am\u00e9rique Division","description":"","potentialAction":[{"@type":"SearchAction","target":{"@type":"EntryPoint","urlTemplate":"https:\/\/interamerica.org\/fr\/?s={search_term_string}"},"query-input":{"@type":"PropertyValueSpecification","valueRequired":true,"valueName":"search_term_string"}}],"inLanguage":"fr-FR"},{"@type":"Person","@id":"https:\/\/interamerica.org\/fr\/#\/schema\/person\/68ede8bdc292885bb76c1e3810e73c39","name":"Lorenzo Verduzco","image":{"@type":"ImageObject","inLanguage":"fr-FR","@id":"https:\/\/secure.gravatar.com\/avatar\/fb81a55b6218459490a9c1dc841a34909185b81904c5337b4b27f7a6fd60c49e?s=96&d=mm&r=g","url":"https:\/\/secure.gravatar.com\/avatar\/fb81a55b6218459490a9c1dc841a34909185b81904c5337b4b27f7a6fd60c49e?s=96&d=mm&r=g","contentUrl":"https:\/\/secure.gravatar.com\/avatar\/fb81a55b6218459490a9c1dc841a34909185b81904c5337b4b27f7a6fd60c49e?s=96&d=mm&r=g","caption":"Lorenzo Verduzco"}}]}},"_links":{"self":[{"href":"https:\/\/interamerica.org\/fr\/wp-json\/wp\/v2\/posts\/12709","targetHints":{"allow":["GET"]}}],"collection":[{"href":"https:\/\/interamerica.org\/fr\/wp-json\/wp\/v2\/posts"}],"about":[{"href":"https:\/\/interamerica.org\/fr\/wp-json\/wp\/v2\/types\/post"}],"author":[{"embeddable":true,"href":"https:\/\/interamerica.org\/fr\/wp-json\/wp\/v2\/users\/1"}],"replies":[{"embeddable":true,"href":"https:\/\/interamerica.org\/fr\/wp-json\/wp\/v2\/comments?post=12709"}],"version-history":[{"count":0,"href":"https:\/\/interamerica.org\/fr\/wp-json\/wp\/v2\/posts\/12709\/revisions"}],"wp:attachment":[{"href":"https:\/\/interamerica.org\/fr\/wp-json\/wp\/v2\/media?parent=12709"}],"wp:term":[{"taxonomy":"category","embeddable":true,"href":"https:\/\/interamerica.org\/fr\/wp-json\/wp\/v2\/categories?post=12709"},{"taxonomy":"post_tag","embeddable":true,"href":"https:\/\/interamerica.org\/fr\/wp-json\/wp\/v2\/tags?post=12709"}],"curies":[{"name":"wp","href":"https:\/\/api.w.org\/{rel}","templated":true}]}}