{"id":12713,"date":"2007-03-23T00:00:00","date_gmt":"2007-03-23T04:00:00","guid":{"rendered":"http:\/\/192.81.217.108\/interamerica\/2007\/03\/republique-dominicaine-leglise-se-prepare-pour-un-evenement-par-satellite-en-direct\/"},"modified":"2017-06-02T13:14:40","modified_gmt":"2017-06-02T17:14:40","slug":"republique-dominicaine-leglise-se-prepare-pour-un-evenement-par-satellite-en-direct","status":"publish","type":"post","link":"https:\/\/interamerica.org\/fr\/2007\/03\/republique-dominicaine-leglise-se-prepare-pour-un-evenement-par-satellite-en-direct\/","title":{"rendered":"R\u00e9publique Dominicaine : l&#39;\u00c9glise Se pr\u00e9pare pour un \u00c9v\u00e9nement Par Satellite en Direct"},"content":{"rendered":"<p>Saint-Domingue, R\u00e9publique Dominicaine&#8230; [Libna Stevens\/IAD]    <\/p>\n<p>En terminant les campagnes d&#39;\u00e9vang\u00e9lisations tenues dans des centaines d&#39;\u00e9glises adventistes du septi\u00e8me jour dans tout le territoire de la R\u00e9publique Dominicaine cette fin de semaine, les dirigeants de l&#39;\u00e9glise v\u00e9rifient les derniers d\u00e9tails de ce qui promet d&#39;\u00eatre un \u00e9v\u00e9nement satellis\u00e9 en direct in\u00e9dit, appel\u00e9 Pentec\u00f4te et Plus depuis  El Palacio de Los Deportes de Saint-Domingue.  <\/p>\n<p>Le programme en direct commencera \u00e0 10h00 samedi matin 24 mars, avec une pr\u00e9sentation sp\u00e9ciale de c\u00e9r\u00e9monie de grands bapt\u00eames dans le pays et dans d&#39;autres r\u00e9gions internationales retransmis en direct depuis chacune des 15 r\u00e9gions de l&#39;Inter Am\u00e9rique. Hope TV, Esperanza TV, Nuevo Tiempo, 3ABN, 3ABN Latino et A.D.venir retransmettront en direct tout le programme. <\/p>\n<p>Cette production de trois heures a n\u00e9cessit\u00e9 la coordination de centaines de dirigeants des \u00e9glises locales, pasteurs, la\u00efcs et \u00e9quipes de production de t\u00e9l\u00e9vision pour pr\u00e9senter les r\u00e9sultats des croisades d&#39;\u00e9vang\u00e9lisations coordonn\u00e9es qui avaient commenc\u00e9 au d\u00e9but de cette ann\u00e9e \u00e0 travers tout le pays. <\/p>\n<p>Gr\u00e2ce aux annonces faites par la radio et la t\u00e9l\u00e9vision sur une base r\u00e9guli\u00e8re en faveur de cette f\u00eate dans la R\u00e9publique Dominicaine, on s&#39;attend \u00e0 ce que des milliers de personnes participent sur place et que d&#39;autres milliers suivent sur l&#39;une des 40 cha\u00eenes c\u00e2bl\u00e9es, le programme en direct. <\/p>\n<p>\u201cNous sommes heureux d&#39;annoncer que l&#39;\u00c9glise Adventiste du Septi\u00e8me jour ajoutera par bapt\u00eame plus de 1,400 personnes dans son sein pendant ce programme, en pr\u00e9sence du pr\u00e9sident de l&#39;\u00c9glise Adventiste mondiale,\u201d a dit Pasteur Silvestre Gonzalez, secr\u00e9taire ex\u00e9cutif et porte-parole de l&#39;\u00e9glise en R\u00e9publique Dominicaine lors d&#39;une courte interview de Telesistema 11, un des programmes t\u00e9l\u00e9vis\u00e9s les plus suivis le soir, appel\u00e9<em >  Nuits Chevere (Douces Nuits)<\/em >. <\/p>\n<p>Pasteur Gonzalez a continu\u00e9 en d\u00e9clarant que pr\u00e8s de 5,000 dominicains se sont donn\u00e9s \u00e0 J\u00e9sus Christ, pendant ces efforts d&#39;\u00e9vang\u00e9lisation tenus par l&#39;\u00e9glise. Il a ajout\u00e9 que des milliers de jeunes projettent de d\u00e9filer dans les rues principales de la ville capitale, \u00e0 partir de 15h00, le samedi 24 mars, en pr\u00e9sentant des messages sur la mani\u00e8re de vivre en bonne sant\u00e9 et d&#39;avoir du bonheur \u00e0 conna\u00eetre J\u00e9sus.    <\/p>\n<p>Ce programme n&#39;a pas \u00e9t\u00e9 planifi\u00e9 pour avoir lieu uniquement en R\u00e9publique Dominicaine, dit pasteur Balvin Braham, secr\u00e9taire adjoint de l&#39;Association pastorale de l&#39;\u00e9glise en Inter Am\u00e9rique. <\/p>\n<p>\u201cDans toutes les unions de la IAD, des activit\u00e9s [du Sabbat] apr\u00e8s-midi sont organis\u00e9es dans nos \u00e9glises, en vue d&#39;accueillir les nouveaux membres, discuter de strat\u00e9gies d&#39;\u00e9vang\u00e9lisation avec les anciens d&#39;\u00e9glise locales et les membres et d&#39;avoir aussi des activit\u00e9s JA,\u201d a ajout\u00e9 pasteur Braham. <\/p>\n<p>Pour plus d&#39;informations sur<em > <\/em >le programme par satellite<em > Pentec\u00f4te<\/em > <em >et Plus<\/em > de l&#39;Inter Am\u00e9rique<em >,<\/em > visitez le site : <a  href=\"https:\/\/recursing-golick.147-182-135-0.plesk.page\/\">www.interamerica.org<\/a > <\/p>\n","protected":false},"excerpt":{"rendered":"<p>En terminant les campagnes d&#39;\u00e9vang\u00e9lisations tenues dans des centaines d&#39;\u00e9glises adventistes du septi\u00e8me jour dans tout le territoire de la R\u00e9publique Dominicaine cette fin de semaine&#8230;<\/p>\n","protected":false},"author":1,"featured_media":0,"comment_status":"closed","ping_status":"closed","sticky":false,"template":"","format":"standard","meta":{"_acf_changed":false,"footnotes":""},"categories":[9],"tags":[],"class_list":["post-12713","post","type-post","status-publish","format-standard","hentry","category-archive-fr"],"acf":[],"yoast_head":"<!-- This site is optimized with the Yoast SEO plugin v27.3 - https:\/\/yoast.com\/product\/yoast-seo-wordpress\/ -->\n<title>R\u00e9publique Dominicaine : l&#039;\u00c9glise Se pr\u00e9pare pour un \u00c9v\u00e9nement Par Satellite en Direct - \u00c9glise Adventiste Du Septieme Jour - Inter Am\u00e9rique Division<\/title>\n<meta name=\"robots\" content=\"index, follow, max-snippet:-1, max-image-preview:large, max-video-preview:-1\" \/>\n<link rel=\"canonical\" href=\"https:\/\/interamerica.org\/fr\/2007\/03\/republique-dominicaine-leglise-se-prepare-pour-un-evenement-par-satellite-en-direct\/\" \/>\n<meta property=\"og:locale\" content=\"fr_FR\" \/>\n<meta property=\"og:type\" content=\"article\" \/>\n<meta property=\"og:title\" content=\"R\u00e9publique Dominicaine : l&#039;\u00c9glise Se pr\u00e9pare pour un \u00c9v\u00e9nement Par Satellite en Direct - \u00c9glise Adventiste Du Septieme Jour - Inter Am\u00e9rique Division\" \/>\n<meta property=\"og:description\" content=\"En terminant les campagnes d&#039;\u00e9vang\u00e9lisations tenues dans des centaines d&#039;\u00e9glises adventistes du septi\u00e8me jour dans tout le territoire de la R\u00e9publique Dominicaine cette fin de semaine...\" \/>\n<meta property=\"og:url\" content=\"https:\/\/interamerica.org\/fr\/2007\/03\/republique-dominicaine-leglise-se-prepare-pour-un-evenement-par-satellite-en-direct\/\" \/>\n<meta property=\"og:site_name\" content=\"\u00c9glise Adventiste Du Septieme Jour - Inter Am\u00e9rique Division\" \/>\n<meta property=\"article:published_time\" content=\"2007-03-23T04:00:00+00:00\" \/>\n<meta property=\"article:modified_time\" content=\"2017-06-02T17:14:40+00:00\" \/>\n<meta name=\"author\" content=\"Lorenzo Verduzco\" \/>\n<meta name=\"twitter:card\" content=\"summary_large_image\" \/>\n<meta name=\"twitter:label1\" content=\"\u00c9crit par\" \/>\n\t<meta name=\"twitter:data1\" content=\"Lorenzo Verduzco\" \/>\n\t<meta name=\"twitter:label2\" content=\"Dur\u00e9e de lecture estim\u00e9e\" \/>\n\t<meta name=\"twitter:data2\" content=\"3 minutes\" \/>\n<script type=\"application\/ld+json\" class=\"yoast-schema-graph\">{\"@context\":\"https:\\\/\\\/schema.org\",\"@graph\":[{\"@type\":\"Article\",\"@id\":\"https:\\\/\\\/interamerica.org\\\/fr\\\/2007\\\/03\\\/republique-dominicaine-leglise-se-prepare-pour-un-evenement-par-satellite-en-direct\\\/#article\",\"isPartOf\":{\"@id\":\"https:\\\/\\\/interamerica.org\\\/fr\\\/2007\\\/03\\\/republique-dominicaine-leglise-se-prepare-pour-un-evenement-par-satellite-en-direct\\\/\"},\"author\":{\"name\":\"Lorenzo Verduzco\",\"@id\":\"https:\\\/\\\/interamerica.org\\\/fr\\\/#\\\/schema\\\/person\\\/68ede8bdc292885bb76c1e3810e73c39\"},\"headline\":\"R\u00e9publique Dominicaine : l&#39;\u00c9glise Se pr\u00e9pare pour un \u00c9v\u00e9nement Par Satellite en Direct\",\"datePublished\":\"2007-03-23T04:00:00+00:00\",\"dateModified\":\"2017-06-02T17:14:40+00:00\",\"mainEntityOfPage\":{\"@id\":\"https:\\\/\\\/interamerica.org\\\/fr\\\/2007\\\/03\\\/republique-dominicaine-leglise-se-prepare-pour-un-evenement-par-satellite-en-direct\\\/\"},\"wordCount\":542,\"articleSection\":[\"Archive\"],\"inLanguage\":\"fr-FR\"},{\"@type\":\"WebPage\",\"@id\":\"https:\\\/\\\/interamerica.org\\\/fr\\\/2007\\\/03\\\/republique-dominicaine-leglise-se-prepare-pour-un-evenement-par-satellite-en-direct\\\/\",\"url\":\"https:\\\/\\\/interamerica.org\\\/fr\\\/2007\\\/03\\\/republique-dominicaine-leglise-se-prepare-pour-un-evenement-par-satellite-en-direct\\\/\",\"name\":\"R\u00e9publique Dominicaine : l&#39;\u00c9glise Se pr\u00e9pare pour un \u00c9v\u00e9nement Par Satellite en Direct - \u00c9glise Adventiste Du Septieme Jour - Inter Am\u00e9rique Division\",\"isPartOf\":{\"@id\":\"https:\\\/\\\/interamerica.org\\\/fr\\\/#website\"},\"datePublished\":\"2007-03-23T04:00:00+00:00\",\"dateModified\":\"2017-06-02T17:14:40+00:00\",\"author\":{\"@id\":\"https:\\\/\\\/interamerica.org\\\/fr\\\/#\\\/schema\\\/person\\\/68ede8bdc292885bb76c1e3810e73c39\"},\"breadcrumb\":{\"@id\":\"https:\\\/\\\/interamerica.org\\\/fr\\\/2007\\\/03\\\/republique-dominicaine-leglise-se-prepare-pour-un-evenement-par-satellite-en-direct\\\/#breadcrumb\"},\"inLanguage\":\"fr-FR\",\"potentialAction\":[{\"@type\":\"ReadAction\",\"target\":[\"https:\\\/\\\/interamerica.org\\\/fr\\\/2007\\\/03\\\/republique-dominicaine-leglise-se-prepare-pour-un-evenement-par-satellite-en-direct\\\/\"]}]},{\"@type\":\"BreadcrumbList\",\"@id\":\"https:\\\/\\\/interamerica.org\\\/fr\\\/2007\\\/03\\\/republique-dominicaine-leglise-se-prepare-pour-un-evenement-par-satellite-en-direct\\\/#breadcrumb\",\"itemListElement\":[{\"@type\":\"ListItem\",\"position\":1,\"name\":\"Home\",\"item\":\"https:\\\/\\\/interamerica.org\\\/fr\\\/\"},{\"@type\":\"ListItem\",\"position\":2,\"name\":\"R\u00e9publique Dominicaine : l&#39;\u00c9glise Se pr\u00e9pare pour un \u00c9v\u00e9nement Par Satellite en Direct\"}]},{\"@type\":\"WebSite\",\"@id\":\"https:\\\/\\\/interamerica.org\\\/fr\\\/#website\",\"url\":\"https:\\\/\\\/interamerica.org\\\/fr\\\/\",\"name\":\"\u00c9glise Adventiste Du Septieme Jour - Inter Am\u00e9rique Division\",\"description\":\"\",\"potentialAction\":[{\"@type\":\"SearchAction\",\"target\":{\"@type\":\"EntryPoint\",\"urlTemplate\":\"https:\\\/\\\/interamerica.org\\\/fr\\\/?s={search_term_string}\"},\"query-input\":{\"@type\":\"PropertyValueSpecification\",\"valueRequired\":true,\"valueName\":\"search_term_string\"}}],\"inLanguage\":\"fr-FR\"},{\"@type\":\"Person\",\"@id\":\"https:\\\/\\\/interamerica.org\\\/fr\\\/#\\\/schema\\\/person\\\/68ede8bdc292885bb76c1e3810e73c39\",\"name\":\"Lorenzo Verduzco\",\"image\":{\"@type\":\"ImageObject\",\"inLanguage\":\"fr-FR\",\"@id\":\"https:\\\/\\\/secure.gravatar.com\\\/avatar\\\/fb81a55b6218459490a9c1dc841a34909185b81904c5337b4b27f7a6fd60c49e?s=96&d=mm&r=g\",\"url\":\"https:\\\/\\\/secure.gravatar.com\\\/avatar\\\/fb81a55b6218459490a9c1dc841a34909185b81904c5337b4b27f7a6fd60c49e?s=96&d=mm&r=g\",\"contentUrl\":\"https:\\\/\\\/secure.gravatar.com\\\/avatar\\\/fb81a55b6218459490a9c1dc841a34909185b81904c5337b4b27f7a6fd60c49e?s=96&d=mm&r=g\",\"caption\":\"Lorenzo Verduzco\"}}]}<\/script>\n<!-- \/ Yoast SEO plugin. -->","yoast_head_json":{"title":"R\u00e9publique Dominicaine : l&#39;\u00c9glise Se pr\u00e9pare pour un \u00c9v\u00e9nement Par Satellite en Direct - \u00c9glise Adventiste Du Septieme Jour - Inter Am\u00e9rique Division","robots":{"index":"index","follow":"follow","max-snippet":"max-snippet:-1","max-image-preview":"max-image-preview:large","max-video-preview":"max-video-preview:-1"},"canonical":"https:\/\/interamerica.org\/fr\/2007\/03\/republique-dominicaine-leglise-se-prepare-pour-un-evenement-par-satellite-en-direct\/","og_locale":"fr_FR","og_type":"article","og_title":"R\u00e9publique Dominicaine : l&#39;\u00c9glise Se pr\u00e9pare pour un \u00c9v\u00e9nement Par Satellite en Direct - \u00c9glise Adventiste Du Septieme Jour - Inter Am\u00e9rique Division","og_description":"En terminant les campagnes d&#39;\u00e9vang\u00e9lisations tenues dans des centaines d&#39;\u00e9glises adventistes du septi\u00e8me jour dans tout le territoire de la R\u00e9publique Dominicaine cette fin de semaine...","og_url":"https:\/\/interamerica.org\/fr\/2007\/03\/republique-dominicaine-leglise-se-prepare-pour-un-evenement-par-satellite-en-direct\/","og_site_name":"\u00c9glise Adventiste Du Septieme Jour - Inter Am\u00e9rique Division","article_published_time":"2007-03-23T04:00:00+00:00","article_modified_time":"2017-06-02T17:14:40+00:00","author":"Lorenzo Verduzco","twitter_card":"summary_large_image","twitter_misc":{"\u00c9crit par":"Lorenzo Verduzco","Dur\u00e9e de lecture estim\u00e9e":"3 minutes"},"schema":{"@context":"https:\/\/schema.org","@graph":[{"@type":"Article","@id":"https:\/\/interamerica.org\/fr\/2007\/03\/republique-dominicaine-leglise-se-prepare-pour-un-evenement-par-satellite-en-direct\/#article","isPartOf":{"@id":"https:\/\/interamerica.org\/fr\/2007\/03\/republique-dominicaine-leglise-se-prepare-pour-un-evenement-par-satellite-en-direct\/"},"author":{"name":"Lorenzo Verduzco","@id":"https:\/\/interamerica.org\/fr\/#\/schema\/person\/68ede8bdc292885bb76c1e3810e73c39"},"headline":"R\u00e9publique Dominicaine : l&#39;\u00c9glise Se pr\u00e9pare pour un \u00c9v\u00e9nement Par Satellite en Direct","datePublished":"2007-03-23T04:00:00+00:00","dateModified":"2017-06-02T17:14:40+00:00","mainEntityOfPage":{"@id":"https:\/\/interamerica.org\/fr\/2007\/03\/republique-dominicaine-leglise-se-prepare-pour-un-evenement-par-satellite-en-direct\/"},"wordCount":542,"articleSection":["Archive"],"inLanguage":"fr-FR"},{"@type":"WebPage","@id":"https:\/\/interamerica.org\/fr\/2007\/03\/republique-dominicaine-leglise-se-prepare-pour-un-evenement-par-satellite-en-direct\/","url":"https:\/\/interamerica.org\/fr\/2007\/03\/republique-dominicaine-leglise-se-prepare-pour-un-evenement-par-satellite-en-direct\/","name":"R\u00e9publique Dominicaine : l&#39;\u00c9glise Se pr\u00e9pare pour un \u00c9v\u00e9nement Par Satellite en Direct - \u00c9glise Adventiste Du Septieme Jour - Inter Am\u00e9rique Division","isPartOf":{"@id":"https:\/\/interamerica.org\/fr\/#website"},"datePublished":"2007-03-23T04:00:00+00:00","dateModified":"2017-06-02T17:14:40+00:00","author":{"@id":"https:\/\/interamerica.org\/fr\/#\/schema\/person\/68ede8bdc292885bb76c1e3810e73c39"},"breadcrumb":{"@id":"https:\/\/interamerica.org\/fr\/2007\/03\/republique-dominicaine-leglise-se-prepare-pour-un-evenement-par-satellite-en-direct\/#breadcrumb"},"inLanguage":"fr-FR","potentialAction":[{"@type":"ReadAction","target":["https:\/\/interamerica.org\/fr\/2007\/03\/republique-dominicaine-leglise-se-prepare-pour-un-evenement-par-satellite-en-direct\/"]}]},{"@type":"BreadcrumbList","@id":"https:\/\/interamerica.org\/fr\/2007\/03\/republique-dominicaine-leglise-se-prepare-pour-un-evenement-par-satellite-en-direct\/#breadcrumb","itemListElement":[{"@type":"ListItem","position":1,"name":"Home","item":"https:\/\/interamerica.org\/fr\/"},{"@type":"ListItem","position":2,"name":"R\u00e9publique Dominicaine : l&#39;\u00c9glise Se pr\u00e9pare pour un \u00c9v\u00e9nement Par Satellite en Direct"}]},{"@type":"WebSite","@id":"https:\/\/interamerica.org\/fr\/#website","url":"https:\/\/interamerica.org\/fr\/","name":"\u00c9glise Adventiste Du Septieme Jour - Inter Am\u00e9rique Division","description":"","potentialAction":[{"@type":"SearchAction","target":{"@type":"EntryPoint","urlTemplate":"https:\/\/interamerica.org\/fr\/?s={search_term_string}"},"query-input":{"@type":"PropertyValueSpecification","valueRequired":true,"valueName":"search_term_string"}}],"inLanguage":"fr-FR"},{"@type":"Person","@id":"https:\/\/interamerica.org\/fr\/#\/schema\/person\/68ede8bdc292885bb76c1e3810e73c39","name":"Lorenzo Verduzco","image":{"@type":"ImageObject","inLanguage":"fr-FR","@id":"https:\/\/secure.gravatar.com\/avatar\/fb81a55b6218459490a9c1dc841a34909185b81904c5337b4b27f7a6fd60c49e?s=96&d=mm&r=g","url":"https:\/\/secure.gravatar.com\/avatar\/fb81a55b6218459490a9c1dc841a34909185b81904c5337b4b27f7a6fd60c49e?s=96&d=mm&r=g","contentUrl":"https:\/\/secure.gravatar.com\/avatar\/fb81a55b6218459490a9c1dc841a34909185b81904c5337b4b27f7a6fd60c49e?s=96&d=mm&r=g","caption":"Lorenzo Verduzco"}}]}},"_links":{"self":[{"href":"https:\/\/interamerica.org\/fr\/wp-json\/wp\/v2\/posts\/12713","targetHints":{"allow":["GET"]}}],"collection":[{"href":"https:\/\/interamerica.org\/fr\/wp-json\/wp\/v2\/posts"}],"about":[{"href":"https:\/\/interamerica.org\/fr\/wp-json\/wp\/v2\/types\/post"}],"author":[{"embeddable":true,"href":"https:\/\/interamerica.org\/fr\/wp-json\/wp\/v2\/users\/1"}],"replies":[{"embeddable":true,"href":"https:\/\/interamerica.org\/fr\/wp-json\/wp\/v2\/comments?post=12713"}],"version-history":[{"count":0,"href":"https:\/\/interamerica.org\/fr\/wp-json\/wp\/v2\/posts\/12713\/revisions"}],"wp:attachment":[{"href":"https:\/\/interamerica.org\/fr\/wp-json\/wp\/v2\/media?parent=12713"}],"wp:term":[{"taxonomy":"category","embeddable":true,"href":"https:\/\/interamerica.org\/fr\/wp-json\/wp\/v2\/categories?post=12713"},{"taxonomy":"post_tag","embeddable":true,"href":"https:\/\/interamerica.org\/fr\/wp-json\/wp\/v2\/tags?post=12713"}],"curies":[{"name":"wp","href":"https:\/\/api.w.org\/{rel}","templated":true}]}}