{"id":12715,"date":"2007-03-20T00:00:00","date_gmt":"2007-03-20T04:00:00","guid":{"rendered":"http:\/\/192.81.217.108\/interamerica\/2007\/03\/eglise-mondiale-le-forum-annuel-de-levangelisation-par-internet-devient-radical\/"},"modified":"2017-06-02T13:14:42","modified_gmt":"2017-06-02T17:14:42","slug":"eglise-mondiale-le-forum-annuel-de-levangelisation-par-internet-devient-radical","status":"publish","type":"post","link":"https:\/\/interamerica.org\/fr\/2007\/03\/eglise-mondiale-le-forum-annuel-de-levangelisation-par-internet-devient-radical\/","title":{"rendered":"Eglise mondiale : Le Forum Annuel de l&rsquo;Evang\u00e9lisation par Internet devient radical"},"content":{"rendered":"<p>March 20, 2007 Binfield, Bracknell, Berkshire, Royaume-Uni &#8230;. [Elizabeth Lechleitner\/ANN]Depuis quatre ans, les sp\u00e9cialistes de l&rsquo;\u00e9vang\u00e9lisation adventiste et les &lsquo;gourous d&rsquo;internet&rsquo; se rassemblent \u00e0 l&rsquo;occasion du Forum Mondial du R\u00e9seau de l&rsquo;Evang\u00e9lisation par Internet (GIEN), pour d\u00e9velopper la pr\u00e9sence de l&rsquo;\u00e9glise adventiste mondiale sur internet, et pour aiguiser sa pertinence au sein d&rsquo;une soci\u00e9t\u00e9 de plus en plus internationale et d\u00e9termin\u00e9e par les technologies. Du 28 juin au 1er juillet, au moins cent personnes sont attendues sur le campus de l&rsquo;universit\u00e9 adventiste de Newbold College pour le cinqui\u00e8me forum annuel du GIEN. Le th\u00e8me choisi est : &lsquo;Au-del\u00e0 des fronti\u00e8res : une m\u00e9thode radicale, un message radical et un J\u00e9sus radical&rsquo;. D&rsquo;apr\u00e8s Mark Finley, vice-pr\u00e9sident de l&rsquo;\u00e9glise mondiale et directeur du Centre de l&rsquo;Evang\u00e9lisation Mondiale de l&rsquo;\u00e9glise adventiste, ce forum est destin\u00e9 \u00e0 \u00ab stimuler la cr\u00e9ation et \u00e0 imaginer des moyens de communication, pour diffuser diff\u00e9remment le message de Dieu, la v\u00e9rit\u00e9 \u00e9ternelle sur Internet \u00bb. Cette rencontre est une initiative du Conseil de l&rsquo;Evang\u00e9lisation et du T\u00e9moignage de l&rsquo;\u00e9glise. Le forum international de cette ann\u00e9e, qui a lieu en Europe pour la premi\u00e8re fois, abordera des sujets de r\u00e9flexion modernes et essentiels tels que le la\u00efcisme, le postmodernisme et la mondialisation. Les participants s&rsquo;attaqueront aussi au concept de spiritualit\u00e9 et d&rsquo;\u00e9thique \u00e0 l&rsquo;\u00e8re d&rsquo;Internet, plus particuli\u00e8rement \u00e0 la question de savoir si les valeurs traditionnelles gouvernent encore les relations virtuelles. Rajmund Dabrowski, directeur des communications \u00e0 la Conf\u00e9rence G\u00e9n\u00e9rale, affirme : \u00ab Le forum s&rsquo;int\u00e9resse \u00e0 explorer une nouvelle r\u00e9flexion et de nouveaux domaines d&rsquo;int\u00e9r\u00eat, pour que la mission, le message et les ressources de l&rsquo;\u00e9glise s&rsquo;int\u00e8grent dans les challenges de ce nouveau et passionnant royaume de la civilisation en ligne \u00bb. R. Dabrowski cro\u00eet que l&rsquo;Europe constitue le contexte id\u00e9al pour explorer comment associer au mieux la technologie et l&rsquo;\u00e9vang\u00e9lisation, dans le but de communiquer avec le la\u00efc et le postmoderne. \u00ab Ce travail n\u00e9cessite de sortir de nos habitudes, afin de trouver de nouvelles m\u00e9thodes pour capter l&rsquo;attention de la g\u00e9n\u00e9ration actuelle \u00bb. Pour de plus amples informations, une pr\u00e9sentation du programme ou la liste des orateurs, ou pour s&rsquo;inscrire pour le forum du GIEN de cette ann\u00e9e, consultez http:\/\/gien.adventist.org\/forum2007\/index.htmlCopyright \u00a9 2004 Adventist News Network.<\/p>\n","protected":false},"excerpt":{"rendered":"<p>Depuis quatre ans, les sp\u00e9cialistes de l&rsquo;\u00e9vang\u00e9lisation adventiste et les &lsquo;gourous d&rsquo;internet&rsquo; se rassemblent \u00e0 l&rsquo;occasion du Forum Mondial du R\u00e9seau de l&rsquo;Evang\u00e9lisation par Internet (GIEN), pour d\u00e9velopper la pr\u00e9sence de l&rsquo;\u00e9glise adventiste mondiale sur<\/p>\n","protected":false},"author":1,"featured_media":0,"comment_status":"closed","ping_status":"closed","sticky":false,"template":"","format":"standard","meta":{"_acf_changed":false,"footnotes":""},"categories":[9],"tags":[],"class_list":["post-12715","post","type-post","status-publish","format-standard","hentry","category-archive-fr"],"acf":[],"yoast_head":"<!-- This site is optimized with the Yoast SEO plugin v27.3 - https:\/\/yoast.com\/product\/yoast-seo-wordpress\/ -->\n<title>Eglise mondiale : Le Forum Annuel de l&#039;Evang\u00e9lisation par Internet devient radical - \u00c9glise Adventiste Du Septieme Jour - Inter Am\u00e9rique Division<\/title>\n<meta name=\"robots\" content=\"index, follow, max-snippet:-1, max-image-preview:large, max-video-preview:-1\" \/>\n<link rel=\"canonical\" href=\"https:\/\/interamerica.org\/fr\/2007\/03\/eglise-mondiale-le-forum-annuel-de-levangelisation-par-internet-devient-radical\/\" \/>\n<meta property=\"og:locale\" content=\"fr_FR\" \/>\n<meta property=\"og:type\" content=\"article\" \/>\n<meta property=\"og:title\" content=\"Eglise mondiale : Le Forum Annuel de l&#039;Evang\u00e9lisation par Internet devient radical - \u00c9glise Adventiste Du Septieme Jour - Inter Am\u00e9rique Division\" \/>\n<meta property=\"og:description\" content=\"Depuis quatre ans, les sp\u00e9cialistes de l&#039;\u00e9vang\u00e9lisation adventiste et les &#039;gourous d&#039;internet&#039; se rassemblent \u00e0 l&#039;occasion du Forum Mondial du R\u00e9seau de l&#039;Evang\u00e9lisation par Internet (GIEN), pour d\u00e9velopper la pr\u00e9sence de l&#039;\u00e9glise adventiste mondiale sur\" \/>\n<meta property=\"og:url\" content=\"https:\/\/interamerica.org\/fr\/2007\/03\/eglise-mondiale-le-forum-annuel-de-levangelisation-par-internet-devient-radical\/\" \/>\n<meta property=\"og:site_name\" content=\"\u00c9glise Adventiste Du Septieme Jour - Inter Am\u00e9rique Division\" \/>\n<meta property=\"article:published_time\" content=\"2007-03-20T04:00:00+00:00\" \/>\n<meta property=\"article:modified_time\" content=\"2017-06-02T17:14:42+00:00\" \/>\n<meta name=\"author\" content=\"Lorenzo Verduzco\" \/>\n<meta name=\"twitter:card\" content=\"summary_large_image\" \/>\n<meta name=\"twitter:label1\" content=\"\u00c9crit par\" \/>\n\t<meta name=\"twitter:data1\" content=\"Lorenzo Verduzco\" \/>\n\t<meta name=\"twitter:label2\" content=\"Dur\u00e9e de lecture estim\u00e9e\" \/>\n\t<meta name=\"twitter:data2\" content=\"2 minutes\" \/>\n<script type=\"application\/ld+json\" class=\"yoast-schema-graph\">{\"@context\":\"https:\\\/\\\/schema.org\",\"@graph\":[{\"@type\":\"Article\",\"@id\":\"https:\\\/\\\/interamerica.org\\\/fr\\\/2007\\\/03\\\/eglise-mondiale-le-forum-annuel-de-levangelisation-par-internet-devient-radical\\\/#article\",\"isPartOf\":{\"@id\":\"https:\\\/\\\/interamerica.org\\\/fr\\\/2007\\\/03\\\/eglise-mondiale-le-forum-annuel-de-levangelisation-par-internet-devient-radical\\\/\"},\"author\":{\"name\":\"Lorenzo Verduzco\",\"@id\":\"https:\\\/\\\/interamerica.org\\\/fr\\\/#\\\/schema\\\/person\\\/68ede8bdc292885bb76c1e3810e73c39\"},\"headline\":\"Eglise mondiale : Le Forum Annuel de l&rsquo;Evang\u00e9lisation par Internet devient radical\",\"datePublished\":\"2007-03-20T04:00:00+00:00\",\"dateModified\":\"2017-06-02T17:14:42+00:00\",\"mainEntityOfPage\":{\"@id\":\"https:\\\/\\\/interamerica.org\\\/fr\\\/2007\\\/03\\\/eglise-mondiale-le-forum-annuel-de-levangelisation-par-internet-devient-radical\\\/\"},\"wordCount\":438,\"articleSection\":[\"Archive\"],\"inLanguage\":\"fr-FR\"},{\"@type\":\"WebPage\",\"@id\":\"https:\\\/\\\/interamerica.org\\\/fr\\\/2007\\\/03\\\/eglise-mondiale-le-forum-annuel-de-levangelisation-par-internet-devient-radical\\\/\",\"url\":\"https:\\\/\\\/interamerica.org\\\/fr\\\/2007\\\/03\\\/eglise-mondiale-le-forum-annuel-de-levangelisation-par-internet-devient-radical\\\/\",\"name\":\"Eglise mondiale : Le Forum Annuel de l'Evang\u00e9lisation par Internet devient radical - \u00c9glise Adventiste Du Septieme Jour - Inter Am\u00e9rique Division\",\"isPartOf\":{\"@id\":\"https:\\\/\\\/interamerica.org\\\/fr\\\/#website\"},\"datePublished\":\"2007-03-20T04:00:00+00:00\",\"dateModified\":\"2017-06-02T17:14:42+00:00\",\"author\":{\"@id\":\"https:\\\/\\\/interamerica.org\\\/fr\\\/#\\\/schema\\\/person\\\/68ede8bdc292885bb76c1e3810e73c39\"},\"breadcrumb\":{\"@id\":\"https:\\\/\\\/interamerica.org\\\/fr\\\/2007\\\/03\\\/eglise-mondiale-le-forum-annuel-de-levangelisation-par-internet-devient-radical\\\/#breadcrumb\"},\"inLanguage\":\"fr-FR\",\"potentialAction\":[{\"@type\":\"ReadAction\",\"target\":[\"https:\\\/\\\/interamerica.org\\\/fr\\\/2007\\\/03\\\/eglise-mondiale-le-forum-annuel-de-levangelisation-par-internet-devient-radical\\\/\"]}]},{\"@type\":\"BreadcrumbList\",\"@id\":\"https:\\\/\\\/interamerica.org\\\/fr\\\/2007\\\/03\\\/eglise-mondiale-le-forum-annuel-de-levangelisation-par-internet-devient-radical\\\/#breadcrumb\",\"itemListElement\":[{\"@type\":\"ListItem\",\"position\":1,\"name\":\"Home\",\"item\":\"https:\\\/\\\/interamerica.org\\\/fr\\\/\"},{\"@type\":\"ListItem\",\"position\":2,\"name\":\"Eglise mondiale : Le Forum Annuel de l&rsquo;Evang\u00e9lisation par Internet devient radical\"}]},{\"@type\":\"WebSite\",\"@id\":\"https:\\\/\\\/interamerica.org\\\/fr\\\/#website\",\"url\":\"https:\\\/\\\/interamerica.org\\\/fr\\\/\",\"name\":\"\u00c9glise Adventiste Du Septieme Jour - Inter Am\u00e9rique Division\",\"description\":\"\",\"potentialAction\":[{\"@type\":\"SearchAction\",\"target\":{\"@type\":\"EntryPoint\",\"urlTemplate\":\"https:\\\/\\\/interamerica.org\\\/fr\\\/?s={search_term_string}\"},\"query-input\":{\"@type\":\"PropertyValueSpecification\",\"valueRequired\":true,\"valueName\":\"search_term_string\"}}],\"inLanguage\":\"fr-FR\"},{\"@type\":\"Person\",\"@id\":\"https:\\\/\\\/interamerica.org\\\/fr\\\/#\\\/schema\\\/person\\\/68ede8bdc292885bb76c1e3810e73c39\",\"name\":\"Lorenzo Verduzco\",\"image\":{\"@type\":\"ImageObject\",\"inLanguage\":\"fr-FR\",\"@id\":\"https:\\\/\\\/secure.gravatar.com\\\/avatar\\\/fb81a55b6218459490a9c1dc841a34909185b81904c5337b4b27f7a6fd60c49e?s=96&d=mm&r=g\",\"url\":\"https:\\\/\\\/secure.gravatar.com\\\/avatar\\\/fb81a55b6218459490a9c1dc841a34909185b81904c5337b4b27f7a6fd60c49e?s=96&d=mm&r=g\",\"contentUrl\":\"https:\\\/\\\/secure.gravatar.com\\\/avatar\\\/fb81a55b6218459490a9c1dc841a34909185b81904c5337b4b27f7a6fd60c49e?s=96&d=mm&r=g\",\"caption\":\"Lorenzo Verduzco\"}}]}<\/script>\n<!-- \/ Yoast SEO plugin. -->","yoast_head_json":{"title":"Eglise mondiale : Le Forum Annuel de l'Evang\u00e9lisation par Internet devient radical - \u00c9glise Adventiste Du Septieme Jour - Inter Am\u00e9rique Division","robots":{"index":"index","follow":"follow","max-snippet":"max-snippet:-1","max-image-preview":"max-image-preview:large","max-video-preview":"max-video-preview:-1"},"canonical":"https:\/\/interamerica.org\/fr\/2007\/03\/eglise-mondiale-le-forum-annuel-de-levangelisation-par-internet-devient-radical\/","og_locale":"fr_FR","og_type":"article","og_title":"Eglise mondiale : Le Forum Annuel de l'Evang\u00e9lisation par Internet devient radical - \u00c9glise Adventiste Du Septieme Jour - Inter Am\u00e9rique Division","og_description":"Depuis quatre ans, les sp\u00e9cialistes de l'\u00e9vang\u00e9lisation adventiste et les 'gourous d'internet' se rassemblent \u00e0 l'occasion du Forum Mondial du R\u00e9seau de l'Evang\u00e9lisation par Internet (GIEN), pour d\u00e9velopper la pr\u00e9sence de l'\u00e9glise adventiste mondiale sur","og_url":"https:\/\/interamerica.org\/fr\/2007\/03\/eglise-mondiale-le-forum-annuel-de-levangelisation-par-internet-devient-radical\/","og_site_name":"\u00c9glise Adventiste Du Septieme Jour - Inter Am\u00e9rique Division","article_published_time":"2007-03-20T04:00:00+00:00","article_modified_time":"2017-06-02T17:14:42+00:00","author":"Lorenzo Verduzco","twitter_card":"summary_large_image","twitter_misc":{"\u00c9crit par":"Lorenzo Verduzco","Dur\u00e9e de lecture estim\u00e9e":"2 minutes"},"schema":{"@context":"https:\/\/schema.org","@graph":[{"@type":"Article","@id":"https:\/\/interamerica.org\/fr\/2007\/03\/eglise-mondiale-le-forum-annuel-de-levangelisation-par-internet-devient-radical\/#article","isPartOf":{"@id":"https:\/\/interamerica.org\/fr\/2007\/03\/eglise-mondiale-le-forum-annuel-de-levangelisation-par-internet-devient-radical\/"},"author":{"name":"Lorenzo Verduzco","@id":"https:\/\/interamerica.org\/fr\/#\/schema\/person\/68ede8bdc292885bb76c1e3810e73c39"},"headline":"Eglise mondiale : Le Forum Annuel de l&rsquo;Evang\u00e9lisation par Internet devient radical","datePublished":"2007-03-20T04:00:00+00:00","dateModified":"2017-06-02T17:14:42+00:00","mainEntityOfPage":{"@id":"https:\/\/interamerica.org\/fr\/2007\/03\/eglise-mondiale-le-forum-annuel-de-levangelisation-par-internet-devient-radical\/"},"wordCount":438,"articleSection":["Archive"],"inLanguage":"fr-FR"},{"@type":"WebPage","@id":"https:\/\/interamerica.org\/fr\/2007\/03\/eglise-mondiale-le-forum-annuel-de-levangelisation-par-internet-devient-radical\/","url":"https:\/\/interamerica.org\/fr\/2007\/03\/eglise-mondiale-le-forum-annuel-de-levangelisation-par-internet-devient-radical\/","name":"Eglise mondiale : Le Forum Annuel de l'Evang\u00e9lisation par Internet devient radical - \u00c9glise Adventiste Du Septieme Jour - Inter Am\u00e9rique Division","isPartOf":{"@id":"https:\/\/interamerica.org\/fr\/#website"},"datePublished":"2007-03-20T04:00:00+00:00","dateModified":"2017-06-02T17:14:42+00:00","author":{"@id":"https:\/\/interamerica.org\/fr\/#\/schema\/person\/68ede8bdc292885bb76c1e3810e73c39"},"breadcrumb":{"@id":"https:\/\/interamerica.org\/fr\/2007\/03\/eglise-mondiale-le-forum-annuel-de-levangelisation-par-internet-devient-radical\/#breadcrumb"},"inLanguage":"fr-FR","potentialAction":[{"@type":"ReadAction","target":["https:\/\/interamerica.org\/fr\/2007\/03\/eglise-mondiale-le-forum-annuel-de-levangelisation-par-internet-devient-radical\/"]}]},{"@type":"BreadcrumbList","@id":"https:\/\/interamerica.org\/fr\/2007\/03\/eglise-mondiale-le-forum-annuel-de-levangelisation-par-internet-devient-radical\/#breadcrumb","itemListElement":[{"@type":"ListItem","position":1,"name":"Home","item":"https:\/\/interamerica.org\/fr\/"},{"@type":"ListItem","position":2,"name":"Eglise mondiale : Le Forum Annuel de l&rsquo;Evang\u00e9lisation par Internet devient radical"}]},{"@type":"WebSite","@id":"https:\/\/interamerica.org\/fr\/#website","url":"https:\/\/interamerica.org\/fr\/","name":"\u00c9glise Adventiste Du Septieme Jour - Inter Am\u00e9rique Division","description":"","potentialAction":[{"@type":"SearchAction","target":{"@type":"EntryPoint","urlTemplate":"https:\/\/interamerica.org\/fr\/?s={search_term_string}"},"query-input":{"@type":"PropertyValueSpecification","valueRequired":true,"valueName":"search_term_string"}}],"inLanguage":"fr-FR"},{"@type":"Person","@id":"https:\/\/interamerica.org\/fr\/#\/schema\/person\/68ede8bdc292885bb76c1e3810e73c39","name":"Lorenzo Verduzco","image":{"@type":"ImageObject","inLanguage":"fr-FR","@id":"https:\/\/secure.gravatar.com\/avatar\/fb81a55b6218459490a9c1dc841a34909185b81904c5337b4b27f7a6fd60c49e?s=96&d=mm&r=g","url":"https:\/\/secure.gravatar.com\/avatar\/fb81a55b6218459490a9c1dc841a34909185b81904c5337b4b27f7a6fd60c49e?s=96&d=mm&r=g","contentUrl":"https:\/\/secure.gravatar.com\/avatar\/fb81a55b6218459490a9c1dc841a34909185b81904c5337b4b27f7a6fd60c49e?s=96&d=mm&r=g","caption":"Lorenzo Verduzco"}}]}},"_links":{"self":[{"href":"https:\/\/interamerica.org\/fr\/wp-json\/wp\/v2\/posts\/12715","targetHints":{"allow":["GET"]}}],"collection":[{"href":"https:\/\/interamerica.org\/fr\/wp-json\/wp\/v2\/posts"}],"about":[{"href":"https:\/\/interamerica.org\/fr\/wp-json\/wp\/v2\/types\/post"}],"author":[{"embeddable":true,"href":"https:\/\/interamerica.org\/fr\/wp-json\/wp\/v2\/users\/1"}],"replies":[{"embeddable":true,"href":"https:\/\/interamerica.org\/fr\/wp-json\/wp\/v2\/comments?post=12715"}],"version-history":[{"count":0,"href":"https:\/\/interamerica.org\/fr\/wp-json\/wp\/v2\/posts\/12715\/revisions"}],"wp:attachment":[{"href":"https:\/\/interamerica.org\/fr\/wp-json\/wp\/v2\/media?parent=12715"}],"wp:term":[{"taxonomy":"category","embeddable":true,"href":"https:\/\/interamerica.org\/fr\/wp-json\/wp\/v2\/categories?post=12715"},{"taxonomy":"post_tag","embeddable":true,"href":"https:\/\/interamerica.org\/fr\/wp-json\/wp\/v2\/tags?post=12715"}],"curies":[{"name":"wp","href":"https:\/\/api.w.org\/{rel}","templated":true}]}}