{"id":12717,"date":"2007-03-27T00:00:00","date_gmt":"2007-03-27T04:00:00","guid":{"rendered":"http:\/\/192.81.217.108\/interamerica\/2007\/03\/eglise-mondiale-big-apple-new-york-prochaine-etape-pour-le-dialogue\/"},"modified":"2017-06-02T13:14:38","modified_gmt":"2017-06-02T17:14:38","slug":"eglise-mondiale-big-apple-new-york-prochaine-etape-pour-le-dialogue","status":"publish","type":"post","link":"https:\/\/interamerica.org\/fr\/2007\/03\/eglise-mondiale-big-apple-new-york-prochaine-etape-pour-le-dialogue\/","title":{"rendered":"Eglise Mondiale: \u00ab\u00a0Big Apple\u00a0\u00bb (New York) Prochaine Etape pour le Dialogue"},"content":{"rendered":"<p>27 mars 2007, New York, New York, Etats-Unis&#8230; (Jennifer Stymiest\/Staff de ANN) <\/p>\n<p>Le pr\u00e9sident de l&#39;Eglise Adventiste mondiale, Pasteur Jan Paulsen, rencontrera une trentaine d&#39;\u00e9tudiants et de jeunes professionnels dans la ville de New York le 29 mars pour une nouvelle pr\u00e9sentation de la s\u00e9rie \u00ab\u00a0Dialoguons\u00a0\u00bb.  L&#39;initiative du Pasteur Paulsen \u00e0 l&#39;intention des jeunes vise \u00e0 des rencontres en directe, au cours de conversations non pr\u00e9par\u00e9es et non r\u00e9dig\u00e9es qui permettent aux  jeunes de consid\u00e9rer leurs probl\u00e8mes, leurs pr\u00e9occupations et leur avenir. <\/p>\n<p>Bryan Collick, \u00e2g\u00e9 de 27 ans, dirigera la pr\u00e9sentation &#39;Dialoguons&#39; de New York, la quinzi\u00e8me conversation de l&#39;\u00e9mission de la s\u00e9rie.  \u00ab\u00a0La s\u00e9rie &#39;Dialoguons&#39; de la Ville de New York est importante car une tr\u00e8s grande majorit\u00e9 de la population mondiale r\u00e9side dans les milieux urbains,\u00a0\u00bb d\u00e9clare Collick. <\/p>\n<p>\u00ab\u00a0C&#39;est merveilleux que le Pasteur Paulsen s&#39;adresse \u00e0 l&#39;\u00e9glise au coeur de l&#39;une des plus grandes villes du monde, et c&#39;est encourageant de voir que le dirigeant de l&#39;\u00e9glise Adventiste s&#39;adresse non seulement aux jeunes, mais maintient le contact avec  toutes les r\u00e9gions d\u00e9mographiques au cours de conversations ouvertes.\u00a0\u00bb <\/p>\n<p>Parall\u00e8lement aux \u00e9missions r\u00e9guli\u00e8res de l&#39;\u00e9mission de la s\u00e9rie &#39;Dialoguons&#39; de New York, le cin\u00e9aste Adventiste Paul Kim enregistrera un documentaire de la s\u00e9rie &#39;Dialoguons&#39; et son impact sur les jeunes de l&#39;\u00e9glise.  \u00ab\u00a0La s\u00e9rie &#39;Dialoguons&#39;:  Dans les Coulisses c&#39;est une vision honn\u00eate de l&#39;une des plus importantes initiatives de jeunes et d&#39;adultes mise en place par un dirigeant important de notre d\u00e9nomination au cours de notre histoire, avance\u00a0\u00bb Kim. <\/p>\n<p>\u00ab\u00a0La s\u00e9rie &#39;Dialoguons&#39; est plus qu&#39;une toute derni\u00e8re \u00e9mission ou une m\u00e9thode d&#39;\u00e9vang\u00e9lisation; c&#39;est une pr\u00e9occupation que nous avons en tant que communaut\u00e9,\u00a0\u00bb ajoute-t-il. <\/p>\n<p>La s\u00e9rie &#39;Dialoguons&#39; peut \u00eatre visionn\u00e9e sur le &#39;Hope Channel&#39; ou sur l&#39;Internet au <a  href=\"http:\/\/www.hopetv.org\/\">www.hopetv.org<\/a >.  Pour plus d&#39;informations et \u00e0 propos des heures de retransmission visitez le site Web Let&#39;s Talk:  <a  href=\"http:\/\/www.letstalk.adventist.org\/\">www.letstalk.adventist.org<\/a >, ou le site Hope Channel. <\/p>\n","protected":false},"excerpt":{"rendered":"<p>Le pr\u00e9sident de l&#39;Eglise Adventiste mondiale, Pasteur Jan Paulsen, rencontrera une trentaine d&#39;\u00e9tudiants et de jeunes professionnels dans la ville de New York le 29 mars pour une nouvelle pr\u00e9sentation de la s\u00e9rie \u00ab\u00a0<\/p>\n","protected":false},"author":1,"featured_media":0,"comment_status":"closed","ping_status":"closed","sticky":false,"template":"","format":"standard","meta":{"_acf_changed":false,"footnotes":""},"categories":[9],"tags":[],"class_list":["post-12717","post","type-post","status-publish","format-standard","hentry","category-archive-fr"],"acf":[],"yoast_head":"<!-- This site is optimized with the Yoast SEO plugin v27.3 - https:\/\/yoast.com\/product\/yoast-seo-wordpress\/ -->\n<title>Eglise Mondiale: &quot;Big Apple&quot; (New York) Prochaine Etape pour le Dialogue - \u00c9glise Adventiste Du Septieme Jour - Inter Am\u00e9rique Division<\/title>\n<meta name=\"robots\" content=\"index, follow, max-snippet:-1, max-image-preview:large, max-video-preview:-1\" \/>\n<link rel=\"canonical\" href=\"https:\/\/interamerica.org\/fr\/2007\/03\/eglise-mondiale-big-apple-new-york-prochaine-etape-pour-le-dialogue\/\" \/>\n<meta property=\"og:locale\" content=\"fr_FR\" \/>\n<meta property=\"og:type\" content=\"article\" \/>\n<meta property=\"og:title\" content=\"Eglise Mondiale: &quot;Big Apple&quot; (New York) Prochaine Etape pour le Dialogue - \u00c9glise Adventiste Du Septieme Jour - Inter Am\u00e9rique Division\" \/>\n<meta property=\"og:description\" content=\"Le pr\u00e9sident de l&#039;Eglise Adventiste mondiale, Pasteur Jan Paulsen, rencontrera une trentaine d&#039;\u00e9tudiants et de jeunes professionnels dans la ville de New York le 29 mars pour une nouvelle pr\u00e9sentation de la s\u00e9rie &quot;\" \/>\n<meta property=\"og:url\" content=\"https:\/\/interamerica.org\/fr\/2007\/03\/eglise-mondiale-big-apple-new-york-prochaine-etape-pour-le-dialogue\/\" \/>\n<meta property=\"og:site_name\" content=\"\u00c9glise Adventiste Du Septieme Jour - Inter Am\u00e9rique Division\" \/>\n<meta property=\"article:published_time\" content=\"2007-03-27T04:00:00+00:00\" \/>\n<meta property=\"article:modified_time\" content=\"2017-06-02T17:14:38+00:00\" \/>\n<meta name=\"author\" content=\"Lorenzo Verduzco\" \/>\n<meta name=\"twitter:card\" content=\"summary_large_image\" \/>\n<meta name=\"twitter:label1\" content=\"\u00c9crit par\" \/>\n\t<meta name=\"twitter:data1\" content=\"Lorenzo Verduzco\" \/>\n\t<meta name=\"twitter:label2\" content=\"Dur\u00e9e de lecture estim\u00e9e\" \/>\n\t<meta name=\"twitter:data2\" content=\"2 minutes\" \/>\n<script type=\"application\/ld+json\" class=\"yoast-schema-graph\">{\"@context\":\"https:\\\/\\\/schema.org\",\"@graph\":[{\"@type\":\"Article\",\"@id\":\"https:\\\/\\\/interamerica.org\\\/fr\\\/2007\\\/03\\\/eglise-mondiale-big-apple-new-york-prochaine-etape-pour-le-dialogue\\\/#article\",\"isPartOf\":{\"@id\":\"https:\\\/\\\/interamerica.org\\\/fr\\\/2007\\\/03\\\/eglise-mondiale-big-apple-new-york-prochaine-etape-pour-le-dialogue\\\/\"},\"author\":{\"name\":\"Lorenzo Verduzco\",\"@id\":\"https:\\\/\\\/interamerica.org\\\/fr\\\/#\\\/schema\\\/person\\\/68ede8bdc292885bb76c1e3810e73c39\"},\"headline\":\"Eglise Mondiale: \u00ab\u00a0Big Apple\u00a0\u00bb (New York) Prochaine Etape pour le Dialogue\",\"datePublished\":\"2007-03-27T04:00:00+00:00\",\"dateModified\":\"2017-06-02T17:14:38+00:00\",\"mainEntityOfPage\":{\"@id\":\"https:\\\/\\\/interamerica.org\\\/fr\\\/2007\\\/03\\\/eglise-mondiale-big-apple-new-york-prochaine-etape-pour-le-dialogue\\\/\"},\"wordCount\":377,\"articleSection\":[\"Archive\"],\"inLanguage\":\"fr-FR\"},{\"@type\":\"WebPage\",\"@id\":\"https:\\\/\\\/interamerica.org\\\/fr\\\/2007\\\/03\\\/eglise-mondiale-big-apple-new-york-prochaine-etape-pour-le-dialogue\\\/\",\"url\":\"https:\\\/\\\/interamerica.org\\\/fr\\\/2007\\\/03\\\/eglise-mondiale-big-apple-new-york-prochaine-etape-pour-le-dialogue\\\/\",\"name\":\"Eglise Mondiale: \\\"Big Apple\\\" (New York) Prochaine Etape pour le Dialogue - \u00c9glise Adventiste Du Septieme Jour - Inter Am\u00e9rique Division\",\"isPartOf\":{\"@id\":\"https:\\\/\\\/interamerica.org\\\/fr\\\/#website\"},\"datePublished\":\"2007-03-27T04:00:00+00:00\",\"dateModified\":\"2017-06-02T17:14:38+00:00\",\"author\":{\"@id\":\"https:\\\/\\\/interamerica.org\\\/fr\\\/#\\\/schema\\\/person\\\/68ede8bdc292885bb76c1e3810e73c39\"},\"breadcrumb\":{\"@id\":\"https:\\\/\\\/interamerica.org\\\/fr\\\/2007\\\/03\\\/eglise-mondiale-big-apple-new-york-prochaine-etape-pour-le-dialogue\\\/#breadcrumb\"},\"inLanguage\":\"fr-FR\",\"potentialAction\":[{\"@type\":\"ReadAction\",\"target\":[\"https:\\\/\\\/interamerica.org\\\/fr\\\/2007\\\/03\\\/eglise-mondiale-big-apple-new-york-prochaine-etape-pour-le-dialogue\\\/\"]}]},{\"@type\":\"BreadcrumbList\",\"@id\":\"https:\\\/\\\/interamerica.org\\\/fr\\\/2007\\\/03\\\/eglise-mondiale-big-apple-new-york-prochaine-etape-pour-le-dialogue\\\/#breadcrumb\",\"itemListElement\":[{\"@type\":\"ListItem\",\"position\":1,\"name\":\"Home\",\"item\":\"https:\\\/\\\/interamerica.org\\\/fr\\\/\"},{\"@type\":\"ListItem\",\"position\":2,\"name\":\"Eglise Mondiale: \u00ab\u00a0Big Apple\u00a0\u00bb (New York) Prochaine Etape pour le Dialogue\"}]},{\"@type\":\"WebSite\",\"@id\":\"https:\\\/\\\/interamerica.org\\\/fr\\\/#website\",\"url\":\"https:\\\/\\\/interamerica.org\\\/fr\\\/\",\"name\":\"\u00c9glise Adventiste Du Septieme Jour - Inter Am\u00e9rique Division\",\"description\":\"\",\"potentialAction\":[{\"@type\":\"SearchAction\",\"target\":{\"@type\":\"EntryPoint\",\"urlTemplate\":\"https:\\\/\\\/interamerica.org\\\/fr\\\/?s={search_term_string}\"},\"query-input\":{\"@type\":\"PropertyValueSpecification\",\"valueRequired\":true,\"valueName\":\"search_term_string\"}}],\"inLanguage\":\"fr-FR\"},{\"@type\":\"Person\",\"@id\":\"https:\\\/\\\/interamerica.org\\\/fr\\\/#\\\/schema\\\/person\\\/68ede8bdc292885bb76c1e3810e73c39\",\"name\":\"Lorenzo Verduzco\",\"image\":{\"@type\":\"ImageObject\",\"inLanguage\":\"fr-FR\",\"@id\":\"https:\\\/\\\/secure.gravatar.com\\\/avatar\\\/fb81a55b6218459490a9c1dc841a34909185b81904c5337b4b27f7a6fd60c49e?s=96&d=mm&r=g\",\"url\":\"https:\\\/\\\/secure.gravatar.com\\\/avatar\\\/fb81a55b6218459490a9c1dc841a34909185b81904c5337b4b27f7a6fd60c49e?s=96&d=mm&r=g\",\"contentUrl\":\"https:\\\/\\\/secure.gravatar.com\\\/avatar\\\/fb81a55b6218459490a9c1dc841a34909185b81904c5337b4b27f7a6fd60c49e?s=96&d=mm&r=g\",\"caption\":\"Lorenzo Verduzco\"}}]}<\/script>\n<!-- \/ Yoast SEO plugin. -->","yoast_head_json":{"title":"Eglise Mondiale: \"Big Apple\" (New York) Prochaine Etape pour le Dialogue - \u00c9glise Adventiste Du Septieme Jour - Inter Am\u00e9rique Division","robots":{"index":"index","follow":"follow","max-snippet":"max-snippet:-1","max-image-preview":"max-image-preview:large","max-video-preview":"max-video-preview:-1"},"canonical":"https:\/\/interamerica.org\/fr\/2007\/03\/eglise-mondiale-big-apple-new-york-prochaine-etape-pour-le-dialogue\/","og_locale":"fr_FR","og_type":"article","og_title":"Eglise Mondiale: \"Big Apple\" (New York) Prochaine Etape pour le Dialogue - \u00c9glise Adventiste Du Septieme Jour - Inter Am\u00e9rique Division","og_description":"Le pr\u00e9sident de l&#39;Eglise Adventiste mondiale, Pasteur Jan Paulsen, rencontrera une trentaine d&#39;\u00e9tudiants et de jeunes professionnels dans la ville de New York le 29 mars pour une nouvelle pr\u00e9sentation de la s\u00e9rie \"","og_url":"https:\/\/interamerica.org\/fr\/2007\/03\/eglise-mondiale-big-apple-new-york-prochaine-etape-pour-le-dialogue\/","og_site_name":"\u00c9glise Adventiste Du Septieme Jour - Inter Am\u00e9rique Division","article_published_time":"2007-03-27T04:00:00+00:00","article_modified_time":"2017-06-02T17:14:38+00:00","author":"Lorenzo Verduzco","twitter_card":"summary_large_image","twitter_misc":{"\u00c9crit par":"Lorenzo Verduzco","Dur\u00e9e de lecture estim\u00e9e":"2 minutes"},"schema":{"@context":"https:\/\/schema.org","@graph":[{"@type":"Article","@id":"https:\/\/interamerica.org\/fr\/2007\/03\/eglise-mondiale-big-apple-new-york-prochaine-etape-pour-le-dialogue\/#article","isPartOf":{"@id":"https:\/\/interamerica.org\/fr\/2007\/03\/eglise-mondiale-big-apple-new-york-prochaine-etape-pour-le-dialogue\/"},"author":{"name":"Lorenzo Verduzco","@id":"https:\/\/interamerica.org\/fr\/#\/schema\/person\/68ede8bdc292885bb76c1e3810e73c39"},"headline":"Eglise Mondiale: \u00ab\u00a0Big Apple\u00a0\u00bb (New York) Prochaine Etape pour le Dialogue","datePublished":"2007-03-27T04:00:00+00:00","dateModified":"2017-06-02T17:14:38+00:00","mainEntityOfPage":{"@id":"https:\/\/interamerica.org\/fr\/2007\/03\/eglise-mondiale-big-apple-new-york-prochaine-etape-pour-le-dialogue\/"},"wordCount":377,"articleSection":["Archive"],"inLanguage":"fr-FR"},{"@type":"WebPage","@id":"https:\/\/interamerica.org\/fr\/2007\/03\/eglise-mondiale-big-apple-new-york-prochaine-etape-pour-le-dialogue\/","url":"https:\/\/interamerica.org\/fr\/2007\/03\/eglise-mondiale-big-apple-new-york-prochaine-etape-pour-le-dialogue\/","name":"Eglise Mondiale: \"Big Apple\" (New York) Prochaine Etape pour le Dialogue - \u00c9glise Adventiste Du Septieme Jour - Inter Am\u00e9rique Division","isPartOf":{"@id":"https:\/\/interamerica.org\/fr\/#website"},"datePublished":"2007-03-27T04:00:00+00:00","dateModified":"2017-06-02T17:14:38+00:00","author":{"@id":"https:\/\/interamerica.org\/fr\/#\/schema\/person\/68ede8bdc292885bb76c1e3810e73c39"},"breadcrumb":{"@id":"https:\/\/interamerica.org\/fr\/2007\/03\/eglise-mondiale-big-apple-new-york-prochaine-etape-pour-le-dialogue\/#breadcrumb"},"inLanguage":"fr-FR","potentialAction":[{"@type":"ReadAction","target":["https:\/\/interamerica.org\/fr\/2007\/03\/eglise-mondiale-big-apple-new-york-prochaine-etape-pour-le-dialogue\/"]}]},{"@type":"BreadcrumbList","@id":"https:\/\/interamerica.org\/fr\/2007\/03\/eglise-mondiale-big-apple-new-york-prochaine-etape-pour-le-dialogue\/#breadcrumb","itemListElement":[{"@type":"ListItem","position":1,"name":"Home","item":"https:\/\/interamerica.org\/fr\/"},{"@type":"ListItem","position":2,"name":"Eglise Mondiale: \u00ab\u00a0Big Apple\u00a0\u00bb (New York) Prochaine Etape pour le Dialogue"}]},{"@type":"WebSite","@id":"https:\/\/interamerica.org\/fr\/#website","url":"https:\/\/interamerica.org\/fr\/","name":"\u00c9glise Adventiste Du Septieme Jour - Inter Am\u00e9rique Division","description":"","potentialAction":[{"@type":"SearchAction","target":{"@type":"EntryPoint","urlTemplate":"https:\/\/interamerica.org\/fr\/?s={search_term_string}"},"query-input":{"@type":"PropertyValueSpecification","valueRequired":true,"valueName":"search_term_string"}}],"inLanguage":"fr-FR"},{"@type":"Person","@id":"https:\/\/interamerica.org\/fr\/#\/schema\/person\/68ede8bdc292885bb76c1e3810e73c39","name":"Lorenzo Verduzco","image":{"@type":"ImageObject","inLanguage":"fr-FR","@id":"https:\/\/secure.gravatar.com\/avatar\/fb81a55b6218459490a9c1dc841a34909185b81904c5337b4b27f7a6fd60c49e?s=96&d=mm&r=g","url":"https:\/\/secure.gravatar.com\/avatar\/fb81a55b6218459490a9c1dc841a34909185b81904c5337b4b27f7a6fd60c49e?s=96&d=mm&r=g","contentUrl":"https:\/\/secure.gravatar.com\/avatar\/fb81a55b6218459490a9c1dc841a34909185b81904c5337b4b27f7a6fd60c49e?s=96&d=mm&r=g","caption":"Lorenzo Verduzco"}}]}},"_links":{"self":[{"href":"https:\/\/interamerica.org\/fr\/wp-json\/wp\/v2\/posts\/12717","targetHints":{"allow":["GET"]}}],"collection":[{"href":"https:\/\/interamerica.org\/fr\/wp-json\/wp\/v2\/posts"}],"about":[{"href":"https:\/\/interamerica.org\/fr\/wp-json\/wp\/v2\/types\/post"}],"author":[{"embeddable":true,"href":"https:\/\/interamerica.org\/fr\/wp-json\/wp\/v2\/users\/1"}],"replies":[{"embeddable":true,"href":"https:\/\/interamerica.org\/fr\/wp-json\/wp\/v2\/comments?post=12717"}],"version-history":[{"count":0,"href":"https:\/\/interamerica.org\/fr\/wp-json\/wp\/v2\/posts\/12717\/revisions"}],"wp:attachment":[{"href":"https:\/\/interamerica.org\/fr\/wp-json\/wp\/v2\/media?parent=12717"}],"wp:term":[{"taxonomy":"category","embeddable":true,"href":"https:\/\/interamerica.org\/fr\/wp-json\/wp\/v2\/categories?post=12717"},{"taxonomy":"post_tag","embeddable":true,"href":"https:\/\/interamerica.org\/fr\/wp-json\/wp\/v2\/tags?post=12717"}],"curies":[{"name":"wp","href":"https:\/\/api.w.org\/{rel}","templated":true}]}}