{"id":12719,"date":"2007-03-27T00:00:00","date_gmt":"2007-03-27T04:00:00","guid":{"rendered":"http:\/\/192.81.217.108\/interamerica\/2007\/03\/royaume-uni-une-formation-adventiste-de-musique-vocale-manifeste-en-faveur-de-labolition-du-commerce-des-esclaves\/"},"modified":"2017-06-02T13:14:40","modified_gmt":"2017-06-02T17:14:40","slug":"royaume-uni-une-formation-adventiste-de-musique-vocale-manifeste-en-faveur-de-labolition-du-commerce-des-esclaves","status":"publish","type":"post","link":"https:\/\/interamerica.org\/fr\/2007\/03\/royaume-uni-une-formation-adventiste-de-musique-vocale-manifeste-en-faveur-de-labolition-du-commerce-des-esclaves\/","title":{"rendered":"Royaume-Uni : Une Formation Adventiste de Musique Vocale Manifeste en Faveur de l&#39;Abolition du Commerce des Esclaves"},"content":{"rendered":"<\/p>\n<p>27 mars 2007 Londres, Angleterre&#8230;. [BUC News\/ANN] <\/p>\n<p>Des musiciens adventistes du septi\u00e8me jour ont pris part \u00e0 un programme national t\u00e9l\u00e9vis\u00e9 pour marquer le Bicentenaire de l&#39;Abolition du Commerce des Esclaves au Royaume-Uni.<\/p>\n<p>L&#39;Ensemble Vocal Adventiste, dirig\u00e9 par Ken Burton, a chant\u00e9 pendant le service national de Comm\u00e9moration \u00e0 l&#39;Abbaye de Westminster le 27 mars. Le service a eu lieu en pr\u00e9sence de la Reine et diffus\u00e9 en direct par la BBC T\u00e9l\u00e9vision et les stations de radio.<\/p>\n<p>Pendant le programme l&#39;Ensemble a chant\u00e9 \u00ab\u00a0Il y a un Baume En Galaad\u00a0\u00bb et s&#39;est joint au Choeur de l&#39;Abbaye de Westminster pour entonner \u00ab\u00a0Were You There ?\u00a0\u00bb (\u00ab\u00a0\u00c9tiez Vous L\u00e0 ?\u00a0\u00bb) <\/p>\n<p>Ken Burton, conducteur principal de l&#39;Ensemble Vocal Adventiste et directeur de la Chorale Adventiste de Londres et de celle de Croyden, dit qu&#39;il a consid\u00e9r\u00e9 ce service de Comm\u00e9moration comme une occasion de gu\u00e9rison et de r\u00e9conciliation. <\/p>\n<p>Il a aussi dit que le groupe a choisi de chanter, \u00ab\u00a0Il y A un Baume en Galaad\u00a0\u00bb avec l&#39;espoir \u00ab\u00a0qu&#39;en \u00e9coutant, les gens r\u00e9alisent que Dieu est dispos\u00e9 \u00e0 gu\u00e9rir, \u00e0 pardonner nos p\u00e9ch\u00e9s et \u00e0 nous unir.\u00a0\u00bb L&#39;Ensemble s&#39;est aussi produit dans plusieurs autres \u00e9missions c\u00e9l\u00e9brant le Bicentenaire de l&#39;Acte de l&#39;Abolition du Commerce des Esclaves, sign\u00e9 le 25 mars 1807. Le 25 mars ils ont \u00e9t\u00e9 pr\u00e9sent\u00e9s sur Radio de BBC, \u00e0 l&#39;\u00e9mission \u00ab\u00a0Good Morning Sunday\u00a0\u00bb (Bonne Matin\u00e9e de Dimanche). Les choristes ont aussi pr\u00e9sent\u00e9 quatre \u00ab\u00a0spirituals\u00a0\u00bb et Burton a \u00e9t\u00e9 l&#39;invit\u00e9 d&#39;honneur \u00e0 ce programme. Ce m\u00eame jour le groupe a aussi chant\u00e9 sept \u00ab\u00a0spirituals\u00a0\u00bb lors du programme \u00ab\u00a0Chants de Louange\u00a0\u00bb (Songs of Praise) de la BBC. <\/p>\n<p>Qu&#39;est-ce qui fait que l&#39;Ensemble et la Chorale Adventistes de Londres sont tant sollicit\u00e9s pour ces programmes ? Burton r\u00e9pond, \u00ab\u00a0je suis presque, certainement, un descendant d&#39;africains qui ont fait partie du commerce des esclaves dans la Mer des Antilles. Je suis reconnaissant que de nombreuses personnes ont choisi de prendre position face \u00e0 beaucoup d&#39;opposition, en vue de garantir la fin de ce commerce inhumain. Des gens de toutes origines de vie, noirs, blancs, hommes, femmes, ont sacrifi\u00e9 leurs vies pour voir la fin de ces m\u00e9chantes horreurs connues non seulement par les Africains qui \u00e9taient souvent tortur\u00e9s et battus, mais aussi par beaucoup d&#39;europ\u00e9ens ayant travaill\u00e9 sur ces navires.\u00a0\u00bb <\/p>\n<p>En pr\u00e9sentant l&#39;hymne \u00ab\u00a0Amazing Grace\u00a0\u00bb (Merveilleuse Gr\u00e2ce) et le film nouvellement sorti, ayant le m\u00eame nom, Burton fit remarquer que, \u00ab\u00a0la Libert\u00e9 a toujours \u00e9t\u00e9 en bonne place dans l&#39;agenda de Dieu, depuis la cr\u00e9ation du monde ; et sera une vraie r\u00e9alit\u00e9 quand ce monde comme nous le savons, c\u00e9dera la place \u00e0 un nouveau monde o\u00f9 tout sera paix et justice. C&#39;est ma ferme conviction et ce qui me esp\u00e9rer toujours plus, de jour en jour.\u00a0\u00bb <\/p>\n<p>Burton a continu\u00e9, expliquant la signification de cet hymne entonn\u00e9 dans les congr\u00e9gations et les \u00e9glises \u00e0 travers le monde pendant ce week-end. \u00ab\u00a0De cette exp\u00e9rience, un ancien commer\u00e7ant d&#39;esclaves, John Newton, a eu l&#39;inspiration d&#39;\u00e9crire les mots de ce cantique qui est l&#39;hymne le plus aim\u00e9 du monde &#39;Merveilleuse Gr\u00e2ce&#39;. <\/p>\n<p>Bien que Newton ait continu\u00e9 le commerce d&#39;esclaves apr\u00e8s avoir r\u00e9dig\u00e9 l&#39;hymne, \u00ab\u00a0ses propres mots sont devenus le catalyseur pour changer sa propre vie, le transformant du plus odieux commer\u00e7ant d&#39;esclaves  en un de ses adversaires les plus farouches, plus tard dans sa vie,\u00a0\u00bb a dit Burton. <\/p>\n<p>\u00ab\u00a0Ce chant continue \u00e0 inspirer tant les personnes croyantes que celles qui cherchent. Il r\u00e9sonne avec les exp\u00e9riences et les d\u00e9sirs de l&#39;\u00e2me humaine : les d\u00e9sirs de libert\u00e9 et de salut, la r\u00e9alit\u00e9 de conna\u00eetre beaucoup de &#39;dangers, mais de pers\u00e9v\u00e9rer quand m\u00eame&#39; ; la perception que tandis que nous jouissons d&#39;une certaine force, il y a quelque chose ou quelqu&#39;un plus grand que nous, \u00e0 l&#39;ext\u00e9rieur de nous &#8211; qui peut nous sauver. Ce chant nous fait reconna\u00eetre que la gr\u00e2ce existe et qu&#39;elle r\u00e9side en Dieu.\u00a0\u00bb <\/p>\n<p>Pour plus d&#39;information sur l&#39;Ensemble Vocal Adventiste, visiter le site : www.adventistvocalensemble.com <\/p>\n<p>Droit d&#39;Auteur (c) 2007 de R\u00e9seau de Nouvelles Adventiste. <\/p>\n","protected":false},"excerpt":{"rendered":"<p>Des musiciens adventistes du septi\u00e8me jour ont pris part \u00e0 un programme national t\u00e9l\u00e9vis\u00e9 pour marquer le Bicentenaire de l&#39;Abolition du Commerce des Esclaves au Royaume-Uni<\/p>\n","protected":false},"author":1,"featured_media":0,"comment_status":"closed","ping_status":"closed","sticky":false,"template":"","format":"standard","meta":{"_acf_changed":false,"footnotes":""},"categories":[9],"tags":[],"class_list":["post-12719","post","type-post","status-publish","format-standard","hentry","category-archive-fr"],"acf":[],"yoast_head":"<!-- This site is optimized with the Yoast SEO plugin v27.3 - https:\/\/yoast.com\/product\/yoast-seo-wordpress\/ -->\n<title>Royaume-Uni : Une Formation Adventiste de Musique Vocale Manifeste en Faveur de l&#039;Abolition du Commerce des Esclaves - \u00c9glise Adventiste Du Septieme Jour - Inter Am\u00e9rique Division<\/title>\n<meta name=\"robots\" content=\"index, follow, max-snippet:-1, max-image-preview:large, max-video-preview:-1\" \/>\n<link rel=\"canonical\" href=\"https:\/\/interamerica.org\/fr\/2007\/03\/royaume-uni-une-formation-adventiste-de-musique-vocale-manifeste-en-faveur-de-labolition-du-commerce-des-esclaves\/\" \/>\n<meta property=\"og:locale\" content=\"fr_FR\" \/>\n<meta property=\"og:type\" content=\"article\" \/>\n<meta property=\"og:title\" content=\"Royaume-Uni : Une Formation Adventiste de Musique Vocale Manifeste en Faveur de l&#039;Abolition du Commerce des Esclaves - \u00c9glise Adventiste Du Septieme Jour - Inter Am\u00e9rique Division\" \/>\n<meta property=\"og:description\" content=\"Des musiciens adventistes du septi\u00e8me jour ont pris part \u00e0 un programme national t\u00e9l\u00e9vis\u00e9 pour marquer le Bicentenaire de l&#039;Abolition du Commerce des Esclaves au Royaume-Uni\" \/>\n<meta property=\"og:url\" content=\"https:\/\/interamerica.org\/fr\/2007\/03\/royaume-uni-une-formation-adventiste-de-musique-vocale-manifeste-en-faveur-de-labolition-du-commerce-des-esclaves\/\" \/>\n<meta property=\"og:site_name\" content=\"\u00c9glise Adventiste Du Septieme Jour - Inter Am\u00e9rique Division\" \/>\n<meta property=\"article:published_time\" content=\"2007-03-27T04:00:00+00:00\" \/>\n<meta property=\"article:modified_time\" content=\"2017-06-02T17:14:40+00:00\" \/>\n<meta name=\"author\" content=\"Lorenzo Verduzco\" \/>\n<meta name=\"twitter:card\" content=\"summary_large_image\" \/>\n<meta name=\"twitter:label1\" content=\"\u00c9crit par\" \/>\n\t<meta name=\"twitter:data1\" content=\"Lorenzo Verduzco\" \/>\n\t<meta name=\"twitter:label2\" content=\"Dur\u00e9e de lecture estim\u00e9e\" \/>\n\t<meta name=\"twitter:data2\" content=\"4 minutes\" \/>\n<script type=\"application\/ld+json\" class=\"yoast-schema-graph\">{\"@context\":\"https:\\\/\\\/schema.org\",\"@graph\":[{\"@type\":\"Article\",\"@id\":\"https:\\\/\\\/interamerica.org\\\/fr\\\/2007\\\/03\\\/royaume-uni-une-formation-adventiste-de-musique-vocale-manifeste-en-faveur-de-labolition-du-commerce-des-esclaves\\\/#article\",\"isPartOf\":{\"@id\":\"https:\\\/\\\/interamerica.org\\\/fr\\\/2007\\\/03\\\/royaume-uni-une-formation-adventiste-de-musique-vocale-manifeste-en-faveur-de-labolition-du-commerce-des-esclaves\\\/\"},\"author\":{\"name\":\"Lorenzo Verduzco\",\"@id\":\"https:\\\/\\\/interamerica.org\\\/fr\\\/#\\\/schema\\\/person\\\/68ede8bdc292885bb76c1e3810e73c39\"},\"headline\":\"Royaume-Uni : Une Formation Adventiste de Musique Vocale Manifeste en Faveur de l&#39;Abolition du Commerce des Esclaves\",\"datePublished\":\"2007-03-27T04:00:00+00:00\",\"dateModified\":\"2017-06-02T17:14:40+00:00\",\"mainEntityOfPage\":{\"@id\":\"https:\\\/\\\/interamerica.org\\\/fr\\\/2007\\\/03\\\/royaume-uni-une-formation-adventiste-de-musique-vocale-manifeste-en-faveur-de-labolition-du-commerce-des-esclaves\\\/\"},\"wordCount\":754,\"articleSection\":[\"Archive\"],\"inLanguage\":\"fr-FR\"},{\"@type\":\"WebPage\",\"@id\":\"https:\\\/\\\/interamerica.org\\\/fr\\\/2007\\\/03\\\/royaume-uni-une-formation-adventiste-de-musique-vocale-manifeste-en-faveur-de-labolition-du-commerce-des-esclaves\\\/\",\"url\":\"https:\\\/\\\/interamerica.org\\\/fr\\\/2007\\\/03\\\/royaume-uni-une-formation-adventiste-de-musique-vocale-manifeste-en-faveur-de-labolition-du-commerce-des-esclaves\\\/\",\"name\":\"Royaume-Uni : Une Formation Adventiste de Musique Vocale Manifeste en Faveur de l&#39;Abolition du Commerce des Esclaves - \u00c9glise Adventiste Du Septieme Jour - Inter Am\u00e9rique Division\",\"isPartOf\":{\"@id\":\"https:\\\/\\\/interamerica.org\\\/fr\\\/#website\"},\"datePublished\":\"2007-03-27T04:00:00+00:00\",\"dateModified\":\"2017-06-02T17:14:40+00:00\",\"author\":{\"@id\":\"https:\\\/\\\/interamerica.org\\\/fr\\\/#\\\/schema\\\/person\\\/68ede8bdc292885bb76c1e3810e73c39\"},\"breadcrumb\":{\"@id\":\"https:\\\/\\\/interamerica.org\\\/fr\\\/2007\\\/03\\\/royaume-uni-une-formation-adventiste-de-musique-vocale-manifeste-en-faveur-de-labolition-du-commerce-des-esclaves\\\/#breadcrumb\"},\"inLanguage\":\"fr-FR\",\"potentialAction\":[{\"@type\":\"ReadAction\",\"target\":[\"https:\\\/\\\/interamerica.org\\\/fr\\\/2007\\\/03\\\/royaume-uni-une-formation-adventiste-de-musique-vocale-manifeste-en-faveur-de-labolition-du-commerce-des-esclaves\\\/\"]}]},{\"@type\":\"BreadcrumbList\",\"@id\":\"https:\\\/\\\/interamerica.org\\\/fr\\\/2007\\\/03\\\/royaume-uni-une-formation-adventiste-de-musique-vocale-manifeste-en-faveur-de-labolition-du-commerce-des-esclaves\\\/#breadcrumb\",\"itemListElement\":[{\"@type\":\"ListItem\",\"position\":1,\"name\":\"Home\",\"item\":\"https:\\\/\\\/interamerica.org\\\/fr\\\/\"},{\"@type\":\"ListItem\",\"position\":2,\"name\":\"Royaume-Uni : Une Formation Adventiste de Musique Vocale Manifeste en Faveur de l&#39;Abolition du Commerce des Esclaves\"}]},{\"@type\":\"WebSite\",\"@id\":\"https:\\\/\\\/interamerica.org\\\/fr\\\/#website\",\"url\":\"https:\\\/\\\/interamerica.org\\\/fr\\\/\",\"name\":\"\u00c9glise Adventiste Du Septieme Jour - Inter Am\u00e9rique Division\",\"description\":\"\",\"potentialAction\":[{\"@type\":\"SearchAction\",\"target\":{\"@type\":\"EntryPoint\",\"urlTemplate\":\"https:\\\/\\\/interamerica.org\\\/fr\\\/?s={search_term_string}\"},\"query-input\":{\"@type\":\"PropertyValueSpecification\",\"valueRequired\":true,\"valueName\":\"search_term_string\"}}],\"inLanguage\":\"fr-FR\"},{\"@type\":\"Person\",\"@id\":\"https:\\\/\\\/interamerica.org\\\/fr\\\/#\\\/schema\\\/person\\\/68ede8bdc292885bb76c1e3810e73c39\",\"name\":\"Lorenzo Verduzco\",\"image\":{\"@type\":\"ImageObject\",\"inLanguage\":\"fr-FR\",\"@id\":\"https:\\\/\\\/secure.gravatar.com\\\/avatar\\\/fb81a55b6218459490a9c1dc841a34909185b81904c5337b4b27f7a6fd60c49e?s=96&d=mm&r=g\",\"url\":\"https:\\\/\\\/secure.gravatar.com\\\/avatar\\\/fb81a55b6218459490a9c1dc841a34909185b81904c5337b4b27f7a6fd60c49e?s=96&d=mm&r=g\",\"contentUrl\":\"https:\\\/\\\/secure.gravatar.com\\\/avatar\\\/fb81a55b6218459490a9c1dc841a34909185b81904c5337b4b27f7a6fd60c49e?s=96&d=mm&r=g\",\"caption\":\"Lorenzo Verduzco\"}}]}<\/script>\n<!-- \/ Yoast SEO plugin. -->","yoast_head_json":{"title":"Royaume-Uni : Une Formation Adventiste de Musique Vocale Manifeste en Faveur de l&#39;Abolition du Commerce des Esclaves - \u00c9glise Adventiste Du Septieme Jour - Inter Am\u00e9rique Division","robots":{"index":"index","follow":"follow","max-snippet":"max-snippet:-1","max-image-preview":"max-image-preview:large","max-video-preview":"max-video-preview:-1"},"canonical":"https:\/\/interamerica.org\/fr\/2007\/03\/royaume-uni-une-formation-adventiste-de-musique-vocale-manifeste-en-faveur-de-labolition-du-commerce-des-esclaves\/","og_locale":"fr_FR","og_type":"article","og_title":"Royaume-Uni : Une Formation Adventiste de Musique Vocale Manifeste en Faveur de l&#39;Abolition du Commerce des Esclaves - \u00c9glise Adventiste Du Septieme Jour - Inter Am\u00e9rique Division","og_description":"Des musiciens adventistes du septi\u00e8me jour ont pris part \u00e0 un programme national t\u00e9l\u00e9vis\u00e9 pour marquer le Bicentenaire de l&#39;Abolition du Commerce des Esclaves au Royaume-Uni","og_url":"https:\/\/interamerica.org\/fr\/2007\/03\/royaume-uni-une-formation-adventiste-de-musique-vocale-manifeste-en-faveur-de-labolition-du-commerce-des-esclaves\/","og_site_name":"\u00c9glise Adventiste Du Septieme Jour - Inter Am\u00e9rique Division","article_published_time":"2007-03-27T04:00:00+00:00","article_modified_time":"2017-06-02T17:14:40+00:00","author":"Lorenzo Verduzco","twitter_card":"summary_large_image","twitter_misc":{"\u00c9crit par":"Lorenzo Verduzco","Dur\u00e9e de lecture estim\u00e9e":"4 minutes"},"schema":{"@context":"https:\/\/schema.org","@graph":[{"@type":"Article","@id":"https:\/\/interamerica.org\/fr\/2007\/03\/royaume-uni-une-formation-adventiste-de-musique-vocale-manifeste-en-faveur-de-labolition-du-commerce-des-esclaves\/#article","isPartOf":{"@id":"https:\/\/interamerica.org\/fr\/2007\/03\/royaume-uni-une-formation-adventiste-de-musique-vocale-manifeste-en-faveur-de-labolition-du-commerce-des-esclaves\/"},"author":{"name":"Lorenzo Verduzco","@id":"https:\/\/interamerica.org\/fr\/#\/schema\/person\/68ede8bdc292885bb76c1e3810e73c39"},"headline":"Royaume-Uni : Une Formation Adventiste de Musique Vocale Manifeste en Faveur de l&#39;Abolition du Commerce des Esclaves","datePublished":"2007-03-27T04:00:00+00:00","dateModified":"2017-06-02T17:14:40+00:00","mainEntityOfPage":{"@id":"https:\/\/interamerica.org\/fr\/2007\/03\/royaume-uni-une-formation-adventiste-de-musique-vocale-manifeste-en-faveur-de-labolition-du-commerce-des-esclaves\/"},"wordCount":754,"articleSection":["Archive"],"inLanguage":"fr-FR"},{"@type":"WebPage","@id":"https:\/\/interamerica.org\/fr\/2007\/03\/royaume-uni-une-formation-adventiste-de-musique-vocale-manifeste-en-faveur-de-labolition-du-commerce-des-esclaves\/","url":"https:\/\/interamerica.org\/fr\/2007\/03\/royaume-uni-une-formation-adventiste-de-musique-vocale-manifeste-en-faveur-de-labolition-du-commerce-des-esclaves\/","name":"Royaume-Uni : Une Formation Adventiste de Musique Vocale Manifeste en Faveur de l&#39;Abolition du Commerce des Esclaves - \u00c9glise Adventiste Du Septieme Jour - Inter Am\u00e9rique Division","isPartOf":{"@id":"https:\/\/interamerica.org\/fr\/#website"},"datePublished":"2007-03-27T04:00:00+00:00","dateModified":"2017-06-02T17:14:40+00:00","author":{"@id":"https:\/\/interamerica.org\/fr\/#\/schema\/person\/68ede8bdc292885bb76c1e3810e73c39"},"breadcrumb":{"@id":"https:\/\/interamerica.org\/fr\/2007\/03\/royaume-uni-une-formation-adventiste-de-musique-vocale-manifeste-en-faveur-de-labolition-du-commerce-des-esclaves\/#breadcrumb"},"inLanguage":"fr-FR","potentialAction":[{"@type":"ReadAction","target":["https:\/\/interamerica.org\/fr\/2007\/03\/royaume-uni-une-formation-adventiste-de-musique-vocale-manifeste-en-faveur-de-labolition-du-commerce-des-esclaves\/"]}]},{"@type":"BreadcrumbList","@id":"https:\/\/interamerica.org\/fr\/2007\/03\/royaume-uni-une-formation-adventiste-de-musique-vocale-manifeste-en-faveur-de-labolition-du-commerce-des-esclaves\/#breadcrumb","itemListElement":[{"@type":"ListItem","position":1,"name":"Home","item":"https:\/\/interamerica.org\/fr\/"},{"@type":"ListItem","position":2,"name":"Royaume-Uni : Une Formation Adventiste de Musique Vocale Manifeste en Faveur de l&#39;Abolition du Commerce des Esclaves"}]},{"@type":"WebSite","@id":"https:\/\/interamerica.org\/fr\/#website","url":"https:\/\/interamerica.org\/fr\/","name":"\u00c9glise Adventiste Du Septieme Jour - Inter Am\u00e9rique Division","description":"","potentialAction":[{"@type":"SearchAction","target":{"@type":"EntryPoint","urlTemplate":"https:\/\/interamerica.org\/fr\/?s={search_term_string}"},"query-input":{"@type":"PropertyValueSpecification","valueRequired":true,"valueName":"search_term_string"}}],"inLanguage":"fr-FR"},{"@type":"Person","@id":"https:\/\/interamerica.org\/fr\/#\/schema\/person\/68ede8bdc292885bb76c1e3810e73c39","name":"Lorenzo Verduzco","image":{"@type":"ImageObject","inLanguage":"fr-FR","@id":"https:\/\/secure.gravatar.com\/avatar\/fb81a55b6218459490a9c1dc841a34909185b81904c5337b4b27f7a6fd60c49e?s=96&d=mm&r=g","url":"https:\/\/secure.gravatar.com\/avatar\/fb81a55b6218459490a9c1dc841a34909185b81904c5337b4b27f7a6fd60c49e?s=96&d=mm&r=g","contentUrl":"https:\/\/secure.gravatar.com\/avatar\/fb81a55b6218459490a9c1dc841a34909185b81904c5337b4b27f7a6fd60c49e?s=96&d=mm&r=g","caption":"Lorenzo Verduzco"}}]}},"_links":{"self":[{"href":"https:\/\/interamerica.org\/fr\/wp-json\/wp\/v2\/posts\/12719","targetHints":{"allow":["GET"]}}],"collection":[{"href":"https:\/\/interamerica.org\/fr\/wp-json\/wp\/v2\/posts"}],"about":[{"href":"https:\/\/interamerica.org\/fr\/wp-json\/wp\/v2\/types\/post"}],"author":[{"embeddable":true,"href":"https:\/\/interamerica.org\/fr\/wp-json\/wp\/v2\/users\/1"}],"replies":[{"embeddable":true,"href":"https:\/\/interamerica.org\/fr\/wp-json\/wp\/v2\/comments?post=12719"}],"version-history":[{"count":0,"href":"https:\/\/interamerica.org\/fr\/wp-json\/wp\/v2\/posts\/12719\/revisions"}],"wp:attachment":[{"href":"https:\/\/interamerica.org\/fr\/wp-json\/wp\/v2\/media?parent=12719"}],"wp:term":[{"taxonomy":"category","embeddable":true,"href":"https:\/\/interamerica.org\/fr\/wp-json\/wp\/v2\/categories?post=12719"},{"taxonomy":"post_tag","embeddable":true,"href":"https:\/\/interamerica.org\/fr\/wp-json\/wp\/v2\/tags?post=12719"}],"curies":[{"name":"wp","href":"https:\/\/api.w.org\/{rel}","templated":true}]}}