{"id":12720,"date":"2007-03-28T00:00:00","date_gmt":"2007-03-28T04:00:00","guid":{"rendered":"http:\/\/192.81.217.108\/interamerica\/2007\/03\/inter-amerique-le-premier-festival-de-chorales-et-dorchestre-doit-avoir-lieu\/"},"modified":"2017-06-02T13:14:37","modified_gmt":"2017-06-02T17:14:37","slug":"inter-amerique-le-premier-festival-de-chorales-et-dorchestre-doit-avoir-lieu","status":"publish","type":"post","link":"https:\/\/interamerica.org\/fr\/2007\/03\/inter-amerique-le-premier-festival-de-chorales-et-dorchestre-doit-avoir-lieu\/","title":{"rendered":"Inter-Am\u00e9rique:  Le Premier Festival de Chorales et d&rsquo;Orchestre Doit Avoir Lieu"},"content":{"rendered":"<p>Miami, Florida&#8230; (Libna Stevens\/DIA) <\/p>\n<p>Au cours des prochaines quatre ann\u00e9es, plusieurs chorales et d&rsquo;ensembles musicaux de toute la Division Inter-Am\u00e9ricaine (DIA) auront l&rsquo;occasion de participer au Festival de Chorale et d&rsquo;Orchestre de la r\u00e9gion.  Le festival aura lieu \u00e0 l&rsquo;Universit\u00e9 Adventiste de Alajuela, au Costa Rica, du 28 au 31 mars. <\/p>\n<p>Patronn\u00e9 par le Bureau de l&rsquo;Education, l&rsquo;\u00e9v\u00e8nement, d\u00e9nomm\u00e9 \u00ab\u00a0Se Rapprocher de Dieu par la Musique\u00a0\u00bb, vise \u00e0 int\u00e9grer les \u00e9tudiants des cours secondaires et des universit\u00e9s des chorales et groupes musicaux par le biais des chants et de la musique, d\u00e9clare Moises Velazquez, directeur de l&rsquo;\u00e9ducation de l&rsquo;\u00e9glise en Inter-Am\u00e9rique. <\/p>\n<p>Les membres de chorales et d&rsquo;orchestres auront l&rsquo;occasion de participer \u00e0 des s\u00e9minaires, des ateliers, et se produire dans certains endroits s\u00e9lectionn\u00e9s de la communaut\u00e9 au cours des trois premiers jours de la manifestation. <\/p>\n<p>Le festival prendra fin au cours d&rsquo;un programme sp\u00e9cial dans la matin\u00e9e et l&rsquo;apr\u00e8s-midi du samedi du 31 mars. <\/p>\n<p>Pour plus d&rsquo;informations concernant la manifestation, visitez le <a   href=\"https:\/\/recursing-golick.147-182-135-0.plesk.page\/\">www.interamerica.org<\/a  >  <\/p><\/p>\n","protected":false},"excerpt":{"rendered":"<p>Au cours des prochaines quatre ann\u00e9es, plusieurs chorales et d&rsquo;ensembles musicaux de toute la Division Inter-Am\u00e9ricaine (DIA) auront l&rsquo;occasion de participer au Festival de Chorale et d&rsquo;Orchestre de la r\u00e9gion.  Le festival<\/p>\n","protected":false},"author":1,"featured_media":0,"comment_status":"closed","ping_status":"closed","sticky":false,"template":"","format":"standard","meta":{"_acf_changed":false,"footnotes":""},"categories":[9],"tags":[],"class_list":["post-12720","post","type-post","status-publish","format-standard","hentry","category-archive-fr"],"acf":[],"yoast_head":"<!-- This site is optimized with the Yoast SEO plugin v27.3 - https:\/\/yoast.com\/product\/yoast-seo-wordpress\/ -->\n<title>Inter-Am\u00e9rique: Le Premier Festival de Chorales et d&#039;Orchestre Doit Avoir Lieu - \u00c9glise Adventiste Du Septieme Jour - Inter Am\u00e9rique Division<\/title>\n<meta name=\"robots\" content=\"index, follow, max-snippet:-1, max-image-preview:large, max-video-preview:-1\" \/>\n<link rel=\"canonical\" href=\"https:\/\/interamerica.org\/fr\/2007\/03\/inter-amerique-le-premier-festival-de-chorales-et-dorchestre-doit-avoir-lieu\/\" \/>\n<meta property=\"og:locale\" content=\"fr_FR\" \/>\n<meta property=\"og:type\" content=\"article\" \/>\n<meta property=\"og:title\" content=\"Inter-Am\u00e9rique: Le Premier Festival de Chorales et d&#039;Orchestre Doit Avoir Lieu - \u00c9glise Adventiste Du Septieme Jour - Inter Am\u00e9rique Division\" \/>\n<meta property=\"og:description\" content=\"Au cours des prochaines quatre ann\u00e9es, plusieurs chorales et d&#039;ensembles musicaux de toute la Division Inter-Am\u00e9ricaine (DIA) auront l&#039;occasion de participer au Festival de Chorale et d&#039;Orchestre de la r\u00e9gion. Le festival\" \/>\n<meta property=\"og:url\" content=\"https:\/\/interamerica.org\/fr\/2007\/03\/inter-amerique-le-premier-festival-de-chorales-et-dorchestre-doit-avoir-lieu\/\" \/>\n<meta property=\"og:site_name\" content=\"\u00c9glise Adventiste Du Septieme Jour - Inter Am\u00e9rique Division\" \/>\n<meta property=\"article:published_time\" content=\"2007-03-28T04:00:00+00:00\" \/>\n<meta property=\"article:modified_time\" content=\"2017-06-02T17:14:37+00:00\" \/>\n<meta name=\"author\" content=\"Lorenzo Verduzco\" \/>\n<meta name=\"twitter:card\" content=\"summary_large_image\" \/>\n<meta name=\"twitter:label1\" content=\"\u00c9crit par\" \/>\n\t<meta name=\"twitter:data1\" content=\"Lorenzo Verduzco\" \/>\n\t<meta name=\"twitter:label2\" content=\"Dur\u00e9e de lecture estim\u00e9e\" \/>\n\t<meta name=\"twitter:data2\" content=\"1 minute\" \/>\n<script type=\"application\/ld+json\" class=\"yoast-schema-graph\">{\"@context\":\"https:\\\/\\\/schema.org\",\"@graph\":[{\"@type\":\"Article\",\"@id\":\"https:\\\/\\\/interamerica.org\\\/fr\\\/2007\\\/03\\\/inter-amerique-le-premier-festival-de-chorales-et-dorchestre-doit-avoir-lieu\\\/#article\",\"isPartOf\":{\"@id\":\"https:\\\/\\\/interamerica.org\\\/fr\\\/2007\\\/03\\\/inter-amerique-le-premier-festival-de-chorales-et-dorchestre-doit-avoir-lieu\\\/\"},\"author\":{\"name\":\"Lorenzo Verduzco\",\"@id\":\"https:\\\/\\\/interamerica.org\\\/fr\\\/#\\\/schema\\\/person\\\/68ede8bdc292885bb76c1e3810e73c39\"},\"headline\":\"Inter-Am\u00e9rique: Le Premier Festival de Chorales et d&rsquo;Orchestre Doit Avoir Lieu\",\"datePublished\":\"2007-03-28T04:00:00+00:00\",\"dateModified\":\"2017-06-02T17:14:37+00:00\",\"mainEntityOfPage\":{\"@id\":\"https:\\\/\\\/interamerica.org\\\/fr\\\/2007\\\/03\\\/inter-amerique-le-premier-festival-de-chorales-et-dorchestre-doit-avoir-lieu\\\/\"},\"wordCount\":201,\"articleSection\":[\"Archive\"],\"inLanguage\":\"fr-FR\"},{\"@type\":\"WebPage\",\"@id\":\"https:\\\/\\\/interamerica.org\\\/fr\\\/2007\\\/03\\\/inter-amerique-le-premier-festival-de-chorales-et-dorchestre-doit-avoir-lieu\\\/\",\"url\":\"https:\\\/\\\/interamerica.org\\\/fr\\\/2007\\\/03\\\/inter-amerique-le-premier-festival-de-chorales-et-dorchestre-doit-avoir-lieu\\\/\",\"name\":\"Inter-Am\u00e9rique: Le Premier Festival de Chorales et d'Orchestre Doit Avoir Lieu - \u00c9glise Adventiste Du Septieme Jour - Inter Am\u00e9rique Division\",\"isPartOf\":{\"@id\":\"https:\\\/\\\/interamerica.org\\\/fr\\\/#website\"},\"datePublished\":\"2007-03-28T04:00:00+00:00\",\"dateModified\":\"2017-06-02T17:14:37+00:00\",\"author\":{\"@id\":\"https:\\\/\\\/interamerica.org\\\/fr\\\/#\\\/schema\\\/person\\\/68ede8bdc292885bb76c1e3810e73c39\"},\"breadcrumb\":{\"@id\":\"https:\\\/\\\/interamerica.org\\\/fr\\\/2007\\\/03\\\/inter-amerique-le-premier-festival-de-chorales-et-dorchestre-doit-avoir-lieu\\\/#breadcrumb\"},\"inLanguage\":\"fr-FR\",\"potentialAction\":[{\"@type\":\"ReadAction\",\"target\":[\"https:\\\/\\\/interamerica.org\\\/fr\\\/2007\\\/03\\\/inter-amerique-le-premier-festival-de-chorales-et-dorchestre-doit-avoir-lieu\\\/\"]}]},{\"@type\":\"BreadcrumbList\",\"@id\":\"https:\\\/\\\/interamerica.org\\\/fr\\\/2007\\\/03\\\/inter-amerique-le-premier-festival-de-chorales-et-dorchestre-doit-avoir-lieu\\\/#breadcrumb\",\"itemListElement\":[{\"@type\":\"ListItem\",\"position\":1,\"name\":\"Home\",\"item\":\"https:\\\/\\\/interamerica.org\\\/fr\\\/\"},{\"@type\":\"ListItem\",\"position\":2,\"name\":\"Inter-Am\u00e9rique: Le Premier Festival de Chorales et d&rsquo;Orchestre Doit Avoir Lieu\"}]},{\"@type\":\"WebSite\",\"@id\":\"https:\\\/\\\/interamerica.org\\\/fr\\\/#website\",\"url\":\"https:\\\/\\\/interamerica.org\\\/fr\\\/\",\"name\":\"\u00c9glise Adventiste Du Septieme Jour - Inter Am\u00e9rique Division\",\"description\":\"\",\"potentialAction\":[{\"@type\":\"SearchAction\",\"target\":{\"@type\":\"EntryPoint\",\"urlTemplate\":\"https:\\\/\\\/interamerica.org\\\/fr\\\/?s={search_term_string}\"},\"query-input\":{\"@type\":\"PropertyValueSpecification\",\"valueRequired\":true,\"valueName\":\"search_term_string\"}}],\"inLanguage\":\"fr-FR\"},{\"@type\":\"Person\",\"@id\":\"https:\\\/\\\/interamerica.org\\\/fr\\\/#\\\/schema\\\/person\\\/68ede8bdc292885bb76c1e3810e73c39\",\"name\":\"Lorenzo Verduzco\",\"image\":{\"@type\":\"ImageObject\",\"inLanguage\":\"fr-FR\",\"@id\":\"https:\\\/\\\/secure.gravatar.com\\\/avatar\\\/fb81a55b6218459490a9c1dc841a34909185b81904c5337b4b27f7a6fd60c49e?s=96&d=mm&r=g\",\"url\":\"https:\\\/\\\/secure.gravatar.com\\\/avatar\\\/fb81a55b6218459490a9c1dc841a34909185b81904c5337b4b27f7a6fd60c49e?s=96&d=mm&r=g\",\"contentUrl\":\"https:\\\/\\\/secure.gravatar.com\\\/avatar\\\/fb81a55b6218459490a9c1dc841a34909185b81904c5337b4b27f7a6fd60c49e?s=96&d=mm&r=g\",\"caption\":\"Lorenzo Verduzco\"}}]}<\/script>\n<!-- \/ Yoast SEO plugin. -->","yoast_head_json":{"title":"Inter-Am\u00e9rique: Le Premier Festival de Chorales et d'Orchestre Doit Avoir Lieu - \u00c9glise Adventiste Du Septieme Jour - Inter Am\u00e9rique Division","robots":{"index":"index","follow":"follow","max-snippet":"max-snippet:-1","max-image-preview":"max-image-preview:large","max-video-preview":"max-video-preview:-1"},"canonical":"https:\/\/interamerica.org\/fr\/2007\/03\/inter-amerique-le-premier-festival-de-chorales-et-dorchestre-doit-avoir-lieu\/","og_locale":"fr_FR","og_type":"article","og_title":"Inter-Am\u00e9rique: Le Premier Festival de Chorales et d'Orchestre Doit Avoir Lieu - \u00c9glise Adventiste Du Septieme Jour - Inter Am\u00e9rique Division","og_description":"Au cours des prochaines quatre ann\u00e9es, plusieurs chorales et d'ensembles musicaux de toute la Division Inter-Am\u00e9ricaine (DIA) auront l'occasion de participer au Festival de Chorale et d'Orchestre de la r\u00e9gion. Le festival","og_url":"https:\/\/interamerica.org\/fr\/2007\/03\/inter-amerique-le-premier-festival-de-chorales-et-dorchestre-doit-avoir-lieu\/","og_site_name":"\u00c9glise Adventiste Du Septieme Jour - Inter Am\u00e9rique Division","article_published_time":"2007-03-28T04:00:00+00:00","article_modified_time":"2017-06-02T17:14:37+00:00","author":"Lorenzo Verduzco","twitter_card":"summary_large_image","twitter_misc":{"\u00c9crit par":"Lorenzo Verduzco","Dur\u00e9e de lecture estim\u00e9e":"1 minute"},"schema":{"@context":"https:\/\/schema.org","@graph":[{"@type":"Article","@id":"https:\/\/interamerica.org\/fr\/2007\/03\/inter-amerique-le-premier-festival-de-chorales-et-dorchestre-doit-avoir-lieu\/#article","isPartOf":{"@id":"https:\/\/interamerica.org\/fr\/2007\/03\/inter-amerique-le-premier-festival-de-chorales-et-dorchestre-doit-avoir-lieu\/"},"author":{"name":"Lorenzo Verduzco","@id":"https:\/\/interamerica.org\/fr\/#\/schema\/person\/68ede8bdc292885bb76c1e3810e73c39"},"headline":"Inter-Am\u00e9rique: Le Premier Festival de Chorales et d&rsquo;Orchestre Doit Avoir Lieu","datePublished":"2007-03-28T04:00:00+00:00","dateModified":"2017-06-02T17:14:37+00:00","mainEntityOfPage":{"@id":"https:\/\/interamerica.org\/fr\/2007\/03\/inter-amerique-le-premier-festival-de-chorales-et-dorchestre-doit-avoir-lieu\/"},"wordCount":201,"articleSection":["Archive"],"inLanguage":"fr-FR"},{"@type":"WebPage","@id":"https:\/\/interamerica.org\/fr\/2007\/03\/inter-amerique-le-premier-festival-de-chorales-et-dorchestre-doit-avoir-lieu\/","url":"https:\/\/interamerica.org\/fr\/2007\/03\/inter-amerique-le-premier-festival-de-chorales-et-dorchestre-doit-avoir-lieu\/","name":"Inter-Am\u00e9rique: Le Premier Festival de Chorales et d'Orchestre Doit Avoir Lieu - \u00c9glise Adventiste Du Septieme Jour - Inter Am\u00e9rique Division","isPartOf":{"@id":"https:\/\/interamerica.org\/fr\/#website"},"datePublished":"2007-03-28T04:00:00+00:00","dateModified":"2017-06-02T17:14:37+00:00","author":{"@id":"https:\/\/interamerica.org\/fr\/#\/schema\/person\/68ede8bdc292885bb76c1e3810e73c39"},"breadcrumb":{"@id":"https:\/\/interamerica.org\/fr\/2007\/03\/inter-amerique-le-premier-festival-de-chorales-et-dorchestre-doit-avoir-lieu\/#breadcrumb"},"inLanguage":"fr-FR","potentialAction":[{"@type":"ReadAction","target":["https:\/\/interamerica.org\/fr\/2007\/03\/inter-amerique-le-premier-festival-de-chorales-et-dorchestre-doit-avoir-lieu\/"]}]},{"@type":"BreadcrumbList","@id":"https:\/\/interamerica.org\/fr\/2007\/03\/inter-amerique-le-premier-festival-de-chorales-et-dorchestre-doit-avoir-lieu\/#breadcrumb","itemListElement":[{"@type":"ListItem","position":1,"name":"Home","item":"https:\/\/interamerica.org\/fr\/"},{"@type":"ListItem","position":2,"name":"Inter-Am\u00e9rique: Le Premier Festival de Chorales et d&rsquo;Orchestre Doit Avoir Lieu"}]},{"@type":"WebSite","@id":"https:\/\/interamerica.org\/fr\/#website","url":"https:\/\/interamerica.org\/fr\/","name":"\u00c9glise Adventiste Du Septieme Jour - Inter Am\u00e9rique Division","description":"","potentialAction":[{"@type":"SearchAction","target":{"@type":"EntryPoint","urlTemplate":"https:\/\/interamerica.org\/fr\/?s={search_term_string}"},"query-input":{"@type":"PropertyValueSpecification","valueRequired":true,"valueName":"search_term_string"}}],"inLanguage":"fr-FR"},{"@type":"Person","@id":"https:\/\/interamerica.org\/fr\/#\/schema\/person\/68ede8bdc292885bb76c1e3810e73c39","name":"Lorenzo Verduzco","image":{"@type":"ImageObject","inLanguage":"fr-FR","@id":"https:\/\/secure.gravatar.com\/avatar\/fb81a55b6218459490a9c1dc841a34909185b81904c5337b4b27f7a6fd60c49e?s=96&d=mm&r=g","url":"https:\/\/secure.gravatar.com\/avatar\/fb81a55b6218459490a9c1dc841a34909185b81904c5337b4b27f7a6fd60c49e?s=96&d=mm&r=g","contentUrl":"https:\/\/secure.gravatar.com\/avatar\/fb81a55b6218459490a9c1dc841a34909185b81904c5337b4b27f7a6fd60c49e?s=96&d=mm&r=g","caption":"Lorenzo Verduzco"}}]}},"_links":{"self":[{"href":"https:\/\/interamerica.org\/fr\/wp-json\/wp\/v2\/posts\/12720","targetHints":{"allow":["GET"]}}],"collection":[{"href":"https:\/\/interamerica.org\/fr\/wp-json\/wp\/v2\/posts"}],"about":[{"href":"https:\/\/interamerica.org\/fr\/wp-json\/wp\/v2\/types\/post"}],"author":[{"embeddable":true,"href":"https:\/\/interamerica.org\/fr\/wp-json\/wp\/v2\/users\/1"}],"replies":[{"embeddable":true,"href":"https:\/\/interamerica.org\/fr\/wp-json\/wp\/v2\/comments?post=12720"}],"version-history":[{"count":0,"href":"https:\/\/interamerica.org\/fr\/wp-json\/wp\/v2\/posts\/12720\/revisions"}],"wp:attachment":[{"href":"https:\/\/interamerica.org\/fr\/wp-json\/wp\/v2\/media?parent=12720"}],"wp:term":[{"taxonomy":"category","embeddable":true,"href":"https:\/\/interamerica.org\/fr\/wp-json\/wp\/v2\/categories?post=12720"},{"taxonomy":"post_tag","embeddable":true,"href":"https:\/\/interamerica.org\/fr\/wp-json\/wp\/v2\/tags?post=12720"}],"curies":[{"name":"wp","href":"https:\/\/api.w.org\/{rel}","templated":true}]}}