{"id":12721,"date":"2007-03-29T00:00:00","date_gmt":"2007-03-29T04:00:00","guid":{"rendered":"http:\/\/192.81.217.108\/interamerica\/2007\/03\/inter-amerique-levenement-par-satellite-a-fait-partie-du-lancement-de-tv-esperanza\/"},"modified":"2017-06-02T13:14:37","modified_gmt":"2017-06-02T17:14:37","slug":"inter-amerique-levenement-par-satellite-a-fait-partie-du-lancement-de-tv-esperanza","status":"publish","type":"post","link":"https:\/\/interamerica.org\/fr\/2007\/03\/inter-amerique-levenement-par-satellite-a-fait-partie-du-lancement-de-tv-esperanza\/","title":{"rendered":"Inter-Am\u00e9rique:  L&#39;Ev\u00e8nement par Satellite A Fait Partie du Lancement de \u00ab\u00a0TV Esperanza\u00a0\u00bb"},"content":{"rendered":"<p>Saint-Domingue, R\u00e9publique Dominicaine&#8230; (Libna Stevens\/DIA) <\/p>\n<p>L&#39;\u00e9v\u00e8nement par satellite \u00ab\u00a0Pentec\u00f4te et Plus\u00a0\u00bb de l&#39;Inter-Am\u00e9rique, qui a eu lieu la semaine derni\u00e8re \u00e0 Saint-Domingue, en R\u00e9publique Dominicaine, a fait partie du lancement officiel de la cha\u00eene Espagnole d\u00e9nom\u00e9e TV Esperanza.  TV Esperanza par la suite a aussi retransmis le m\u00eame jour un important \u00e9v\u00e8nement de la Division Nord Am\u00e9ricaine. <\/p>\n<p>Le programme d&#39;\u00e9vang\u00e9lisation \u00ab\u00a0Pentec\u00f4te et Plus\u00a0\u00bb, qui a engag\u00e9 les 15 r\u00e9gions de l&#39;\u00e9glise de la DIA en aboutissant \u00e0 de grandes c\u00e9r\u00e9monies de bapt\u00eames \u00e0 travers tout le territoire, a \u00e9t\u00e9 visionn\u00e9 \u00e0 travers le monde entier par le biais des r\u00e9seaux Adventistes, y compris la nouvelle station TV Esperanza. <\/p>\n<p>Au cours de la c\u00e9r\u00e9monie en directe, Pasteur Israel Leito, pr\u00e9sident de l&#39;\u00e9glise de l&#39;Inter-Am\u00e9rique, a d\u00e9clar\u00e9 que l&#39;Inter-Am\u00e9rique s&#39;est engag\u00e0 \u00e0 soutenir la cha\u00eene. <\/p>\n<p>\u00ab\u00a0C&#39;est un grand plaisir pour la Division Inter-Am\u00e9ricaine d&#39;organiser cette c\u00e9r\u00e9monie,\u00a0\u00bb avance Leito.  \u00ab\u00a0Ce n&#39;est pas seulement un jour de c\u00e9l\u00e9bration des victoires que le Seigneur a accord\u00e9 \u00e0 beaucoup de gens, mais c&#39;est aussi le d\u00e9but d&#39;un tr\u00e8s important projet dans notre Division.\u00a0\u00bb <\/p>\n<p>Kandus Thorpe, une administratrice de Hope Channel TV, la cha\u00eene de langue Anglaise de l&#39;\u00e9glise, a partag\u00e9 sa satisfaction avec l&#39;assistance \u00e0 propos du lancement de TV Esperanza. <\/p>\n<p>\u00ab\u00a0Je ne peux imaginer une meilleure opportunit\u00e9 pour l&#39;inauguration d&#39;une nouvelle cha\u00eene de TV qu&#39;en ce si grand jour ici en R\u00e9publique Dominicaine,\u00a0\u00bb a-t-elle dit. <\/p>\n<p>\u00ab\u00a0Cette (chaine) doit \u00eatre une fen\u00eatre pour permettre au monde de contempler l&#39;Eglise Adventiste du Septi\u00e8me jour et TV Esperanza doit faire conna\u00eetre au monde ce qui se passe ici dans l&#39;\u00e9glise de l&#39;Inter-Am\u00e9rique.\u00a0\u00bb a ajout\u00e9 Thorpe. <\/p>\n<p>Pasteur Jan Paulsen, un orateur de marque du projet \u00ab\u00a0Pentec\u00f4te et Plus\u00a0\u00bb, a f\u00e9licit\u00e9 publiquement la direction de la DIA pour sa participation au lancement de TV Esperanza. <\/p>\n<p>Leito a remerci\u00e9 l&#39;Eglise Adventiste Mondiale pour avoir permis \u00e0 la DIA de r\u00e9aliser TV Esperanza et s&#39;engage \u00e0 soutenir la cha\u00eene de TV et encourager les membres parlant l&#39;Espagnol \u00e0 la visionner. <\/p>\n<p>L&#39;Inter-Am\u00e9rique fera de son mieux pour contribuer aux programmes de la Cha\u00eene TV Esperanza pour satisfaire les 11 r\u00e9gions de langue Espagnole de l&#39;Inter-Am\u00e9rique. <\/p>\n<p>Pour plus d&#39;informations sur Hope Channel et la Cha\u00eene TV Esperanza, visitez <a  href=\"http:\/\/www.hopetv.org\/\">www.hopetv.org<\/a > et <a  href=\"http:\/\/www.esperanzatv.org\/\">www.esperanzatv.org<\/a > <\/p><\/p>\n","protected":false},"excerpt":{"rendered":"<p>L&#39;\u00e9v\u00e8nement par satellite \u00ab\u00a0Pentec\u00f4te et Plus\u00a0\u00bb de l&#39;Inter-Am\u00e9rique, qui a eu lieu la semaine derni\u00e8re \u00e0 Saint-Domingue, en R\u00e9publique Dominicaine, a fait partie du lancement officiel de la c<\/p>\n","protected":false},"author":1,"featured_media":0,"comment_status":"closed","ping_status":"closed","sticky":false,"template":"","format":"standard","meta":{"_acf_changed":false,"footnotes":""},"categories":[9],"tags":[],"class_list":["post-12721","post","type-post","status-publish","format-standard","hentry","category-archive-fr"],"acf":[],"yoast_head":"<!-- This site is optimized with the Yoast SEO plugin v27.3 - https:\/\/yoast.com\/product\/yoast-seo-wordpress\/ -->\n<title>Inter-Am\u00e9rique: L&#039;Ev\u00e8nement par Satellite A Fait Partie du Lancement de &quot;TV Esperanza&quot; - \u00c9glise Adventiste Du Septieme Jour - Inter Am\u00e9rique Division<\/title>\n<meta name=\"robots\" content=\"index, follow, max-snippet:-1, max-image-preview:large, max-video-preview:-1\" \/>\n<link rel=\"canonical\" href=\"https:\/\/interamerica.org\/fr\/2007\/03\/inter-amerique-levenement-par-satellite-a-fait-partie-du-lancement-de-tv-esperanza\/\" \/>\n<meta property=\"og:locale\" content=\"fr_FR\" \/>\n<meta property=\"og:type\" content=\"article\" \/>\n<meta property=\"og:title\" content=\"Inter-Am\u00e9rique: L&#039;Ev\u00e8nement par Satellite A Fait Partie du Lancement de &quot;TV Esperanza&quot; - \u00c9glise Adventiste Du Septieme Jour - Inter Am\u00e9rique Division\" \/>\n<meta property=\"og:description\" content=\"L&#039;\u00e9v\u00e8nement par satellite &quot;Pentec\u00f4te et Plus&quot; de l&#039;Inter-Am\u00e9rique, qui a eu lieu la semaine derni\u00e8re \u00e0 Saint-Domingue, en R\u00e9publique Dominicaine, a fait partie du lancement officiel de la c\" \/>\n<meta property=\"og:url\" content=\"https:\/\/interamerica.org\/fr\/2007\/03\/inter-amerique-levenement-par-satellite-a-fait-partie-du-lancement-de-tv-esperanza\/\" \/>\n<meta property=\"og:site_name\" content=\"\u00c9glise Adventiste Du Septieme Jour - Inter Am\u00e9rique Division\" \/>\n<meta property=\"article:published_time\" content=\"2007-03-29T04:00:00+00:00\" \/>\n<meta property=\"article:modified_time\" content=\"2017-06-02T17:14:37+00:00\" \/>\n<meta name=\"author\" content=\"Lorenzo Verduzco\" \/>\n<meta name=\"twitter:card\" content=\"summary_large_image\" \/>\n<meta name=\"twitter:label1\" content=\"\u00c9crit par\" \/>\n\t<meta name=\"twitter:data1\" content=\"Lorenzo Verduzco\" \/>\n\t<meta name=\"twitter:label2\" content=\"Dur\u00e9e de lecture estim\u00e9e\" \/>\n\t<meta name=\"twitter:data2\" content=\"2 minutes\" \/>\n<script type=\"application\/ld+json\" class=\"yoast-schema-graph\">{\"@context\":\"https:\\\/\\\/schema.org\",\"@graph\":[{\"@type\":\"Article\",\"@id\":\"https:\\\/\\\/interamerica.org\\\/fr\\\/2007\\\/03\\\/inter-amerique-levenement-par-satellite-a-fait-partie-du-lancement-de-tv-esperanza\\\/#article\",\"isPartOf\":{\"@id\":\"https:\\\/\\\/interamerica.org\\\/fr\\\/2007\\\/03\\\/inter-amerique-levenement-par-satellite-a-fait-partie-du-lancement-de-tv-esperanza\\\/\"},\"author\":{\"name\":\"Lorenzo Verduzco\",\"@id\":\"https:\\\/\\\/interamerica.org\\\/fr\\\/#\\\/schema\\\/person\\\/68ede8bdc292885bb76c1e3810e73c39\"},\"headline\":\"Inter-Am\u00e9rique: L&#39;Ev\u00e8nement par Satellite A Fait Partie du Lancement de \u00ab\u00a0TV Esperanza\u00a0\u00bb\",\"datePublished\":\"2007-03-29T04:00:00+00:00\",\"dateModified\":\"2017-06-02T17:14:37+00:00\",\"mainEntityOfPage\":{\"@id\":\"https:\\\/\\\/interamerica.org\\\/fr\\\/2007\\\/03\\\/inter-amerique-levenement-par-satellite-a-fait-partie-du-lancement-de-tv-esperanza\\\/\"},\"wordCount\":451,\"articleSection\":[\"Archive\"],\"inLanguage\":\"fr-FR\"},{\"@type\":\"WebPage\",\"@id\":\"https:\\\/\\\/interamerica.org\\\/fr\\\/2007\\\/03\\\/inter-amerique-levenement-par-satellite-a-fait-partie-du-lancement-de-tv-esperanza\\\/\",\"url\":\"https:\\\/\\\/interamerica.org\\\/fr\\\/2007\\\/03\\\/inter-amerique-levenement-par-satellite-a-fait-partie-du-lancement-de-tv-esperanza\\\/\",\"name\":\"Inter-Am\u00e9rique: L&#39;Ev\u00e8nement par Satellite A Fait Partie du Lancement de \\\"TV Esperanza\\\" - \u00c9glise Adventiste Du Septieme Jour - Inter Am\u00e9rique Division\",\"isPartOf\":{\"@id\":\"https:\\\/\\\/interamerica.org\\\/fr\\\/#website\"},\"datePublished\":\"2007-03-29T04:00:00+00:00\",\"dateModified\":\"2017-06-02T17:14:37+00:00\",\"author\":{\"@id\":\"https:\\\/\\\/interamerica.org\\\/fr\\\/#\\\/schema\\\/person\\\/68ede8bdc292885bb76c1e3810e73c39\"},\"breadcrumb\":{\"@id\":\"https:\\\/\\\/interamerica.org\\\/fr\\\/2007\\\/03\\\/inter-amerique-levenement-par-satellite-a-fait-partie-du-lancement-de-tv-esperanza\\\/#breadcrumb\"},\"inLanguage\":\"fr-FR\",\"potentialAction\":[{\"@type\":\"ReadAction\",\"target\":[\"https:\\\/\\\/interamerica.org\\\/fr\\\/2007\\\/03\\\/inter-amerique-levenement-par-satellite-a-fait-partie-du-lancement-de-tv-esperanza\\\/\"]}]},{\"@type\":\"BreadcrumbList\",\"@id\":\"https:\\\/\\\/interamerica.org\\\/fr\\\/2007\\\/03\\\/inter-amerique-levenement-par-satellite-a-fait-partie-du-lancement-de-tv-esperanza\\\/#breadcrumb\",\"itemListElement\":[{\"@type\":\"ListItem\",\"position\":1,\"name\":\"Home\",\"item\":\"https:\\\/\\\/interamerica.org\\\/fr\\\/\"},{\"@type\":\"ListItem\",\"position\":2,\"name\":\"Inter-Am\u00e9rique: L&#39;Ev\u00e8nement par Satellite A Fait Partie du Lancement de \u00ab\u00a0TV Esperanza\u00a0\u00bb\"}]},{\"@type\":\"WebSite\",\"@id\":\"https:\\\/\\\/interamerica.org\\\/fr\\\/#website\",\"url\":\"https:\\\/\\\/interamerica.org\\\/fr\\\/\",\"name\":\"\u00c9glise Adventiste Du Septieme Jour - Inter Am\u00e9rique Division\",\"description\":\"\",\"potentialAction\":[{\"@type\":\"SearchAction\",\"target\":{\"@type\":\"EntryPoint\",\"urlTemplate\":\"https:\\\/\\\/interamerica.org\\\/fr\\\/?s={search_term_string}\"},\"query-input\":{\"@type\":\"PropertyValueSpecification\",\"valueRequired\":true,\"valueName\":\"search_term_string\"}}],\"inLanguage\":\"fr-FR\"},{\"@type\":\"Person\",\"@id\":\"https:\\\/\\\/interamerica.org\\\/fr\\\/#\\\/schema\\\/person\\\/68ede8bdc292885bb76c1e3810e73c39\",\"name\":\"Lorenzo Verduzco\",\"image\":{\"@type\":\"ImageObject\",\"inLanguage\":\"fr-FR\",\"@id\":\"https:\\\/\\\/secure.gravatar.com\\\/avatar\\\/fb81a55b6218459490a9c1dc841a34909185b81904c5337b4b27f7a6fd60c49e?s=96&d=mm&r=g\",\"url\":\"https:\\\/\\\/secure.gravatar.com\\\/avatar\\\/fb81a55b6218459490a9c1dc841a34909185b81904c5337b4b27f7a6fd60c49e?s=96&d=mm&r=g\",\"contentUrl\":\"https:\\\/\\\/secure.gravatar.com\\\/avatar\\\/fb81a55b6218459490a9c1dc841a34909185b81904c5337b4b27f7a6fd60c49e?s=96&d=mm&r=g\",\"caption\":\"Lorenzo Verduzco\"}}]}<\/script>\n<!-- \/ Yoast SEO plugin. -->","yoast_head_json":{"title":"Inter-Am\u00e9rique: L&#39;Ev\u00e8nement par Satellite A Fait Partie du Lancement de \"TV Esperanza\" - \u00c9glise Adventiste Du Septieme Jour - Inter Am\u00e9rique Division","robots":{"index":"index","follow":"follow","max-snippet":"max-snippet:-1","max-image-preview":"max-image-preview:large","max-video-preview":"max-video-preview:-1"},"canonical":"https:\/\/interamerica.org\/fr\/2007\/03\/inter-amerique-levenement-par-satellite-a-fait-partie-du-lancement-de-tv-esperanza\/","og_locale":"fr_FR","og_type":"article","og_title":"Inter-Am\u00e9rique: L&#39;Ev\u00e8nement par Satellite A Fait Partie du Lancement de \"TV Esperanza\" - \u00c9glise Adventiste Du Septieme Jour - Inter Am\u00e9rique Division","og_description":"L&#39;\u00e9v\u00e8nement par satellite \"Pentec\u00f4te et Plus\" de l&#39;Inter-Am\u00e9rique, qui a eu lieu la semaine derni\u00e8re \u00e0 Saint-Domingue, en R\u00e9publique Dominicaine, a fait partie du lancement officiel de la c","og_url":"https:\/\/interamerica.org\/fr\/2007\/03\/inter-amerique-levenement-par-satellite-a-fait-partie-du-lancement-de-tv-esperanza\/","og_site_name":"\u00c9glise Adventiste Du Septieme Jour - Inter Am\u00e9rique Division","article_published_time":"2007-03-29T04:00:00+00:00","article_modified_time":"2017-06-02T17:14:37+00:00","author":"Lorenzo Verduzco","twitter_card":"summary_large_image","twitter_misc":{"\u00c9crit par":"Lorenzo Verduzco","Dur\u00e9e de lecture estim\u00e9e":"2 minutes"},"schema":{"@context":"https:\/\/schema.org","@graph":[{"@type":"Article","@id":"https:\/\/interamerica.org\/fr\/2007\/03\/inter-amerique-levenement-par-satellite-a-fait-partie-du-lancement-de-tv-esperanza\/#article","isPartOf":{"@id":"https:\/\/interamerica.org\/fr\/2007\/03\/inter-amerique-levenement-par-satellite-a-fait-partie-du-lancement-de-tv-esperanza\/"},"author":{"name":"Lorenzo Verduzco","@id":"https:\/\/interamerica.org\/fr\/#\/schema\/person\/68ede8bdc292885bb76c1e3810e73c39"},"headline":"Inter-Am\u00e9rique: L&#39;Ev\u00e8nement par Satellite A Fait Partie du Lancement de \u00ab\u00a0TV Esperanza\u00a0\u00bb","datePublished":"2007-03-29T04:00:00+00:00","dateModified":"2017-06-02T17:14:37+00:00","mainEntityOfPage":{"@id":"https:\/\/interamerica.org\/fr\/2007\/03\/inter-amerique-levenement-par-satellite-a-fait-partie-du-lancement-de-tv-esperanza\/"},"wordCount":451,"articleSection":["Archive"],"inLanguage":"fr-FR"},{"@type":"WebPage","@id":"https:\/\/interamerica.org\/fr\/2007\/03\/inter-amerique-levenement-par-satellite-a-fait-partie-du-lancement-de-tv-esperanza\/","url":"https:\/\/interamerica.org\/fr\/2007\/03\/inter-amerique-levenement-par-satellite-a-fait-partie-du-lancement-de-tv-esperanza\/","name":"Inter-Am\u00e9rique: L&#39;Ev\u00e8nement par Satellite A Fait Partie du Lancement de \"TV Esperanza\" - \u00c9glise Adventiste Du Septieme Jour - Inter Am\u00e9rique Division","isPartOf":{"@id":"https:\/\/interamerica.org\/fr\/#website"},"datePublished":"2007-03-29T04:00:00+00:00","dateModified":"2017-06-02T17:14:37+00:00","author":{"@id":"https:\/\/interamerica.org\/fr\/#\/schema\/person\/68ede8bdc292885bb76c1e3810e73c39"},"breadcrumb":{"@id":"https:\/\/interamerica.org\/fr\/2007\/03\/inter-amerique-levenement-par-satellite-a-fait-partie-du-lancement-de-tv-esperanza\/#breadcrumb"},"inLanguage":"fr-FR","potentialAction":[{"@type":"ReadAction","target":["https:\/\/interamerica.org\/fr\/2007\/03\/inter-amerique-levenement-par-satellite-a-fait-partie-du-lancement-de-tv-esperanza\/"]}]},{"@type":"BreadcrumbList","@id":"https:\/\/interamerica.org\/fr\/2007\/03\/inter-amerique-levenement-par-satellite-a-fait-partie-du-lancement-de-tv-esperanza\/#breadcrumb","itemListElement":[{"@type":"ListItem","position":1,"name":"Home","item":"https:\/\/interamerica.org\/fr\/"},{"@type":"ListItem","position":2,"name":"Inter-Am\u00e9rique: L&#39;Ev\u00e8nement par Satellite A Fait Partie du Lancement de \u00ab\u00a0TV Esperanza\u00a0\u00bb"}]},{"@type":"WebSite","@id":"https:\/\/interamerica.org\/fr\/#website","url":"https:\/\/interamerica.org\/fr\/","name":"\u00c9glise Adventiste Du Septieme Jour - Inter Am\u00e9rique Division","description":"","potentialAction":[{"@type":"SearchAction","target":{"@type":"EntryPoint","urlTemplate":"https:\/\/interamerica.org\/fr\/?s={search_term_string}"},"query-input":{"@type":"PropertyValueSpecification","valueRequired":true,"valueName":"search_term_string"}}],"inLanguage":"fr-FR"},{"@type":"Person","@id":"https:\/\/interamerica.org\/fr\/#\/schema\/person\/68ede8bdc292885bb76c1e3810e73c39","name":"Lorenzo Verduzco","image":{"@type":"ImageObject","inLanguage":"fr-FR","@id":"https:\/\/secure.gravatar.com\/avatar\/fb81a55b6218459490a9c1dc841a34909185b81904c5337b4b27f7a6fd60c49e?s=96&d=mm&r=g","url":"https:\/\/secure.gravatar.com\/avatar\/fb81a55b6218459490a9c1dc841a34909185b81904c5337b4b27f7a6fd60c49e?s=96&d=mm&r=g","contentUrl":"https:\/\/secure.gravatar.com\/avatar\/fb81a55b6218459490a9c1dc841a34909185b81904c5337b4b27f7a6fd60c49e?s=96&d=mm&r=g","caption":"Lorenzo Verduzco"}}]}},"_links":{"self":[{"href":"https:\/\/interamerica.org\/fr\/wp-json\/wp\/v2\/posts\/12721","targetHints":{"allow":["GET"]}}],"collection":[{"href":"https:\/\/interamerica.org\/fr\/wp-json\/wp\/v2\/posts"}],"about":[{"href":"https:\/\/interamerica.org\/fr\/wp-json\/wp\/v2\/types\/post"}],"author":[{"embeddable":true,"href":"https:\/\/interamerica.org\/fr\/wp-json\/wp\/v2\/users\/1"}],"replies":[{"embeddable":true,"href":"https:\/\/interamerica.org\/fr\/wp-json\/wp\/v2\/comments?post=12721"}],"version-history":[{"count":0,"href":"https:\/\/interamerica.org\/fr\/wp-json\/wp\/v2\/posts\/12721\/revisions"}],"wp:attachment":[{"href":"https:\/\/interamerica.org\/fr\/wp-json\/wp\/v2\/media?parent=12721"}],"wp:term":[{"taxonomy":"category","embeddable":true,"href":"https:\/\/interamerica.org\/fr\/wp-json\/wp\/v2\/categories?post=12721"},{"taxonomy":"post_tag","embeddable":true,"href":"https:\/\/interamerica.org\/fr\/wp-json\/wp\/v2\/tags?post=12721"}],"curies":[{"name":"wp","href":"https:\/\/api.w.org\/{rel}","templated":true}]}}