{"id":12724,"date":"2007-04-03T00:00:00","date_gmt":"2007-04-03T04:00:00","guid":{"rendered":"http:\/\/192.81.217.108\/interamerica\/2007\/04\/jamaique-croyants-adventistes-et-dirigeants-de-letat-convies-a-maintenir-la-justice\/"},"modified":"2017-06-02T13:14:35","modified_gmt":"2017-06-02T17:14:35","slug":"jamaique-croyants-adventistes-et-dirigeants-de-letat-convies-a-maintenir-la-justice","status":"publish","type":"post","link":"https:\/\/interamerica.org\/fr\/2007\/04\/jamaique-croyants-adventistes-et-dirigeants-de-letat-convies-a-maintenir-la-justice\/","title":{"rendered":"Jama\u00efque:  Croyants Adventistes et Dirigeants de l&#39;Etat Convi\u00e9s A Maintenir la Justice"},"content":{"rendered":"<p>3 avril 2007, Mount Salem, St. James, Jama\u00efque&#8230; (Nigel Coke\/WIU\/ANN) <\/p>\n<p>Pasteur Michael Harvey, pr\u00e9sident de l&#39;Eglise Adventiste du Nord de la Jamaique, a r\u00e9cemment convi\u00e9 des centaines de membres d&#39;\u00e9glise et des dirigeants du gouvernement \u00e0 d\u00e9fendre et maintenir la justice au sein de la soci\u00e9t\u00e9. <\/p>\n<p>Pasteur Harvey s&#39;addressait \u00e0 l&#39;Eglise de Mount Salem, \u00e0 St. James le 31 mars, au cours d&#39;un service auquel assistaient La Premi\u00e8re Ministre Jama\u00efcaine Portia Simpson-Miller, son mari Errald et des membres de son cabinet pour c\u00e9l\u00e9brer son premier anniversaire en tant que Premi\u00e8re Ministre. <\/p>\n<p>En faisant allusion \u00e0 Juges 19-21 au cours de sa pr\u00e9sentation, Pasteur Harvey a d\u00e9clar\u00e9 \u00e0 l&#39;assembl\u00e9e que la soci\u00e9t\u00e9 ne peut \u00eatre gouvern\u00e9e selon les caprices des individus, mais selon les standards de Dieu. <\/p>\n<p>\u00ab\u00a0Il ne nous a pas permis de nous conduire ou de penser comme nous le voulions,\u00a0\u00bb a dit Harvey.  \u00ab\u00a0Nous devons \u00e9viter de nous conformer aux standards peu \u00e9lev\u00e9s de la soci\u00e9t\u00e9 en consid\u00e9rant s\u00e9rieusement les commandements de Dieu et les appliquer dans nos vies.  Celui qui ne se soumet pas \u00e0 Dieu finira par faire ce qui lui parait parfois bien.\u00a0\u00bb <\/p>\n<p>Harvey d\u00e9clara aux membres du gouvernement pr\u00e9sents que Dieu utilise les institutions humaines pour accomplir Sa volont\u00e9. <\/p>\n<p>\u00ab\u00a0Les autorit\u00e9s sont importantes, et Dieu \u00e9tablit les autorit\u00e9s; mais les dirigents, les assembl\u00e9es du s\u00e9nat ou du parlement ne peuvent limiter Dieu,\u00a0\u00bb a-t-il d\u00e9clar\u00e9.  \u00ab\u00a0Dieu est souverain! Quelle que soit la forme de gouvernement d&#39;une nation, le verset de Proverbes 14:34 est encore valide:  &#39;La justice exalte une nation, mais le p\u00e9ch\u00e9 est la honte des peuples.&#39;\u00a0\u00bb <\/p>\n<p>S&#39;adressant aux croyants, Pasteur Harvey a avanc\u00e9 que quand le peuple de Dieu ne pratique pas la spiritualit\u00e9, les nations p\u00e9rissent. <\/p>\n<p>\u00ab\u00a0Dieu d\u00e9sire que nous exercions une influence positive sur la soci\u00e9t\u00e9,\u00a0\u00bb dit-il.  \u00ab\u00a0Quand l&#39;\u00e9glise cesse d&#39;\u00eatre un peuple saint, d&#39;ob\u00e9ir \u00e0 Dieu, le sel perd de sa saveur et la lumi\u00e8re est plac\u00e9e sur le boisseau.  Des Chr\u00e9iens qui acceptent le compromis non seulement se d\u00e9truisent, d\u00e9truisent leurs familles et leurs \u00e9glises, mais aussi contribuent au d\u00e9clin de toute la nation,\u00a0\u00bb a-t-il pr\u00e9tendu. <\/p>\n<p>Au cours de son allocution \u00e0 l&#39;endroit de la congr\u00e9gation, la Premi\u00e8re Ministre a remerci\u00e9 l&#39;\u00e9glise pour lui avoir permis d&#39;adorer et a f\u00e9licit\u00e9 l&#39;Egise Adventiste de la Jama\u00efque pour sa participation \u00e0 la construction de la nation. <\/p>\n<p>\u00ab\u00a0Vous Adventistes du Septi\u00e8me jour \u00eates une source constante d&#39;inspiration,\u00a0\u00bb a-t-elle dit.  \u00ab\u00a0Votre foi en Dieu est in\u00e9branlable, et votre contribution sp\u00e9cialement \u00e0 l&#39;endroit du d\u00e9veloppement de la Jama\u00efque dans les domaines de l&#39;\u00e9ducation, la sant\u00e9 et des services d&#39;action communautaire sont remarquables,\u00a0\u00bb ajouta-elle. <\/p>\n<p>La Premi\u00e8re Ministre a profit\u00e9 de l&#39;opportunit\u00e9 pour inciter la nation \u00e0 pratiquer la devise \u00ab\u00a0nombreux, mais peuple uni\u00a0\u00bb  et de s&#39;entendre pour une Jama\u00efque plus prosp\u00e8re.  Elle a de plus demand\u00e9 \u00e0 l&#39;\u00e9glise de continuer \u00e0 prier pour elle et le gouvernement.       <\/p>\n","protected":false},"excerpt":{"rendered":"<p>Pasteur Michael Harvey, pr\u00e9sident de l&#39;Eglise Adventiste du Nord de la Jamaique, a r\u00e9cemment convi\u00e9 des centaines de membres d&#39;\u00e9glise et des dirigeants du gouvernement \u00e0 d\u00e9fendre et maintenir la justice<\/p>\n","protected":false},"author":1,"featured_media":0,"comment_status":"closed","ping_status":"closed","sticky":false,"template":"","format":"standard","meta":{"_acf_changed":false,"footnotes":""},"categories":[9],"tags":[],"class_list":["post-12724","post","type-post","status-publish","format-standard","hentry","category-archive-fr"],"acf":[],"yoast_head":"<!-- This site is optimized with the Yoast SEO plugin v27.3 - https:\/\/yoast.com\/product\/yoast-seo-wordpress\/ -->\n<title>Jama\u00efque: Croyants Adventistes et Dirigeants de l&#039;Etat Convi\u00e9s A Maintenir la Justice - \u00c9glise Adventiste Du Septieme Jour - Inter Am\u00e9rique Division<\/title>\n<meta name=\"robots\" content=\"index, follow, max-snippet:-1, max-image-preview:large, max-video-preview:-1\" \/>\n<link rel=\"canonical\" href=\"https:\/\/interamerica.org\/fr\/2007\/04\/jamaique-croyants-adventistes-et-dirigeants-de-letat-convies-a-maintenir-la-justice\/\" \/>\n<meta property=\"og:locale\" content=\"fr_FR\" \/>\n<meta property=\"og:type\" content=\"article\" \/>\n<meta property=\"og:title\" content=\"Jama\u00efque: Croyants Adventistes et Dirigeants de l&#039;Etat Convi\u00e9s A Maintenir la Justice - \u00c9glise Adventiste Du Septieme Jour - Inter Am\u00e9rique Division\" \/>\n<meta property=\"og:description\" content=\"Pasteur Michael Harvey, pr\u00e9sident de l&#039;Eglise Adventiste du Nord de la Jamaique, a r\u00e9cemment convi\u00e9 des centaines de membres d&#039;\u00e9glise et des dirigeants du gouvernement \u00e0 d\u00e9fendre et maintenir la justice\" \/>\n<meta property=\"og:url\" content=\"https:\/\/interamerica.org\/fr\/2007\/04\/jamaique-croyants-adventistes-et-dirigeants-de-letat-convies-a-maintenir-la-justice\/\" \/>\n<meta property=\"og:site_name\" content=\"\u00c9glise Adventiste Du Septieme Jour - Inter Am\u00e9rique Division\" \/>\n<meta property=\"article:published_time\" content=\"2007-04-03T04:00:00+00:00\" \/>\n<meta property=\"article:modified_time\" content=\"2017-06-02T17:14:35+00:00\" \/>\n<meta name=\"author\" content=\"Lorenzo Verduzco\" \/>\n<meta name=\"twitter:card\" content=\"summary_large_image\" \/>\n<meta name=\"twitter:label1\" content=\"\u00c9crit par\" \/>\n\t<meta name=\"twitter:data1\" content=\"Lorenzo Verduzco\" \/>\n\t<meta name=\"twitter:label2\" content=\"Dur\u00e9e de lecture estim\u00e9e\" \/>\n\t<meta name=\"twitter:data2\" content=\"3 minutes\" \/>\n<script type=\"application\/ld+json\" class=\"yoast-schema-graph\">{\"@context\":\"https:\\\/\\\/schema.org\",\"@graph\":[{\"@type\":\"Article\",\"@id\":\"https:\\\/\\\/interamerica.org\\\/fr\\\/2007\\\/04\\\/jamaique-croyants-adventistes-et-dirigeants-de-letat-convies-a-maintenir-la-justice\\\/#article\",\"isPartOf\":{\"@id\":\"https:\\\/\\\/interamerica.org\\\/fr\\\/2007\\\/04\\\/jamaique-croyants-adventistes-et-dirigeants-de-letat-convies-a-maintenir-la-justice\\\/\"},\"author\":{\"name\":\"Lorenzo Verduzco\",\"@id\":\"https:\\\/\\\/interamerica.org\\\/fr\\\/#\\\/schema\\\/person\\\/68ede8bdc292885bb76c1e3810e73c39\"},\"headline\":\"Jama\u00efque: Croyants Adventistes et Dirigeants de l&#39;Etat Convi\u00e9s A Maintenir la Justice\",\"datePublished\":\"2007-04-03T04:00:00+00:00\",\"dateModified\":\"2017-06-02T17:14:35+00:00\",\"mainEntityOfPage\":{\"@id\":\"https:\\\/\\\/interamerica.org\\\/fr\\\/2007\\\/04\\\/jamaique-croyants-adventistes-et-dirigeants-de-letat-convies-a-maintenir-la-justice\\\/\"},\"wordCount\":544,\"articleSection\":[\"Archive\"],\"inLanguage\":\"fr-FR\"},{\"@type\":\"WebPage\",\"@id\":\"https:\\\/\\\/interamerica.org\\\/fr\\\/2007\\\/04\\\/jamaique-croyants-adventistes-et-dirigeants-de-letat-convies-a-maintenir-la-justice\\\/\",\"url\":\"https:\\\/\\\/interamerica.org\\\/fr\\\/2007\\\/04\\\/jamaique-croyants-adventistes-et-dirigeants-de-letat-convies-a-maintenir-la-justice\\\/\",\"name\":\"Jama\u00efque: Croyants Adventistes et Dirigeants de l&#39;Etat Convi\u00e9s A Maintenir la Justice - \u00c9glise Adventiste Du Septieme Jour - Inter Am\u00e9rique Division\",\"isPartOf\":{\"@id\":\"https:\\\/\\\/interamerica.org\\\/fr\\\/#website\"},\"datePublished\":\"2007-04-03T04:00:00+00:00\",\"dateModified\":\"2017-06-02T17:14:35+00:00\",\"author\":{\"@id\":\"https:\\\/\\\/interamerica.org\\\/fr\\\/#\\\/schema\\\/person\\\/68ede8bdc292885bb76c1e3810e73c39\"},\"breadcrumb\":{\"@id\":\"https:\\\/\\\/interamerica.org\\\/fr\\\/2007\\\/04\\\/jamaique-croyants-adventistes-et-dirigeants-de-letat-convies-a-maintenir-la-justice\\\/#breadcrumb\"},\"inLanguage\":\"fr-FR\",\"potentialAction\":[{\"@type\":\"ReadAction\",\"target\":[\"https:\\\/\\\/interamerica.org\\\/fr\\\/2007\\\/04\\\/jamaique-croyants-adventistes-et-dirigeants-de-letat-convies-a-maintenir-la-justice\\\/\"]}]},{\"@type\":\"BreadcrumbList\",\"@id\":\"https:\\\/\\\/interamerica.org\\\/fr\\\/2007\\\/04\\\/jamaique-croyants-adventistes-et-dirigeants-de-letat-convies-a-maintenir-la-justice\\\/#breadcrumb\",\"itemListElement\":[{\"@type\":\"ListItem\",\"position\":1,\"name\":\"Home\",\"item\":\"https:\\\/\\\/interamerica.org\\\/fr\\\/\"},{\"@type\":\"ListItem\",\"position\":2,\"name\":\"Jama\u00efque: Croyants Adventistes et Dirigeants de l&#39;Etat Convi\u00e9s A Maintenir la Justice\"}]},{\"@type\":\"WebSite\",\"@id\":\"https:\\\/\\\/interamerica.org\\\/fr\\\/#website\",\"url\":\"https:\\\/\\\/interamerica.org\\\/fr\\\/\",\"name\":\"\u00c9glise Adventiste Du Septieme Jour - Inter Am\u00e9rique Division\",\"description\":\"\",\"potentialAction\":[{\"@type\":\"SearchAction\",\"target\":{\"@type\":\"EntryPoint\",\"urlTemplate\":\"https:\\\/\\\/interamerica.org\\\/fr\\\/?s={search_term_string}\"},\"query-input\":{\"@type\":\"PropertyValueSpecification\",\"valueRequired\":true,\"valueName\":\"search_term_string\"}}],\"inLanguage\":\"fr-FR\"},{\"@type\":\"Person\",\"@id\":\"https:\\\/\\\/interamerica.org\\\/fr\\\/#\\\/schema\\\/person\\\/68ede8bdc292885bb76c1e3810e73c39\",\"name\":\"Lorenzo Verduzco\",\"image\":{\"@type\":\"ImageObject\",\"inLanguage\":\"fr-FR\",\"@id\":\"https:\\\/\\\/secure.gravatar.com\\\/avatar\\\/fb81a55b6218459490a9c1dc841a34909185b81904c5337b4b27f7a6fd60c49e?s=96&d=mm&r=g\",\"url\":\"https:\\\/\\\/secure.gravatar.com\\\/avatar\\\/fb81a55b6218459490a9c1dc841a34909185b81904c5337b4b27f7a6fd60c49e?s=96&d=mm&r=g\",\"contentUrl\":\"https:\\\/\\\/secure.gravatar.com\\\/avatar\\\/fb81a55b6218459490a9c1dc841a34909185b81904c5337b4b27f7a6fd60c49e?s=96&d=mm&r=g\",\"caption\":\"Lorenzo Verduzco\"}}]}<\/script>\n<!-- \/ Yoast SEO plugin. -->","yoast_head_json":{"title":"Jama\u00efque: Croyants Adventistes et Dirigeants de l&#39;Etat Convi\u00e9s A Maintenir la Justice - \u00c9glise Adventiste Du Septieme Jour - Inter Am\u00e9rique Division","robots":{"index":"index","follow":"follow","max-snippet":"max-snippet:-1","max-image-preview":"max-image-preview:large","max-video-preview":"max-video-preview:-1"},"canonical":"https:\/\/interamerica.org\/fr\/2007\/04\/jamaique-croyants-adventistes-et-dirigeants-de-letat-convies-a-maintenir-la-justice\/","og_locale":"fr_FR","og_type":"article","og_title":"Jama\u00efque: Croyants Adventistes et Dirigeants de l&#39;Etat Convi\u00e9s A Maintenir la Justice - \u00c9glise Adventiste Du Septieme Jour - Inter Am\u00e9rique Division","og_description":"Pasteur Michael Harvey, pr\u00e9sident de l&#39;Eglise Adventiste du Nord de la Jamaique, a r\u00e9cemment convi\u00e9 des centaines de membres d&#39;\u00e9glise et des dirigeants du gouvernement \u00e0 d\u00e9fendre et maintenir la justice","og_url":"https:\/\/interamerica.org\/fr\/2007\/04\/jamaique-croyants-adventistes-et-dirigeants-de-letat-convies-a-maintenir-la-justice\/","og_site_name":"\u00c9glise Adventiste Du Septieme Jour - Inter Am\u00e9rique Division","article_published_time":"2007-04-03T04:00:00+00:00","article_modified_time":"2017-06-02T17:14:35+00:00","author":"Lorenzo Verduzco","twitter_card":"summary_large_image","twitter_misc":{"\u00c9crit par":"Lorenzo Verduzco","Dur\u00e9e de lecture estim\u00e9e":"3 minutes"},"schema":{"@context":"https:\/\/schema.org","@graph":[{"@type":"Article","@id":"https:\/\/interamerica.org\/fr\/2007\/04\/jamaique-croyants-adventistes-et-dirigeants-de-letat-convies-a-maintenir-la-justice\/#article","isPartOf":{"@id":"https:\/\/interamerica.org\/fr\/2007\/04\/jamaique-croyants-adventistes-et-dirigeants-de-letat-convies-a-maintenir-la-justice\/"},"author":{"name":"Lorenzo Verduzco","@id":"https:\/\/interamerica.org\/fr\/#\/schema\/person\/68ede8bdc292885bb76c1e3810e73c39"},"headline":"Jama\u00efque: Croyants Adventistes et Dirigeants de l&#39;Etat Convi\u00e9s A Maintenir la Justice","datePublished":"2007-04-03T04:00:00+00:00","dateModified":"2017-06-02T17:14:35+00:00","mainEntityOfPage":{"@id":"https:\/\/interamerica.org\/fr\/2007\/04\/jamaique-croyants-adventistes-et-dirigeants-de-letat-convies-a-maintenir-la-justice\/"},"wordCount":544,"articleSection":["Archive"],"inLanguage":"fr-FR"},{"@type":"WebPage","@id":"https:\/\/interamerica.org\/fr\/2007\/04\/jamaique-croyants-adventistes-et-dirigeants-de-letat-convies-a-maintenir-la-justice\/","url":"https:\/\/interamerica.org\/fr\/2007\/04\/jamaique-croyants-adventistes-et-dirigeants-de-letat-convies-a-maintenir-la-justice\/","name":"Jama\u00efque: Croyants Adventistes et Dirigeants de l&#39;Etat Convi\u00e9s A Maintenir la Justice - \u00c9glise Adventiste Du Septieme Jour - Inter Am\u00e9rique Division","isPartOf":{"@id":"https:\/\/interamerica.org\/fr\/#website"},"datePublished":"2007-04-03T04:00:00+00:00","dateModified":"2017-06-02T17:14:35+00:00","author":{"@id":"https:\/\/interamerica.org\/fr\/#\/schema\/person\/68ede8bdc292885bb76c1e3810e73c39"},"breadcrumb":{"@id":"https:\/\/interamerica.org\/fr\/2007\/04\/jamaique-croyants-adventistes-et-dirigeants-de-letat-convies-a-maintenir-la-justice\/#breadcrumb"},"inLanguage":"fr-FR","potentialAction":[{"@type":"ReadAction","target":["https:\/\/interamerica.org\/fr\/2007\/04\/jamaique-croyants-adventistes-et-dirigeants-de-letat-convies-a-maintenir-la-justice\/"]}]},{"@type":"BreadcrumbList","@id":"https:\/\/interamerica.org\/fr\/2007\/04\/jamaique-croyants-adventistes-et-dirigeants-de-letat-convies-a-maintenir-la-justice\/#breadcrumb","itemListElement":[{"@type":"ListItem","position":1,"name":"Home","item":"https:\/\/interamerica.org\/fr\/"},{"@type":"ListItem","position":2,"name":"Jama\u00efque: Croyants Adventistes et Dirigeants de l&#39;Etat Convi\u00e9s A Maintenir la Justice"}]},{"@type":"WebSite","@id":"https:\/\/interamerica.org\/fr\/#website","url":"https:\/\/interamerica.org\/fr\/","name":"\u00c9glise Adventiste Du Septieme Jour - Inter Am\u00e9rique Division","description":"","potentialAction":[{"@type":"SearchAction","target":{"@type":"EntryPoint","urlTemplate":"https:\/\/interamerica.org\/fr\/?s={search_term_string}"},"query-input":{"@type":"PropertyValueSpecification","valueRequired":true,"valueName":"search_term_string"}}],"inLanguage":"fr-FR"},{"@type":"Person","@id":"https:\/\/interamerica.org\/fr\/#\/schema\/person\/68ede8bdc292885bb76c1e3810e73c39","name":"Lorenzo Verduzco","image":{"@type":"ImageObject","inLanguage":"fr-FR","@id":"https:\/\/secure.gravatar.com\/avatar\/fb81a55b6218459490a9c1dc841a34909185b81904c5337b4b27f7a6fd60c49e?s=96&d=mm&r=g","url":"https:\/\/secure.gravatar.com\/avatar\/fb81a55b6218459490a9c1dc841a34909185b81904c5337b4b27f7a6fd60c49e?s=96&d=mm&r=g","contentUrl":"https:\/\/secure.gravatar.com\/avatar\/fb81a55b6218459490a9c1dc841a34909185b81904c5337b4b27f7a6fd60c49e?s=96&d=mm&r=g","caption":"Lorenzo Verduzco"}}]}},"_links":{"self":[{"href":"https:\/\/interamerica.org\/fr\/wp-json\/wp\/v2\/posts\/12724","targetHints":{"allow":["GET"]}}],"collection":[{"href":"https:\/\/interamerica.org\/fr\/wp-json\/wp\/v2\/posts"}],"about":[{"href":"https:\/\/interamerica.org\/fr\/wp-json\/wp\/v2\/types\/post"}],"author":[{"embeddable":true,"href":"https:\/\/interamerica.org\/fr\/wp-json\/wp\/v2\/users\/1"}],"replies":[{"embeddable":true,"href":"https:\/\/interamerica.org\/fr\/wp-json\/wp\/v2\/comments?post=12724"}],"version-history":[{"count":0,"href":"https:\/\/interamerica.org\/fr\/wp-json\/wp\/v2\/posts\/12724\/revisions"}],"wp:attachment":[{"href":"https:\/\/interamerica.org\/fr\/wp-json\/wp\/v2\/media?parent=12724"}],"wp:term":[{"taxonomy":"category","embeddable":true,"href":"https:\/\/interamerica.org\/fr\/wp-json\/wp\/v2\/categories?post=12724"},{"taxonomy":"post_tag","embeddable":true,"href":"https:\/\/interamerica.org\/fr\/wp-json\/wp\/v2\/tags?post=12724"}],"curies":[{"name":"wp","href":"https:\/\/api.w.org\/{rel}","templated":true}]}}