{"id":12734,"date":"2007-04-15T00:00:00","date_gmt":"2007-04-15T04:00:00","guid":{"rendered":"http:\/\/192.81.217.108\/interamerica\/2007\/04\/guatemala-plus-de-3-000-participent-au-camp-des-jeunes\/"},"modified":"2017-06-02T13:14:29","modified_gmt":"2017-06-02T17:14:29","slug":"guatemala-plus-de-3-000-participent-au-camp-des-jeunes","status":"publish","type":"post","link":"https:\/\/interamerica.org\/fr\/2007\/04\/guatemala-plus-de-3-000-participent-au-camp-des-jeunes\/","title":{"rendered":"Guatemala:  Plus de 3.000 Participent Au Camp des Jeunes"},"content":{"rendered":"<p>Gaut\u00e9mala City, Guat\u00e9mala&#8230; (Melvin Batz\/Staff de la DIA) <\/p>\n<p>Plus de 3.000 jeunes Adventistes du Septi\u00e8me jour de toutes les \u00e9glise du Guat\u00e9mala et de Belize ont install\u00e9 leurs tentes et leurs sacs de couchage au Camp de San Jorge Muxbal de Guat\u00e9mala City, \u00e0 l&#39;occasion du premier Camp des Minist\u00e8res de la Jeunesse de la r\u00e9gion, tenu du 3-8 avril. <\/p>\n<p>\u00ab\u00a0C&#39;est pour la premi\u00e8re fois qu&#39;une activit\u00e9 d&#39;une si grande ampleur fut r\u00e9alis\u00e9e dans  notre union, laquelle a eu pour but de motiver les jeunes \u00e0 participer aux activit\u00e9s de leurs \u00e9glises respectives,\u00a0\u00bb a dit Pasteur Irvin Calderon, directeur des Minist\u00e8res de la Jeunesse de l&#39;\u00e9glise de la r\u00e9gion Nord de l&#39;Am\u00e9rique Centrale. <\/p>\n<p>L&#39;\u00e9v\u00e8nement a comport\u00e9 toute une s\u00e9rie d&#39;activit\u00e9s spirituelle, mentale et physique pour les plus des 170 clubs compos\u00e9s d&#39;aventuriers, d&#39;\u00e9claireurs, de chefs-guide et de jeunes de la Soci\u00e9t\u00e9 de Jeunesse Adventiste qui ont ador\u00e9 et travaill\u00e9 ensemble au cours de ces six jours de la semaine de P\u00e2ques. <\/p>\n<p>\u00ab\u00a0C&#39;\u00e9tait vraiment une occasion extraordinaire,\u00a0\u00bb a dit Calderon.  \u00ab\u00a0Gr\u00e2ce \u00e0 Dieu toutes nos attentes ont \u00e9t\u00e9 combl\u00e9es et tout un chacun \u00e9tait satisfait de se trouver avec d&#39;autres enfants et de jeunes des diff\u00e9rentes parties du pays,\u00a0\u00bb a-t-il ajout\u00e9. <\/p>\n<p>Calderon a d\u00e9clar\u00e9 qu&#39;il esp\u00e8re que de pareilles rencontres soient organis\u00e9es plus souvent dans le but d&#39;unir la Jeunesse Adventiste de la r\u00e9gion et l&#39;encourager \u00e0 r\u00e9fl\u00e9chir sur le prochain retour de J\u00e9sus. <\/p>\n<p>Pour plus d&#39;information et visionner les photos du camp, visitez:  <a  href=\"http:\/\/campestre.advenred.com\/\">http:\/\/campestre.advenred.com<\/a > <\/p><\/p>\n","protected":false},"excerpt":{"rendered":"<p>Plus de 3.000 jeunes Adventistes du Septi\u00e8me jour de toutes les \u00e9glise du Guat\u00e9mala et de Belize ont install\u00e9 leurs tentes et leurs sacs de couchage au Camp de San Jorge Muxbal de Guat\u00e9mala City, \u00e0 l&#39;occasion<\/p>\n","protected":false},"author":1,"featured_media":0,"comment_status":"closed","ping_status":"closed","sticky":false,"template":"","format":"standard","meta":{"_acf_changed":false,"footnotes":""},"categories":[9],"tags":[],"class_list":["post-12734","post","type-post","status-publish","format-standard","hentry","category-archive-fr"],"acf":[],"yoast_head":"<!-- This site is optimized with the Yoast SEO plugin v27.3 - https:\/\/yoast.com\/product\/yoast-seo-wordpress\/ -->\n<title>Guatemala: Plus de 3.000 Participent Au Camp des Jeunes - \u00c9glise Adventiste Du Septieme Jour - Inter Am\u00e9rique Division<\/title>\n<meta name=\"robots\" content=\"index, follow, max-snippet:-1, max-image-preview:large, max-video-preview:-1\" \/>\n<link rel=\"canonical\" href=\"https:\/\/interamerica.org\/fr\/2007\/04\/guatemala-plus-de-3-000-participent-au-camp-des-jeunes\/\" \/>\n<meta property=\"og:locale\" content=\"fr_FR\" \/>\n<meta property=\"og:type\" content=\"article\" \/>\n<meta property=\"og:title\" content=\"Guatemala: Plus de 3.000 Participent Au Camp des Jeunes - \u00c9glise Adventiste Du Septieme Jour - Inter Am\u00e9rique Division\" \/>\n<meta property=\"og:description\" content=\"Plus de 3.000 jeunes Adventistes du Septi\u00e8me jour de toutes les \u00e9glise du Guat\u00e9mala et de Belize ont install\u00e9 leurs tentes et leurs sacs de couchage au Camp de San Jorge Muxbal de Guat\u00e9mala City, \u00e0 l&#039;occasion\" \/>\n<meta property=\"og:url\" content=\"https:\/\/interamerica.org\/fr\/2007\/04\/guatemala-plus-de-3-000-participent-au-camp-des-jeunes\/\" \/>\n<meta property=\"og:site_name\" content=\"\u00c9glise Adventiste Du Septieme Jour - Inter Am\u00e9rique Division\" \/>\n<meta property=\"article:published_time\" content=\"2007-04-15T04:00:00+00:00\" \/>\n<meta property=\"article:modified_time\" content=\"2017-06-02T17:14:29+00:00\" \/>\n<meta name=\"author\" content=\"Lorenzo Verduzco\" \/>\n<meta name=\"twitter:card\" content=\"summary_large_image\" \/>\n<meta name=\"twitter:label1\" content=\"\u00c9crit par\" \/>\n\t<meta name=\"twitter:data1\" content=\"Lorenzo Verduzco\" \/>\n\t<meta name=\"twitter:label2\" content=\"Dur\u00e9e de lecture estim\u00e9e\" \/>\n\t<meta name=\"twitter:data2\" content=\"1 minute\" \/>\n<script type=\"application\/ld+json\" class=\"yoast-schema-graph\">{\"@context\":\"https:\\\/\\\/schema.org\",\"@graph\":[{\"@type\":\"Article\",\"@id\":\"https:\\\/\\\/interamerica.org\\\/fr\\\/2007\\\/04\\\/guatemala-plus-de-3-000-participent-au-camp-des-jeunes\\\/#article\",\"isPartOf\":{\"@id\":\"https:\\\/\\\/interamerica.org\\\/fr\\\/2007\\\/04\\\/guatemala-plus-de-3-000-participent-au-camp-des-jeunes\\\/\"},\"author\":{\"name\":\"Lorenzo Verduzco\",\"@id\":\"https:\\\/\\\/interamerica.org\\\/fr\\\/#\\\/schema\\\/person\\\/68ede8bdc292885bb76c1e3810e73c39\"},\"headline\":\"Guatemala: Plus de 3.000 Participent Au Camp des Jeunes\",\"datePublished\":\"2007-04-15T04:00:00+00:00\",\"dateModified\":\"2017-06-02T17:14:29+00:00\",\"mainEntityOfPage\":{\"@id\":\"https:\\\/\\\/interamerica.org\\\/fr\\\/2007\\\/04\\\/guatemala-plus-de-3-000-participent-au-camp-des-jeunes\\\/\"},\"wordCount\":296,\"articleSection\":[\"Archive\"],\"inLanguage\":\"fr-FR\"},{\"@type\":\"WebPage\",\"@id\":\"https:\\\/\\\/interamerica.org\\\/fr\\\/2007\\\/04\\\/guatemala-plus-de-3-000-participent-au-camp-des-jeunes\\\/\",\"url\":\"https:\\\/\\\/interamerica.org\\\/fr\\\/2007\\\/04\\\/guatemala-plus-de-3-000-participent-au-camp-des-jeunes\\\/\",\"name\":\"Guatemala: Plus de 3.000 Participent Au Camp des Jeunes - \u00c9glise Adventiste Du Septieme Jour - Inter Am\u00e9rique Division\",\"isPartOf\":{\"@id\":\"https:\\\/\\\/interamerica.org\\\/fr\\\/#website\"},\"datePublished\":\"2007-04-15T04:00:00+00:00\",\"dateModified\":\"2017-06-02T17:14:29+00:00\",\"author\":{\"@id\":\"https:\\\/\\\/interamerica.org\\\/fr\\\/#\\\/schema\\\/person\\\/68ede8bdc292885bb76c1e3810e73c39\"},\"breadcrumb\":{\"@id\":\"https:\\\/\\\/interamerica.org\\\/fr\\\/2007\\\/04\\\/guatemala-plus-de-3-000-participent-au-camp-des-jeunes\\\/#breadcrumb\"},\"inLanguage\":\"fr-FR\",\"potentialAction\":[{\"@type\":\"ReadAction\",\"target\":[\"https:\\\/\\\/interamerica.org\\\/fr\\\/2007\\\/04\\\/guatemala-plus-de-3-000-participent-au-camp-des-jeunes\\\/\"]}]},{\"@type\":\"BreadcrumbList\",\"@id\":\"https:\\\/\\\/interamerica.org\\\/fr\\\/2007\\\/04\\\/guatemala-plus-de-3-000-participent-au-camp-des-jeunes\\\/#breadcrumb\",\"itemListElement\":[{\"@type\":\"ListItem\",\"position\":1,\"name\":\"Home\",\"item\":\"https:\\\/\\\/interamerica.org\\\/fr\\\/\"},{\"@type\":\"ListItem\",\"position\":2,\"name\":\"Guatemala: Plus de 3.000 Participent Au Camp des Jeunes\"}]},{\"@type\":\"WebSite\",\"@id\":\"https:\\\/\\\/interamerica.org\\\/fr\\\/#website\",\"url\":\"https:\\\/\\\/interamerica.org\\\/fr\\\/\",\"name\":\"\u00c9glise Adventiste Du Septieme Jour - Inter Am\u00e9rique Division\",\"description\":\"\",\"potentialAction\":[{\"@type\":\"SearchAction\",\"target\":{\"@type\":\"EntryPoint\",\"urlTemplate\":\"https:\\\/\\\/interamerica.org\\\/fr\\\/?s={search_term_string}\"},\"query-input\":{\"@type\":\"PropertyValueSpecification\",\"valueRequired\":true,\"valueName\":\"search_term_string\"}}],\"inLanguage\":\"fr-FR\"},{\"@type\":\"Person\",\"@id\":\"https:\\\/\\\/interamerica.org\\\/fr\\\/#\\\/schema\\\/person\\\/68ede8bdc292885bb76c1e3810e73c39\",\"name\":\"Lorenzo Verduzco\",\"image\":{\"@type\":\"ImageObject\",\"inLanguage\":\"fr-FR\",\"@id\":\"https:\\\/\\\/secure.gravatar.com\\\/avatar\\\/fb81a55b6218459490a9c1dc841a34909185b81904c5337b4b27f7a6fd60c49e?s=96&d=mm&r=g\",\"url\":\"https:\\\/\\\/secure.gravatar.com\\\/avatar\\\/fb81a55b6218459490a9c1dc841a34909185b81904c5337b4b27f7a6fd60c49e?s=96&d=mm&r=g\",\"contentUrl\":\"https:\\\/\\\/secure.gravatar.com\\\/avatar\\\/fb81a55b6218459490a9c1dc841a34909185b81904c5337b4b27f7a6fd60c49e?s=96&d=mm&r=g\",\"caption\":\"Lorenzo Verduzco\"}}]}<\/script>\n<!-- \/ Yoast SEO plugin. -->","yoast_head_json":{"title":"Guatemala: Plus de 3.000 Participent Au Camp des Jeunes - \u00c9glise Adventiste Du Septieme Jour - Inter Am\u00e9rique Division","robots":{"index":"index","follow":"follow","max-snippet":"max-snippet:-1","max-image-preview":"max-image-preview:large","max-video-preview":"max-video-preview:-1"},"canonical":"https:\/\/interamerica.org\/fr\/2007\/04\/guatemala-plus-de-3-000-participent-au-camp-des-jeunes\/","og_locale":"fr_FR","og_type":"article","og_title":"Guatemala: Plus de 3.000 Participent Au Camp des Jeunes - \u00c9glise Adventiste Du Septieme Jour - Inter Am\u00e9rique Division","og_description":"Plus de 3.000 jeunes Adventistes du Septi\u00e8me jour de toutes les \u00e9glise du Guat\u00e9mala et de Belize ont install\u00e9 leurs tentes et leurs sacs de couchage au Camp de San Jorge Muxbal de Guat\u00e9mala City, \u00e0 l&#39;occasion","og_url":"https:\/\/interamerica.org\/fr\/2007\/04\/guatemala-plus-de-3-000-participent-au-camp-des-jeunes\/","og_site_name":"\u00c9glise Adventiste Du Septieme Jour - Inter Am\u00e9rique Division","article_published_time":"2007-04-15T04:00:00+00:00","article_modified_time":"2017-06-02T17:14:29+00:00","author":"Lorenzo Verduzco","twitter_card":"summary_large_image","twitter_misc":{"\u00c9crit par":"Lorenzo Verduzco","Dur\u00e9e de lecture estim\u00e9e":"1 minute"},"schema":{"@context":"https:\/\/schema.org","@graph":[{"@type":"Article","@id":"https:\/\/interamerica.org\/fr\/2007\/04\/guatemala-plus-de-3-000-participent-au-camp-des-jeunes\/#article","isPartOf":{"@id":"https:\/\/interamerica.org\/fr\/2007\/04\/guatemala-plus-de-3-000-participent-au-camp-des-jeunes\/"},"author":{"name":"Lorenzo Verduzco","@id":"https:\/\/interamerica.org\/fr\/#\/schema\/person\/68ede8bdc292885bb76c1e3810e73c39"},"headline":"Guatemala: Plus de 3.000 Participent Au Camp des Jeunes","datePublished":"2007-04-15T04:00:00+00:00","dateModified":"2017-06-02T17:14:29+00:00","mainEntityOfPage":{"@id":"https:\/\/interamerica.org\/fr\/2007\/04\/guatemala-plus-de-3-000-participent-au-camp-des-jeunes\/"},"wordCount":296,"articleSection":["Archive"],"inLanguage":"fr-FR"},{"@type":"WebPage","@id":"https:\/\/interamerica.org\/fr\/2007\/04\/guatemala-plus-de-3-000-participent-au-camp-des-jeunes\/","url":"https:\/\/interamerica.org\/fr\/2007\/04\/guatemala-plus-de-3-000-participent-au-camp-des-jeunes\/","name":"Guatemala: Plus de 3.000 Participent Au Camp des Jeunes - \u00c9glise Adventiste Du Septieme Jour - Inter Am\u00e9rique Division","isPartOf":{"@id":"https:\/\/interamerica.org\/fr\/#website"},"datePublished":"2007-04-15T04:00:00+00:00","dateModified":"2017-06-02T17:14:29+00:00","author":{"@id":"https:\/\/interamerica.org\/fr\/#\/schema\/person\/68ede8bdc292885bb76c1e3810e73c39"},"breadcrumb":{"@id":"https:\/\/interamerica.org\/fr\/2007\/04\/guatemala-plus-de-3-000-participent-au-camp-des-jeunes\/#breadcrumb"},"inLanguage":"fr-FR","potentialAction":[{"@type":"ReadAction","target":["https:\/\/interamerica.org\/fr\/2007\/04\/guatemala-plus-de-3-000-participent-au-camp-des-jeunes\/"]}]},{"@type":"BreadcrumbList","@id":"https:\/\/interamerica.org\/fr\/2007\/04\/guatemala-plus-de-3-000-participent-au-camp-des-jeunes\/#breadcrumb","itemListElement":[{"@type":"ListItem","position":1,"name":"Home","item":"https:\/\/interamerica.org\/fr\/"},{"@type":"ListItem","position":2,"name":"Guatemala: Plus de 3.000 Participent Au Camp des Jeunes"}]},{"@type":"WebSite","@id":"https:\/\/interamerica.org\/fr\/#website","url":"https:\/\/interamerica.org\/fr\/","name":"\u00c9glise Adventiste Du Septieme Jour - Inter Am\u00e9rique Division","description":"","potentialAction":[{"@type":"SearchAction","target":{"@type":"EntryPoint","urlTemplate":"https:\/\/interamerica.org\/fr\/?s={search_term_string}"},"query-input":{"@type":"PropertyValueSpecification","valueRequired":true,"valueName":"search_term_string"}}],"inLanguage":"fr-FR"},{"@type":"Person","@id":"https:\/\/interamerica.org\/fr\/#\/schema\/person\/68ede8bdc292885bb76c1e3810e73c39","name":"Lorenzo Verduzco","image":{"@type":"ImageObject","inLanguage":"fr-FR","@id":"https:\/\/secure.gravatar.com\/avatar\/fb81a55b6218459490a9c1dc841a34909185b81904c5337b4b27f7a6fd60c49e?s=96&d=mm&r=g","url":"https:\/\/secure.gravatar.com\/avatar\/fb81a55b6218459490a9c1dc841a34909185b81904c5337b4b27f7a6fd60c49e?s=96&d=mm&r=g","contentUrl":"https:\/\/secure.gravatar.com\/avatar\/fb81a55b6218459490a9c1dc841a34909185b81904c5337b4b27f7a6fd60c49e?s=96&d=mm&r=g","caption":"Lorenzo Verduzco"}}]}},"_links":{"self":[{"href":"https:\/\/interamerica.org\/fr\/wp-json\/wp\/v2\/posts\/12734","targetHints":{"allow":["GET"]}}],"collection":[{"href":"https:\/\/interamerica.org\/fr\/wp-json\/wp\/v2\/posts"}],"about":[{"href":"https:\/\/interamerica.org\/fr\/wp-json\/wp\/v2\/types\/post"}],"author":[{"embeddable":true,"href":"https:\/\/interamerica.org\/fr\/wp-json\/wp\/v2\/users\/1"}],"replies":[{"embeddable":true,"href":"https:\/\/interamerica.org\/fr\/wp-json\/wp\/v2\/comments?post=12734"}],"version-history":[{"count":0,"href":"https:\/\/interamerica.org\/fr\/wp-json\/wp\/v2\/posts\/12734\/revisions"}],"wp:attachment":[{"href":"https:\/\/interamerica.org\/fr\/wp-json\/wp\/v2\/media?parent=12734"}],"wp:term":[{"taxonomy":"category","embeddable":true,"href":"https:\/\/interamerica.org\/fr\/wp-json\/wp\/v2\/categories?post=12734"},{"taxonomy":"post_tag","embeddable":true,"href":"https:\/\/interamerica.org\/fr\/wp-json\/wp\/v2\/tags?post=12734"}],"curies":[{"name":"wp","href":"https:\/\/api.w.org\/{rel}","templated":true}]}}