{"id":12737,"date":"2007-04-18T00:00:00","date_gmt":"2007-04-18T04:00:00","guid":{"rendered":"http:\/\/192.81.217.108\/interamerica\/2007\/04\/eglise-mondiale-levangelisation-doit-etre\/"},"modified":"2017-06-02T13:14:27","modified_gmt":"2017-06-02T17:14:27","slug":"eglise-mondiale-levangelisation-doit-etre","status":"publish","type":"post","link":"https:\/\/interamerica.org\/fr\/2007\/04\/eglise-mondiale-levangelisation-doit-etre\/","title":{"rendered":"\u00c9glise Mondiale : l&#39;\u00c9vang\u00e9lisation Doit \u00catre"},"content":{"rendered":"<p><em >18 avril 2007<\/em > Silver Spring, Maryland, \u00c9tats-Unis&#8230;. [Elizabeth Lechleitner\/ANN] <\/p>\n<p> Si votre concept de l&#39;\u00e9vang\u00e9lisation ne voit que le c\u00f4t\u00e9 \u00ab\u00a0argent\u00a0\u00bb,  \u00ab\u00a0orateur vedette\u00a0\u00bb et que l&#39;aspect consistant \u00ab\u00a0\u00e0 faire entrer et laisser pour compte\u00a0\u00bb les nouveaux convertis, vous devez revoir cette conception, dit pasteur Mark Finley, vice-pr\u00e9sident de l&#39;\u00c9glise adventiste du septi\u00e8me jour mondiale.  <\/p>\n<p>\u00ab\u00a0Si vous consid\u00e9rez l&#39;\u00e9vang\u00e9lisation juste comme un \u00e9v\u00e9nement, vos r\u00e9sultats seront m\u00e9diocres. Si vous ne consid\u00e9rez pas l&#39;\u00e9vang\u00e9lisation comme une activit\u00e9 continuelle, \u00e9tablie dans des \u00e9glises locales tenue en \u00e9veil et \u00e9quip\u00e9e, o\u00f9 les nouveaux croyants sont nourris, elle est destin\u00e9e \u00e0 \u00eatre moins que ce que Dieu d\u00e9sire,\u00a0\u00bb dit Finley, qui croit que l&#39;\u00e9vang\u00e9lisation est utile et efficace, uniquement quand l&#39;\u00e9glise fonctionne sur une base permanente dans la communaut\u00e9.  <\/p>\n<p>Evang\u00e9liste lui-m\u00eame, Finley est un fervent d\u00e9fenseur du partage de la foi. \u00ab\u00a0Quand on croit en la Bible, l&#39;\u00e9vang\u00e9lisation est ce qu&#39;il faut,\u00a0\u00bb explique-t-il, en Rappelant l&#39;instruction de J\u00e9sus en Marc 16:15, qui enjoint de pr\u00eacher l&#39;\u00c9vangile au monde entier. \u00ab\u00a0En tant qu&#39;\u00e9glise, nous nous int\u00e9ressons aux gens. Et cet int\u00e9r\u00eat pour les gens requiert de l&#39;amour pour l&#39;\u00e9vang\u00e9lisation.\u00a0\u00bb  <\/p>\n<p>Mais l&#39;\u00e9vang\u00e9lisation n&#39;est pas un \u00ab\u00a0one-size-fits-all\u00a0\u00bb (une taille unique), s&#39;empresse d&#39;ajouter Finley.  <\/p>\n<p>Au sens large, \u00ab\u00a0l&#39;\u00e9vang\u00e9lisation consiste \u00e0 parler de J\u00e9sus, en employant toutes les m\u00e9thodes possibles avec toutes les personnes \u00e9ventuelles. C&#39;est prier avec un voisin accabl\u00e9 par une affaire de divorce. C&#39;est offrir la paix de J\u00e9sus \u00e0 une personne qui souffre d&#39;un cancer. C&#39;est le partage dans de petits groupes, ou de personne \u00e0 personne.\u00a0\u00bb  <\/p>\n<p>Au cours des derni\u00e8res ann\u00e9es, plusieurs communaut\u00e9s chr\u00e9tiennes, y compris celles qui sont adventistes, ont de plus en plus opt\u00e9 pour le minist\u00e8re de petits groupes, la conversation par Internet et d&#39;autres formes d&#39;entrer en contact avec les gens, souvent consid\u00e9r\u00e9s plus ad\u00e9quats, pour se faire entendre dans une soci\u00e9t\u00e9 grandement s\u00e9culaire et incr\u00e9dule.  <\/p>\n<p>Finley, qui est aussi le directeur du Centre Eccl\u00e9siale pour Une \u00c9vang\u00e9lisation Globale, soutient totalement les m\u00e9thodes exp\u00e9rimentales d&#39;\u00e9vang\u00e9lisation, telles que les cours de Bible \u00ab\u00a0en ligne\u00a0\u00bb, l&#39;\u00e9vang\u00e9lisation par Internet et l&#39;utilisation de la TV, de la radio et d&#39;autres moyens utilis\u00e9s par les principaux mass m\u00e9dia dans ce qu&#39;on pourrait appeler une \u00ab\u00a0\u00e9vang\u00e9lisation par contact personnel gr\u00e2ce \u00e0 une technologie avanc\u00e9e.\u00a0\u00bb  <\/p>\n<p>Il croit aussi que, par des efforts au moyen des petits groupes, \u00ab\u00a0l&#39;\u00e9glise peut offrir une ambiance de fraternit\u00e9 et une identit\u00e9 au travers d&#39;une communaut\u00e9 spirituelle\u00a0\u00bb ce qui aura un impact particulier sur les jeunes.  Finley dit aussi que les th\u00e8mes doctrinaux \u00ab\u00a0devraient \u00eatre pr\u00e9sent\u00e9s dans le contexte de leur rapport avec la pens\u00e9e et les valeurs modernes.\u00a0\u00bb <\/p>\n<p>Il cite, comme exemple, la croyance adventiste au sujet du Sabbat du septi\u00e8me jour. L&#39;\u00e9glise ne peut pas simplement se r\u00e9f\u00e9rer au Sabbat \u00ab\u00a0comme une preuve\u00a0\u00bb que les nouveaux croyants devraient arbitrairement adopter. En lieu et place, elle devrait pr\u00e9senter le Sabbat \u00ab\u00a0comme notre signe distinctif en ce temps o\u00f9 l&#39;on enseigne l&#39;\u00e9volution. Le Sabbat nous dit qui nous sommes, cr\u00e9e de l&#39;estime de soi et donne un sens r\u00e9el \u00e0 la vie\u00a0\u00bb \u2013 concepts,  dit Finley, avec lesquels l&#39;esprit moderne est plus familier.  <\/p>\n<p>Bien qu&#39;il soit favorable \u00e0 de nouvelles m\u00e9thodes pour atteindre les gens, Finley n&#39;est pas d&#39;accord \u00e0 ce que l&#39;on tourne le dos aux r\u00e9unions publiques traditionnelles. Mais, dit-il, il y a une mani\u00e8re correcte et une incorrecte de les mener. Les adventistes doivent constamment r\u00e9\u00e9valuer leur fa\u00e7on de penser de mani\u00e8re \u00e0 rendre l&#39;\u00e9vang\u00e9lisation publique plus dynamique. <\/p>\n<p>Toute campagne d&#39;\u00e9vang\u00e9lisation qui est bas\u00e9e sur la manipulation \u00e9motionnelle ou sur un orateur de renom pour \u00ab\u00a0accrocher\u00a0\u00bb un certain nombre de nouveaux croyants dans les registres, ne fait que souiller \u00ab\u00a0l&#39;authenticit\u00e9 de l&#39;\u00c9vangile.\u00a0\u00bb  \u00ab\u00a0Je pense qu&#39;offrir comme cadeau, une Bible ou autre chose est une motivation tout \u00e0 fait l\u00e9gitime pour l&#39;assistance,\u00a0\u00bb ajoute Finley. Mais \u00e0 part cela, \u00ab\u00a0toute esp\u00e8ce de &#39;miroir aux alouettes&#39; ou &#39;pot-de-vin&#39; rabaisse la vraie \u00e9vang\u00e9lisation.\u00a0\u00bb  <\/p>\n<p>Finley n&#39;incrimine pas la m\u00e9thodologie de l&#39;\u00e9vang\u00e9lisation publique telle un instrument pour \u00ab\u00a0Le Dire au Monde\u00a0\u00bb autant qu&#39;il remet en question certaines personnes qui en font l&#39;application. \u00ab\u00a0Le grand besoin n&#39;est pas de nouvelles m\u00e9thodes, mais de personnes nouvelles,\u00a0\u00bb dit-il. \u00ab\u00a0Nous avons besoin d&#39;une \u00e9glise qui se fait des amis et des voisins. L&#39;\u00e9glise devrait \u00eatre l&#39;ar\u00e8ne de la gr\u00e2ce de Dieu dans la communaut\u00e9. Elle devrait aller dans la communaut\u00e9 et partager avec elle, l&#39;amour de J\u00e9sus et la paix avec tous.\u00a0\u00bb  <\/p>\n<p>Peu d&#39;adventistes remettent en question la valeur d&#39;une \u00e9glise compatissante jouant un r\u00f4le dans la communaut\u00e9. Mais nombreux sont ceux qui se demandent s&#39;il y a encore un rapport entre l&#39;\u00e9vang\u00e9lisation publique et les incroyants. \u00ab\u00a0Consid\u00e9rez Rome au Premier si\u00e8cle,\u00a0\u00bb sugg\u00e8re Finley. \u00ab\u00a0Les gens \u00e9taient des adeptes de l&#39;h\u00e9donisme, de la force militaire ; ils \u00e9taient plong\u00e9s dans la culture et les arts, la musique et le th\u00e9\u00e2tre &#8211; les fondations du monde moderne &#8211; et dans deux religions qui avaient cess\u00e9 d&#39;avoir du sens ; cependant, dans toute cette m\u00eame culture, J\u00e9sus d\u00e9clara, &#39;Allez et pr\u00eachez.&#39;\u00a0\u00bb  <\/p>\n<p>Les signes ext\u00e9rieurs du s\u00e9cularisme peuvent attirer l&#39;attention de tous, mais ne peuvent changer l&#39;ultime instruction de J\u00e9sus, maintient Finley. Il est conscient par-dessus tout que l&#39;\u00e9vang\u00e9lisation publique a encore de l&#39;importance, notamment dans les pays en voie de d\u00e9veloppement comme l&#39;Inde et l&#39;Am\u00e9rique du Sud. \u00ab\u00a0Dire qu&#39;elle n&#39;est pas efficace, c&#39;est nier la r\u00e9alit\u00e9. Quatre-vingt-treize pour cent de l&#39;\u00e9glise adventiste se trouvent \u00e0 l&#39;ext\u00e9rieur des Etats Unis. Dans ces pays-l\u00e0, les gens cherchent quelque chose qu&#39;ils reconnaissent ne pas avoir.\u00a0\u00bb  &#39;Ce quelque chose&#39;, dit-il, c&#39;est Dieu. <\/p>\n<p>Finley convient que les habitants du monde occidental peuvent ne pas \u00eatre en accord avec ce besoin. \u00ab\u00a0Ils peuvent avoir de bons emplois et de bonnes voitures et en m\u00eame temps, se rendre compte qu&#39;ils ont besoin de Dieu ou qu&#39;il leur manque quelque chose. La vie devra les frapper d&#39;un grand coup avant qu&#39;ils n&#39;ouvrent leur c\u0153ur \u00e0 ce qui est spirituel.\u00a0\u00bb Dans de tels cas, Finley convient que les rapports de personne \u00e0 personne peuvent permettre de les atteindre plus efficacement qu&#39;en lieu et place des grandes campagnes publiques.  Le mot cl\u00e9 ? Flexibilit\u00e9. Il y a d&#39;innombrables moyens d&#39;atteindre les gens pour Christ. Aussi longtemps que ces moyens stimulent les adventistes \u00e0 se mettre au service de la communaut\u00e9, ceux-ci recevront tout l&#39;appui de l&#39;organisation. <\/p>\n<p>D&#39;autre part, toute forme d&#39;\u00e9vang\u00e9lisation qui isole les nouveaux croyants dans une \u00e9glise qui fait peu ou rien pour les nourrir, court \u00e0 l&#39;\u00e9chec.  Le pr\u00e9sident de l&#39;\u00e9glise mondiale, pasteur Jan Paulsen a r\u00e9cemment rappel\u00e9 \u00e0 un groupe de jeunes gens \u00e9tudiant \u00e0 l&#39;Universit\u00e9 adventiste de la Sierra, en Californie, l&#39;importance d&#39;une infrastructure spirituelle, solide pour retenir les nouveaux croyants.  <\/p>\n<p>Il dit que ceux qui planifient des campagnes doivent le faire ensemble avec les \u00e9glises locales pour garantir que les nouveaux croyants seront accueillis dans un cercle  d&#39;adventistes pleins de vigueur, qu&#39;il a appel\u00e9 \u00ab\u00a0\u00e9nergie contagieuse\u00a0\u00bb pour l&#39;oeuvre du Seigneur. \u00ab\u00a0Vous avez besoin de sensibilit\u00e9 amicale, fraternelle, eccl\u00e9siale et un sentiment d&#39;appartenance. On a un besoin de personnes qui se soucient de cet aspect des choses et qui entretiennent vos int\u00e9r\u00eats spirituels &#8230; ou vous mourrez [sur le plan spirituel].\u00a0\u00bb   <\/p>\n<p>\u00ab\u00a0L&#39;\u00e9glise est le corps de Christ prenant soin des \u00e2mes, avec amour et partageant l&#39;amour de Christ avec la communaut\u00e9,\u00a0\u00bb dit pasteur Finley, en terminant. \u00ab\u00a0Ceci ne se produit pas en trois semaines, mais survient de mani\u00e8re permanente, continue. L&#39;\u00e9vang\u00e9lisation est, en r\u00e9alit\u00e9, un mode de vie, et non un \u00e9v\u00e9nement.\u00a0\u00bb <\/p>\n<p><strong >Droit d&#39;Auteur (c) 2007 de R\u00e9seau de Nouvelles Adventiste<\/strong >. <\/p>\n","protected":false},"excerpt":{"rendered":"<p>Si votre concept de l&#39;\u00e9vang\u00e9lisation ne voit que le c\u00f4t\u00e9 \u00ab\u00a0argent\u00a0\u00bb,  \u00ab\u00a0orateur vedette\u00a0\u00bb et que l&#39;aspect consistant \u00ab\u00a0\u00e0 faire entrer et laisser pour compte\u00a0\u00bb les nouveaux convertis,<\/p>\n","protected":false},"author":1,"featured_media":0,"comment_status":"closed","ping_status":"closed","sticky":false,"template":"","format":"standard","meta":{"_acf_changed":false,"footnotes":""},"categories":[9],"tags":[],"class_list":["post-12737","post","type-post","status-publish","format-standard","hentry","category-archive-fr"],"acf":[],"yoast_head":"<!-- This site is optimized with the Yoast SEO plugin v27.3 - https:\/\/yoast.com\/product\/yoast-seo-wordpress\/ -->\n<title>\u00c9glise Mondiale : l&#039;\u00c9vang\u00e9lisation Doit \u00catre - \u00c9glise Adventiste Du Septieme Jour - Inter Am\u00e9rique Division<\/title>\n<meta name=\"robots\" content=\"index, follow, max-snippet:-1, max-image-preview:large, max-video-preview:-1\" \/>\n<link rel=\"canonical\" href=\"https:\/\/interamerica.org\/fr\/2007\/04\/eglise-mondiale-levangelisation-doit-etre\/\" \/>\n<meta property=\"og:locale\" content=\"fr_FR\" \/>\n<meta property=\"og:type\" content=\"article\" \/>\n<meta property=\"og:title\" content=\"\u00c9glise Mondiale : l&#039;\u00c9vang\u00e9lisation Doit \u00catre - \u00c9glise Adventiste Du Septieme Jour - Inter Am\u00e9rique Division\" \/>\n<meta property=\"og:description\" content=\"Si votre concept de l&#039;\u00e9vang\u00e9lisation ne voit que le c\u00f4t\u00e9 &quot;argent&quot;, &quot;orateur vedette&quot; et que l&#039;aspect consistant &quot;\u00e0 faire entrer et laisser pour compte&quot; les nouveaux convertis,\" \/>\n<meta property=\"og:url\" content=\"https:\/\/interamerica.org\/fr\/2007\/04\/eglise-mondiale-levangelisation-doit-etre\/\" \/>\n<meta property=\"og:site_name\" content=\"\u00c9glise Adventiste Du Septieme Jour - Inter Am\u00e9rique Division\" \/>\n<meta property=\"article:published_time\" content=\"2007-04-18T04:00:00+00:00\" \/>\n<meta property=\"article:modified_time\" content=\"2017-06-02T17:14:27+00:00\" \/>\n<meta name=\"author\" content=\"Lorenzo Verduzco\" \/>\n<meta name=\"twitter:card\" content=\"summary_large_image\" \/>\n<meta name=\"twitter:label1\" content=\"\u00c9crit par\" \/>\n\t<meta name=\"twitter:data1\" content=\"Lorenzo Verduzco\" \/>\n\t<meta name=\"twitter:label2\" content=\"Dur\u00e9e de lecture estim\u00e9e\" \/>\n\t<meta name=\"twitter:data2\" content=\"7 minutes\" \/>\n<script type=\"application\/ld+json\" class=\"yoast-schema-graph\">{\"@context\":\"https:\\\/\\\/schema.org\",\"@graph\":[{\"@type\":\"Article\",\"@id\":\"https:\\\/\\\/interamerica.org\\\/fr\\\/2007\\\/04\\\/eglise-mondiale-levangelisation-doit-etre\\\/#article\",\"isPartOf\":{\"@id\":\"https:\\\/\\\/interamerica.org\\\/fr\\\/2007\\\/04\\\/eglise-mondiale-levangelisation-doit-etre\\\/\"},\"author\":{\"name\":\"Lorenzo Verduzco\",\"@id\":\"https:\\\/\\\/interamerica.org\\\/fr\\\/#\\\/schema\\\/person\\\/68ede8bdc292885bb76c1e3810e73c39\"},\"headline\":\"\u00c9glise Mondiale : l&#39;\u00c9vang\u00e9lisation Doit \u00catre\",\"datePublished\":\"2007-04-18T04:00:00+00:00\",\"dateModified\":\"2017-06-02T17:14:27+00:00\",\"mainEntityOfPage\":{\"@id\":\"https:\\\/\\\/interamerica.org\\\/fr\\\/2007\\\/04\\\/eglise-mondiale-levangelisation-doit-etre\\\/\"},\"wordCount\":1426,\"articleSection\":[\"Archive\"],\"inLanguage\":\"fr-FR\"},{\"@type\":\"WebPage\",\"@id\":\"https:\\\/\\\/interamerica.org\\\/fr\\\/2007\\\/04\\\/eglise-mondiale-levangelisation-doit-etre\\\/\",\"url\":\"https:\\\/\\\/interamerica.org\\\/fr\\\/2007\\\/04\\\/eglise-mondiale-levangelisation-doit-etre\\\/\",\"name\":\"\u00c9glise Mondiale : l&#39;\u00c9vang\u00e9lisation Doit \u00catre - \u00c9glise Adventiste Du Septieme Jour - Inter Am\u00e9rique Division\",\"isPartOf\":{\"@id\":\"https:\\\/\\\/interamerica.org\\\/fr\\\/#website\"},\"datePublished\":\"2007-04-18T04:00:00+00:00\",\"dateModified\":\"2017-06-02T17:14:27+00:00\",\"author\":{\"@id\":\"https:\\\/\\\/interamerica.org\\\/fr\\\/#\\\/schema\\\/person\\\/68ede8bdc292885bb76c1e3810e73c39\"},\"breadcrumb\":{\"@id\":\"https:\\\/\\\/interamerica.org\\\/fr\\\/2007\\\/04\\\/eglise-mondiale-levangelisation-doit-etre\\\/#breadcrumb\"},\"inLanguage\":\"fr-FR\",\"potentialAction\":[{\"@type\":\"ReadAction\",\"target\":[\"https:\\\/\\\/interamerica.org\\\/fr\\\/2007\\\/04\\\/eglise-mondiale-levangelisation-doit-etre\\\/\"]}]},{\"@type\":\"BreadcrumbList\",\"@id\":\"https:\\\/\\\/interamerica.org\\\/fr\\\/2007\\\/04\\\/eglise-mondiale-levangelisation-doit-etre\\\/#breadcrumb\",\"itemListElement\":[{\"@type\":\"ListItem\",\"position\":1,\"name\":\"Home\",\"item\":\"https:\\\/\\\/interamerica.org\\\/fr\\\/\"},{\"@type\":\"ListItem\",\"position\":2,\"name\":\"\u00c9glise Mondiale : l&#39;\u00c9vang\u00e9lisation Doit \u00catre\"}]},{\"@type\":\"WebSite\",\"@id\":\"https:\\\/\\\/interamerica.org\\\/fr\\\/#website\",\"url\":\"https:\\\/\\\/interamerica.org\\\/fr\\\/\",\"name\":\"\u00c9glise Adventiste Du Septieme Jour - Inter Am\u00e9rique Division\",\"description\":\"\",\"potentialAction\":[{\"@type\":\"SearchAction\",\"target\":{\"@type\":\"EntryPoint\",\"urlTemplate\":\"https:\\\/\\\/interamerica.org\\\/fr\\\/?s={search_term_string}\"},\"query-input\":{\"@type\":\"PropertyValueSpecification\",\"valueRequired\":true,\"valueName\":\"search_term_string\"}}],\"inLanguage\":\"fr-FR\"},{\"@type\":\"Person\",\"@id\":\"https:\\\/\\\/interamerica.org\\\/fr\\\/#\\\/schema\\\/person\\\/68ede8bdc292885bb76c1e3810e73c39\",\"name\":\"Lorenzo Verduzco\",\"image\":{\"@type\":\"ImageObject\",\"inLanguage\":\"fr-FR\",\"@id\":\"https:\\\/\\\/secure.gravatar.com\\\/avatar\\\/fb81a55b6218459490a9c1dc841a34909185b81904c5337b4b27f7a6fd60c49e?s=96&d=mm&r=g\",\"url\":\"https:\\\/\\\/secure.gravatar.com\\\/avatar\\\/fb81a55b6218459490a9c1dc841a34909185b81904c5337b4b27f7a6fd60c49e?s=96&d=mm&r=g\",\"contentUrl\":\"https:\\\/\\\/secure.gravatar.com\\\/avatar\\\/fb81a55b6218459490a9c1dc841a34909185b81904c5337b4b27f7a6fd60c49e?s=96&d=mm&r=g\",\"caption\":\"Lorenzo Verduzco\"}}]}<\/script>\n<!-- \/ Yoast SEO plugin. -->","yoast_head_json":{"title":"\u00c9glise Mondiale : l&#39;\u00c9vang\u00e9lisation Doit \u00catre - \u00c9glise Adventiste Du Septieme Jour - Inter Am\u00e9rique Division","robots":{"index":"index","follow":"follow","max-snippet":"max-snippet:-1","max-image-preview":"max-image-preview:large","max-video-preview":"max-video-preview:-1"},"canonical":"https:\/\/interamerica.org\/fr\/2007\/04\/eglise-mondiale-levangelisation-doit-etre\/","og_locale":"fr_FR","og_type":"article","og_title":"\u00c9glise Mondiale : l&#39;\u00c9vang\u00e9lisation Doit \u00catre - \u00c9glise Adventiste Du Septieme Jour - Inter Am\u00e9rique Division","og_description":"Si votre concept de l&#39;\u00e9vang\u00e9lisation ne voit que le c\u00f4t\u00e9 \"argent\", \"orateur vedette\" et que l&#39;aspect consistant \"\u00e0 faire entrer et laisser pour compte\" les nouveaux convertis,","og_url":"https:\/\/interamerica.org\/fr\/2007\/04\/eglise-mondiale-levangelisation-doit-etre\/","og_site_name":"\u00c9glise Adventiste Du Septieme Jour - Inter Am\u00e9rique Division","article_published_time":"2007-04-18T04:00:00+00:00","article_modified_time":"2017-06-02T17:14:27+00:00","author":"Lorenzo Verduzco","twitter_card":"summary_large_image","twitter_misc":{"\u00c9crit par":"Lorenzo Verduzco","Dur\u00e9e de lecture estim\u00e9e":"7 minutes"},"schema":{"@context":"https:\/\/schema.org","@graph":[{"@type":"Article","@id":"https:\/\/interamerica.org\/fr\/2007\/04\/eglise-mondiale-levangelisation-doit-etre\/#article","isPartOf":{"@id":"https:\/\/interamerica.org\/fr\/2007\/04\/eglise-mondiale-levangelisation-doit-etre\/"},"author":{"name":"Lorenzo Verduzco","@id":"https:\/\/interamerica.org\/fr\/#\/schema\/person\/68ede8bdc292885bb76c1e3810e73c39"},"headline":"\u00c9glise Mondiale : l&#39;\u00c9vang\u00e9lisation Doit \u00catre","datePublished":"2007-04-18T04:00:00+00:00","dateModified":"2017-06-02T17:14:27+00:00","mainEntityOfPage":{"@id":"https:\/\/interamerica.org\/fr\/2007\/04\/eglise-mondiale-levangelisation-doit-etre\/"},"wordCount":1426,"articleSection":["Archive"],"inLanguage":"fr-FR"},{"@type":"WebPage","@id":"https:\/\/interamerica.org\/fr\/2007\/04\/eglise-mondiale-levangelisation-doit-etre\/","url":"https:\/\/interamerica.org\/fr\/2007\/04\/eglise-mondiale-levangelisation-doit-etre\/","name":"\u00c9glise Mondiale : l&#39;\u00c9vang\u00e9lisation Doit \u00catre - \u00c9glise Adventiste Du Septieme Jour - Inter Am\u00e9rique Division","isPartOf":{"@id":"https:\/\/interamerica.org\/fr\/#website"},"datePublished":"2007-04-18T04:00:00+00:00","dateModified":"2017-06-02T17:14:27+00:00","author":{"@id":"https:\/\/interamerica.org\/fr\/#\/schema\/person\/68ede8bdc292885bb76c1e3810e73c39"},"breadcrumb":{"@id":"https:\/\/interamerica.org\/fr\/2007\/04\/eglise-mondiale-levangelisation-doit-etre\/#breadcrumb"},"inLanguage":"fr-FR","potentialAction":[{"@type":"ReadAction","target":["https:\/\/interamerica.org\/fr\/2007\/04\/eglise-mondiale-levangelisation-doit-etre\/"]}]},{"@type":"BreadcrumbList","@id":"https:\/\/interamerica.org\/fr\/2007\/04\/eglise-mondiale-levangelisation-doit-etre\/#breadcrumb","itemListElement":[{"@type":"ListItem","position":1,"name":"Home","item":"https:\/\/interamerica.org\/fr\/"},{"@type":"ListItem","position":2,"name":"\u00c9glise Mondiale : l&#39;\u00c9vang\u00e9lisation Doit \u00catre"}]},{"@type":"WebSite","@id":"https:\/\/interamerica.org\/fr\/#website","url":"https:\/\/interamerica.org\/fr\/","name":"\u00c9glise Adventiste Du Septieme Jour - Inter Am\u00e9rique Division","description":"","potentialAction":[{"@type":"SearchAction","target":{"@type":"EntryPoint","urlTemplate":"https:\/\/interamerica.org\/fr\/?s={search_term_string}"},"query-input":{"@type":"PropertyValueSpecification","valueRequired":true,"valueName":"search_term_string"}}],"inLanguage":"fr-FR"},{"@type":"Person","@id":"https:\/\/interamerica.org\/fr\/#\/schema\/person\/68ede8bdc292885bb76c1e3810e73c39","name":"Lorenzo Verduzco","image":{"@type":"ImageObject","inLanguage":"fr-FR","@id":"https:\/\/secure.gravatar.com\/avatar\/fb81a55b6218459490a9c1dc841a34909185b81904c5337b4b27f7a6fd60c49e?s=96&d=mm&r=g","url":"https:\/\/secure.gravatar.com\/avatar\/fb81a55b6218459490a9c1dc841a34909185b81904c5337b4b27f7a6fd60c49e?s=96&d=mm&r=g","contentUrl":"https:\/\/secure.gravatar.com\/avatar\/fb81a55b6218459490a9c1dc841a34909185b81904c5337b4b27f7a6fd60c49e?s=96&d=mm&r=g","caption":"Lorenzo Verduzco"}}]}},"_links":{"self":[{"href":"https:\/\/interamerica.org\/fr\/wp-json\/wp\/v2\/posts\/12737","targetHints":{"allow":["GET"]}}],"collection":[{"href":"https:\/\/interamerica.org\/fr\/wp-json\/wp\/v2\/posts"}],"about":[{"href":"https:\/\/interamerica.org\/fr\/wp-json\/wp\/v2\/types\/post"}],"author":[{"embeddable":true,"href":"https:\/\/interamerica.org\/fr\/wp-json\/wp\/v2\/users\/1"}],"replies":[{"embeddable":true,"href":"https:\/\/interamerica.org\/fr\/wp-json\/wp\/v2\/comments?post=12737"}],"version-history":[{"count":0,"href":"https:\/\/interamerica.org\/fr\/wp-json\/wp\/v2\/posts\/12737\/revisions"}],"wp:attachment":[{"href":"https:\/\/interamerica.org\/fr\/wp-json\/wp\/v2\/media?parent=12737"}],"wp:term":[{"taxonomy":"category","embeddable":true,"href":"https:\/\/interamerica.org\/fr\/wp-json\/wp\/v2\/categories?post=12737"},{"taxonomy":"post_tag","embeddable":true,"href":"https:\/\/interamerica.org\/fr\/wp-json\/wp\/v2\/tags?post=12737"}],"curies":[{"name":"wp","href":"https:\/\/api.w.org\/{rel}","templated":true}]}}