{"id":127455,"date":"2025-04-15T08:59:42","date_gmt":"2025-04-15T12:59:42","guid":{"rendered":"https:\/\/interamerica.org\/?p=127455"},"modified":"2025-04-18T22:22:11","modified_gmt":"2025-04-19T02:22:11","slug":"des-etudiants-et-des-gens-daffaires-participent-a-la-conference-hyve","status":"publish","type":"post","link":"https:\/\/interamerica.org\/fr\/2025\/04\/des-etudiants-et-des-gens-daffaires-participent-a-la-conference-hyve\/","title":{"rendered":"Des \u00e9tudiants et des gens d\u2019affaires participent \u00e0 la Conf\u00e9rence Hyve"},"content":{"rendered":"<p><i><span style=\"font-weight: 400;\">Lors d\u2019un \u00e9v\u00e9nement \u00e0 l\u2019Universit\u00e9 Andrews, on a abord\u00e9 le sujet de la mise sur pied d\u2019entreprises qui glorifient Dieu.\u00a0<\/span><\/i><\/p>\n<p><span style=\"font-weight: 400;\">Le 14 avril 2025 | Michigan, \u00c9tats-Unis | Andrew Francis, d\u00e9partement des actualit\u00e9s de l\u2019Universit\u00e9 Andrews<\/span><\/p>\n<p><span style=\"font-weight: 400;\">C\u2019est \u00e0 l\u2019Universit\u00e9 Andrews que s\u2019est tenue la troisi\u00e8me Conf\u00e9rence internationale annuelle Hyve, soit du 27 au 29 mars derniers, un rassemblement o\u00f9 des \u00e9tudiants, des dirigeants de minist\u00e8re ainsi que des gens d\u2019affaires innovateurs ont \u00e9chang\u00e9 entre eux et propos\u00e9 de nouvelles id\u00e9es. Dans divers ateliers et programmes sur le campus, des gens d\u2019affaires ont partag\u00e9 leurs exp\u00e9riences et leurs conseils sur les meilleurs moyens de b\u00e2tir une entreprise solide tout en glorifiant Dieu.<\/span><\/p>\n<p><span style=\"font-weight: 400;\">Les efforts collaboratifs de Hyve International, dirig\u00e9e par son fondateur et pr\u00e9sident, Jesse Zwiker, et du \u00ab\u00a0Centre pour l\u2019innovation et l\u2019entrepreneuriat\u00a0\u00bb de l\u2019Universit\u00e9 Andrews, dirig\u00e9 par Matias Soto, ont donn\u00e9 lieu \u00e0 un week-end instructif de fraternisation, d\u2019\u00e9ducation et de d\u00e9veloppement professionnel. Les deux leaders \u00e9taient parmi les orateurs durant le week-end et ont coordonn\u00e9 l\u2019\u00e9v\u00e9nement avec les b\u00e9n\u00e9voles pour assurer une exp\u00e9rience agr\u00e9able \u00e0 tous les participants. <\/span><\/p>\n<p><div id=\"attachment_127277\" style=\"width: 976px\" class=\"wp-caption aligncenter\"><img fetchpriority=\"high\" decoding=\"async\" aria-describedby=\"caption-attachment-127277\" class=\" wp-image-127276\" src=\"https:\/\/interamerica.org\/wp-content\/uploads\/2025\/04\/andrewsuniversity20250329-7985-lr-1280-1024x640.jpg\" alt=\"\" width=\"966\" height=\"604\" srcset=\"https:\/\/interamerica.org\/wp-content\/uploads\/2025\/04\/andrewsuniversity20250329-7985-lr-1280-1024x640.jpg 1024w, https:\/\/interamerica.org\/wp-content\/uploads\/2025\/04\/andrewsuniversity20250329-7985-lr-1280-300x188.jpg 300w, https:\/\/interamerica.org\/wp-content\/uploads\/2025\/04\/andrewsuniversity20250329-7985-lr-1280-768x480.jpg 768w, https:\/\/interamerica.org\/wp-content\/uploads\/2025\/04\/andrewsuniversity20250329-7985-lr-1280.jpg 1280w\" sizes=\"(max-width: 966px) 100vw, 966px\" \/><p id=\"caption-attachment-127277\" class=\"wp-caption-text\"><span style=\"font-weight: 400;\">Le programme de propositions de projets d\u2019entreprise de la Conf\u00e9rence Hyve s\u2019est d\u00e9roul\u00e9 dans la soir\u00e9e du samedi 29 mars. [Une photo de Lydia Ruckle]<\/span><\/p><\/div><span style=\"font-weight: 400;\">\u00ab\u00a0Elle d\u00e9passe mes attentes, a dit de la conf\u00e9rence Gael Rutayisire, \u00e9tudiante internationale fran\u00e7aise. J\u2019ai rencontr\u00e9 beaucoup de gens, d\u2019investisseurs et d\u2019entrepreneurs, et ils savent ce qu\u2019ils veulent.\u00a0\u00bb<\/span><\/p>\n<p><span style=\"font-weight: 400;\">L\u2019exp\u00e9rience des participants \u00e0 la conf\u00e9rence a commenc\u00e9 le jeudi matin avec des pr\u00e9sentations de Lydia Matiushenko, PDG de CleanMiles, et de Dani Cruz, entrepreneur et \u00e9tudiant en finance \u00e0 l\u2019Universit\u00e9 Andrews. Dans sa pr\u00e9sentation intitul\u00e9e \u00ab\u00a0Concevoir l\u2019aventure client ultime\u00a0: des strat\u00e9gies pour la r\u00e9ussite\u00a0\u00bb, Mme Matiushenko a soulign\u00e9 l\u2019importance de concevoir une entreprise autour des besoins et des int\u00e9r\u00eats des clients.\u00a0<\/span><\/p>\n<p><span style=\"font-weight: 400;\">La pr\u00e9sentation de M.\u00a0Cruz portait sur la vente et le marketing en ligne, et il a parl\u00e9 longuement des le\u00e7ons qu\u2019il a apprises et des \u00e9preuves qu\u2019il a travers\u00e9es, \u00e9tant propri\u00e9taire d\u2019une entreprise de vente. Sa carri\u00e8re commerciale en d\u00e9veloppement lui a enseign\u00e9 des fa\u00e7ons de tirer profit des ventes de mani\u00e8re efficace sans effets n\u00e9gatifs sur sa vie personnelle. En s\u2019adressant \u00e0 une salle remplie d\u2019entrepreneurs exp\u00e9riment\u00e9s, il a compris qu\u2019aussi fructueuse que puisse \u00eatre une entreprise, la priorit\u00e9 demeure de trouver du temps de qualit\u00e9 pour sa vie spirituelle et familiale.<\/span><\/p>\n<p><span style=\"font-weight: 400;\">Le jeudi soir s\u2019est tenue la comp\u00e9tition intercoll\u00e9giale de proposition d\u2019id\u00e9es Hyve lors de laquelle les \u00e9tudiants de diverses universit\u00e9s adventistes se sont disput\u00e9 des fonds pour le d\u00e9marrage d\u2019une entreprise. Le premier prix, de 5\u00a0000\u00a0dollars am\u00e9ricains, a \u00e9t\u00e9 accord\u00e9 \u00e0 Leonardo Aguilera (Universit\u00e9 Andrews) pour Adventist Movies; le deuxi\u00e8me, de 2\u00a0000\u00a0dollars, \u00e0 David Kapiniak (Universit\u00e9 Burman) pour <\/span><span style=\"font-weight: 400;\">Fortify Storage<\/span><span style=\"font-weight: 400;\">; et le troisi\u00e8me, de 1\u00a0000 dollars, \u00e0 Alex Butnaru et Evan Keyes (Universit\u00e9 Andrews) pour Hint of Michigan.<\/span><\/p>\n<p><span style=\"font-weight: 400;\">Le vendredi matin, l\u2019entrepreneur adventiste Gary Rayner s\u2019est adress\u00e9 aux participants. Il a parl\u00e9 de ses diff\u00e9rentes r\u00e9ussites en affaires et de la fa\u00e7on dont elles l\u2019ont port\u00e9 \u00e0 mieux comprendre les principes bibliques relatifs au monde des affaires. Citant des passages comme Eccl\u00e9siaste 9.10\u00a0: \u00ab\u00a0Tout ce que tu trouves \u00e0 faire, fais-le avec l\u2019\u00e9nergie que tu as\u00a0\u00bb (BDS), il a dit que la sinc\u00e8re pr\u00e9occupation des autres devrait \u00eatre la motivation premi\u00e8re d\u2019un entrepreneur. Sa plus r\u00e9cente aventure d\u2019affaires, l\u2019entreprise Plana, un organisme chr\u00e9tien \u00e0 but non lucratif, renforce les liens communautaires et offre des ressources aux femmes aux prises avec des probl\u00e8mes de fertilit\u00e9 ou qui vivent une grossesse non planifi\u00e9e.<\/span><\/p>\n<p><span style=\"font-weight: 400;\">Le deuxi\u00e8me jour de la Conf\u00e9rence Hyve s\u2019est poursuivi par un panel de discussion, des occasions de r\u00e9seautage ainsi qu\u2019une pr\u00e9sentation du propri\u00e9taire d\u2019entreprise Curtis Letniak. La soir\u00e9e a d\u00e9but\u00e9 par un service d\u2019ouverture du sabbat durant lequel le chanteur chr\u00e9tien pris\u00e9 et \u00e9tudiant aux \u00e9tudes sup\u00e9rieures de l\u2019Universit\u00e9 Andrews Kevin Anthony Fowler (K-Anthony de son nom de sc\u00e8ne) a perform\u00e9. Plusieurs entrepreneurs ont partag\u00e9 des t\u00e9moignages sur la fa\u00e7on dont Dieu les a aid\u00e9s dans leur vie priv\u00e9e et dont ils ont r\u00e9ussi \u00e0 b\u00e9nir d\u2019autres personnes dans leur minist\u00e8re et leur entreprise.\u00a0<\/span><\/p>\n<p><span style=\"font-weight: 400;\">David Asscherick, codirecteur du minist\u00e8re Light Bearers, a ensuite pr\u00e9sent\u00e9 avec passion un message sur Boaz, qu\u2019il a d\u00e9crit comme un excellent exemple d\u2019homme d\u2019affaires \u00e0 l\u2019image de Dieu. Boaz \u00e9tait en affaires de mani\u00e8re honorable, il connaissait ses employ\u00e9s personnellement et a fait ce qu\u2019il fallait pour t\u00e9moigner de l\u2019attention \u00e0 une nouvelle employ\u00e9e, Ruth. Le pasteur Asscherick a \u00e9galement mentionn\u00e9 le fait que l\u2019\u00e9poque des Juges, donc de l\u2019histoire de Ruth et de Boaz, \u00e9tait l\u2019une des plus sombres de l\u2019histoire d\u2019Isra\u00ebl. Malgr\u00e9 cela, en partie gr\u00e2ce \u00e0 la fid\u00e9lit\u00e9 de Boaz en tant qu\u2019entrepreneur honorable et homme craignant Dieu, l\u2019union entre Ruth et Boaz a men\u00e9, quelques g\u00e9n\u00e9rations plus tard, \u00e0 la naissance de David, plus grand roi de l\u2019histoire d\u2019Isra\u00ebl, et de J\u00e9sus-Christ, roi de l\u2019univers.<\/span><\/p>\n<p><span style=\"font-weight: 400;\">Les discussions sur les fa\u00e7ons d\u2019\u00eatre de meilleurs gens d\u2019affaires chr\u00e9tiens se sont poursuivies le samedi, derni\u00e8re journ\u00e9e de la conf\u00e9rence. Diverses pr\u00e9sentations et discussions en panel ont explor\u00e9 des moyens d\u2019offrir de la formation en administration des affaires aux personnes et aux dirigeants de l\u2019\u00c9glise adventiste tout en gardant le cap sur le minist\u00e8re pertinent.<\/span><\/p>\n<p><span style=\"font-weight: 400;\">De plus, M. Soto a soulign\u00e9 la valeur de Hyve, surtout pour les jeunes adventistes qui esp\u00e8rent trouver l\u2019\u00e9quilibre entre la r\u00e9ussite entrepreneuriale et la foi. \u00ab\u00a0Les affaires et l\u2019entrepreneuriat n\u2019ont pas besoin d\u2019\u00eatre exempts de connexion spirituelle avec Dieu, a-t-il dit. Ces \u00e9l\u00e9ments peuvent aller de pair de mani\u00e8re \u00e0 pouvoir faire des affaires qui ont encore plus de sens.\u00a0\u00bb<\/span><\/p>\n<p><span style=\"font-weight: 400;\">Apr\u00e8s le coucher du soleil a commenc\u00e9 le programme de propositions de projets d\u2019entreprise de Hyve, o\u00f9 les entrepreneurs se sont disput\u00e9 des prix en argent remis par des gens d\u2019affaires et des innovateurs adventistes accomplis. Sean Sutton de Bible Bricks a \u00e9t\u00e9 choisi par les investisseurs comme grand gagnant alors que le choix de l\u2019auditoire est all\u00e9 \u00e0 Andrew Gonzalez de Radical Homes. Tous les participants au programme ont pu rencontrer les investisseurs le dimanche matin pour discuter de possibles partenariats et de financement potentiel.<\/span><\/p>\n<p><span style=\"font-weight: 400;\">Des \u00e9tudiants du Groupe d\u2019action de l\u2019Universit\u00e9 Andrews, du Forum \u00e9tudiant du S\u00e9minaire et de la Facult\u00e9 d\u2019administration des affaires ont activement particip\u00e9 \u00e0 la Conf\u00e9rence Hyve, tant \u00e0 titre d\u2019entrepreneurs que de b\u00e9n\u00e9voles. Ils se sont impliqu\u00e9s au comptoir des inscriptions et se sont assur\u00e9s que les invit\u00e9s \u00e9taient pris en charge tout au long du week-end. Kato Golooba-Mutebi, \u00e9tudiant en finances de l\u2019Universit\u00e9 Andrews, a fait la remarque suivante\u00a0: \u00ab\u00a0Un \u00e9v\u00e9nement comme Hyve est d\u2019une grande importance et nous l\u2019avons organis\u00e9 \u00e0 Andrews pour qu\u2019il ait lieu dans un endroit o\u00f9 nous tentons \u00e9galement de travailler sur l\u2019avenir. Je pense que Hyve b\u00e2tit l\u2019avenir des affaires adventistes.\u00a0\u00bb Il a ajout\u00e9 qu\u2019il entrevoit un avenir o\u00f9, avec l\u2019aide de Hyve, les entreprises adventistes en d\u00e9marrage et les entrepreneurs seront de plus en plus remarqu\u00e9es et accept\u00e9es dans le monde des affaires alors qu\u2019ils servent leur communaut\u00e9 de mani\u00e8re intentionnelle.\u00a0<\/span><\/p>\n<p><span style=\"font-weight: 400;\">Fond\u00e9e en 1874, l\u2019Universit\u00e9 Andrews est un \u00e9tablissement d\u2019\u00e9ducation sup\u00e9rieure de l\u2019\u00c9glise adventiste du septi\u00e8me jour. Son campus principal est situ\u00e9 \u00e0 Berrien Springs, au Michigan, mais l\u2019universit\u00e9 offre \u00e9galement de l\u2019\u00e9ducation dans des coll\u00e8ges et des universit\u00e9s ailleurs dans le monde.<\/span><\/p>\n<p><i><span style=\"font-weight: 400;\">La <\/span><\/i><a href=\"https:\/\/www.andrews.edu\/agenda\/67141\/\"><i><span style=\"font-weight: 400;\">version originale<\/span><\/i><\/a><i><span style=\"font-weight: 400;\"> de cet article a \u00e9t\u00e9 publi\u00e9e par l\u2019<\/span><\/i><a href=\"https:\/\/www.andrews.edu\/\"><i><span style=\"font-weight: 400;\">Universit\u00e9 Andrews<\/span><\/i><\/a><i><span style=\"font-weight: 400;\">.<\/span><\/i><\/p>\n<p><span style=\"font-weight: 400;\">Traduction\u00a0: Marie-Mich\u00e8le Robitaille<\/span><\/p>\n","protected":false},"excerpt":{"rendered":"<p>Lors d\u2019un \u00e9v\u00e9nement \u00e0 l\u2019Universit\u00e9 Andrews, on a abord\u00e9 le sujet de la mise sur pied d\u2019entreprises qui glorifient Dieu.\u00a0 Le 14 avril 2025 | Michigan, \u00c9tats-Unis | Andrew Francis,&#8230;<\/p>\n","protected":false},"author":3,"featured_media":127274,"comment_status":"closed","ping_status":"closed","sticky":false,"template":"","format":"standard","meta":{"_acf_changed":false,"footnotes":""},"categories":[18,19],"tags":[],"class_list":["post-127455","post","type-post","status-publish","format-standard","has-post-thumbnail","hentry","category-nouvelles-de-leglise-mondiale","category-rss-francais"],"acf":[],"yoast_head":"<!-- This site is optimized with the Yoast SEO plugin v27.3 - https:\/\/yoast.com\/product\/yoast-seo-wordpress\/ -->\n<title>Des \u00e9tudiants et des gens d\u2019affaires participent \u00e0 la Conf\u00e9rence Hyve - \u00c9glise Adventiste Du Septieme Jour - Inter Am\u00e9rique Division<\/title>\n<meta name=\"robots\" content=\"index, follow, max-snippet:-1, max-image-preview:large, max-video-preview:-1\" \/>\n<link rel=\"canonical\" href=\"https:\/\/interamerica.org\/fr\/2025\/04\/des-etudiants-et-des-gens-daffaires-participent-a-la-conference-hyve\/\" \/>\n<meta property=\"og:locale\" content=\"fr_FR\" \/>\n<meta property=\"og:type\" content=\"article\" \/>\n<meta property=\"og:title\" content=\"Des \u00e9tudiants et des gens d\u2019affaires participent \u00e0 la Conf\u00e9rence Hyve - \u00c9glise Adventiste Du Septieme Jour - Inter Am\u00e9rique Division\" \/>\n<meta property=\"og:description\" content=\"Lors d\u2019un \u00e9v\u00e9nement \u00e0 l\u2019Universit\u00e9 Andrews, on a abord\u00e9 le sujet de la mise sur pied d\u2019entreprises qui glorifient Dieu.\u00a0 Le 14 avril 2025 | Michigan, \u00c9tats-Unis | Andrew Francis,...\" \/>\n<meta property=\"og:url\" content=\"https:\/\/interamerica.org\/fr\/2025\/04\/des-etudiants-et-des-gens-daffaires-participent-a-la-conference-hyve\/\" \/>\n<meta property=\"og:site_name\" content=\"\u00c9glise Adventiste Du Septieme Jour - Inter Am\u00e9rique Division\" \/>\n<meta property=\"article:published_time\" content=\"2025-04-15T12:59:42+00:00\" \/>\n<meta property=\"article:modified_time\" content=\"2025-04-19T02:22:11+00:00\" \/>\n<meta property=\"og:image\" content=\"https:\/\/interamerica.org\/wp-content\/uploads\/2025\/04\/andrewsuniversity20250329-7985-lr.jpg\" \/>\n\t<meta property=\"og:image:width\" content=\"1280\" \/>\n\t<meta property=\"og:image:height\" content=\"800\" \/>\n\t<meta property=\"og:image:type\" content=\"image\/jpeg\" \/>\n<meta name=\"author\" content=\"libna\" \/>\n<meta name=\"twitter:card\" content=\"summary_large_image\" \/>\n<meta name=\"twitter:label1\" content=\"\u00c9crit par\" \/>\n\t<meta name=\"twitter:data1\" content=\"libna\" \/>\n\t<meta name=\"twitter:label2\" content=\"Dur\u00e9e de lecture estim\u00e9e\" \/>\n\t<meta name=\"twitter:data2\" content=\"6 minutes\" \/>\n<script type=\"application\/ld+json\" class=\"yoast-schema-graph\">{\"@context\":\"https:\\\/\\\/schema.org\",\"@graph\":[{\"@type\":\"Article\",\"@id\":\"https:\\\/\\\/interamerica.org\\\/fr\\\/2025\\\/04\\\/des-etudiants-et-des-gens-daffaires-participent-a-la-conference-hyve\\\/#article\",\"isPartOf\":{\"@id\":\"https:\\\/\\\/interamerica.org\\\/fr\\\/2025\\\/04\\\/des-etudiants-et-des-gens-daffaires-participent-a-la-conference-hyve\\\/\"},\"author\":{\"name\":\"libna\",\"@id\":\"https:\\\/\\\/interamerica.org\\\/fr\\\/#\\\/schema\\\/person\\\/29998f2bc2d8bd0d38662909289b54f1\"},\"headline\":\"Des \u00e9tudiants et des gens d\u2019affaires participent \u00e0 la Conf\u00e9rence Hyve\",\"datePublished\":\"2025-04-15T12:59:42+00:00\",\"dateModified\":\"2025-04-19T02:22:11+00:00\",\"mainEntityOfPage\":{\"@id\":\"https:\\\/\\\/interamerica.org\\\/fr\\\/2025\\\/04\\\/des-etudiants-et-des-gens-daffaires-participent-a-la-conference-hyve\\\/\"},\"wordCount\":1415,\"image\":{\"@id\":\"https:\\\/\\\/interamerica.org\\\/fr\\\/2025\\\/04\\\/des-etudiants-et-des-gens-daffaires-participent-a-la-conference-hyve\\\/#primaryimage\"},\"thumbnailUrl\":\"https:\\\/\\\/interamerica.org\\\/wp-content\\\/uploads\\\/2025\\\/04\\\/andrewsuniversity20250329-7985-lr.jpg\",\"articleSection\":[\"Nouvelles de l'\u00c9glise mondiale\",\"RSS Fran\u00e7ais\"],\"inLanguage\":\"fr-FR\"},{\"@type\":\"WebPage\",\"@id\":\"https:\\\/\\\/interamerica.org\\\/fr\\\/2025\\\/04\\\/des-etudiants-et-des-gens-daffaires-participent-a-la-conference-hyve\\\/\",\"url\":\"https:\\\/\\\/interamerica.org\\\/fr\\\/2025\\\/04\\\/des-etudiants-et-des-gens-daffaires-participent-a-la-conference-hyve\\\/\",\"name\":\"Des \u00e9tudiants et des gens d\u2019affaires participent \u00e0 la Conf\u00e9rence Hyve - \u00c9glise Adventiste Du Septieme Jour - Inter Am\u00e9rique Division\",\"isPartOf\":{\"@id\":\"https:\\\/\\\/interamerica.org\\\/fr\\\/#website\"},\"primaryImageOfPage\":{\"@id\":\"https:\\\/\\\/interamerica.org\\\/fr\\\/2025\\\/04\\\/des-etudiants-et-des-gens-daffaires-participent-a-la-conference-hyve\\\/#primaryimage\"},\"image\":{\"@id\":\"https:\\\/\\\/interamerica.org\\\/fr\\\/2025\\\/04\\\/des-etudiants-et-des-gens-daffaires-participent-a-la-conference-hyve\\\/#primaryimage\"},\"thumbnailUrl\":\"https:\\\/\\\/interamerica.org\\\/wp-content\\\/uploads\\\/2025\\\/04\\\/andrewsuniversity20250329-7985-lr.jpg\",\"datePublished\":\"2025-04-15T12:59:42+00:00\",\"dateModified\":\"2025-04-19T02:22:11+00:00\",\"author\":{\"@id\":\"https:\\\/\\\/interamerica.org\\\/fr\\\/#\\\/schema\\\/person\\\/29998f2bc2d8bd0d38662909289b54f1\"},\"breadcrumb\":{\"@id\":\"https:\\\/\\\/interamerica.org\\\/fr\\\/2025\\\/04\\\/des-etudiants-et-des-gens-daffaires-participent-a-la-conference-hyve\\\/#breadcrumb\"},\"inLanguage\":\"fr-FR\",\"potentialAction\":[{\"@type\":\"ReadAction\",\"target\":[\"https:\\\/\\\/interamerica.org\\\/fr\\\/2025\\\/04\\\/des-etudiants-et-des-gens-daffaires-participent-a-la-conference-hyve\\\/\"]}]},{\"@type\":\"ImageObject\",\"inLanguage\":\"fr-FR\",\"@id\":\"https:\\\/\\\/interamerica.org\\\/fr\\\/2025\\\/04\\\/des-etudiants-et-des-gens-daffaires-participent-a-la-conference-hyve\\\/#primaryimage\",\"url\":\"https:\\\/\\\/interamerica.org\\\/wp-content\\\/uploads\\\/2025\\\/04\\\/andrewsuniversity20250329-7985-lr.jpg\",\"contentUrl\":\"https:\\\/\\\/interamerica.org\\\/wp-content\\\/uploads\\\/2025\\\/04\\\/andrewsuniversity20250329-7985-lr.jpg\",\"width\":1280,\"height\":800},{\"@type\":\"BreadcrumbList\",\"@id\":\"https:\\\/\\\/interamerica.org\\\/fr\\\/2025\\\/04\\\/des-etudiants-et-des-gens-daffaires-participent-a-la-conference-hyve\\\/#breadcrumb\",\"itemListElement\":[{\"@type\":\"ListItem\",\"position\":1,\"name\":\"Home\",\"item\":\"https:\\\/\\\/interamerica.org\\\/fr\\\/\"},{\"@type\":\"ListItem\",\"position\":2,\"name\":\"Des \u00e9tudiants et des gens d\u2019affaires participent \u00e0 la Conf\u00e9rence Hyve\"}]},{\"@type\":\"WebSite\",\"@id\":\"https:\\\/\\\/interamerica.org\\\/fr\\\/#website\",\"url\":\"https:\\\/\\\/interamerica.org\\\/fr\\\/\",\"name\":\"\u00c9glise Adventiste Du Septieme Jour - Inter Am\u00e9rique Division\",\"description\":\"\",\"potentialAction\":[{\"@type\":\"SearchAction\",\"target\":{\"@type\":\"EntryPoint\",\"urlTemplate\":\"https:\\\/\\\/interamerica.org\\\/fr\\\/?s={search_term_string}\"},\"query-input\":{\"@type\":\"PropertyValueSpecification\",\"valueRequired\":true,\"valueName\":\"search_term_string\"}}],\"inLanguage\":\"fr-FR\"},{\"@type\":\"Person\",\"@id\":\"https:\\\/\\\/interamerica.org\\\/fr\\\/#\\\/schema\\\/person\\\/29998f2bc2d8bd0d38662909289b54f1\",\"name\":\"libna\",\"image\":{\"@type\":\"ImageObject\",\"inLanguage\":\"fr-FR\",\"@id\":\"https:\\\/\\\/secure.gravatar.com\\\/avatar\\\/7c5bd30ae4b47a9ba3c856590957fd1d96dc588bf3ac05719d247e126840331f?s=96&d=mm&r=g\",\"url\":\"https:\\\/\\\/secure.gravatar.com\\\/avatar\\\/7c5bd30ae4b47a9ba3c856590957fd1d96dc588bf3ac05719d247e126840331f?s=96&d=mm&r=g\",\"contentUrl\":\"https:\\\/\\\/secure.gravatar.com\\\/avatar\\\/7c5bd30ae4b47a9ba3c856590957fd1d96dc588bf3ac05719d247e126840331f?s=96&d=mm&r=g\",\"caption\":\"libna\"}}]}<\/script>\n<!-- \/ Yoast SEO plugin. -->","yoast_head_json":{"title":"Des \u00e9tudiants et des gens d\u2019affaires participent \u00e0 la Conf\u00e9rence Hyve - \u00c9glise Adventiste Du Septieme Jour - Inter Am\u00e9rique Division","robots":{"index":"index","follow":"follow","max-snippet":"max-snippet:-1","max-image-preview":"max-image-preview:large","max-video-preview":"max-video-preview:-1"},"canonical":"https:\/\/interamerica.org\/fr\/2025\/04\/des-etudiants-et-des-gens-daffaires-participent-a-la-conference-hyve\/","og_locale":"fr_FR","og_type":"article","og_title":"Des \u00e9tudiants et des gens d\u2019affaires participent \u00e0 la Conf\u00e9rence Hyve - \u00c9glise Adventiste Du Septieme Jour - Inter Am\u00e9rique Division","og_description":"Lors d\u2019un \u00e9v\u00e9nement \u00e0 l\u2019Universit\u00e9 Andrews, on a abord\u00e9 le sujet de la mise sur pied d\u2019entreprises qui glorifient Dieu.\u00a0 Le 14 avril 2025 | Michigan, \u00c9tats-Unis | Andrew Francis,...","og_url":"https:\/\/interamerica.org\/fr\/2025\/04\/des-etudiants-et-des-gens-daffaires-participent-a-la-conference-hyve\/","og_site_name":"\u00c9glise Adventiste Du Septieme Jour - Inter Am\u00e9rique Division","article_published_time":"2025-04-15T12:59:42+00:00","article_modified_time":"2025-04-19T02:22:11+00:00","og_image":[{"width":1280,"height":800,"url":"https:\/\/interamerica.org\/wp-content\/uploads\/2025\/04\/andrewsuniversity20250329-7985-lr.jpg","type":"image\/jpeg"}],"author":"libna","twitter_card":"summary_large_image","twitter_misc":{"\u00c9crit par":"libna","Dur\u00e9e de lecture estim\u00e9e":"6 minutes"},"schema":{"@context":"https:\/\/schema.org","@graph":[{"@type":"Article","@id":"https:\/\/interamerica.org\/fr\/2025\/04\/des-etudiants-et-des-gens-daffaires-participent-a-la-conference-hyve\/#article","isPartOf":{"@id":"https:\/\/interamerica.org\/fr\/2025\/04\/des-etudiants-et-des-gens-daffaires-participent-a-la-conference-hyve\/"},"author":{"name":"libna","@id":"https:\/\/interamerica.org\/fr\/#\/schema\/person\/29998f2bc2d8bd0d38662909289b54f1"},"headline":"Des \u00e9tudiants et des gens d\u2019affaires participent \u00e0 la Conf\u00e9rence Hyve","datePublished":"2025-04-15T12:59:42+00:00","dateModified":"2025-04-19T02:22:11+00:00","mainEntityOfPage":{"@id":"https:\/\/interamerica.org\/fr\/2025\/04\/des-etudiants-et-des-gens-daffaires-participent-a-la-conference-hyve\/"},"wordCount":1415,"image":{"@id":"https:\/\/interamerica.org\/fr\/2025\/04\/des-etudiants-et-des-gens-daffaires-participent-a-la-conference-hyve\/#primaryimage"},"thumbnailUrl":"https:\/\/interamerica.org\/wp-content\/uploads\/2025\/04\/andrewsuniversity20250329-7985-lr.jpg","articleSection":["Nouvelles de l'\u00c9glise mondiale","RSS Fran\u00e7ais"],"inLanguage":"fr-FR"},{"@type":"WebPage","@id":"https:\/\/interamerica.org\/fr\/2025\/04\/des-etudiants-et-des-gens-daffaires-participent-a-la-conference-hyve\/","url":"https:\/\/interamerica.org\/fr\/2025\/04\/des-etudiants-et-des-gens-daffaires-participent-a-la-conference-hyve\/","name":"Des \u00e9tudiants et des gens d\u2019affaires participent \u00e0 la Conf\u00e9rence Hyve - \u00c9glise Adventiste Du Septieme Jour - Inter Am\u00e9rique Division","isPartOf":{"@id":"https:\/\/interamerica.org\/fr\/#website"},"primaryImageOfPage":{"@id":"https:\/\/interamerica.org\/fr\/2025\/04\/des-etudiants-et-des-gens-daffaires-participent-a-la-conference-hyve\/#primaryimage"},"image":{"@id":"https:\/\/interamerica.org\/fr\/2025\/04\/des-etudiants-et-des-gens-daffaires-participent-a-la-conference-hyve\/#primaryimage"},"thumbnailUrl":"https:\/\/interamerica.org\/wp-content\/uploads\/2025\/04\/andrewsuniversity20250329-7985-lr.jpg","datePublished":"2025-04-15T12:59:42+00:00","dateModified":"2025-04-19T02:22:11+00:00","author":{"@id":"https:\/\/interamerica.org\/fr\/#\/schema\/person\/29998f2bc2d8bd0d38662909289b54f1"},"breadcrumb":{"@id":"https:\/\/interamerica.org\/fr\/2025\/04\/des-etudiants-et-des-gens-daffaires-participent-a-la-conference-hyve\/#breadcrumb"},"inLanguage":"fr-FR","potentialAction":[{"@type":"ReadAction","target":["https:\/\/interamerica.org\/fr\/2025\/04\/des-etudiants-et-des-gens-daffaires-participent-a-la-conference-hyve\/"]}]},{"@type":"ImageObject","inLanguage":"fr-FR","@id":"https:\/\/interamerica.org\/fr\/2025\/04\/des-etudiants-et-des-gens-daffaires-participent-a-la-conference-hyve\/#primaryimage","url":"https:\/\/interamerica.org\/wp-content\/uploads\/2025\/04\/andrewsuniversity20250329-7985-lr.jpg","contentUrl":"https:\/\/interamerica.org\/wp-content\/uploads\/2025\/04\/andrewsuniversity20250329-7985-lr.jpg","width":1280,"height":800},{"@type":"BreadcrumbList","@id":"https:\/\/interamerica.org\/fr\/2025\/04\/des-etudiants-et-des-gens-daffaires-participent-a-la-conference-hyve\/#breadcrumb","itemListElement":[{"@type":"ListItem","position":1,"name":"Home","item":"https:\/\/interamerica.org\/fr\/"},{"@type":"ListItem","position":2,"name":"Des \u00e9tudiants et des gens d\u2019affaires participent \u00e0 la Conf\u00e9rence Hyve"}]},{"@type":"WebSite","@id":"https:\/\/interamerica.org\/fr\/#website","url":"https:\/\/interamerica.org\/fr\/","name":"\u00c9glise Adventiste Du Septieme Jour - Inter Am\u00e9rique Division","description":"","potentialAction":[{"@type":"SearchAction","target":{"@type":"EntryPoint","urlTemplate":"https:\/\/interamerica.org\/fr\/?s={search_term_string}"},"query-input":{"@type":"PropertyValueSpecification","valueRequired":true,"valueName":"search_term_string"}}],"inLanguage":"fr-FR"},{"@type":"Person","@id":"https:\/\/interamerica.org\/fr\/#\/schema\/person\/29998f2bc2d8bd0d38662909289b54f1","name":"libna","image":{"@type":"ImageObject","inLanguage":"fr-FR","@id":"https:\/\/secure.gravatar.com\/avatar\/7c5bd30ae4b47a9ba3c856590957fd1d96dc588bf3ac05719d247e126840331f?s=96&d=mm&r=g","url":"https:\/\/secure.gravatar.com\/avatar\/7c5bd30ae4b47a9ba3c856590957fd1d96dc588bf3ac05719d247e126840331f?s=96&d=mm&r=g","contentUrl":"https:\/\/secure.gravatar.com\/avatar\/7c5bd30ae4b47a9ba3c856590957fd1d96dc588bf3ac05719d247e126840331f?s=96&d=mm&r=g","caption":"libna"}}]}},"_links":{"self":[{"href":"https:\/\/interamerica.org\/fr\/wp-json\/wp\/v2\/posts\/127455","targetHints":{"allow":["GET"]}}],"collection":[{"href":"https:\/\/interamerica.org\/fr\/wp-json\/wp\/v2\/posts"}],"about":[{"href":"https:\/\/interamerica.org\/fr\/wp-json\/wp\/v2\/types\/post"}],"author":[{"embeddable":true,"href":"https:\/\/interamerica.org\/fr\/wp-json\/wp\/v2\/users\/3"}],"replies":[{"embeddable":true,"href":"https:\/\/interamerica.org\/fr\/wp-json\/wp\/v2\/comments?post=127455"}],"version-history":[{"count":0,"href":"https:\/\/interamerica.org\/fr\/wp-json\/wp\/v2\/posts\/127455\/revisions"}],"wp:featuredmedia":[{"embeddable":true,"href":"https:\/\/interamerica.org\/fr\/wp-json\/wp\/v2\/media\/127274"}],"wp:attachment":[{"href":"https:\/\/interamerica.org\/fr\/wp-json\/wp\/v2\/media?parent=127455"}],"wp:term":[{"taxonomy":"category","embeddable":true,"href":"https:\/\/interamerica.org\/fr\/wp-json\/wp\/v2\/categories?post=127455"},{"taxonomy":"post_tag","embeddable":true,"href":"https:\/\/interamerica.org\/fr\/wp-json\/wp\/v2\/tags?post=127455"}],"curies":[{"name":"wp","href":"https:\/\/api.w.org\/{rel}","templated":true}]}}