{"id":127466,"date":"2025-04-16T18:03:14","date_gmt":"2025-04-16T22:03:14","guid":{"rendered":"https:\/\/interamerica.org\/?p=127466"},"modified":"2025-04-18T22:20:31","modified_gmt":"2025-04-19T02:20:31","slug":"le-president-de-leglise-adventiste-encourage-les-jeunes-a-avoir-un-impact-sur-leur-societe-pour-jesus","status":"publish","type":"post","link":"https:\/\/interamerica.org\/fr\/2025\/04\/le-president-de-leglise-adventiste-encourage-les-jeunes-a-avoir-un-impact-sur-leur-societe-pour-jesus\/","title":{"rendered":"Le pr\u00e9sident de l\u2019\u00c9glise adventiste encourage les jeunes \u00e0 avoir un impact sur leur soci\u00e9t\u00e9 pour J\u00e9sus"},"content":{"rendered":"<p><div id=\"attachment_127320\" style=\"width: 1010px\" class=\"wp-caption aligncenter\"><img fetchpriority=\"high\" decoding=\"async\" aria-describedby=\"caption-attachment-127320\" class=\"size-full wp-image-127319\" src=\"https:\/\/interamerica.org\/wp-content\/uploads\/2025\/04\/tedwilson-amu-ambassadors.jpg\" alt=\"\" width=\"1000\" height=\"668\" srcset=\"https:\/\/interamerica.org\/wp-content\/uploads\/2025\/04\/tedwilson-amu-ambassadors.jpg 1000w, https:\/\/interamerica.org\/wp-content\/uploads\/2025\/04\/tedwilson-amu-ambassadors-300x200.jpg 300w, https:\/\/interamerica.org\/wp-content\/uploads\/2025\/04\/tedwilson-amu-ambassadors-768x513.jpg 768w\" sizes=\"(max-width: 1000px) 100vw, 1000px\" \/><p id=\"caption-attachment-127320\" class=\"wp-caption-text\">Le pr\u00e9sident de l\u2019\u00c9glise adventiste du septi\u00e8me jour, le pasteur Ted N.C. Wilson, pr\u00e9sente le message du sabbat lors de la premi\u00e8re Convention des Ambassadeurs de l\u2019Union de F\u00e9d\u00e9rations de la Jama\u00efque, et invite les jeunes \u00e0 \u00ab cr\u00e9er un impact \u00bb pour Christ, le 13 avril 2025. [Photo : Brendon Coleman]<\/p><\/div><em>Ted N. C. Wilson s\u2019adresse \u00e0 des milliers de personnes lors d\u2019une Convention du Minist\u00e8re des Ambassadeurs en Jama\u00efque.<\/em><\/p>\n<p>16 Avril 2025 | Montego Bay, Jama\u00efque | Union de F\u00e9d\u00e9rations de la Jama\u00efque et \u00c9quipe de presse de la Division Inter Am\u00e9ricaine<\/p>\n<p>Dieu appelle les jeunes \u00e0 \u00eatre transform\u00e9s en Lui pour ensuite devenir des ambassadeurs du Christ, a d\u00e9clar\u00e9 pasteur Ted N. C. Wilson, pr\u00e9sident de la Conf\u00e9rence G\u00e9n\u00e9rale des adventistes du septi\u00e8me jour, dans son discours principal lors d\u2019une Convention du Minist\u00e8re des Ambassadeurs en Jama\u00efque, le 12 avril 2025. \u00ab Acceptez votre appel divin, car vous n\u2019\u00eates pas seulement l\u2019\u00c9glise de demain, mais des participants essentiels \u00e0 sa mission actuelle, \u00bb a-t-il d\u00e9clar\u00e9 devant un public diversifi\u00e9 de plus de 3500 jeunes et dirigeants.<\/p>\n<p>Pasteur Wilson a salu\u00e9 la forte pr\u00e9sence adventiste en Jama\u00efque, o\u00f9 l\u2019on estime qu\u2019une personne sur 10 ou 12 est adventiste du septi\u00e8me jour, et s\u2019est r\u00e9joui de l\u2019influence de l\u2019\u00c9glise, qualifiant la Jama\u00efque d\u2019\u00e9l\u00e9ment \u00ab absolument vital \u00bb de la mission mondiale confi\u00e9e par Dieu. \u00ab Chacun d\u2019entre vous, en tant qu\u2019ambassadeurs du Christ en Jama\u00efque, est un \u00e9l\u00e9ment essentiel de ce mouvement mondial. Vous \u00eates essentiels, vous \u00eates importants et vous \u00eates fondamentaux pour le grand plan de Dieu visant \u00e0 proclamer les Messages des Trois Anges, \u00bb, a-t-il d\u00e9clar\u00e9, faisant r\u00e9f\u00e9rence \u00e0 trois messages sp\u00e9ciaux pour la fin des temps que la Bible pr\u00e9sente dans Apocalypse 14. Il a ensuite encourag\u00e9 les ambassadeurs \u00e0 placer leur ancrage dans la Parole de Dieu et \u00e0 s\u2019engager \u00e0 vivre leur foi, notamment en proclamant le message de J\u00e9sus aux autres.<\/p>\n<p><div id=\"attachment_127331\" style=\"width: 1010px\" class=\"wp-caption aligncenter\"><img decoding=\"async\" aria-describedby=\"caption-attachment-127331\" class=\"size-full wp-image-127330\" src=\"https:\/\/interamerica.org\/wp-content\/uploads\/2025\/04\/jamu-ambassador-youth-singing.jpg\" alt=\"\" width=\"1000\" height=\"668\" srcset=\"https:\/\/interamerica.org\/wp-content\/uploads\/2025\/04\/jamu-ambassador-youth-singing.jpg 1000w, https:\/\/interamerica.org\/wp-content\/uploads\/2025\/04\/jamu-ambassador-youth-singing-300x200.jpg 300w, https:\/\/interamerica.org\/wp-content\/uploads\/2025\/04\/jamu-ambassador-youth-singing-768x513.jpg 768w\" sizes=\"(max-width: 1000px) 100vw, 1000px\" \/><p id=\"caption-attachment-127331\" class=\"wp-caption-text\">Un groupe d\u2019ambassadeurs fait une intervention musicale lors de la Convention des Ambassadeurs qui s\u2019est tenue au Centre de Conf\u00e9rences de la F\u00e9d\u00e9ration de l\u2019Ouest de la Jama\u00efque le 12 avril 2025. [Photo : Brendan Coleman]<\/p><\/div><strong>Faire la diff\u00e9rence l\u00e0 o\u00f9 vous \u00eates<\/strong><\/p>\n<p>Lors de son message pr\u00e9sent\u00e9 aux ambassadeurs, un programme de l\u2019\u00c9glise qui s\u2019adresse sp\u00e9cifiquement aux jeunes de 16 \u00e0 21 ans, pasteur Wilson a soulign\u00e9 la nature mondiale de la mission de l\u2019\u00c9glise et a appel\u00e9 \u00e0 l\u2019unit\u00e9 dans les efforts d\u2019\u00e9vang\u00e9lisation. Il a invit\u00e9 tous les membres, en particulier les jeunes hommes, \u00e0 participer \u00e0 l\u2019\u00e9vang\u00e9lisation.<\/p>\n<p>Pasteur Wilson a \u00e9galement soulign\u00e9 la n\u00e9cessit\u00e9 pour les jeunes adventistes de maintenir un contact fort avec J\u00e9sus. Chaque ambassadeur, a-t-il d\u00e9clar\u00e9, a le pouvoir de faire la diff\u00e9rence dans sa communaut\u00e9, en utilisant ses forces et ses talents uniques pour la gloire de Dieu. \u00ab Les jeunes en Jama\u00efque sont parmi les meilleurs\u2026 Je veux vous encourager tous\u2026 \u00e0 maintenir cette merveilleuse r\u00e9f\u00e9rence. Ne laissez pas Dieu ni votre \u00c9glise \u00eatre d\u00e9\u00e7us de vous ; maintenez fermement votre connexion avec J\u00e9sus chaque jour, avec sa Parole, \u00bb a-t-il dit.<\/p>\n<p><div id=\"attachment_127327\" style=\"width: 1010px\" class=\"wp-caption aligncenter\"><img decoding=\"async\" aria-describedby=\"caption-attachment-127327\" class=\"size-full wp-image-127326\" src=\"https:\/\/interamerica.org\/wp-content\/uploads\/2025\/04\/dane-fletcher-jamu.jpg\" alt=\"\" width=\"1000\" height=\"668\" srcset=\"https:\/\/interamerica.org\/wp-content\/uploads\/2025\/04\/dane-fletcher-jamu.jpg 1000w, https:\/\/interamerica.org\/wp-content\/uploads\/2025\/04\/dane-fletcher-jamu-300x200.jpg 300w, https:\/\/interamerica.org\/wp-content\/uploads\/2025\/04\/dane-fletcher-jamu-768x513.jpg 768w\" sizes=\"(max-width: 1000px) 100vw, 1000px\" \/><p id=\"caption-attachment-127327\" class=\"wp-caption-text\">Pasteur Dane Fletcher, directeur des minist\u00e8res de la jeunesse de l\u2019Union de la Jama\u00efque, souhaite la bienvenue aux participants \u00e0 la Convention des Ambassadeurs au Centre de Conf\u00e9rences de la F\u00e9d\u00e9ration de l\u2019Ouest de la Jama\u00efque et exprime sa gratitude aux dirigeants de l\u2019\u00c9glise mondiale pour le soutien qu\u2019ils apportent au minist\u00e8re des ambassadeurs. [Photo : Brendon Coleman]<\/p><\/div><strong>Une grande priorit\u00e9 <\/strong><\/p>\n<p>Pasteur Dane Fletcher, directeur des minist\u00e8res de la jeunesse de l\u2019Union de la Jama\u00efque, a indiqu\u00e9 que plus de 900 personnes ont d\u00e9j\u00e0 manifest\u00e9 leur int\u00e9r\u00eat pour une formation de responsables ambassadeurs dans toute l\u2019Union. Il a fait observer que cette r\u00e9ponse massive et le soutien des dirigeants de l\u2019\u00c9glise mondiale sont de puissants catalyseurs pour faire avancer le programme. \u00ab La visite du pasteur Ted Wilson, ainsi que le soutien du pasteur Elie Henry [pr\u00e9sident de la Division Inter Am\u00e9ricaine] et du pasteur Al Powell [directeur des minist\u00e8res de la jeunesse de la Division Inter Am\u00e9ricaine], soulignent l\u2019importance mondiale de ce minist\u00e8re, \u00bb a d\u00e9clar\u00e9 pasteur Fletcher. \u00ab La pr\u00e9sence du pasteur Wilson aujourd\u2019hui t\u00e9moigne de la grande priorit\u00e9 qu\u2019accorde l\u2019\u00c9glise adventiste \u00e0 ce minist\u00e8re, non seulement en Jama\u00efque, mais dans le monde entier. \u00bb<\/p>\n<p>Le pasteur Everett Brown, pr\u00e9sident de l\u2019Union de la Jama\u00efque, a \u00e9galement encourag\u00e9 les participants et a adress\u00e9 des paroles valorisantes aux jeunes pr\u00e9sents. Il leur a rappel\u00e9 que \u00ab la limite c\u2019est le ciel \u00bb lorsqu\u2019une vie est pleinement consacr\u00e9e au Christ et les a appel\u00e9s \u00e0 se d\u00e9marquer. \u00ab Portez fi\u00e8rement votre uniforme, mais par-dessus tout, portez fi\u00e8rement votre christianisme. Que votre vie ait un impact sur les autres alors que nous pr\u00e9parons les gens \u00e0 la seconde venue de J\u00e9sus-Christ, \u00bb a dit pasteur Brown.<\/p>\n<p><div id=\"attachment_127324\" style=\"width: 1010px\" class=\"wp-caption aligncenter\"><img loading=\"lazy\" decoding=\"async\" aria-describedby=\"caption-attachment-127324\" class=\"size-full wp-image-127323\" src=\"https:\/\/interamerica.org\/wp-content\/uploads\/2025\/04\/jamu-ambassador-rally.jpg\" alt=\"\" width=\"1000\" height=\"669\" srcset=\"https:\/\/interamerica.org\/wp-content\/uploads\/2025\/04\/jamu-ambassador-rally.jpg 1000w, https:\/\/interamerica.org\/wp-content\/uploads\/2025\/04\/jamu-ambassador-rally-300x201.jpg 300w, https:\/\/interamerica.org\/wp-content\/uploads\/2025\/04\/jamu-ambassador-rally-768x514.jpg 768w\" sizes=\"(max-width: 1000px) 100vw, 1000px\" \/><p id=\"caption-attachment-127324\" class=\"wp-caption-text\">Jaedon Clarke, 19 ans, de la F\u00e9d\u00e9ration du Nord de la Jama\u00efque, fait la lecture de la Bible pendant le segment du culte d\u2019adoration lors de la Convention des Ambassadeurs au Centre de Conf\u00e9rences de la F\u00e9d\u00e9ration de l\u2019Ouest de la Jama\u00efque. [Photo : Brendon Coleman]<\/p><\/div><strong>Un programme pour un \u00e2ge particulier<\/strong><\/p>\n<p>Bien avant le lancement du Minist\u00e8re des Ambassadeurs, l\u2019\u00c9glise adventiste avait pos\u00e9 des bases solides pour l\u2019implication des jeunes, en trois \u00e9tapes cl\u00e9s : le Club des Aventuriers, qui accompagne les enfants de 4 \u00e0 9 ans ; le Club des \u00c9claireurs, qui guide les pr\u00e9adolescents et les jeunes adolescents de 10 \u00e0 15 ans ; et le minist\u00e8re des Jeunes Seniors\/Jeunes Adultes, qui s\u2019adresse \u00e0 ceux qui sont \u00e2g\u00e9s de 16 \u00e0 30 ans et plus. Cependant, une prise de conscience croissante se faisait jour pour indiquer que quelque chose manquait. La transition de l\u2019adolescence au d\u00e9but de l\u2019\u00e2ge adulte, en particulier entre 16 et 21 ans, exigeait plus qu\u2019un simple passage passif. Elle exigeait un espace intentionnel apportant une structure et un sentiment d\u2019appartenance plus profond, ont indiqu\u00e9 les dirigeants de l\u2019\u00c9glise.<\/p>\n<p>Le minist\u00e8re des Ambassadeurs a vu le jour pour r\u00e9pondre \u00e0 ce besoin, non pour remplacer mais comme une passerelle pour impliquer sp\u00e9cifiquement les jeunes de cette tranche d\u2019\u00e2ge cruciale, celle des 16-21 ans. Selon les responsables de l\u2019\u00c9glise, le minist\u00e8re cherche \u00e0 trouver un segment dynamique au sein du d\u00e9partement des minist\u00e8res de la jeunesse. \u00ab Son objectif est de proposer un programme cibl\u00e9 qui met en avant le d\u00e9veloppement du leadership, la maturit\u00e9 spirituelle et l\u2019engagement actif dans la mission pour ceux qui sont au seuil de l\u2019\u00e2ge adulte, \u00bb ont-ils d\u00e9clar\u00e9.<\/p>\n<p><div id=\"attachment_127349\" style=\"width: 989px\" class=\"wp-caption aligncenter\"><img loading=\"lazy\" decoding=\"async\" aria-describedby=\"caption-attachment-127349\" class=\" wp-image-127348\" src=\"https:\/\/interamerica.org\/wp-content\/uploads\/2025\/04\/jamu-ambassador-youth-message.jpg\" alt=\"\" width=\"979\" height=\"654\" srcset=\"https:\/\/interamerica.org\/wp-content\/uploads\/2025\/04\/jamu-ambassador-youth-message.jpg 1000w, https:\/\/interamerica.org\/wp-content\/uploads\/2025\/04\/jamu-ambassador-youth-message-300x200.jpg 300w, https:\/\/interamerica.org\/wp-content\/uploads\/2025\/04\/jamu-ambassador-youth-message-768x513.jpg 768w\" sizes=\"(max-width: 979px) 100vw, 979px\" \/><p id=\"caption-attachment-127349\" class=\"wp-caption-text\">Les jeunes participent avec enthousiasme au culte lors de la premi\u00e8re Convention des Ambassadeurs au Centre de Conf\u00e9rences de la F\u00e9d\u00e9ration de l\u2019Ouest de la Jama\u00efque \u00e0 Montego Bay, en Jama\u00efque. [Photo : Brendon Coleman]<\/p><\/div><strong>R\u00e9actions positives<\/strong><\/p>\n<p>Jadeon Clarke, une participante de 19 ans qui vient de la F\u00e9d\u00e9ration du Nord de la Jama\u00efque, a exprim\u00e9 son enthousiasme et son optimisme \u00e0 propos du Minist\u00e8re des Ambassadeurs. \u00ab J\u2019ai h\u00e2te de d\u00e9velopper mes comp\u00e9tences en leadership, ma capacit\u00e9 \u00e0 parler en public, ma capacit\u00e9 \u00e0 planifier et mon engagement communautaire, \u00bb a-t-elle d\u00e9clar\u00e9. \u00ab Mais plus que cela, je veux consolider ma relation avec Dieu et vivre ma foi de mani\u00e8re plus intentionnelle. \u00bb<\/p>\n<p>D\u2019autres Ambassadeurs ont exprim\u00e9 ces m\u00eames sentiments, consid\u00e9rant le minist\u00e8re comme une \u00e9tape cruciale de leur croissance spirituelle et personnelle.<\/p>\n<p>\u00ab Je pense que le programme des Ambassadeurs est une excellente initiative pour combler le foss\u00e9 entre les Explorateurs et les Jeunes Seniors, \u00bb a d\u00e9clar\u00e9 Kezia Hewit, 18 ans, de la F\u00e9d\u00e9ration du Centre de la Jama\u00efque (CJC). \u00ab Je suis ravie de rencontrer de nouvelles personnes qui participent \u00e9galement au programme et j\u2019ai h\u00e2te d\u2019ajouter encore des connaissances \u00e0 ce que j\u2019ai appris au Club des \u00c9claireurs et de me d\u00e9velopper encore davantage. \u00bb<\/p>\n<p><div id=\"attachment_127352\" style=\"width: 964px\" class=\"wp-caption aligncenter\"><img loading=\"lazy\" decoding=\"async\" aria-describedby=\"caption-attachment-127352\" class=\" wp-image-127351\" src=\"https:\/\/interamerica.org\/wp-content\/uploads\/2025\/04\/jamu-ambassadors-crowd-2025.jpg\" alt=\"\" width=\"954\" height=\"637\" srcset=\"https:\/\/interamerica.org\/wp-content\/uploads\/2025\/04\/jamu-ambassadors-crowd-2025.jpg 1000w, https:\/\/interamerica.org\/wp-content\/uploads\/2025\/04\/jamu-ambassadors-crowd-2025-300x200.jpg 300w, https:\/\/interamerica.org\/wp-content\/uploads\/2025\/04\/jamu-ambassadors-crowd-2025-768x513.jpg 768w\" sizes=\"(max-width: 954px) 100vw, 954px\" \/><p id=\"caption-attachment-127352\" class=\"wp-caption-text\">Une partie du public, compos\u00e9 principalement de jeunes enthousiastes, participe \u00e0 l\u2019exp\u00e9rience d\u2019adoration lors de la premi\u00e8re Convention des Ambassadeurs au Centre de Conf\u00e9rences de la F\u00e9d\u00e9ration de l\u2019Ouest de la Jama\u00efque \u00e0 Montego Bay, en Jama\u00efque. [Photo : Brendon Coleman]<\/p><\/div>\u00ab C&rsquo;est un bon programme, \u00bb a confirm\u00e9 Jeavaunie Nembhard, 18 ans, de la CJC. \u00ab Il permettra aux jeunes de 16 \u00e0 21 ans d\u2019apprendre \u00e0 t\u00e9moigner correctement aupr\u00e8s de ceux de leur \u00e2ge. \u00bb<\/p>\n<p><strong>D\u00e9fendre la libert\u00e9 religieuse<\/strong><\/p>\n<p>Lors de sa visite, pasteur Ted Wilson a exprim\u00e9 sa profonde gratitude au gouvernement et au peuple de la Jama\u00efque pour leur soutien au principe de la libert\u00e9 religieuse. \u00ab Je tiens \u00e0 remercier le pays et le gouvernement de la Jama\u00efque pour la libert\u00e9 religieuse dans ce pays\u2026 Je veux remercier le Premier Ministre [Andrew Holness], le Parlement et tous les membres du gouvernement pour la protection et le soutien apport\u00e9s \u00e0 la libert\u00e9 religieuse, car elle est le fondement de la prosp\u00e9rit\u00e9 de ce pays, \u00bb a d\u00e9clar\u00e9 pasteur Wilson, avant de faire une pri\u00e8re sp\u00e9ciale en faveur des dirigeants nationaux.<\/p>\n<p>L\u2019Union de F\u00e9d\u00e9rations de la Jama\u00efque compte plus de 348000 membres baptis\u00e9s qui se r\u00e9unissent pour adorer dans 740 congr\u00e9gations, ainsi que 4280 Aventuriers r\u00e9partis dans 239 clubs, et 8412 \u00c9claireurs r\u00e9partis dans 245 clubs et 238 Ambassadeurs dans 21 clubs.<\/p>\n<p>Traduction: Patrick Luciathe<\/p>\n","protected":false},"excerpt":{"rendered":"<p>Ted N. C. Wilson s\u2019adresse \u00e0 des milliers de personnes lors d\u2019une Convention du Minist\u00e8re des Ambassadeurs en Jama\u00efque. 16 Avril 2025 | Montego Bay, Jama\u00efque | Union de F\u00e9d\u00e9rations&#8230;<\/p>\n","protected":false},"author":3,"featured_media":127320,"comment_status":"closed","ping_status":"closed","sticky":false,"template":"","format":"standard","meta":{"_acf_changed":false,"footnotes":""},"categories":[21,19],"tags":[],"class_list":["post-127466","post","type-post","status-publish","format-standard","has-post-thumbnail","hentry","category-nouvelles-du-territoire","category-rss-francais"],"acf":[],"yoast_head":"<!-- This site is optimized with the Yoast SEO plugin v27.3 - https:\/\/yoast.com\/product\/yoast-seo-wordpress\/ -->\n<title>Le pr\u00e9sident de l\u2019\u00c9glise adventiste encourage les jeunes \u00e0 avoir un impact sur leur soci\u00e9t\u00e9 pour J\u00e9sus - \u00c9glise Adventiste Du Septieme Jour - Inter Am\u00e9rique Division<\/title>\n<meta name=\"robots\" content=\"index, follow, max-snippet:-1, max-image-preview:large, max-video-preview:-1\" \/>\n<link rel=\"canonical\" href=\"https:\/\/interamerica.org\/fr\/2025\/04\/le-president-de-leglise-adventiste-encourage-les-jeunes-a-avoir-un-impact-sur-leur-societe-pour-jesus\/\" \/>\n<meta property=\"og:locale\" content=\"fr_FR\" \/>\n<meta property=\"og:type\" content=\"article\" \/>\n<meta property=\"og:title\" content=\"Le pr\u00e9sident de l\u2019\u00c9glise adventiste encourage les jeunes \u00e0 avoir un impact sur leur soci\u00e9t\u00e9 pour J\u00e9sus - \u00c9glise Adventiste Du Septieme Jour - Inter Am\u00e9rique Division\" \/>\n<meta property=\"og:description\" content=\"Ted N. C. Wilson s\u2019adresse \u00e0 des milliers de personnes lors d\u2019une Convention du Minist\u00e8re des Ambassadeurs en Jama\u00efque. 16 Avril 2025 | Montego Bay, Jama\u00efque | Union de F\u00e9d\u00e9rations...\" \/>\n<meta property=\"og:url\" content=\"https:\/\/interamerica.org\/fr\/2025\/04\/le-president-de-leglise-adventiste-encourage-les-jeunes-a-avoir-un-impact-sur-leur-societe-pour-jesus\/\" \/>\n<meta property=\"og:site_name\" content=\"\u00c9glise Adventiste Du Septieme Jour - Inter Am\u00e9rique Division\" \/>\n<meta property=\"article:published_time\" content=\"2025-04-16T22:03:14+00:00\" \/>\n<meta property=\"article:modified_time\" content=\"2025-04-19T02:20:31+00:00\" \/>\n<meta property=\"og:image\" content=\"https:\/\/interamerica.org\/wp-content\/uploads\/2025\/04\/tedwilson-amu-ambassadors.jpg\" \/>\n\t<meta property=\"og:image:width\" content=\"1000\" \/>\n\t<meta property=\"og:image:height\" content=\"668\" \/>\n\t<meta property=\"og:image:type\" content=\"image\/jpeg\" \/>\n<meta name=\"author\" content=\"libna\" \/>\n<meta name=\"twitter:card\" content=\"summary_large_image\" \/>\n<meta name=\"twitter:label1\" content=\"\u00c9crit par\" \/>\n\t<meta name=\"twitter:data1\" content=\"libna\" \/>\n\t<meta name=\"twitter:label2\" content=\"Dur\u00e9e de lecture estim\u00e9e\" \/>\n\t<meta name=\"twitter:data2\" content=\"8 minutes\" \/>\n<script type=\"application\/ld+json\" class=\"yoast-schema-graph\">{\"@context\":\"https:\\\/\\\/schema.org\",\"@graph\":[{\"@type\":\"Article\",\"@id\":\"https:\\\/\\\/interamerica.org\\\/fr\\\/2025\\\/04\\\/le-president-de-leglise-adventiste-encourage-les-jeunes-a-avoir-un-impact-sur-leur-societe-pour-jesus\\\/#article\",\"isPartOf\":{\"@id\":\"https:\\\/\\\/interamerica.org\\\/fr\\\/2025\\\/04\\\/le-president-de-leglise-adventiste-encourage-les-jeunes-a-avoir-un-impact-sur-leur-societe-pour-jesus\\\/\"},\"author\":{\"name\":\"libna\",\"@id\":\"https:\\\/\\\/interamerica.org\\\/fr\\\/#\\\/schema\\\/person\\\/29998f2bc2d8bd0d38662909289b54f1\"},\"headline\":\"Le pr\u00e9sident de l\u2019\u00c9glise adventiste encourage les jeunes \u00e0 avoir un impact sur leur soci\u00e9t\u00e9 pour J\u00e9sus\",\"datePublished\":\"2025-04-16T22:03:14+00:00\",\"dateModified\":\"2025-04-19T02:20:31+00:00\",\"mainEntityOfPage\":{\"@id\":\"https:\\\/\\\/interamerica.org\\\/fr\\\/2025\\\/04\\\/le-president-de-leglise-adventiste-encourage-les-jeunes-a-avoir-un-impact-sur-leur-societe-pour-jesus\\\/\"},\"wordCount\":1686,\"image\":{\"@id\":\"https:\\\/\\\/interamerica.org\\\/fr\\\/2025\\\/04\\\/le-president-de-leglise-adventiste-encourage-les-jeunes-a-avoir-un-impact-sur-leur-societe-pour-jesus\\\/#primaryimage\"},\"thumbnailUrl\":\"https:\\\/\\\/interamerica.org\\\/wp-content\\\/uploads\\\/2025\\\/04\\\/tedwilson-amu-ambassadors.jpg\",\"articleSection\":[\"Nouvelles du territoire\",\"RSS Fran\u00e7ais\"],\"inLanguage\":\"fr-FR\"},{\"@type\":\"WebPage\",\"@id\":\"https:\\\/\\\/interamerica.org\\\/fr\\\/2025\\\/04\\\/le-president-de-leglise-adventiste-encourage-les-jeunes-a-avoir-un-impact-sur-leur-societe-pour-jesus\\\/\",\"url\":\"https:\\\/\\\/interamerica.org\\\/fr\\\/2025\\\/04\\\/le-president-de-leglise-adventiste-encourage-les-jeunes-a-avoir-un-impact-sur-leur-societe-pour-jesus\\\/\",\"name\":\"Le pr\u00e9sident de l\u2019\u00c9glise adventiste encourage les jeunes \u00e0 avoir un impact sur leur soci\u00e9t\u00e9 pour J\u00e9sus - \u00c9glise Adventiste Du Septieme Jour - Inter Am\u00e9rique Division\",\"isPartOf\":{\"@id\":\"https:\\\/\\\/interamerica.org\\\/fr\\\/#website\"},\"primaryImageOfPage\":{\"@id\":\"https:\\\/\\\/interamerica.org\\\/fr\\\/2025\\\/04\\\/le-president-de-leglise-adventiste-encourage-les-jeunes-a-avoir-un-impact-sur-leur-societe-pour-jesus\\\/#primaryimage\"},\"image\":{\"@id\":\"https:\\\/\\\/interamerica.org\\\/fr\\\/2025\\\/04\\\/le-president-de-leglise-adventiste-encourage-les-jeunes-a-avoir-un-impact-sur-leur-societe-pour-jesus\\\/#primaryimage\"},\"thumbnailUrl\":\"https:\\\/\\\/interamerica.org\\\/wp-content\\\/uploads\\\/2025\\\/04\\\/tedwilson-amu-ambassadors.jpg\",\"datePublished\":\"2025-04-16T22:03:14+00:00\",\"dateModified\":\"2025-04-19T02:20:31+00:00\",\"author\":{\"@id\":\"https:\\\/\\\/interamerica.org\\\/fr\\\/#\\\/schema\\\/person\\\/29998f2bc2d8bd0d38662909289b54f1\"},\"breadcrumb\":{\"@id\":\"https:\\\/\\\/interamerica.org\\\/fr\\\/2025\\\/04\\\/le-president-de-leglise-adventiste-encourage-les-jeunes-a-avoir-un-impact-sur-leur-societe-pour-jesus\\\/#breadcrumb\"},\"inLanguage\":\"fr-FR\",\"potentialAction\":[{\"@type\":\"ReadAction\",\"target\":[\"https:\\\/\\\/interamerica.org\\\/fr\\\/2025\\\/04\\\/le-president-de-leglise-adventiste-encourage-les-jeunes-a-avoir-un-impact-sur-leur-societe-pour-jesus\\\/\"]}]},{\"@type\":\"ImageObject\",\"inLanguage\":\"fr-FR\",\"@id\":\"https:\\\/\\\/interamerica.org\\\/fr\\\/2025\\\/04\\\/le-president-de-leglise-adventiste-encourage-les-jeunes-a-avoir-un-impact-sur-leur-societe-pour-jesus\\\/#primaryimage\",\"url\":\"https:\\\/\\\/interamerica.org\\\/wp-content\\\/uploads\\\/2025\\\/04\\\/tedwilson-amu-ambassadors.jpg\",\"contentUrl\":\"https:\\\/\\\/interamerica.org\\\/wp-content\\\/uploads\\\/2025\\\/04\\\/tedwilson-amu-ambassadors.jpg\",\"width\":1000,\"height\":668,\"caption\":\"President of the Seventh-day Adventist Church, Pastor Ted N.C. Wilson, delivers the Sabbath message at Jamaica Union Conference\u2019s inaugural Ambassador Convention, challenging young people to \u2018make an impact\u2019 for Christ on Apr. 13, 2025. [Photo: Brendon\"},{\"@type\":\"BreadcrumbList\",\"@id\":\"https:\\\/\\\/interamerica.org\\\/fr\\\/2025\\\/04\\\/le-president-de-leglise-adventiste-encourage-les-jeunes-a-avoir-un-impact-sur-leur-societe-pour-jesus\\\/#breadcrumb\",\"itemListElement\":[{\"@type\":\"ListItem\",\"position\":1,\"name\":\"Home\",\"item\":\"https:\\\/\\\/interamerica.org\\\/fr\\\/\"},{\"@type\":\"ListItem\",\"position\":2,\"name\":\"Le pr\u00e9sident de l\u2019\u00c9glise adventiste encourage les jeunes \u00e0 avoir un impact sur leur soci\u00e9t\u00e9 pour J\u00e9sus\"}]},{\"@type\":\"WebSite\",\"@id\":\"https:\\\/\\\/interamerica.org\\\/fr\\\/#website\",\"url\":\"https:\\\/\\\/interamerica.org\\\/fr\\\/\",\"name\":\"\u00c9glise Adventiste Du Septieme Jour - Inter Am\u00e9rique Division\",\"description\":\"\",\"potentialAction\":[{\"@type\":\"SearchAction\",\"target\":{\"@type\":\"EntryPoint\",\"urlTemplate\":\"https:\\\/\\\/interamerica.org\\\/fr\\\/?s={search_term_string}\"},\"query-input\":{\"@type\":\"PropertyValueSpecification\",\"valueRequired\":true,\"valueName\":\"search_term_string\"}}],\"inLanguage\":\"fr-FR\"},{\"@type\":\"Person\",\"@id\":\"https:\\\/\\\/interamerica.org\\\/fr\\\/#\\\/schema\\\/person\\\/29998f2bc2d8bd0d38662909289b54f1\",\"name\":\"libna\",\"image\":{\"@type\":\"ImageObject\",\"inLanguage\":\"fr-FR\",\"@id\":\"https:\\\/\\\/secure.gravatar.com\\\/avatar\\\/7c5bd30ae4b47a9ba3c856590957fd1d96dc588bf3ac05719d247e126840331f?s=96&d=mm&r=g\",\"url\":\"https:\\\/\\\/secure.gravatar.com\\\/avatar\\\/7c5bd30ae4b47a9ba3c856590957fd1d96dc588bf3ac05719d247e126840331f?s=96&d=mm&r=g\",\"contentUrl\":\"https:\\\/\\\/secure.gravatar.com\\\/avatar\\\/7c5bd30ae4b47a9ba3c856590957fd1d96dc588bf3ac05719d247e126840331f?s=96&d=mm&r=g\",\"caption\":\"libna\"}}]}<\/script>\n<!-- \/ Yoast SEO plugin. -->","yoast_head_json":{"title":"Le pr\u00e9sident de l\u2019\u00c9glise adventiste encourage les jeunes \u00e0 avoir un impact sur leur soci\u00e9t\u00e9 pour J\u00e9sus - \u00c9glise Adventiste Du Septieme Jour - Inter Am\u00e9rique Division","robots":{"index":"index","follow":"follow","max-snippet":"max-snippet:-1","max-image-preview":"max-image-preview:large","max-video-preview":"max-video-preview:-1"},"canonical":"https:\/\/interamerica.org\/fr\/2025\/04\/le-president-de-leglise-adventiste-encourage-les-jeunes-a-avoir-un-impact-sur-leur-societe-pour-jesus\/","og_locale":"fr_FR","og_type":"article","og_title":"Le pr\u00e9sident de l\u2019\u00c9glise adventiste encourage les jeunes \u00e0 avoir un impact sur leur soci\u00e9t\u00e9 pour J\u00e9sus - \u00c9glise Adventiste Du Septieme Jour - Inter Am\u00e9rique Division","og_description":"Ted N. C. Wilson s\u2019adresse \u00e0 des milliers de personnes lors d\u2019une Convention du Minist\u00e8re des Ambassadeurs en Jama\u00efque. 16 Avril 2025 | Montego Bay, Jama\u00efque | Union de F\u00e9d\u00e9rations...","og_url":"https:\/\/interamerica.org\/fr\/2025\/04\/le-president-de-leglise-adventiste-encourage-les-jeunes-a-avoir-un-impact-sur-leur-societe-pour-jesus\/","og_site_name":"\u00c9glise Adventiste Du Septieme Jour - Inter Am\u00e9rique Division","article_published_time":"2025-04-16T22:03:14+00:00","article_modified_time":"2025-04-19T02:20:31+00:00","og_image":[{"width":1000,"height":668,"url":"https:\/\/interamerica.org\/wp-content\/uploads\/2025\/04\/tedwilson-amu-ambassadors.jpg","type":"image\/jpeg"}],"author":"libna","twitter_card":"summary_large_image","twitter_misc":{"\u00c9crit par":"libna","Dur\u00e9e de lecture estim\u00e9e":"8 minutes"},"schema":{"@context":"https:\/\/schema.org","@graph":[{"@type":"Article","@id":"https:\/\/interamerica.org\/fr\/2025\/04\/le-president-de-leglise-adventiste-encourage-les-jeunes-a-avoir-un-impact-sur-leur-societe-pour-jesus\/#article","isPartOf":{"@id":"https:\/\/interamerica.org\/fr\/2025\/04\/le-president-de-leglise-adventiste-encourage-les-jeunes-a-avoir-un-impact-sur-leur-societe-pour-jesus\/"},"author":{"name":"libna","@id":"https:\/\/interamerica.org\/fr\/#\/schema\/person\/29998f2bc2d8bd0d38662909289b54f1"},"headline":"Le pr\u00e9sident de l\u2019\u00c9glise adventiste encourage les jeunes \u00e0 avoir un impact sur leur soci\u00e9t\u00e9 pour J\u00e9sus","datePublished":"2025-04-16T22:03:14+00:00","dateModified":"2025-04-19T02:20:31+00:00","mainEntityOfPage":{"@id":"https:\/\/interamerica.org\/fr\/2025\/04\/le-president-de-leglise-adventiste-encourage-les-jeunes-a-avoir-un-impact-sur-leur-societe-pour-jesus\/"},"wordCount":1686,"image":{"@id":"https:\/\/interamerica.org\/fr\/2025\/04\/le-president-de-leglise-adventiste-encourage-les-jeunes-a-avoir-un-impact-sur-leur-societe-pour-jesus\/#primaryimage"},"thumbnailUrl":"https:\/\/interamerica.org\/wp-content\/uploads\/2025\/04\/tedwilson-amu-ambassadors.jpg","articleSection":["Nouvelles du territoire","RSS Fran\u00e7ais"],"inLanguage":"fr-FR"},{"@type":"WebPage","@id":"https:\/\/interamerica.org\/fr\/2025\/04\/le-president-de-leglise-adventiste-encourage-les-jeunes-a-avoir-un-impact-sur-leur-societe-pour-jesus\/","url":"https:\/\/interamerica.org\/fr\/2025\/04\/le-president-de-leglise-adventiste-encourage-les-jeunes-a-avoir-un-impact-sur-leur-societe-pour-jesus\/","name":"Le pr\u00e9sident de l\u2019\u00c9glise adventiste encourage les jeunes \u00e0 avoir un impact sur leur soci\u00e9t\u00e9 pour J\u00e9sus - \u00c9glise Adventiste Du Septieme Jour - Inter Am\u00e9rique Division","isPartOf":{"@id":"https:\/\/interamerica.org\/fr\/#website"},"primaryImageOfPage":{"@id":"https:\/\/interamerica.org\/fr\/2025\/04\/le-president-de-leglise-adventiste-encourage-les-jeunes-a-avoir-un-impact-sur-leur-societe-pour-jesus\/#primaryimage"},"image":{"@id":"https:\/\/interamerica.org\/fr\/2025\/04\/le-president-de-leglise-adventiste-encourage-les-jeunes-a-avoir-un-impact-sur-leur-societe-pour-jesus\/#primaryimage"},"thumbnailUrl":"https:\/\/interamerica.org\/wp-content\/uploads\/2025\/04\/tedwilson-amu-ambassadors.jpg","datePublished":"2025-04-16T22:03:14+00:00","dateModified":"2025-04-19T02:20:31+00:00","author":{"@id":"https:\/\/interamerica.org\/fr\/#\/schema\/person\/29998f2bc2d8bd0d38662909289b54f1"},"breadcrumb":{"@id":"https:\/\/interamerica.org\/fr\/2025\/04\/le-president-de-leglise-adventiste-encourage-les-jeunes-a-avoir-un-impact-sur-leur-societe-pour-jesus\/#breadcrumb"},"inLanguage":"fr-FR","potentialAction":[{"@type":"ReadAction","target":["https:\/\/interamerica.org\/fr\/2025\/04\/le-president-de-leglise-adventiste-encourage-les-jeunes-a-avoir-un-impact-sur-leur-societe-pour-jesus\/"]}]},{"@type":"ImageObject","inLanguage":"fr-FR","@id":"https:\/\/interamerica.org\/fr\/2025\/04\/le-president-de-leglise-adventiste-encourage-les-jeunes-a-avoir-un-impact-sur-leur-societe-pour-jesus\/#primaryimage","url":"https:\/\/interamerica.org\/wp-content\/uploads\/2025\/04\/tedwilson-amu-ambassadors.jpg","contentUrl":"https:\/\/interamerica.org\/wp-content\/uploads\/2025\/04\/tedwilson-amu-ambassadors.jpg","width":1000,"height":668,"caption":"President of the Seventh-day Adventist Church, Pastor Ted N.C. Wilson, delivers the Sabbath message at Jamaica Union Conference\u2019s inaugural Ambassador Convention, challenging young people to \u2018make an impact\u2019 for Christ on Apr. 13, 2025. [Photo: Brendon"},{"@type":"BreadcrumbList","@id":"https:\/\/interamerica.org\/fr\/2025\/04\/le-president-de-leglise-adventiste-encourage-les-jeunes-a-avoir-un-impact-sur-leur-societe-pour-jesus\/#breadcrumb","itemListElement":[{"@type":"ListItem","position":1,"name":"Home","item":"https:\/\/interamerica.org\/fr\/"},{"@type":"ListItem","position":2,"name":"Le pr\u00e9sident de l\u2019\u00c9glise adventiste encourage les jeunes \u00e0 avoir un impact sur leur soci\u00e9t\u00e9 pour J\u00e9sus"}]},{"@type":"WebSite","@id":"https:\/\/interamerica.org\/fr\/#website","url":"https:\/\/interamerica.org\/fr\/","name":"\u00c9glise Adventiste Du Septieme Jour - Inter Am\u00e9rique Division","description":"","potentialAction":[{"@type":"SearchAction","target":{"@type":"EntryPoint","urlTemplate":"https:\/\/interamerica.org\/fr\/?s={search_term_string}"},"query-input":{"@type":"PropertyValueSpecification","valueRequired":true,"valueName":"search_term_string"}}],"inLanguage":"fr-FR"},{"@type":"Person","@id":"https:\/\/interamerica.org\/fr\/#\/schema\/person\/29998f2bc2d8bd0d38662909289b54f1","name":"libna","image":{"@type":"ImageObject","inLanguage":"fr-FR","@id":"https:\/\/secure.gravatar.com\/avatar\/7c5bd30ae4b47a9ba3c856590957fd1d96dc588bf3ac05719d247e126840331f?s=96&d=mm&r=g","url":"https:\/\/secure.gravatar.com\/avatar\/7c5bd30ae4b47a9ba3c856590957fd1d96dc588bf3ac05719d247e126840331f?s=96&d=mm&r=g","contentUrl":"https:\/\/secure.gravatar.com\/avatar\/7c5bd30ae4b47a9ba3c856590957fd1d96dc588bf3ac05719d247e126840331f?s=96&d=mm&r=g","caption":"libna"}}]}},"_links":{"self":[{"href":"https:\/\/interamerica.org\/fr\/wp-json\/wp\/v2\/posts\/127466","targetHints":{"allow":["GET"]}}],"collection":[{"href":"https:\/\/interamerica.org\/fr\/wp-json\/wp\/v2\/posts"}],"about":[{"href":"https:\/\/interamerica.org\/fr\/wp-json\/wp\/v2\/types\/post"}],"author":[{"embeddable":true,"href":"https:\/\/interamerica.org\/fr\/wp-json\/wp\/v2\/users\/3"}],"replies":[{"embeddable":true,"href":"https:\/\/interamerica.org\/fr\/wp-json\/wp\/v2\/comments?post=127466"}],"version-history":[{"count":0,"href":"https:\/\/interamerica.org\/fr\/wp-json\/wp\/v2\/posts\/127466\/revisions"}],"wp:featuredmedia":[{"embeddable":true,"href":"https:\/\/interamerica.org\/fr\/wp-json\/wp\/v2\/media\/127320"}],"wp:attachment":[{"href":"https:\/\/interamerica.org\/fr\/wp-json\/wp\/v2\/media?parent=127466"}],"wp:term":[{"taxonomy":"category","embeddable":true,"href":"https:\/\/interamerica.org\/fr\/wp-json\/wp\/v2\/categories?post=127466"},{"taxonomy":"post_tag","embeddable":true,"href":"https:\/\/interamerica.org\/fr\/wp-json\/wp\/v2\/tags?post=127466"}],"curies":[{"name":"wp","href":"https:\/\/api.w.org\/{rel}","templated":true}]}}