{"id":127468,"date":"2025-04-16T17:30:54","date_gmt":"2025-04-16T21:30:54","guid":{"rendered":"https:\/\/interamerica.org\/?p=127468"},"modified":"2025-04-18T22:21:23","modified_gmt":"2025-04-19T02:21:23","slug":"la-modification-des-regles-de-procedures-vise-a-accelerer-et-prevenir-les-retards-dans-les-affaires-de-leglise","status":"publish","type":"post","link":"https:\/\/interamerica.org\/fr\/2025\/04\/la-modification-des-regles-de-procedures-vise-a-accelerer-et-prevenir-les-retards-dans-les-affaires-de-leglise\/","title":{"rendered":"La modification des r\u00e8gles de proc\u00e9dures vise \u00e0 acc\u00e9l\u00e9rer et pr\u00e9venir les retards dans les affaires de l\u2019\u00c9glise"},"content":{"rendered":"<p class=\"c-post-header__subtitle\"><em>Les membres du Comit\u00e9 Ex\u00e9cutif de la Conf\u00e9rence G\u00e9n\u00e9rale de l\u2019\u00c9glise adventiste apportent leur soutien massivement \u00e0 ces changements.<\/em><\/p>\n<p>16 Avril 2025 | Silver Spring, Maryland, \u00c9tats-Unis | Marcos Paseggi, <em>Adventist Review<\/em><\/p>\n<p>\u00ab Il y a un point sur lequel je voudrais attirer l\u2019attention de tous ceux qui pr\u00e9sident des rencontres, \u00bb a d\u00e9clar\u00e9 Ted N. C. Wilson, pr\u00e9sident de la Conf\u00e9rence G\u00e9n\u00e9rale, lors de la deuxi\u00e8me journ\u00e9e de la Rencontre de Printemps du Comit\u00e9 Ex\u00e9cutif de la Conf\u00e9rence G\u00e9n\u00e9rale (GCEXCOM) \u00e0 Silver Spring, dans le Maryland, aux \u00c9tats-Unis, le 9 avril.<\/p>\n<p>Il a ensuite invit\u00e9 les personnes suivant la s\u00e9ance administrative, en personne ou en ligne, \u00e0 consid\u00e9rer le document intitul\u00e9 \u00ab R\u00e8gles de Proc\u00e9dures pour les Sessions de la Conf\u00e9rence G\u00e9n\u00e9rale et les Rencontres du Comit\u00e9 Ex\u00e9cutif, \u00bb qui comprend une introduction. Ce document a \u00e9t\u00e9 \u00e9crit, a indiqu\u00e9 Ted Wilson, par feu Bert Beach, ancien directeur du D\u00e9partement des Affaires Publiques et de la Libert\u00e9 Religieuse de la Conf\u00e9rence G\u00e9n\u00e9rale.<\/p>\n<p><div id=\"attachment_127398\" style=\"width: 1010px\" class=\"wp-caption aligncenter\"><img fetchpriority=\"high\" decoding=\"async\" aria-describedby=\"caption-attachment-127398\" class=\"size-full wp-image-127397\" src=\"https:\/\/interamerica.org\/wp-content\/uploads\/2025\/04\/todd-macfarland-ammendments.jpg\" alt=\"\" width=\"1000\" height=\"641\" srcset=\"https:\/\/interamerica.org\/wp-content\/uploads\/2025\/04\/todd-macfarland-ammendments.jpg 1000w, https:\/\/interamerica.org\/wp-content\/uploads\/2025\/04\/todd-macfarland-ammendments-300x192.jpg 300w, https:\/\/interamerica.org\/wp-content\/uploads\/2025\/04\/todd-macfarland-ammendments-768x492.jpg 768w\" sizes=\"(max-width: 1000px) 100vw, 1000px\" \/><p id=\"caption-attachment-127398\" class=\"wp-caption-text\">Todd McFarland, conseil juridique adjoint de la Conf\u00e9rence G\u00e9n\u00e9rale, a pr\u00e9sent\u00e9 un rapport sur les suggestions de modifications \u00e0 apporter au document intitul\u00e9 \u00ab R\u00e8gles de Proc\u00e9dures pour les Sessions de la Conf\u00e9rence G\u00e9n\u00e9rale et les Rencontres du Comit\u00e9 Ex\u00e9cutif \u00bb lors de la Rencontre de Printemps le 9 avril. [Photo : Enno M\u00fcller, Adventist Review]<\/p><\/div><strong>Utilisation pr\u00e9vue des r\u00e8gles de proc\u00e9dures <\/strong><\/p>\n<p>Ted Wilson a lu un court extrait de cette introduction, quelque chose, a-t-il indiqu\u00e9 aux membres du Comit\u00e9 Ex\u00e9cutif de la Conf\u00e9rence G\u00e9n\u00e9rale, \u00ab que vous, en tant que pr\u00e9sidents, devez garder \u00e0 l\u2019esprit et utiliser lorsque la situation devient vraiment difficile dans vos rencontres. \u00bb<\/p>\n<p>Il a lu : \u00ab Ces r\u00e8gles de proc\u00e9dures sont cens\u00e9es \u00eatre utilis\u00e9es avec un sentiment de r\u00e9v\u00e9rence pour le dessein divin. Leur objectif n\u2019est pas de permettre des man\u0153uvres parlementaires exp\u00e9ditives ou dilatoires pour obtenir un point, attirer une attention imm\u00e9rit\u00e9e, obtenir un avantage en \u00e9liminant ce que souhaitent les autres, ou pour confondre le pr\u00e9sident de s\u00e9ance, les autres d\u00e9l\u00e9gu\u00e9s ou les membres du comit\u00e9. \u00bb<\/p>\n<p>Ted Wilson a poursuivi la lecture : \u00ab De plus, ces r\u00e8gles ne doivent pas \u00eatre utilis\u00e9es pour servir de pr\u00e9texte \u00e0 des querelles de proc\u00e9dure, ce qui pourrait emp\u00eacher les sessions ou les comit\u00e9s d\u2019avancer rapidement. Le conseil d\u2019Ellen White est qu\u2019il devrait y avoir \u00ab des efforts constants faits pour arriver \u00e0 \u00eatre brefs dans les rencontres administratives. \u00bb* Il ne faut jamais oublier que la vision litt\u00e9rale des r\u00e8gles de proc\u00e9dures peut \u00eatre fatale. C&rsquo;est l\u2019esprit qui donne vie \u00e0 l\u2019organisation et au gouvernement de l\u2019\u00c9glise. Le pr\u00e9sident, avec le soutien des d\u00e9l\u00e9gu\u00e9s, doit faire preuve de discernement et ne pas laisser la m\u00e9canique de fonctionnement entraver l\u2019avancement de l\u2019\u0153uvre de Dieu. \u00bb<\/p>\n<p>\u00ab Lisez-le pour vous-m\u00eames si vous ne l\u2019avez pas lu r\u00e9cemment, \u00bb a sugg\u00e9r\u00e9 Ted Wilson aux membres du Comit\u00e9 Ex\u00e9cutif de la Conf\u00e9rence G\u00e9n\u00e9rale. \u00ab Et utilisez-le, lorsque vous vous trouvez dans une situation difficile, non pas n\u00e9cessairement pour sermonner les autres, mais pour les aider \u00e0 comprendre que nous sommes des fr\u00e8res et des s\u0153urs qui accomplissent l\u2019\u0153uvre de Dieu. \u00bb<\/p>\n<p>Ted Wilson a ensuite expliqu\u00e9 que pour ce faire, \u00ab nous avons besoin de r\u00e8gles. \u00bb Il a ensuite invit\u00e9 Todd McFarland, conseil juridique adjoint de la Conf\u00e9rence G\u00e9n\u00e9rale, \u00e0 pr\u00e9senter certains des ajustements qui, selon lui, \u00ab contribueront \u00e0 clarifier les proc\u00e9dures lorsque nous avons ces rencontres, les Sessions de la Conf\u00e9rence G\u00e9n\u00e9rale et d\u2019autres r\u00e9unions. \u00bb<\/p>\n<div id=\"attachment_127401\" style=\"width: 1010px\" class=\"wp-caption aligncenter\"><img decoding=\"async\" aria-describedby=\"caption-attachment-127401\" class=\"size-full wp-image-127400\" src=\"https:\/\/interamerica.org\/wp-content\/uploads\/2025\/04\/twilson-ammended-rules-1.jpg\" alt=\"\" width=\"1000\" height=\"607\" srcset=\"https:\/\/interamerica.org\/wp-content\/uploads\/2025\/04\/twilson-ammended-rules-1.jpg 1000w, https:\/\/interamerica.org\/wp-content\/uploads\/2025\/04\/twilson-ammended-rules-1-300x182.jpg 300w, https:\/\/interamerica.org\/wp-content\/uploads\/2025\/04\/twilson-ammended-rules-1-768x466.jpg 768w\" sizes=\"(max-width: 1000px) 100vw, 1000px\" \/><p id=\"caption-attachment-127401\" class=\"wp-caption-text\">Ted N. C. Wilson (au centre), pr\u00e9sident de la Conf\u00e9rence G\u00e9n\u00e9rale, pr\u00e9sente un rapport sugg\u00e9rant des modifications au document intitul\u00e9 \u00ab R\u00e8gles de Proc\u00e9dures pour les Sessions de la Conf\u00e9rence G\u00e9n\u00e9rale et les Rencontres du Comit\u00e9 Ex\u00e9cutif \u00bb lors de la Rencontre de Printemps le 9 avril, sous le regard de Todd McFarland (\u00e0 gauche), conseiller juridique adjoint, et de Gerson Santos (\u00e0 droite), secr\u00e9taire adjoint de la Conf\u00e9rence G\u00e9n\u00e9rale. [Photo : Enno M\u00fcller, Adventist Review]<\/p><\/div>\n<h3 class=\"wp-block-heading\"><strong>Ce qui change et pourquoi ?<\/strong><\/h3>\n<p>Todd McFarland a expliqu\u00e9 les changements qui allaient au-del\u00e0 de l\u2019utilisation de majuscules dans le langage de genre neutre, lorsque cela est appropri\u00e9. Par exemple, il a expliqu\u00e9 que le vote oral n\u2019\u00e9tant pas la seule m\u00e9thode actuellement utilis\u00e9e, le nouveau document pr\u00e9cise que le pr\u00e9sident choisit g\u00e9n\u00e9ralement la m\u00e9thode de vote et que, si l\u2019assembl\u00e9e souhaite utiliser une m\u00e9thode diff\u00e9rente, elle peut le faire par une proposition qui, si elle est appuy\u00e9e, n\u00e9cessite une majorit\u00e9 des voix pour \u00eatre adopt\u00e9e.<\/p>\n<p>Une phrase a \u00e9t\u00e9 ajout\u00e9e concernant les abstentions lors d\u2019un vote, a indiqu\u00e9 Todd McFarland. Cette phrase ajout\u00e9e pr\u00e9cise maintenant que \u00ab les abstentions, m\u00eame indiqu\u00e9es sur un bulletin de vote, ne sont pas consid\u00e9r\u00e9es comme des votes exprim\u00e9s et ne comptent pas pour d\u00e9terminer l\u2019issue d\u2019un vote. \u00bb \u00ab Chose int\u00e9ressante, ce n\u2019est pas la r\u00e8gle dans tous les organes l\u00e9gislatifs, \u00bb a dit Todd McFarland.<\/p>\n<p>Todd McFarland a \u00e9galement expliqu\u00e9 que le document visait \u00e0 \u00eatre plus explicite concernant les renvois \u00e0 la Commission de Nominations lorsqu\u2019il y a une objection \u00e0 un rapport entier ou \u00e0 une partie d\u2019un rapport. Le texte ajout\u00e9 clarifie le r\u00f4le discr\u00e9tionnaire du pr\u00e9sident de s\u00e9ance. Il est maintenant libell\u00e9 comme suit : \u00ab Le pr\u00e9sident peut accepter le renvoi \u00e0 sa discr\u00e9tion. Pour faciliter la d\u00e9cision d\u2019accepter ou non le renvoi, le pr\u00e9sident peut demander \u00e0 la ou aux personnes demandant le renvoi de consulter le pr\u00e9sident de la commission de nominations au sujet des motifs de sa demande. Si la demande devient une proposition, elle n&rsquo;est pas sujette \u00e0 d\u00e9bat et est tranch\u00e9e par simple vote majoritaire. \u00bb Cela, a expliqu\u00e9 Todd McFarland, \u00ab fait cadrer plus explicitement les r\u00e8gles avec nos pratiques. \u00bb<\/p>\n<p>Todd McFarland a \u00e9galement indiqu\u00e9 qu\u2019apr\u00e8s certaines exp\u00e9riences lors des Sessions de la Conf\u00e9rence G\u00e9n\u00e9rale, notamment en 2015, o\u00f9 plusieurs points d\u2019ordre ont \u00e9t\u00e9 pr\u00e9sent\u00e9s de mani\u00e8re successive, on a fait observer que les points d\u2019ordre n\u2019\u00e9taient pas explicitement d\u00e9finis dans les r\u00e8glements. \u00ab On les appelait en fait des \u2018questions de privil\u00e8ge,\u2019 \u00bb a dit Todd McFarland. Les amendements actuels port\u00e9s au document visaient \u00e0 rem\u00e9dier \u00e0 cela, a-t-il expliqu\u00e9, en d\u00e9finissant ce qu\u2019\u00e9taient les points d\u2019ordre. \u00ab Ils donnent \u00e9galement un peu plus de pr\u00e9cision sur ce qu\u2019est un point d\u2019ordre. \u00bb<\/p>\n<p>Il a \u00e9galement expliqu\u00e9 qu\u2019une nouvelle section vise \u00e0 donner au pr\u00e9sident \u00ab davantage d\u2019outils pour traiter les points d\u2019ordre s\u2019ils commencent \u00e0 faire obstruction ou ne font pas avancer la question examin\u00e9e. \u00bb Il a illustr\u00e9 ainsi : \u00ab Le pr\u00e9sident pourra d\u00e9sormais dire : \u2018\u00c9coutez, les points d\u2019ordre soulev\u00e9s ne sont pas vraiment des points d\u2019ordre.\u2019 [\u2026] Il pourra d\u00e9sormais interrompre la personne au plus t\u00f4t et lui demander de pr\u00e9senter un point d\u2019ordre. \u00bb<\/p>\n<p>Le texte ajout\u00e9 dit maintenant ceci : \u00ab Une question de privil\u00e8ge ou un point d\u2019ordre ne doit pas \u00eatre utilis\u00e9 pour d\u00e9battre une proposition en cours ou pour avoir la parole avant les autres d\u00e9l\u00e9gu\u00e9s. Lorsque quelqu\u2019un a la parole pour une question de privil\u00e8ge ou un point d\u2019ordre, aucune autre proposition ne peut \u00eatre pr\u00e9sent\u00e9e. Les d\u00e9l\u00e9gu\u00e9s qui soul\u00e8vent une telle question ou un tel point doivent imm\u00e9diatement exposer le fondement de leur point d\u2019ordre. Si le pr\u00e9sident n\u2019entend pas imm\u00e9diatement \u00e9noncer la raison de la question de privil\u00e8ge ou du point d\u2019ordre, il devrait interrompre le d\u00e9l\u00e9gu\u00e9 et lui demander de l\u2019exposer. Si le pr\u00e9sident estime que des d\u00e9l\u00e9gu\u00e9s soul\u00e8vent des questions de privil\u00e8ge ou des points d\u2019ordre futiles dans un but inappropri\u00e9 (obtenir la parole avant les autres d\u00e9l\u00e9gu\u00e9s, retarder ou entraver les travaux de l\u2019assembl\u00e9e), il peut, apr\u00e8s en avoir averti l\u2019assembl\u00e9e, refuser de donner la parole aux personnes qui se l\u00e8vent pour soulever une question de privil\u00e8ge ou un point d\u2019ordre. \u00bb<\/p>\n<p>La proposition visant \u00e0 modifier les r\u00e8gles de proc\u00e9dures de la Conf\u00e9rence G\u00e9n\u00e9rale a \u00e9t\u00e9 adopt\u00e9e par 131 voix contre 1.<\/p>\n<p><em>*<\/em>Ellen G. White manuscript 3, 1890, p. 9<em>.<\/em><\/p>\n<p>Traduction: Patrick Luciathe<\/p>\n","protected":false},"excerpt":{"rendered":"<p>Les membres du Comit\u00e9 Ex\u00e9cutif de la Conf\u00e9rence G\u00e9n\u00e9rale de l\u2019\u00c9glise adventiste apportent leur soutien massivement \u00e0 ces changements. 16 Avril 2025 | Silver Spring, Maryland, \u00c9tats-Unis | Marcos Paseggi,&#8230;<\/p>\n","protected":false},"author":3,"featured_media":127398,"comment_status":"closed","ping_status":"closed","sticky":false,"template":"","format":"standard","meta":{"_acf_changed":false,"footnotes":""},"categories":[18,19],"tags":[],"class_list":["post-127468","post","type-post","status-publish","format-standard","has-post-thumbnail","hentry","category-nouvelles-de-leglise-mondiale","category-rss-francais"],"acf":[],"yoast_head":"<!-- This site is optimized with the Yoast SEO plugin v27.3 - https:\/\/yoast.com\/product\/yoast-seo-wordpress\/ -->\n<title>La modification des r\u00e8gles de proc\u00e9dures vise \u00e0 acc\u00e9l\u00e9rer et pr\u00e9venir les retards dans les affaires de l\u2019\u00c9glise - \u00c9glise Adventiste Du Septieme Jour - Inter Am\u00e9rique Division<\/title>\n<meta name=\"robots\" content=\"index, follow, max-snippet:-1, max-image-preview:large, max-video-preview:-1\" \/>\n<link rel=\"canonical\" href=\"https:\/\/interamerica.org\/fr\/2025\/04\/la-modification-des-regles-de-procedures-vise-a-accelerer-et-prevenir-les-retards-dans-les-affaires-de-leglise\/\" \/>\n<meta property=\"og:locale\" content=\"fr_FR\" \/>\n<meta property=\"og:type\" content=\"article\" \/>\n<meta property=\"og:title\" content=\"La modification des r\u00e8gles de proc\u00e9dures vise \u00e0 acc\u00e9l\u00e9rer et pr\u00e9venir les retards dans les affaires de l\u2019\u00c9glise - \u00c9glise Adventiste Du Septieme Jour - Inter Am\u00e9rique Division\" \/>\n<meta property=\"og:description\" content=\"Les membres du Comit\u00e9 Ex\u00e9cutif de la Conf\u00e9rence G\u00e9n\u00e9rale de l\u2019\u00c9glise adventiste apportent leur soutien massivement \u00e0 ces changements. 16 Avril 2025 | Silver Spring, Maryland, \u00c9tats-Unis | Marcos Paseggi,...\" \/>\n<meta property=\"og:url\" content=\"https:\/\/interamerica.org\/fr\/2025\/04\/la-modification-des-regles-de-procedures-vise-a-accelerer-et-prevenir-les-retards-dans-les-affaires-de-leglise\/\" \/>\n<meta property=\"og:site_name\" content=\"\u00c9glise Adventiste Du Septieme Jour - Inter Am\u00e9rique Division\" \/>\n<meta property=\"article:published_time\" content=\"2025-04-16T21:30:54+00:00\" \/>\n<meta property=\"article:modified_time\" content=\"2025-04-19T02:21:23+00:00\" \/>\n<meta property=\"og:image\" content=\"https:\/\/interamerica.org\/wp-content\/uploads\/2025\/04\/todd-macfarland-ammendments.jpg\" \/>\n\t<meta property=\"og:image:width\" content=\"1000\" \/>\n\t<meta property=\"og:image:height\" content=\"641\" \/>\n\t<meta property=\"og:image:type\" content=\"image\/jpeg\" \/>\n<meta name=\"author\" content=\"libna\" \/>\n<meta name=\"twitter:card\" content=\"summary_large_image\" \/>\n<meta name=\"twitter:label1\" content=\"\u00c9crit par\" \/>\n\t<meta name=\"twitter:data1\" content=\"libna\" \/>\n\t<meta name=\"twitter:label2\" content=\"Dur\u00e9e de lecture estim\u00e9e\" \/>\n\t<meta name=\"twitter:data2\" content=\"7 minutes\" \/>\n<script type=\"application\/ld+json\" class=\"yoast-schema-graph\">{\"@context\":\"https:\\\/\\\/schema.org\",\"@graph\":[{\"@type\":\"Article\",\"@id\":\"https:\\\/\\\/interamerica.org\\\/fr\\\/2025\\\/04\\\/la-modification-des-regles-de-procedures-vise-a-accelerer-et-prevenir-les-retards-dans-les-affaires-de-leglise\\\/#article\",\"isPartOf\":{\"@id\":\"https:\\\/\\\/interamerica.org\\\/fr\\\/2025\\\/04\\\/la-modification-des-regles-de-procedures-vise-a-accelerer-et-prevenir-les-retards-dans-les-affaires-de-leglise\\\/\"},\"author\":{\"name\":\"libna\",\"@id\":\"https:\\\/\\\/interamerica.org\\\/fr\\\/#\\\/schema\\\/person\\\/29998f2bc2d8bd0d38662909289b54f1\"},\"headline\":\"La modification des r\u00e8gles de proc\u00e9dures vise \u00e0 acc\u00e9l\u00e9rer et pr\u00e9venir les retards dans les affaires de l\u2019\u00c9glise\",\"datePublished\":\"2025-04-16T21:30:54+00:00\",\"dateModified\":\"2025-04-19T02:21:23+00:00\",\"mainEntityOfPage\":{\"@id\":\"https:\\\/\\\/interamerica.org\\\/fr\\\/2025\\\/04\\\/la-modification-des-regles-de-procedures-vise-a-accelerer-et-prevenir-les-retards-dans-les-affaires-de-leglise\\\/\"},\"wordCount\":1525,\"image\":{\"@id\":\"https:\\\/\\\/interamerica.org\\\/fr\\\/2025\\\/04\\\/la-modification-des-regles-de-procedures-vise-a-accelerer-et-prevenir-les-retards-dans-les-affaires-de-leglise\\\/#primaryimage\"},\"thumbnailUrl\":\"https:\\\/\\\/interamerica.org\\\/wp-content\\\/uploads\\\/2025\\\/04\\\/todd-macfarland-ammendments.jpg\",\"articleSection\":[\"Nouvelles de l'\u00c9glise mondiale\",\"RSS Fran\u00e7ais\"],\"inLanguage\":\"fr-FR\"},{\"@type\":\"WebPage\",\"@id\":\"https:\\\/\\\/interamerica.org\\\/fr\\\/2025\\\/04\\\/la-modification-des-regles-de-procedures-vise-a-accelerer-et-prevenir-les-retards-dans-les-affaires-de-leglise\\\/\",\"url\":\"https:\\\/\\\/interamerica.org\\\/fr\\\/2025\\\/04\\\/la-modification-des-regles-de-procedures-vise-a-accelerer-et-prevenir-les-retards-dans-les-affaires-de-leglise\\\/\",\"name\":\"La modification des r\u00e8gles de proc\u00e9dures vise \u00e0 acc\u00e9l\u00e9rer et pr\u00e9venir les retards dans les affaires de l\u2019\u00c9glise - \u00c9glise Adventiste Du Septieme Jour - Inter Am\u00e9rique Division\",\"isPartOf\":{\"@id\":\"https:\\\/\\\/interamerica.org\\\/fr\\\/#website\"},\"primaryImageOfPage\":{\"@id\":\"https:\\\/\\\/interamerica.org\\\/fr\\\/2025\\\/04\\\/la-modification-des-regles-de-procedures-vise-a-accelerer-et-prevenir-les-retards-dans-les-affaires-de-leglise\\\/#primaryimage\"},\"image\":{\"@id\":\"https:\\\/\\\/interamerica.org\\\/fr\\\/2025\\\/04\\\/la-modification-des-regles-de-procedures-vise-a-accelerer-et-prevenir-les-retards-dans-les-affaires-de-leglise\\\/#primaryimage\"},\"thumbnailUrl\":\"https:\\\/\\\/interamerica.org\\\/wp-content\\\/uploads\\\/2025\\\/04\\\/todd-macfarland-ammendments.jpg\",\"datePublished\":\"2025-04-16T21:30:54+00:00\",\"dateModified\":\"2025-04-19T02:21:23+00:00\",\"author\":{\"@id\":\"https:\\\/\\\/interamerica.org\\\/fr\\\/#\\\/schema\\\/person\\\/29998f2bc2d8bd0d38662909289b54f1\"},\"breadcrumb\":{\"@id\":\"https:\\\/\\\/interamerica.org\\\/fr\\\/2025\\\/04\\\/la-modification-des-regles-de-procedures-vise-a-accelerer-et-prevenir-les-retards-dans-les-affaires-de-leglise\\\/#breadcrumb\"},\"inLanguage\":\"fr-FR\",\"potentialAction\":[{\"@type\":\"ReadAction\",\"target\":[\"https:\\\/\\\/interamerica.org\\\/fr\\\/2025\\\/04\\\/la-modification-des-regles-de-procedures-vise-a-accelerer-et-prevenir-les-retards-dans-les-affaires-de-leglise\\\/\"]}]},{\"@type\":\"ImageObject\",\"inLanguage\":\"fr-FR\",\"@id\":\"https:\\\/\\\/interamerica.org\\\/fr\\\/2025\\\/04\\\/la-modification-des-regles-de-procedures-vise-a-accelerer-et-prevenir-les-retards-dans-les-affaires-de-leglise\\\/#primaryimage\",\"url\":\"https:\\\/\\\/interamerica.org\\\/wp-content\\\/uploads\\\/2025\\\/04\\\/todd-macfarland-ammendments.jpg\",\"contentUrl\":\"https:\\\/\\\/interamerica.org\\\/wp-content\\\/uploads\\\/2025\\\/04\\\/todd-macfarland-ammendments.jpg\",\"width\":1000,\"height\":641,\"caption\":\"Todd McFarland, General Conference deputy general counsel, shares a report about suggestive changes to a document titled \u201cProcedural Rules for General Conference Sessions and Executive Committee Meetings\u201d during Spring Meeting on April 9. [Photo: Enno M\u00fcller, Adventist Review]\"},{\"@type\":\"BreadcrumbList\",\"@id\":\"https:\\\/\\\/interamerica.org\\\/fr\\\/2025\\\/04\\\/la-modification-des-regles-de-procedures-vise-a-accelerer-et-prevenir-les-retards-dans-les-affaires-de-leglise\\\/#breadcrumb\",\"itemListElement\":[{\"@type\":\"ListItem\",\"position\":1,\"name\":\"Home\",\"item\":\"https:\\\/\\\/interamerica.org\\\/fr\\\/\"},{\"@type\":\"ListItem\",\"position\":2,\"name\":\"La modification des r\u00e8gles de proc\u00e9dures vise \u00e0 acc\u00e9l\u00e9rer et pr\u00e9venir les retards dans les affaires de l\u2019\u00c9glise\"}]},{\"@type\":\"WebSite\",\"@id\":\"https:\\\/\\\/interamerica.org\\\/fr\\\/#website\",\"url\":\"https:\\\/\\\/interamerica.org\\\/fr\\\/\",\"name\":\"\u00c9glise Adventiste Du Septieme Jour - Inter Am\u00e9rique Division\",\"description\":\"\",\"potentialAction\":[{\"@type\":\"SearchAction\",\"target\":{\"@type\":\"EntryPoint\",\"urlTemplate\":\"https:\\\/\\\/interamerica.org\\\/fr\\\/?s={search_term_string}\"},\"query-input\":{\"@type\":\"PropertyValueSpecification\",\"valueRequired\":true,\"valueName\":\"search_term_string\"}}],\"inLanguage\":\"fr-FR\"},{\"@type\":\"Person\",\"@id\":\"https:\\\/\\\/interamerica.org\\\/fr\\\/#\\\/schema\\\/person\\\/29998f2bc2d8bd0d38662909289b54f1\",\"name\":\"libna\",\"image\":{\"@type\":\"ImageObject\",\"inLanguage\":\"fr-FR\",\"@id\":\"https:\\\/\\\/secure.gravatar.com\\\/avatar\\\/7c5bd30ae4b47a9ba3c856590957fd1d96dc588bf3ac05719d247e126840331f?s=96&d=mm&r=g\",\"url\":\"https:\\\/\\\/secure.gravatar.com\\\/avatar\\\/7c5bd30ae4b47a9ba3c856590957fd1d96dc588bf3ac05719d247e126840331f?s=96&d=mm&r=g\",\"contentUrl\":\"https:\\\/\\\/secure.gravatar.com\\\/avatar\\\/7c5bd30ae4b47a9ba3c856590957fd1d96dc588bf3ac05719d247e126840331f?s=96&d=mm&r=g\",\"caption\":\"libna\"}}]}<\/script>\n<!-- \/ Yoast SEO plugin. -->","yoast_head_json":{"title":"La modification des r\u00e8gles de proc\u00e9dures vise \u00e0 acc\u00e9l\u00e9rer et pr\u00e9venir les retards dans les affaires de l\u2019\u00c9glise - \u00c9glise Adventiste Du Septieme Jour - Inter Am\u00e9rique Division","robots":{"index":"index","follow":"follow","max-snippet":"max-snippet:-1","max-image-preview":"max-image-preview:large","max-video-preview":"max-video-preview:-1"},"canonical":"https:\/\/interamerica.org\/fr\/2025\/04\/la-modification-des-regles-de-procedures-vise-a-accelerer-et-prevenir-les-retards-dans-les-affaires-de-leglise\/","og_locale":"fr_FR","og_type":"article","og_title":"La modification des r\u00e8gles de proc\u00e9dures vise \u00e0 acc\u00e9l\u00e9rer et pr\u00e9venir les retards dans les affaires de l\u2019\u00c9glise - \u00c9glise Adventiste Du Septieme Jour - Inter Am\u00e9rique Division","og_description":"Les membres du Comit\u00e9 Ex\u00e9cutif de la Conf\u00e9rence G\u00e9n\u00e9rale de l\u2019\u00c9glise adventiste apportent leur soutien massivement \u00e0 ces changements. 16 Avril 2025 | Silver Spring, Maryland, \u00c9tats-Unis | Marcos Paseggi,...","og_url":"https:\/\/interamerica.org\/fr\/2025\/04\/la-modification-des-regles-de-procedures-vise-a-accelerer-et-prevenir-les-retards-dans-les-affaires-de-leglise\/","og_site_name":"\u00c9glise Adventiste Du Septieme Jour - Inter Am\u00e9rique Division","article_published_time":"2025-04-16T21:30:54+00:00","article_modified_time":"2025-04-19T02:21:23+00:00","og_image":[{"width":1000,"height":641,"url":"https:\/\/interamerica.org\/wp-content\/uploads\/2025\/04\/todd-macfarland-ammendments.jpg","type":"image\/jpeg"}],"author":"libna","twitter_card":"summary_large_image","twitter_misc":{"\u00c9crit par":"libna","Dur\u00e9e de lecture estim\u00e9e":"7 minutes"},"schema":{"@context":"https:\/\/schema.org","@graph":[{"@type":"Article","@id":"https:\/\/interamerica.org\/fr\/2025\/04\/la-modification-des-regles-de-procedures-vise-a-accelerer-et-prevenir-les-retards-dans-les-affaires-de-leglise\/#article","isPartOf":{"@id":"https:\/\/interamerica.org\/fr\/2025\/04\/la-modification-des-regles-de-procedures-vise-a-accelerer-et-prevenir-les-retards-dans-les-affaires-de-leglise\/"},"author":{"name":"libna","@id":"https:\/\/interamerica.org\/fr\/#\/schema\/person\/29998f2bc2d8bd0d38662909289b54f1"},"headline":"La modification des r\u00e8gles de proc\u00e9dures vise \u00e0 acc\u00e9l\u00e9rer et pr\u00e9venir les retards dans les affaires de l\u2019\u00c9glise","datePublished":"2025-04-16T21:30:54+00:00","dateModified":"2025-04-19T02:21:23+00:00","mainEntityOfPage":{"@id":"https:\/\/interamerica.org\/fr\/2025\/04\/la-modification-des-regles-de-procedures-vise-a-accelerer-et-prevenir-les-retards-dans-les-affaires-de-leglise\/"},"wordCount":1525,"image":{"@id":"https:\/\/interamerica.org\/fr\/2025\/04\/la-modification-des-regles-de-procedures-vise-a-accelerer-et-prevenir-les-retards-dans-les-affaires-de-leglise\/#primaryimage"},"thumbnailUrl":"https:\/\/interamerica.org\/wp-content\/uploads\/2025\/04\/todd-macfarland-ammendments.jpg","articleSection":["Nouvelles de l'\u00c9glise mondiale","RSS Fran\u00e7ais"],"inLanguage":"fr-FR"},{"@type":"WebPage","@id":"https:\/\/interamerica.org\/fr\/2025\/04\/la-modification-des-regles-de-procedures-vise-a-accelerer-et-prevenir-les-retards-dans-les-affaires-de-leglise\/","url":"https:\/\/interamerica.org\/fr\/2025\/04\/la-modification-des-regles-de-procedures-vise-a-accelerer-et-prevenir-les-retards-dans-les-affaires-de-leglise\/","name":"La modification des r\u00e8gles de proc\u00e9dures vise \u00e0 acc\u00e9l\u00e9rer et pr\u00e9venir les retards dans les affaires de l\u2019\u00c9glise - \u00c9glise Adventiste Du Septieme Jour - Inter Am\u00e9rique Division","isPartOf":{"@id":"https:\/\/interamerica.org\/fr\/#website"},"primaryImageOfPage":{"@id":"https:\/\/interamerica.org\/fr\/2025\/04\/la-modification-des-regles-de-procedures-vise-a-accelerer-et-prevenir-les-retards-dans-les-affaires-de-leglise\/#primaryimage"},"image":{"@id":"https:\/\/interamerica.org\/fr\/2025\/04\/la-modification-des-regles-de-procedures-vise-a-accelerer-et-prevenir-les-retards-dans-les-affaires-de-leglise\/#primaryimage"},"thumbnailUrl":"https:\/\/interamerica.org\/wp-content\/uploads\/2025\/04\/todd-macfarland-ammendments.jpg","datePublished":"2025-04-16T21:30:54+00:00","dateModified":"2025-04-19T02:21:23+00:00","author":{"@id":"https:\/\/interamerica.org\/fr\/#\/schema\/person\/29998f2bc2d8bd0d38662909289b54f1"},"breadcrumb":{"@id":"https:\/\/interamerica.org\/fr\/2025\/04\/la-modification-des-regles-de-procedures-vise-a-accelerer-et-prevenir-les-retards-dans-les-affaires-de-leglise\/#breadcrumb"},"inLanguage":"fr-FR","potentialAction":[{"@type":"ReadAction","target":["https:\/\/interamerica.org\/fr\/2025\/04\/la-modification-des-regles-de-procedures-vise-a-accelerer-et-prevenir-les-retards-dans-les-affaires-de-leglise\/"]}]},{"@type":"ImageObject","inLanguage":"fr-FR","@id":"https:\/\/interamerica.org\/fr\/2025\/04\/la-modification-des-regles-de-procedures-vise-a-accelerer-et-prevenir-les-retards-dans-les-affaires-de-leglise\/#primaryimage","url":"https:\/\/interamerica.org\/wp-content\/uploads\/2025\/04\/todd-macfarland-ammendments.jpg","contentUrl":"https:\/\/interamerica.org\/wp-content\/uploads\/2025\/04\/todd-macfarland-ammendments.jpg","width":1000,"height":641,"caption":"Todd McFarland, General Conference deputy general counsel, shares a report about suggestive changes to a document titled \u201cProcedural Rules for General Conference Sessions and Executive Committee Meetings\u201d during Spring Meeting on April 9. [Photo: Enno M\u00fcller, Adventist Review]"},{"@type":"BreadcrumbList","@id":"https:\/\/interamerica.org\/fr\/2025\/04\/la-modification-des-regles-de-procedures-vise-a-accelerer-et-prevenir-les-retards-dans-les-affaires-de-leglise\/#breadcrumb","itemListElement":[{"@type":"ListItem","position":1,"name":"Home","item":"https:\/\/interamerica.org\/fr\/"},{"@type":"ListItem","position":2,"name":"La modification des r\u00e8gles de proc\u00e9dures vise \u00e0 acc\u00e9l\u00e9rer et pr\u00e9venir les retards dans les affaires de l\u2019\u00c9glise"}]},{"@type":"WebSite","@id":"https:\/\/interamerica.org\/fr\/#website","url":"https:\/\/interamerica.org\/fr\/","name":"\u00c9glise Adventiste Du Septieme Jour - Inter Am\u00e9rique Division","description":"","potentialAction":[{"@type":"SearchAction","target":{"@type":"EntryPoint","urlTemplate":"https:\/\/interamerica.org\/fr\/?s={search_term_string}"},"query-input":{"@type":"PropertyValueSpecification","valueRequired":true,"valueName":"search_term_string"}}],"inLanguage":"fr-FR"},{"@type":"Person","@id":"https:\/\/interamerica.org\/fr\/#\/schema\/person\/29998f2bc2d8bd0d38662909289b54f1","name":"libna","image":{"@type":"ImageObject","inLanguage":"fr-FR","@id":"https:\/\/secure.gravatar.com\/avatar\/7c5bd30ae4b47a9ba3c856590957fd1d96dc588bf3ac05719d247e126840331f?s=96&d=mm&r=g","url":"https:\/\/secure.gravatar.com\/avatar\/7c5bd30ae4b47a9ba3c856590957fd1d96dc588bf3ac05719d247e126840331f?s=96&d=mm&r=g","contentUrl":"https:\/\/secure.gravatar.com\/avatar\/7c5bd30ae4b47a9ba3c856590957fd1d96dc588bf3ac05719d247e126840331f?s=96&d=mm&r=g","caption":"libna"}}]}},"_links":{"self":[{"href":"https:\/\/interamerica.org\/fr\/wp-json\/wp\/v2\/posts\/127468","targetHints":{"allow":["GET"]}}],"collection":[{"href":"https:\/\/interamerica.org\/fr\/wp-json\/wp\/v2\/posts"}],"about":[{"href":"https:\/\/interamerica.org\/fr\/wp-json\/wp\/v2\/types\/post"}],"author":[{"embeddable":true,"href":"https:\/\/interamerica.org\/fr\/wp-json\/wp\/v2\/users\/3"}],"replies":[{"embeddable":true,"href":"https:\/\/interamerica.org\/fr\/wp-json\/wp\/v2\/comments?post=127468"}],"version-history":[{"count":0,"href":"https:\/\/interamerica.org\/fr\/wp-json\/wp\/v2\/posts\/127468\/revisions"}],"wp:featuredmedia":[{"embeddable":true,"href":"https:\/\/interamerica.org\/fr\/wp-json\/wp\/v2\/media\/127398"}],"wp:attachment":[{"href":"https:\/\/interamerica.org\/fr\/wp-json\/wp\/v2\/media?parent=127468"}],"wp:term":[{"taxonomy":"category","embeddable":true,"href":"https:\/\/interamerica.org\/fr\/wp-json\/wp\/v2\/categories?post=127468"},{"taxonomy":"post_tag","embeddable":true,"href":"https:\/\/interamerica.org\/fr\/wp-json\/wp\/v2\/tags?post=127468"}],"curies":[{"name":"wp","href":"https:\/\/api.w.org\/{rel}","templated":true}]}}